{"id":45591,"date":"2020-08-09T23:31:48","date_gmt":"2020-08-10T02:31:48","guid":{"rendered":"http:\/\/www.noticiasradioreflejos.com.ar\/noticias\/?p=45591"},"modified":"2020-08-09T23:31:48","modified_gmt":"2020-08-10T02:31:48","slug":"tornquist-6-nuevos-casos-positivos-de-coronavirus-suman-9-los-contagiados","status":"publish","type":"post","link":"https:\/\/www.noticiasradioreflejos.com.ar\/2021\/tornquist-6-nuevos-casos-positivos-de-coronavirus-suman-9-los-contagiados\/","title":{"rendered":"Tornquist: 6 nuevos casos positivos de coronavirus. Suman 9 los contagiados"},"content":{"rendered":"<p><a title=\"WhatsApp Image 2020-08-09 at 22.17.06\" href=\"http:\/\/live.staticflickr.com\/65535\/50208944347_e63480901e_s.jpg\" rel=\"\"><img loading=\"lazy\" decoding=\"async\" class=\"alignleft\" style=\"float: left;\" title=\"WhatsApp Image 2020-08-09 at 22.17.06\" src=\"http:\/\/live.staticflickr.com\/65535\/50208944347_e63480901e.jpg\" alt=\"WhatsApp Image 2020-08-09 at 22.17.06\" width=\"500\" height=\"500\" \/><\/a>6 nuevos confirmados y 9 sospechosos se informan en el reporte de esta noche. El intendente Sergio Bordoni grab\u00f3 un nuevo video mediante el cual pidi\u00f3 la colaboraci\u00f3n de toda la comunidad para afrontar la ola de casos de coronavirus en el distrito.<!--more--><br \/>\nLuego de confirmarse seis nuevos casos de coronavirus en el distrito de Tornquist, el intendente Sergio Bordoni emiti\u00f3 un mensaje mediante un video grabado por el cual pidi\u00f3 la colaboraci\u00f3n de toda la comunidad para seguir adelante.<\/p>\n<p>9 confirmados, 9 sospechosos, 44 descartados y un total de aislados que no se di\u00f3 a conocer, son los n\u00fameros que tienen muy preocupados a los funcionarios p\u00fablicos y toda la comunidad.<\/p>\n<p>En primer lugar, afirm\u00f3 que la buena noticia del d\u00eda fue que \u201chab\u00eda un posible caso que hab\u00eda dado positivo en el geri\u00e1trico municipal, pero ante la duda los profesionales hicieron repetir el test y finalmente era un falso positivo y dio negativo. Con eso nos sacamos un gran peso de encima, porque en el geri\u00e1trico iba a estar complicado\u201d.<\/p>\n<p>\u201cLa parte negativa es que cada vez son m\u00e1s los positivos, que hoy llegaron nueve \u2013 continu\u00f3-. En lo que respecta a la gente que est\u00e1 aislada, el equipo de salud est\u00e1 trabajando intensamente desde el viernes en una red (de posibles contactos) que va a ser muy amplia\u201d.<\/p>\n<p>\u201cLo importante es que sigamos teniendo fe, esto lo vamos a sacar adelante pero tambi\u00e9n tenemos que ayudar entre todos. Es algo que esper\u00e1bamos, el pico de la pandemia est\u00e1 llegando a todos los distritos\u201d, a\u00f1adi\u00f3.<\/p>\n<p>El jefe comunal sostuvo que \u201cno es para desesperarse ni pensar que aquel que tenga coronavirus es una persona que no se la puede tratar; tenemos que darle todo el apoyo a los infectados porque se contagiaron trabajando\u201d.<\/p>\n<p>\u201cConf\u00eden en los profesionales y les pido que sigan apoyando a todos y cuid\u00e1ndonos entre nosotros. De esto salimos en forma conjunta, ahora el capit\u00e1n del barco es el intendente de Tornquist con todo el equipo de salud. Necesito la ayuda de todos ustedes para salir adelante\u201d.<\/p>\n<p><iframe loading=\"lazy\" src=\"https:\/\/www.youtube.com\/embed\/ehk29mdOWN8\" width=\"560\" height=\"315\" frameborder=\"0\" allowfullscreen=\"allowfullscreen\"><\/iframe><\/p>\n","protected":false},"excerpt":{"rendered":"<p>6 nuevos confirmados y 9 sospechosos se informan en el reporte de esta noche. El intendente Sergio Bordoni grab\u00f3 un nuevo video mediante el cual pidi\u00f3 la colaboraci\u00f3n de toda la comunidad para afrontar la ola de casos de coronavirus en el distrito.<\/p>\n","protected":false},"author":3,"featured_media":0,"comment_status":"closed","ping_status":"open","sticky":false,"template":"","format":"standard","meta":{"footnotes":""},"categories":[30],"tags":[],"class_list":["post-45591","post","type-post","status-publish","format-standard","hentry","category-salud"],"yoast_head":"<!-- This site is optimized with the Yoast SEO plugin v25.9 - https:\/\/yoast.com\/wordpress\/plugins\/seo\/ -->\n<title>Tornquist: 6 nuevos casos positivos de coronavirus. Suman 9 los contagiados - Noticias Radio Reflejos<\/title>\n<meta name=\"robots\" content=\"index, follow, max-snippet:-1, max-image-preview:large, max-video-preview:-1\" \/>\n<link rel=\"canonical\" href=\"https:\/\/www.noticiasradioreflejos.com.ar\/2021\/tornquist-6-nuevos-casos-positivos-de-coronavirus-suman-9-los-contagiados\/\" \/>\n<meta property=\"og:locale\" content=\"es_ES\" \/>\n<meta property=\"og:type\" content=\"article\" \/>\n<meta property=\"og:title\" content=\"Tornquist: 6 nuevos casos positivos de coronavirus. Suman 9 los contagiados - Noticias Radio Reflejos\" \/>\n<meta property=\"og:description\" content=\"6 nuevos confirmados y 9 sospechosos se informan en el reporte de esta noche. El intendente Sergio Bordoni grab\u00f3 un nuevo video mediante el cual pidi\u00f3 la colaboraci\u00f3n de toda la comunidad para afrontar la ola de casos de coronavirus en el distrito.\" \/>\n<meta property=\"og:url\" content=\"https:\/\/www.noticiasradioreflejos.com.ar\/2021\/tornquist-6-nuevos-casos-positivos-de-coronavirus-suman-9-los-contagiados\/\" \/>\n<meta property=\"og:site_name\" content=\"Noticias Radio Reflejos\" \/>\n<meta property=\"article:published_time\" content=\"2020-08-10T02:31:48+00:00\" \/>\n<meta property=\"og:image\" content=\"http:\/\/live.staticflickr.com\/65535\/50208944347_e63480901e.jpg\" \/>\n<meta name=\"author\" content=\"Arnaldo Botto\" \/>\n<meta name=\"twitter:card\" content=\"summary_large_image\" \/>\n<script type=\"application\/ld+json\" class=\"yoast-schema-graph\">{\"@context\":\"https:\/\/schema.org\",\"@graph\":[{\"@type\":\"WebPage\",\"@id\":\"https:\/\/www.noticiasradioreflejos.com.ar\/2021\/tornquist-6-nuevos-casos-positivos-de-coronavirus-suman-9-los-contagiados\/\",\"url\":\"https:\/\/www.noticiasradioreflejos.com.ar\/2021\/tornquist-6-nuevos-casos-positivos-de-coronavirus-suman-9-los-contagiados\/\",\"name\":\"Tornquist: 6 nuevos casos positivos de coronavirus. Suman 9 los contagiados - Noticias Radio Reflejos\",\"isPartOf\":{\"@id\":\"https:\/\/www.noticiasradioreflejos.com.ar\/2021\/#website\"},\"primaryImageOfPage\":{\"@id\":\"https:\/\/www.noticiasradioreflejos.com.ar\/2021\/tornquist-6-nuevos-casos-positivos-de-coronavirus-suman-9-los-contagiados\/#primaryimage\"},\"image\":{\"@id\":\"https:\/\/www.noticiasradioreflejos.com.ar\/2021\/tornquist-6-nuevos-casos-positivos-de-coronavirus-suman-9-los-contagiados\/#primaryimage\"},\"thumbnailUrl\":\"http:\/\/live.staticflickr.com\/65535\/50208944347_e63480901e.jpg\",\"datePublished\":\"2020-08-10T02:31:48+00:00\",\"author\":{\"@id\":\"https:\/\/www.noticiasradioreflejos.com.ar\/2021\/#\/schema\/person\/ad82545263dcc5ec0996818884fd5fb1\"},\"breadcrumb\":{\"@id\":\"https:\/\/www.noticiasradioreflejos.com.ar\/2021\/tornquist-6-nuevos-casos-positivos-de-coronavirus-suman-9-los-contagiados\/#breadcrumb\"},\"inLanguage\":\"es\",\"potentialAction\":[{\"@type\":\"ReadAction\",\"target\":[\"https:\/\/www.noticiasradioreflejos.com.ar\/2021\/tornquist-6-nuevos-casos-positivos-de-coronavirus-suman-9-los-contagiados\/\"]}]},{\"@type\":\"ImageObject\",\"inLanguage\":\"es\",\"@id\":\"https:\/\/www.noticiasradioreflejos.com.ar\/2021\/tornquist-6-nuevos-casos-positivos-de-coronavirus-suman-9-los-contagiados\/#primaryimage\",\"url\":\"http:\/\/live.staticflickr.com\/65535\/50208944347_e63480901e.jpg\",\"contentUrl\":\"http:\/\/live.staticflickr.com\/65535\/50208944347_e63480901e.jpg\"},{\"@type\":\"BreadcrumbList\",\"@id\":\"https:\/\/www.noticiasradioreflejos.com.ar\/2021\/tornquist-6-nuevos-casos-positivos-de-coronavirus-suman-9-los-contagiados\/#breadcrumb\",\"itemListElement\":[{\"@type\":\"ListItem\",\"position\":1,\"name\":\"Portada\",\"item\":\"https:\/\/www.noticiasradioreflejos.com.ar\/2021\/\"},{\"@type\":\"ListItem\",\"position\":2,\"name\":\"Tornquist: 6 nuevos casos positivos de coronavirus. Suman 9 los contagiados\"}]},{\"@type\":\"WebSite\",\"@id\":\"https:\/\/www.noticiasradioreflejos.com.ar\/2021\/#website\",\"url\":\"https:\/\/www.noticiasradioreflejos.com.ar\/2021\/\",\"name\":\"Noticias Radio Reflejos\",\"description\":\"Las noticias de mi comarca\",\"potentialAction\":[{\"@type\":\"SearchAction\",\"target\":{\"@type\":\"EntryPoint\",\"urlTemplate\":\"https:\/\/www.noticiasradioreflejos.com.ar\/2021\/?s={search_term_string}\"},\"query-input\":{\"@type\":\"PropertyValueSpecification\",\"valueRequired\":true,\"valueName\":\"search_term_string\"}}],\"inLanguage\":\"es\"},{\"@type\":\"Person\",\"@id\":\"https:\/\/www.noticiasradioreflejos.com.ar\/2021\/#\/schema\/person\/ad82545263dcc5ec0996818884fd5fb1\",\"name\":\"Arnaldo Botto\",\"image\":{\"@type\":\"ImageObject\",\"inLanguage\":\"es\",\"@id\":\"https:\/\/www.noticiasradioreflejos.com.ar\/2021\/#\/schema\/person\/image\/\",\"url\":\"https:\/\/secure.gravatar.com\/avatar\/55cb5e37c1efa326397366e6974cb338056df65cb50e7d64d1cf314e87504837?s=96&d=mm&r=g\",\"contentUrl\":\"https:\/\/secure.gravatar.com\/avatar\/55cb5e37c1efa326397366e6974cb338056df65cb50e7d64d1cf314e87504837?s=96&d=mm&r=g\",\"caption\":\"Arnaldo Botto\"},\"url\":\"https:\/\/www.noticiasradioreflejos.com.ar\/2021\/author\/arnaldo\/\"}]}<\/script>\n<!-- \/ Yoast SEO plugin. -->","yoast_head_json":{"title":"Tornquist: 6 nuevos casos positivos de coronavirus. Suman 9 los contagiados - Noticias Radio Reflejos","robots":{"index":"index","follow":"follow","max-snippet":"max-snippet:-1","max-image-preview":"max-image-preview:large","max-video-preview":"max-video-preview:-1"},"canonical":"https:\/\/www.noticiasradioreflejos.com.ar\/2021\/tornquist-6-nuevos-casos-positivos-de-coronavirus-suman-9-los-contagiados\/","og_locale":"es_ES","og_type":"article","og_title":"Tornquist: 6 nuevos casos positivos de coronavirus. Suman 9 los contagiados - Noticias Radio Reflejos","og_description":"6 nuevos confirmados y 9 sospechosos se informan en el reporte de esta noche. El intendente Sergio Bordoni grab\u00f3 un nuevo video mediante el cual pidi\u00f3 la colaboraci\u00f3n de toda la comunidad para afrontar la ola de casos de coronavirus en el distrito.","og_url":"https:\/\/www.noticiasradioreflejos.com.ar\/2021\/tornquist-6-nuevos-casos-positivos-de-coronavirus-suman-9-los-contagiados\/","og_site_name":"Noticias Radio Reflejos","article_published_time":"2020-08-10T02:31:48+00:00","og_image":[{"url":"http:\/\/live.staticflickr.com\/65535\/50208944347_e63480901e.jpg","type":"","width":"","height":""}],"author":"Arnaldo Botto","twitter_card":"summary_large_image","schema":{"@context":"https:\/\/schema.org","@graph":[{"@type":"WebPage","@id":"https:\/\/www.noticiasradioreflejos.com.ar\/2021\/tornquist-6-nuevos-casos-positivos-de-coronavirus-suman-9-los-contagiados\/","url":"https:\/\/www.noticiasradioreflejos.com.ar\/2021\/tornquist-6-nuevos-casos-positivos-de-coronavirus-suman-9-los-contagiados\/","name":"Tornquist: 6 nuevos casos positivos de coronavirus. Suman 9 los contagiados - Noticias Radio Reflejos","isPartOf":{"@id":"https:\/\/www.noticiasradioreflejos.com.ar\/2021\/#website"},"primaryImageOfPage":{"@id":"https:\/\/www.noticiasradioreflejos.com.ar\/2021\/tornquist-6-nuevos-casos-positivos-de-coronavirus-suman-9-los-contagiados\/#primaryimage"},"image":{"@id":"https:\/\/www.noticiasradioreflejos.com.ar\/2021\/tornquist-6-nuevos-casos-positivos-de-coronavirus-suman-9-los-contagiados\/#primaryimage"},"thumbnailUrl":"http:\/\/live.staticflickr.com\/65535\/50208944347_e63480901e.jpg","datePublished":"2020-08-10T02:31:48+00:00","author":{"@id":"https:\/\/www.noticiasradioreflejos.com.ar\/2021\/#\/schema\/person\/ad82545263dcc5ec0996818884fd5fb1"},"breadcrumb":{"@id":"https:\/\/www.noticiasradioreflejos.com.ar\/2021\/tornquist-6-nuevos-casos-positivos-de-coronavirus-suman-9-los-contagiados\/#breadcrumb"},"inLanguage":"es","potentialAction":[{"@type":"ReadAction","target":["https:\/\/www.noticiasradioreflejos.com.ar\/2021\/tornquist-6-nuevos-casos-positivos-de-coronavirus-suman-9-los-contagiados\/"]}]},{"@type":"ImageObject","inLanguage":"es","@id":"https:\/\/www.noticiasradioreflejos.com.ar\/2021\/tornquist-6-nuevos-casos-positivos-de-coronavirus-suman-9-los-contagiados\/#primaryimage","url":"http:\/\/live.staticflickr.com\/65535\/50208944347_e63480901e.jpg","contentUrl":"http:\/\/live.staticflickr.com\/65535\/50208944347_e63480901e.jpg"},{"@type":"BreadcrumbList","@id":"https:\/\/www.noticiasradioreflejos.com.ar\/2021\/tornquist-6-nuevos-casos-positivos-de-coronavirus-suman-9-los-contagiados\/#breadcrumb","itemListElement":[{"@type":"ListItem","position":1,"name":"Portada","item":"https:\/\/www.noticiasradioreflejos.com.ar\/2021\/"},{"@type":"ListItem","position":2,"name":"Tornquist: 6 nuevos casos positivos de coronavirus. Suman 9 los contagiados"}]},{"@type":"WebSite","@id":"https:\/\/www.noticiasradioreflejos.com.ar\/2021\/#website","url":"https:\/\/www.noticiasradioreflejos.com.ar\/2021\/","name":"Noticias Radio Reflejos","description":"Las noticias de mi comarca","potentialAction":[{"@type":"SearchAction","target":{"@type":"EntryPoint","urlTemplate":"https:\/\/www.noticiasradioreflejos.com.ar\/2021\/?s={search_term_string}"},"query-input":{"@type":"PropertyValueSpecification","valueRequired":true,"valueName":"search_term_string"}}],"inLanguage":"es"},{"@type":"Person","@id":"https:\/\/www.noticiasradioreflejos.com.ar\/2021\/#\/schema\/person\/ad82545263dcc5ec0996818884fd5fb1","name":"Arnaldo Botto","image":{"@type":"ImageObject","inLanguage":"es","@id":"https:\/\/www.noticiasradioreflejos.com.ar\/2021\/#\/schema\/person\/image\/","url":"https:\/\/secure.gravatar.com\/avatar\/55cb5e37c1efa326397366e6974cb338056df65cb50e7d64d1cf314e87504837?s=96&d=mm&r=g","contentUrl":"https:\/\/secure.gravatar.com\/avatar\/55cb5e37c1efa326397366e6974cb338056df65cb50e7d64d1cf314e87504837?s=96&d=mm&r=g","caption":"Arnaldo Botto"},"url":"https:\/\/www.noticiasradioreflejos.com.ar\/2021\/author\/arnaldo\/"}]}},"_links":{"self":[{"href":"https:\/\/www.noticiasradioreflejos.com.ar\/2021\/wp-json\/wp\/v2\/posts\/45591","targetHints":{"allow":["GET"]}}],"collection":[{"href":"https:\/\/www.noticiasradioreflejos.com.ar\/2021\/wp-json\/wp\/v2\/posts"}],"about":[{"href":"https:\/\/www.noticiasradioreflejos.com.ar\/2021\/wp-json\/wp\/v2\/types\/post"}],"author":[{"embeddable":true,"href":"https:\/\/www.noticiasradioreflejos.com.ar\/2021\/wp-json\/wp\/v2\/users\/3"}],"replies":[{"embeddable":true,"href":"https:\/\/www.noticiasradioreflejos.com.ar\/2021\/wp-json\/wp\/v2\/comments?post=45591"}],"version-history":[{"count":0,"href":"https:\/\/www.noticiasradioreflejos.com.ar\/2021\/wp-json\/wp\/v2\/posts\/45591\/revisions"}],"wp:attachment":[{"href":"https:\/\/www.noticiasradioreflejos.com.ar\/2021\/wp-json\/wp\/v2\/media?parent=45591"}],"wp:term":[{"taxonomy":"category","embeddable":true,"href":"https:\/\/www.noticiasradioreflejos.com.ar\/2021\/wp-json\/wp\/v2\/categories?post=45591"},{"taxonomy":"post_tag","embeddable":true,"href":"https:\/\/www.noticiasradioreflejos.com.ar\/2021\/wp-json\/wp\/v2\/tags?post=45591"}],"curies":[{"name":"wp","href":"https:\/\/api.w.org\/{rel}","templated":true}]}}