{"id":45586,"date":"2020-08-09T17:53:17","date_gmt":"2020-08-09T20:53:17","guid":{"rendered":"http:\/\/www.noticiasradioreflejos.com.ar\/noticias\/?p=45586"},"modified":"2020-08-09T17:53:17","modified_gmt":"2020-08-09T20:53:17","slug":"la-pandemia-avanza-implacable-en-toda-la-region","status":"publish","type":"post","link":"https:\/\/www.noticiasradioreflejos.com.ar\/2021\/la-pandemia-avanza-implacable-en-toda-la-region\/","title":{"rendered":"La Pandemia avanza implacable en toda la regi\u00f3n."},"content":{"rendered":"<p>En Cnel Pringles llegan a 20 los positivos. Hay 9 casos nuevos de Covid-19, 8 descartados y 15 sospechosos.<br \/>\nLa Situaci\u00f3n se agrava en toda la regi\u00f3n,ya que Tornquist confirm\u00f3 anoche 3 casos y retrocedi\u00f3 a Fase 4, Coronel Su\u00e1rez, que estaba sin casos, registra 2 nuevos,y Laprida sum\u00f3 12 nuevos y llega a los 35. Coronel Dorrego contin\u00faa con 31 activos<!--more--><\/p>\n<p>Contin\u00faan registr\u00e1ndose cada vez m\u00e1s casos de Covid-19,no s\u00f3lo en Coronel Pringles,sino tambi\u00e9n en todas las localidades vecinas, provocando preocupaci\u00f3n en los habitantes y retrocesos de fases en las mismas.<\/p>\n<p>En Coronel Pringles, ni bien lleg\u00f3 el reporte epidemiol\u00f3gico ,la cantidad de casos activos ascendi\u00f3 a 20, es decir se sumaron 9 casos, a los 11 que ten\u00edan hasta ayer. De los 41 casos descartados que\u00a0 hasta el s\u00e1bado,se sumaron 8 m\u00e1s, y actualmente son 49. Los nuevos hisopados por casos sospechosos son 15, pero a\u00fan estar\u00eda pendiente el resultado de un hisopado del d\u00eda anterior, el cual no figuraba en la placa epidemiol\u00f3gica.<\/p>\n<p>Tampoco se ha oficializado la cifra total de aislados, pero sin lugar a dudas, estas cifras que se van conociendo d\u00eda a d\u00eda, van causando cada vez m\u00e1s preocupaci\u00f3n en la comunidad pringlense.<\/p>\n<p>Haciendo un breve resumen de las cifras emitidas anoche despu\u00e9s de las 23 horas por los informes epidemiol\u00f3gicos de las localidades vecinas, las noticias son poco alentadoras, ya que por ejemplo en Tornquist, donde hasta el viernes por la tarde no hab\u00eda casos, ahora registra 3, Coronel Su\u00e1rez que estaba tambi\u00e9n libre de Coronavirus, ahora tiene 2 casos activos. La situaci\u00f3n de Laprida tambi\u00e9n es preocupante, ya que hay confirmados 35 casos de Covid-19, con 27 casos sospechosos y con 464 personas en aislamiento, que son contactos estrechos. Mientras tanto Coronel Dorrego contin\u00faa con 31 casos activos y ayer no sum\u00f3 ninguno nuevo.<\/p>\n","protected":false},"excerpt":{"rendered":"<p>En Cnel Pringles llegan a 20 los positivos. Hay 9 casos nuevos de Covid-19, 8 descartados y 15 sospechosos. La Situaci\u00f3n se agrava en toda la regi\u00f3n,ya que Tornquist confirm\u00f3 anoche 3 casos y retrocedi\u00f3 a Fase 4, Coronel Su\u00e1rez, que estaba sin casos, registra 2 nuevos,y Laprida sum\u00f3 12 nuevos y llega a los [&hellip;]<\/p>\n","protected":false},"author":3,"featured_media":0,"comment_status":"closed","ping_status":"open","sticky":false,"template":"","format":"standard","meta":{"footnotes":""},"categories":[30],"tags":[],"class_list":["post-45586","post","type-post","status-publish","format-standard","hentry","category-salud"],"yoast_head":"<!-- This site is optimized with the Yoast SEO plugin v25.9 - https:\/\/yoast.com\/wordpress\/plugins\/seo\/ -->\n<title>La Pandemia avanza implacable en toda la regi\u00f3n. - Noticias Radio Reflejos<\/title>\n<meta name=\"robots\" content=\"index, follow, max-snippet:-1, max-image-preview:large, max-video-preview:-1\" \/>\n<link rel=\"canonical\" href=\"https:\/\/www.noticiasradioreflejos.com.ar\/2021\/la-pandemia-avanza-implacable-en-toda-la-region\/\" \/>\n<meta property=\"og:locale\" content=\"es_ES\" \/>\n<meta property=\"og:type\" content=\"article\" \/>\n<meta property=\"og:title\" content=\"La Pandemia avanza implacable en toda la regi\u00f3n. - Noticias Radio Reflejos\" \/>\n<meta property=\"og:description\" content=\"En Cnel Pringles llegan a 20 los positivos. Hay 9 casos nuevos de Covid-19, 8 descartados y 15 sospechosos. La Situaci\u00f3n se agrava en toda la regi\u00f3n,ya que Tornquist confirm\u00f3 anoche 3 casos y retrocedi\u00f3 a Fase 4, Coronel Su\u00e1rez, que estaba sin casos, registra 2 nuevos,y Laprida sum\u00f3 12 nuevos y llega a los [&hellip;]\" \/>\n<meta property=\"og:url\" content=\"https:\/\/www.noticiasradioreflejos.com.ar\/2021\/la-pandemia-avanza-implacable-en-toda-la-region\/\" \/>\n<meta property=\"og:site_name\" content=\"Noticias Radio Reflejos\" \/>\n<meta property=\"article:published_time\" content=\"2020-08-09T20:53:17+00:00\" \/>\n<meta property=\"og:image\" content=\"https:\/\/www.noticiasradioreflejos.com.ar\/2021\/wp-content\/uploads\/2021\/07\/logosol300x200.png\" \/>\n\t<meta property=\"og:image:width\" content=\"300\" \/>\n\t<meta property=\"og:image:height\" content=\"200\" \/>\n\t<meta property=\"og:image:type\" content=\"image\/png\" \/>\n<meta name=\"author\" content=\"Arnaldo Botto\" \/>\n<meta name=\"twitter:card\" content=\"summary_large_image\" \/>\n<script type=\"application\/ld+json\" class=\"yoast-schema-graph\">{\"@context\":\"https:\/\/schema.org\",\"@graph\":[{\"@type\":\"WebPage\",\"@id\":\"https:\/\/www.noticiasradioreflejos.com.ar\/2021\/la-pandemia-avanza-implacable-en-toda-la-region\/\",\"url\":\"https:\/\/www.noticiasradioreflejos.com.ar\/2021\/la-pandemia-avanza-implacable-en-toda-la-region\/\",\"name\":\"La Pandemia avanza implacable en toda la regi\u00f3n. - Noticias Radio Reflejos\",\"isPartOf\":{\"@id\":\"https:\/\/www.noticiasradioreflejos.com.ar\/2021\/#website\"},\"datePublished\":\"2020-08-09T20:53:17+00:00\",\"author\":{\"@id\":\"https:\/\/www.noticiasradioreflejos.com.ar\/2021\/#\/schema\/person\/ad82545263dcc5ec0996818884fd5fb1\"},\"breadcrumb\":{\"@id\":\"https:\/\/www.noticiasradioreflejos.com.ar\/2021\/la-pandemia-avanza-implacable-en-toda-la-region\/#breadcrumb\"},\"inLanguage\":\"es\",\"potentialAction\":[{\"@type\":\"ReadAction\",\"target\":[\"https:\/\/www.noticiasradioreflejos.com.ar\/2021\/la-pandemia-avanza-implacable-en-toda-la-region\/\"]}]},{\"@type\":\"BreadcrumbList\",\"@id\":\"https:\/\/www.noticiasradioreflejos.com.ar\/2021\/la-pandemia-avanza-implacable-en-toda-la-region\/#breadcrumb\",\"itemListElement\":[{\"@type\":\"ListItem\",\"position\":1,\"name\":\"Portada\",\"item\":\"https:\/\/www.noticiasradioreflejos.com.ar\/2021\/\"},{\"@type\":\"ListItem\",\"position\":2,\"name\":\"La Pandemia avanza implacable en toda la regi\u00f3n.\"}]},{\"@type\":\"WebSite\",\"@id\":\"https:\/\/www.noticiasradioreflejos.com.ar\/2021\/#website\",\"url\":\"https:\/\/www.noticiasradioreflejos.com.ar\/2021\/\",\"name\":\"Noticias Radio Reflejos\",\"description\":\"Las noticias de mi comarca\",\"potentialAction\":[{\"@type\":\"SearchAction\",\"target\":{\"@type\":\"EntryPoint\",\"urlTemplate\":\"https:\/\/www.noticiasradioreflejos.com.ar\/2021\/?s={search_term_string}\"},\"query-input\":{\"@type\":\"PropertyValueSpecification\",\"valueRequired\":true,\"valueName\":\"search_term_string\"}}],\"inLanguage\":\"es\"},{\"@type\":\"Person\",\"@id\":\"https:\/\/www.noticiasradioreflejos.com.ar\/2021\/#\/schema\/person\/ad82545263dcc5ec0996818884fd5fb1\",\"name\":\"Arnaldo Botto\",\"image\":{\"@type\":\"ImageObject\",\"inLanguage\":\"es\",\"@id\":\"https:\/\/www.noticiasradioreflejos.com.ar\/2021\/#\/schema\/person\/image\/\",\"url\":\"https:\/\/secure.gravatar.com\/avatar\/55cb5e37c1efa326397366e6974cb338056df65cb50e7d64d1cf314e87504837?s=96&d=mm&r=g\",\"contentUrl\":\"https:\/\/secure.gravatar.com\/avatar\/55cb5e37c1efa326397366e6974cb338056df65cb50e7d64d1cf314e87504837?s=96&d=mm&r=g\",\"caption\":\"Arnaldo Botto\"},\"url\":\"https:\/\/www.noticiasradioreflejos.com.ar\/2021\/author\/arnaldo\/\"}]}<\/script>\n<!-- \/ Yoast SEO plugin. -->","yoast_head_json":{"title":"La Pandemia avanza implacable en toda la regi\u00f3n. - Noticias Radio Reflejos","robots":{"index":"index","follow":"follow","max-snippet":"max-snippet:-1","max-image-preview":"max-image-preview:large","max-video-preview":"max-video-preview:-1"},"canonical":"https:\/\/www.noticiasradioreflejos.com.ar\/2021\/la-pandemia-avanza-implacable-en-toda-la-region\/","og_locale":"es_ES","og_type":"article","og_title":"La Pandemia avanza implacable en toda la regi\u00f3n. - Noticias Radio Reflejos","og_description":"En Cnel Pringles llegan a 20 los positivos. Hay 9 casos nuevos de Covid-19, 8 descartados y 15 sospechosos. La Situaci\u00f3n se agrava en toda la regi\u00f3n,ya que Tornquist confirm\u00f3 anoche 3 casos y retrocedi\u00f3 a Fase 4, Coronel Su\u00e1rez, que estaba sin casos, registra 2 nuevos,y Laprida sum\u00f3 12 nuevos y llega a los [&hellip;]","og_url":"https:\/\/www.noticiasradioreflejos.com.ar\/2021\/la-pandemia-avanza-implacable-en-toda-la-region\/","og_site_name":"Noticias Radio Reflejos","article_published_time":"2020-08-09T20:53:17+00:00","og_image":[{"width":300,"height":200,"url":"https:\/\/www.noticiasradioreflejos.com.ar\/2021\/wp-content\/uploads\/2021\/07\/logosol300x200.png","type":"image\/png"}],"author":"Arnaldo Botto","twitter_card":"summary_large_image","schema":{"@context":"https:\/\/schema.org","@graph":[{"@type":"WebPage","@id":"https:\/\/www.noticiasradioreflejos.com.ar\/2021\/la-pandemia-avanza-implacable-en-toda-la-region\/","url":"https:\/\/www.noticiasradioreflejos.com.ar\/2021\/la-pandemia-avanza-implacable-en-toda-la-region\/","name":"La Pandemia avanza implacable en toda la regi\u00f3n. - Noticias Radio Reflejos","isPartOf":{"@id":"https:\/\/www.noticiasradioreflejos.com.ar\/2021\/#website"},"datePublished":"2020-08-09T20:53:17+00:00","author":{"@id":"https:\/\/www.noticiasradioreflejos.com.ar\/2021\/#\/schema\/person\/ad82545263dcc5ec0996818884fd5fb1"},"breadcrumb":{"@id":"https:\/\/www.noticiasradioreflejos.com.ar\/2021\/la-pandemia-avanza-implacable-en-toda-la-region\/#breadcrumb"},"inLanguage":"es","potentialAction":[{"@type":"ReadAction","target":["https:\/\/www.noticiasradioreflejos.com.ar\/2021\/la-pandemia-avanza-implacable-en-toda-la-region\/"]}]},{"@type":"BreadcrumbList","@id":"https:\/\/www.noticiasradioreflejos.com.ar\/2021\/la-pandemia-avanza-implacable-en-toda-la-region\/#breadcrumb","itemListElement":[{"@type":"ListItem","position":1,"name":"Portada","item":"https:\/\/www.noticiasradioreflejos.com.ar\/2021\/"},{"@type":"ListItem","position":2,"name":"La Pandemia avanza implacable en toda la regi\u00f3n."}]},{"@type":"WebSite","@id":"https:\/\/www.noticiasradioreflejos.com.ar\/2021\/#website","url":"https:\/\/www.noticiasradioreflejos.com.ar\/2021\/","name":"Noticias Radio Reflejos","description":"Las noticias de mi comarca","potentialAction":[{"@type":"SearchAction","target":{"@type":"EntryPoint","urlTemplate":"https:\/\/www.noticiasradioreflejos.com.ar\/2021\/?s={search_term_string}"},"query-input":{"@type":"PropertyValueSpecification","valueRequired":true,"valueName":"search_term_string"}}],"inLanguage":"es"},{"@type":"Person","@id":"https:\/\/www.noticiasradioreflejos.com.ar\/2021\/#\/schema\/person\/ad82545263dcc5ec0996818884fd5fb1","name":"Arnaldo Botto","image":{"@type":"ImageObject","inLanguage":"es","@id":"https:\/\/www.noticiasradioreflejos.com.ar\/2021\/#\/schema\/person\/image\/","url":"https:\/\/secure.gravatar.com\/avatar\/55cb5e37c1efa326397366e6974cb338056df65cb50e7d64d1cf314e87504837?s=96&d=mm&r=g","contentUrl":"https:\/\/secure.gravatar.com\/avatar\/55cb5e37c1efa326397366e6974cb338056df65cb50e7d64d1cf314e87504837?s=96&d=mm&r=g","caption":"Arnaldo Botto"},"url":"https:\/\/www.noticiasradioreflejos.com.ar\/2021\/author\/arnaldo\/"}]}},"_links":{"self":[{"href":"https:\/\/www.noticiasradioreflejos.com.ar\/2021\/wp-json\/wp\/v2\/posts\/45586","targetHints":{"allow":["GET"]}}],"collection":[{"href":"https:\/\/www.noticiasradioreflejos.com.ar\/2021\/wp-json\/wp\/v2\/posts"}],"about":[{"href":"https:\/\/www.noticiasradioreflejos.com.ar\/2021\/wp-json\/wp\/v2\/types\/post"}],"author":[{"embeddable":true,"href":"https:\/\/www.noticiasradioreflejos.com.ar\/2021\/wp-json\/wp\/v2\/users\/3"}],"replies":[{"embeddable":true,"href":"https:\/\/www.noticiasradioreflejos.com.ar\/2021\/wp-json\/wp\/v2\/comments?post=45586"}],"version-history":[{"count":0,"href":"https:\/\/www.noticiasradioreflejos.com.ar\/2021\/wp-json\/wp\/v2\/posts\/45586\/revisions"}],"wp:attachment":[{"href":"https:\/\/www.noticiasradioreflejos.com.ar\/2021\/wp-json\/wp\/v2\/media?parent=45586"}],"wp:term":[{"taxonomy":"category","embeddable":true,"href":"https:\/\/www.noticiasradioreflejos.com.ar\/2021\/wp-json\/wp\/v2\/categories?post=45586"},{"taxonomy":"post_tag","embeddable":true,"href":"https:\/\/www.noticiasradioreflejos.com.ar\/2021\/wp-json\/wp\/v2\/tags?post=45586"}],"curies":[{"name":"wp","href":"https:\/\/api.w.org\/{rel}","templated":true}]}}