{"id":45582,"date":"2020-08-09T17:11:32","date_gmt":"2020-08-09T20:11:32","guid":{"rendered":"http:\/\/www.noticiasradioreflejos.com.ar\/noticias\/?p=45582"},"modified":"2020-08-09T17:11:32","modified_gmt":"2020-08-09T20:11:32","slug":"pigue-aislan-a-37-personas-que-tuvieron-contacto-con-los-casos-de-torrnquist","status":"publish","type":"post","link":"https:\/\/www.noticiasradioreflejos.com.ar\/2021\/pigue-aislan-a-37-personas-que-tuvieron-contacto-con-los-casos-de-torrnquist\/","title":{"rendered":"PIG\u00dc\u00c9: A\u00edslan a 37 personas que tuvieron contacto con los casos de Tornquist."},"content":{"rendered":"<div>Una con s\u00edntomas febriles, esperan el resultado del hisopado.<\/div>\n<p><!--more--><\/p>\n<div>El Secretario de Salud de Pig\u00fc\u00e9 Dr. Guillermo Tiz\u00f3n inform\u00f3 anoche que ra\u00edz de los casos positivos en las fuerzas de seguridad de la ciudad de Bah\u00eda Blanca y de Tornquist, tuvieron que hacer el rastreo de personas que estuvieron en contacto con ellas.<\/div>\n<div><\/div>\n<div>\u00abEn este momento se encuentran 37 personas en aislamiento preventivo de las cuales una presenta estado febril por este motivo se le realizar\u00e1 el hisopado, el cual es el caso en estudio del d\u00eda, y el resultado del mismo se informar\u00e1 durante el domingo\u00bb, explic\u00f3 el profesional en un breve v\u00eddeo difundido por redes sociales.<\/div>\n<div><a title=\"l0hts2co27qoj4pq6cm6\" href=\"http:\/\/live.staticflickr.com\/65535\/50207552411_8f4377b161_s.jpg\" rel=\"\"><img loading=\"lazy\" decoding=\"async\" class=\"aligncenter\" title=\"l0hts2co27qoj4pq6cm6\" src=\"http:\/\/live.staticflickr.com\/65535\/50207552411_8f4377b161_c.jpg\" alt=\"l0hts2co27qoj4pq6cm6\" width=\"800\" height=\"800\" \/><\/a><\/div>\n<div><\/div>\n<div><strong>Fuente:\u00a0Multimedios Pringles<\/strong><\/div>\n<div><\/div>\n","protected":false},"excerpt":{"rendered":"<p>Una con s\u00edntomas febriles, esperan el resultado del hisopado.<\/p>\n","protected":false},"author":3,"featured_media":0,"comment_status":"closed","ping_status":"open","sticky":false,"template":"","format":"standard","meta":{"footnotes":""},"categories":[30],"tags":[],"class_list":["post-45582","post","type-post","status-publish","format-standard","hentry","category-salud"],"yoast_head":"<!-- This site is optimized with the Yoast SEO plugin v25.9 - https:\/\/yoast.com\/wordpress\/plugins\/seo\/ -->\n<title>PIG\u00dc\u00c9: A\u00edslan a 37 personas que tuvieron contacto con los casos de Tornquist. - Noticias Radio Reflejos<\/title>\n<meta name=\"robots\" content=\"index, follow, max-snippet:-1, max-image-preview:large, max-video-preview:-1\" \/>\n<link rel=\"canonical\" href=\"https:\/\/www.noticiasradioreflejos.com.ar\/2021\/pigue-aislan-a-37-personas-que-tuvieron-contacto-con-los-casos-de-torrnquist\/\" \/>\n<meta property=\"og:locale\" content=\"es_ES\" \/>\n<meta property=\"og:type\" content=\"article\" \/>\n<meta property=\"og:title\" content=\"PIG\u00dc\u00c9: A\u00edslan a 37 personas que tuvieron contacto con los casos de Tornquist. - Noticias Radio Reflejos\" \/>\n<meta property=\"og:description\" content=\"Una con s\u00edntomas febriles, esperan el resultado del hisopado.\" \/>\n<meta property=\"og:url\" content=\"https:\/\/www.noticiasradioreflejos.com.ar\/2021\/pigue-aislan-a-37-personas-que-tuvieron-contacto-con-los-casos-de-torrnquist\/\" \/>\n<meta property=\"og:site_name\" content=\"Noticias Radio Reflejos\" \/>\n<meta property=\"article:published_time\" content=\"2020-08-09T20:11:32+00:00\" \/>\n<meta property=\"og:image\" content=\"http:\/\/live.staticflickr.com\/65535\/50207552411_8f4377b161_c.jpg\" \/>\n<meta name=\"author\" content=\"Arnaldo Botto\" \/>\n<meta name=\"twitter:card\" content=\"summary_large_image\" \/>\n<script type=\"application\/ld+json\" class=\"yoast-schema-graph\">{\"@context\":\"https:\/\/schema.org\",\"@graph\":[{\"@type\":\"WebPage\",\"@id\":\"https:\/\/www.noticiasradioreflejos.com.ar\/2021\/pigue-aislan-a-37-personas-que-tuvieron-contacto-con-los-casos-de-torrnquist\/\",\"url\":\"https:\/\/www.noticiasradioreflejos.com.ar\/2021\/pigue-aislan-a-37-personas-que-tuvieron-contacto-con-los-casos-de-torrnquist\/\",\"name\":\"PIG\u00dc\u00c9: A\u00edslan a 37 personas que tuvieron contacto con los casos de Tornquist. - Noticias Radio Reflejos\",\"isPartOf\":{\"@id\":\"https:\/\/www.noticiasradioreflejos.com.ar\/2021\/#website\"},\"primaryImageOfPage\":{\"@id\":\"https:\/\/www.noticiasradioreflejos.com.ar\/2021\/pigue-aislan-a-37-personas-que-tuvieron-contacto-con-los-casos-de-torrnquist\/#primaryimage\"},\"image\":{\"@id\":\"https:\/\/www.noticiasradioreflejos.com.ar\/2021\/pigue-aislan-a-37-personas-que-tuvieron-contacto-con-los-casos-de-torrnquist\/#primaryimage\"},\"thumbnailUrl\":\"http:\/\/live.staticflickr.com\/65535\/50207552411_8f4377b161_c.jpg\",\"datePublished\":\"2020-08-09T20:11:32+00:00\",\"author\":{\"@id\":\"https:\/\/www.noticiasradioreflejos.com.ar\/2021\/#\/schema\/person\/ad82545263dcc5ec0996818884fd5fb1\"},\"breadcrumb\":{\"@id\":\"https:\/\/www.noticiasradioreflejos.com.ar\/2021\/pigue-aislan-a-37-personas-que-tuvieron-contacto-con-los-casos-de-torrnquist\/#breadcrumb\"},\"inLanguage\":\"es\",\"potentialAction\":[{\"@type\":\"ReadAction\",\"target\":[\"https:\/\/www.noticiasradioreflejos.com.ar\/2021\/pigue-aislan-a-37-personas-que-tuvieron-contacto-con-los-casos-de-torrnquist\/\"]}]},{\"@type\":\"ImageObject\",\"inLanguage\":\"es\",\"@id\":\"https:\/\/www.noticiasradioreflejos.com.ar\/2021\/pigue-aislan-a-37-personas-que-tuvieron-contacto-con-los-casos-de-torrnquist\/#primaryimage\",\"url\":\"http:\/\/live.staticflickr.com\/65535\/50207552411_8f4377b161_c.jpg\",\"contentUrl\":\"http:\/\/live.staticflickr.com\/65535\/50207552411_8f4377b161_c.jpg\"},{\"@type\":\"BreadcrumbList\",\"@id\":\"https:\/\/www.noticiasradioreflejos.com.ar\/2021\/pigue-aislan-a-37-personas-que-tuvieron-contacto-con-los-casos-de-torrnquist\/#breadcrumb\",\"itemListElement\":[{\"@type\":\"ListItem\",\"position\":1,\"name\":\"Portada\",\"item\":\"https:\/\/www.noticiasradioreflejos.com.ar\/2021\/\"},{\"@type\":\"ListItem\",\"position\":2,\"name\":\"PIG\u00dc\u00c9: A\u00edslan a 37 personas que tuvieron contacto con los casos de Tornquist.\"}]},{\"@type\":\"WebSite\",\"@id\":\"https:\/\/www.noticiasradioreflejos.com.ar\/2021\/#website\",\"url\":\"https:\/\/www.noticiasradioreflejos.com.ar\/2021\/\",\"name\":\"Noticias Radio Reflejos\",\"description\":\"Las noticias de mi comarca\",\"potentialAction\":[{\"@type\":\"SearchAction\",\"target\":{\"@type\":\"EntryPoint\",\"urlTemplate\":\"https:\/\/www.noticiasradioreflejos.com.ar\/2021\/?s={search_term_string}\"},\"query-input\":{\"@type\":\"PropertyValueSpecification\",\"valueRequired\":true,\"valueName\":\"search_term_string\"}}],\"inLanguage\":\"es\"},{\"@type\":\"Person\",\"@id\":\"https:\/\/www.noticiasradioreflejos.com.ar\/2021\/#\/schema\/person\/ad82545263dcc5ec0996818884fd5fb1\",\"name\":\"Arnaldo Botto\",\"image\":{\"@type\":\"ImageObject\",\"inLanguage\":\"es\",\"@id\":\"https:\/\/www.noticiasradioreflejos.com.ar\/2021\/#\/schema\/person\/image\/\",\"url\":\"https:\/\/secure.gravatar.com\/avatar\/55cb5e37c1efa326397366e6974cb338056df65cb50e7d64d1cf314e87504837?s=96&d=mm&r=g\",\"contentUrl\":\"https:\/\/secure.gravatar.com\/avatar\/55cb5e37c1efa326397366e6974cb338056df65cb50e7d64d1cf314e87504837?s=96&d=mm&r=g\",\"caption\":\"Arnaldo Botto\"},\"url\":\"https:\/\/www.noticiasradioreflejos.com.ar\/2021\/author\/arnaldo\/\"}]}<\/script>\n<!-- \/ Yoast SEO plugin. -->","yoast_head_json":{"title":"PIG\u00dc\u00c9: A\u00edslan a 37 personas que tuvieron contacto con los casos de Tornquist. - Noticias Radio Reflejos","robots":{"index":"index","follow":"follow","max-snippet":"max-snippet:-1","max-image-preview":"max-image-preview:large","max-video-preview":"max-video-preview:-1"},"canonical":"https:\/\/www.noticiasradioreflejos.com.ar\/2021\/pigue-aislan-a-37-personas-que-tuvieron-contacto-con-los-casos-de-torrnquist\/","og_locale":"es_ES","og_type":"article","og_title":"PIG\u00dc\u00c9: A\u00edslan a 37 personas que tuvieron contacto con los casos de Tornquist. - Noticias Radio Reflejos","og_description":"Una con s\u00edntomas febriles, esperan el resultado del hisopado.","og_url":"https:\/\/www.noticiasradioreflejos.com.ar\/2021\/pigue-aislan-a-37-personas-que-tuvieron-contacto-con-los-casos-de-torrnquist\/","og_site_name":"Noticias Radio Reflejos","article_published_time":"2020-08-09T20:11:32+00:00","og_image":[{"url":"http:\/\/live.staticflickr.com\/65535\/50207552411_8f4377b161_c.jpg","type":"","width":"","height":""}],"author":"Arnaldo Botto","twitter_card":"summary_large_image","schema":{"@context":"https:\/\/schema.org","@graph":[{"@type":"WebPage","@id":"https:\/\/www.noticiasradioreflejos.com.ar\/2021\/pigue-aislan-a-37-personas-que-tuvieron-contacto-con-los-casos-de-torrnquist\/","url":"https:\/\/www.noticiasradioreflejos.com.ar\/2021\/pigue-aislan-a-37-personas-que-tuvieron-contacto-con-los-casos-de-torrnquist\/","name":"PIG\u00dc\u00c9: A\u00edslan a 37 personas que tuvieron contacto con los casos de Tornquist. - Noticias Radio Reflejos","isPartOf":{"@id":"https:\/\/www.noticiasradioreflejos.com.ar\/2021\/#website"},"primaryImageOfPage":{"@id":"https:\/\/www.noticiasradioreflejos.com.ar\/2021\/pigue-aislan-a-37-personas-que-tuvieron-contacto-con-los-casos-de-torrnquist\/#primaryimage"},"image":{"@id":"https:\/\/www.noticiasradioreflejos.com.ar\/2021\/pigue-aislan-a-37-personas-que-tuvieron-contacto-con-los-casos-de-torrnquist\/#primaryimage"},"thumbnailUrl":"http:\/\/live.staticflickr.com\/65535\/50207552411_8f4377b161_c.jpg","datePublished":"2020-08-09T20:11:32+00:00","author":{"@id":"https:\/\/www.noticiasradioreflejos.com.ar\/2021\/#\/schema\/person\/ad82545263dcc5ec0996818884fd5fb1"},"breadcrumb":{"@id":"https:\/\/www.noticiasradioreflejos.com.ar\/2021\/pigue-aislan-a-37-personas-que-tuvieron-contacto-con-los-casos-de-torrnquist\/#breadcrumb"},"inLanguage":"es","potentialAction":[{"@type":"ReadAction","target":["https:\/\/www.noticiasradioreflejos.com.ar\/2021\/pigue-aislan-a-37-personas-que-tuvieron-contacto-con-los-casos-de-torrnquist\/"]}]},{"@type":"ImageObject","inLanguage":"es","@id":"https:\/\/www.noticiasradioreflejos.com.ar\/2021\/pigue-aislan-a-37-personas-que-tuvieron-contacto-con-los-casos-de-torrnquist\/#primaryimage","url":"http:\/\/live.staticflickr.com\/65535\/50207552411_8f4377b161_c.jpg","contentUrl":"http:\/\/live.staticflickr.com\/65535\/50207552411_8f4377b161_c.jpg"},{"@type":"BreadcrumbList","@id":"https:\/\/www.noticiasradioreflejos.com.ar\/2021\/pigue-aislan-a-37-personas-que-tuvieron-contacto-con-los-casos-de-torrnquist\/#breadcrumb","itemListElement":[{"@type":"ListItem","position":1,"name":"Portada","item":"https:\/\/www.noticiasradioreflejos.com.ar\/2021\/"},{"@type":"ListItem","position":2,"name":"PIG\u00dc\u00c9: A\u00edslan a 37 personas que tuvieron contacto con los casos de Tornquist."}]},{"@type":"WebSite","@id":"https:\/\/www.noticiasradioreflejos.com.ar\/2021\/#website","url":"https:\/\/www.noticiasradioreflejos.com.ar\/2021\/","name":"Noticias Radio Reflejos","description":"Las noticias de mi comarca","potentialAction":[{"@type":"SearchAction","target":{"@type":"EntryPoint","urlTemplate":"https:\/\/www.noticiasradioreflejos.com.ar\/2021\/?s={search_term_string}"},"query-input":{"@type":"PropertyValueSpecification","valueRequired":true,"valueName":"search_term_string"}}],"inLanguage":"es"},{"@type":"Person","@id":"https:\/\/www.noticiasradioreflejos.com.ar\/2021\/#\/schema\/person\/ad82545263dcc5ec0996818884fd5fb1","name":"Arnaldo Botto","image":{"@type":"ImageObject","inLanguage":"es","@id":"https:\/\/www.noticiasradioreflejos.com.ar\/2021\/#\/schema\/person\/image\/","url":"https:\/\/secure.gravatar.com\/avatar\/55cb5e37c1efa326397366e6974cb338056df65cb50e7d64d1cf314e87504837?s=96&d=mm&r=g","contentUrl":"https:\/\/secure.gravatar.com\/avatar\/55cb5e37c1efa326397366e6974cb338056df65cb50e7d64d1cf314e87504837?s=96&d=mm&r=g","caption":"Arnaldo Botto"},"url":"https:\/\/www.noticiasradioreflejos.com.ar\/2021\/author\/arnaldo\/"}]}},"_links":{"self":[{"href":"https:\/\/www.noticiasradioreflejos.com.ar\/2021\/wp-json\/wp\/v2\/posts\/45582","targetHints":{"allow":["GET"]}}],"collection":[{"href":"https:\/\/www.noticiasradioreflejos.com.ar\/2021\/wp-json\/wp\/v2\/posts"}],"about":[{"href":"https:\/\/www.noticiasradioreflejos.com.ar\/2021\/wp-json\/wp\/v2\/types\/post"}],"author":[{"embeddable":true,"href":"https:\/\/www.noticiasradioreflejos.com.ar\/2021\/wp-json\/wp\/v2\/users\/3"}],"replies":[{"embeddable":true,"href":"https:\/\/www.noticiasradioreflejos.com.ar\/2021\/wp-json\/wp\/v2\/comments?post=45582"}],"version-history":[{"count":0,"href":"https:\/\/www.noticiasradioreflejos.com.ar\/2021\/wp-json\/wp\/v2\/posts\/45582\/revisions"}],"wp:attachment":[{"href":"https:\/\/www.noticiasradioreflejos.com.ar\/2021\/wp-json\/wp\/v2\/media?parent=45582"}],"wp:term":[{"taxonomy":"category","embeddable":true,"href":"https:\/\/www.noticiasradioreflejos.com.ar\/2021\/wp-json\/wp\/v2\/categories?post=45582"},{"taxonomy":"post_tag","embeddable":true,"href":"https:\/\/www.noticiasradioreflejos.com.ar\/2021\/wp-json\/wp\/v2\/tags?post=45582"}],"curies":[{"name":"wp","href":"https:\/\/api.w.org\/{rel}","templated":true}]}}