{"id":45578,"date":"2020-08-09T16:49:48","date_gmt":"2020-08-09T19:49:48","guid":{"rendered":"http:\/\/www.noticiasradioreflejos.com.ar\/noticias\/?p=45578"},"modified":"2020-08-09T16:49:48","modified_gmt":"2020-08-09T19:49:48","slug":"ante-posibles-sintomas-de-coronavirus","status":"publish","type":"post","link":"https:\/\/www.noticiasradioreflejos.com.ar\/2021\/ante-posibles-sintomas-de-coronavirus\/","title":{"rendered":"Ante posibles s\u00edntomas de coronavirus"},"content":{"rendered":"<p>La Secretaria de Salud Municipal recuerda a la poblaci\u00f3n que se debe hacer ante la aparici\u00f3n de alguno de los siguientes s\u00edntomas:<!--more--><\/p>\n<p>\uf0b7 Fiebre (Mayor a 37.5)<br \/>\n\uf0b7 Dolor de Garganta<br \/>\n\uf0b7 Tos<br \/>\n\uf0b7 P\u00e9rdida de gusto u olfato<br \/>\n\uf0b7 Dolor de cabeza<br \/>\n\uf0b7 Diarrea<br \/>\n\uf0b7 V\u00f3mitos<br \/>\n\uf0b7 Dificultad para respirar<\/p>\n<p><strong>Ante la presencia de al menos dos de los mencionados s\u00edntomas<\/strong>, deber\u00e1n dirigirse a la guardia del Hospital Municipal Dr. Alberto Castro o a la Sala Medica Dr. Emilio Aldaya de Sierra de la Ventana,\u00a0<b>en el horario de 8 a 20hs.<\/b><\/p>\n<p>Si \u00fanicamente presentan un s\u00edntoma, o tienen dudas sobre el mismo, se deber\u00e1n comunicar con Atenci\u00f3n Ciudadana al siguiente n\u00famero: (0291) 154137411. El \u00e1rea municipal ser\u00e1 la encargada de elevar la comunicaci\u00f3n a la cartera de salud, donde un profesional aplicar\u00e1 el protocolo correspondiente.<\/p>\n<p>En dicha comunicaci\u00f3n deber\u00e1n detallar los siguientes datos: Nombre y Apellido, Tel\u00e9fono, determinar si tienen s\u00edntomas o no, y si tuvieron contacto o no con personas que son positivo Covid-19, o con su n\u00facleo cercano. Es importante destacar, que cada una de las situaciones ser\u00e1 evaluada por los m\u00e9dicos, y se establecer\u00e1 la comunicaci\u00f3n en caso de considerarse sospechoso.<br \/>\nSolicitamos ser solidarios con los profesionales de la salud, que se encuentran prestando servicios para poder determinar la red de<br \/>\ncontactos de los casos confirmados.<br \/>\nAsimismo, desde la Secretar\u00eda de Salud Municipal solicitamos a la poblaci\u00f3n salir \u00fanicamente para actividades esenciales, un \u00fanico miembro de la familia para realizar el abastecimiento del hogar. Este pedido se realiza desde el \u00e1rea de Infectolog\u00eda del Hospital Municipal, a los fines de poder establecer la magnitud del brote que comenz\u00f3 el pasado viernes 8 de agosto.<\/p>\n","protected":false},"excerpt":{"rendered":"<p>La Secretaria de Salud Municipal recuerda a la poblaci\u00f3n que se debe hacer ante la aparici\u00f3n de alguno de los siguientes s\u00edntomas:<\/p>\n","protected":false},"author":3,"featured_media":0,"comment_status":"closed","ping_status":"open","sticky":false,"template":"","format":"standard","meta":{"footnotes":""},"categories":[30],"tags":[],"class_list":["post-45578","post","type-post","status-publish","format-standard","hentry","category-salud"],"yoast_head":"<!-- This site is optimized with the Yoast SEO plugin v25.9 - https:\/\/yoast.com\/wordpress\/plugins\/seo\/ -->\n<title>Ante posibles s\u00edntomas de coronavirus - Noticias Radio Reflejos<\/title>\n<meta name=\"robots\" content=\"index, follow, max-snippet:-1, max-image-preview:large, max-video-preview:-1\" \/>\n<link rel=\"canonical\" href=\"https:\/\/www.noticiasradioreflejos.com.ar\/2021\/ante-posibles-sintomas-de-coronavirus\/\" \/>\n<meta property=\"og:locale\" content=\"es_ES\" \/>\n<meta property=\"og:type\" content=\"article\" \/>\n<meta property=\"og:title\" content=\"Ante posibles s\u00edntomas de coronavirus - Noticias Radio Reflejos\" \/>\n<meta property=\"og:description\" content=\"La Secretaria de Salud Municipal recuerda a la poblaci\u00f3n que se debe hacer ante la aparici\u00f3n de alguno de los siguientes s\u00edntomas:\" \/>\n<meta property=\"og:url\" content=\"https:\/\/www.noticiasradioreflejos.com.ar\/2021\/ante-posibles-sintomas-de-coronavirus\/\" \/>\n<meta property=\"og:site_name\" content=\"Noticias Radio Reflejos\" \/>\n<meta property=\"article:published_time\" content=\"2020-08-09T19:49:48+00:00\" \/>\n<meta property=\"og:image\" content=\"https:\/\/www.noticiasradioreflejos.com.ar\/2021\/wp-content\/uploads\/2021\/07\/logosol300x200.png\" \/>\n\t<meta property=\"og:image:width\" content=\"300\" \/>\n\t<meta property=\"og:image:height\" content=\"200\" \/>\n\t<meta property=\"og:image:type\" content=\"image\/png\" \/>\n<meta name=\"author\" content=\"Arnaldo Botto\" \/>\n<meta name=\"twitter:card\" content=\"summary_large_image\" \/>\n<script type=\"application\/ld+json\" class=\"yoast-schema-graph\">{\"@context\":\"https:\/\/schema.org\",\"@graph\":[{\"@type\":\"WebPage\",\"@id\":\"https:\/\/www.noticiasradioreflejos.com.ar\/2021\/ante-posibles-sintomas-de-coronavirus\/\",\"url\":\"https:\/\/www.noticiasradioreflejos.com.ar\/2021\/ante-posibles-sintomas-de-coronavirus\/\",\"name\":\"Ante posibles s\u00edntomas de coronavirus - Noticias Radio Reflejos\",\"isPartOf\":{\"@id\":\"https:\/\/www.noticiasradioreflejos.com.ar\/2021\/#website\"},\"datePublished\":\"2020-08-09T19:49:48+00:00\",\"author\":{\"@id\":\"https:\/\/www.noticiasradioreflejos.com.ar\/2021\/#\/schema\/person\/ad82545263dcc5ec0996818884fd5fb1\"},\"breadcrumb\":{\"@id\":\"https:\/\/www.noticiasradioreflejos.com.ar\/2021\/ante-posibles-sintomas-de-coronavirus\/#breadcrumb\"},\"inLanguage\":\"es\",\"potentialAction\":[{\"@type\":\"ReadAction\",\"target\":[\"https:\/\/www.noticiasradioreflejos.com.ar\/2021\/ante-posibles-sintomas-de-coronavirus\/\"]}]},{\"@type\":\"BreadcrumbList\",\"@id\":\"https:\/\/www.noticiasradioreflejos.com.ar\/2021\/ante-posibles-sintomas-de-coronavirus\/#breadcrumb\",\"itemListElement\":[{\"@type\":\"ListItem\",\"position\":1,\"name\":\"Portada\",\"item\":\"https:\/\/www.noticiasradioreflejos.com.ar\/2021\/\"},{\"@type\":\"ListItem\",\"position\":2,\"name\":\"Ante posibles s\u00edntomas de coronavirus\"}]},{\"@type\":\"WebSite\",\"@id\":\"https:\/\/www.noticiasradioreflejos.com.ar\/2021\/#website\",\"url\":\"https:\/\/www.noticiasradioreflejos.com.ar\/2021\/\",\"name\":\"Noticias Radio Reflejos\",\"description\":\"Las noticias de mi comarca\",\"potentialAction\":[{\"@type\":\"SearchAction\",\"target\":{\"@type\":\"EntryPoint\",\"urlTemplate\":\"https:\/\/www.noticiasradioreflejos.com.ar\/2021\/?s={search_term_string}\"},\"query-input\":{\"@type\":\"PropertyValueSpecification\",\"valueRequired\":true,\"valueName\":\"search_term_string\"}}],\"inLanguage\":\"es\"},{\"@type\":\"Person\",\"@id\":\"https:\/\/www.noticiasradioreflejos.com.ar\/2021\/#\/schema\/person\/ad82545263dcc5ec0996818884fd5fb1\",\"name\":\"Arnaldo Botto\",\"image\":{\"@type\":\"ImageObject\",\"inLanguage\":\"es\",\"@id\":\"https:\/\/www.noticiasradioreflejos.com.ar\/2021\/#\/schema\/person\/image\/\",\"url\":\"https:\/\/secure.gravatar.com\/avatar\/55cb5e37c1efa326397366e6974cb338056df65cb50e7d64d1cf314e87504837?s=96&d=mm&r=g\",\"contentUrl\":\"https:\/\/secure.gravatar.com\/avatar\/55cb5e37c1efa326397366e6974cb338056df65cb50e7d64d1cf314e87504837?s=96&d=mm&r=g\",\"caption\":\"Arnaldo Botto\"},\"url\":\"https:\/\/www.noticiasradioreflejos.com.ar\/2021\/author\/arnaldo\/\"}]}<\/script>\n<!-- \/ Yoast SEO plugin. -->","yoast_head_json":{"title":"Ante posibles s\u00edntomas de coronavirus - Noticias Radio Reflejos","robots":{"index":"index","follow":"follow","max-snippet":"max-snippet:-1","max-image-preview":"max-image-preview:large","max-video-preview":"max-video-preview:-1"},"canonical":"https:\/\/www.noticiasradioreflejos.com.ar\/2021\/ante-posibles-sintomas-de-coronavirus\/","og_locale":"es_ES","og_type":"article","og_title":"Ante posibles s\u00edntomas de coronavirus - Noticias Radio Reflejos","og_description":"La Secretaria de Salud Municipal recuerda a la poblaci\u00f3n que se debe hacer ante la aparici\u00f3n de alguno de los siguientes s\u00edntomas:","og_url":"https:\/\/www.noticiasradioreflejos.com.ar\/2021\/ante-posibles-sintomas-de-coronavirus\/","og_site_name":"Noticias Radio Reflejos","article_published_time":"2020-08-09T19:49:48+00:00","og_image":[{"width":300,"height":200,"url":"https:\/\/www.noticiasradioreflejos.com.ar\/2021\/wp-content\/uploads\/2021\/07\/logosol300x200.png","type":"image\/png"}],"author":"Arnaldo Botto","twitter_card":"summary_large_image","schema":{"@context":"https:\/\/schema.org","@graph":[{"@type":"WebPage","@id":"https:\/\/www.noticiasradioreflejos.com.ar\/2021\/ante-posibles-sintomas-de-coronavirus\/","url":"https:\/\/www.noticiasradioreflejos.com.ar\/2021\/ante-posibles-sintomas-de-coronavirus\/","name":"Ante posibles s\u00edntomas de coronavirus - Noticias Radio Reflejos","isPartOf":{"@id":"https:\/\/www.noticiasradioreflejos.com.ar\/2021\/#website"},"datePublished":"2020-08-09T19:49:48+00:00","author":{"@id":"https:\/\/www.noticiasradioreflejos.com.ar\/2021\/#\/schema\/person\/ad82545263dcc5ec0996818884fd5fb1"},"breadcrumb":{"@id":"https:\/\/www.noticiasradioreflejos.com.ar\/2021\/ante-posibles-sintomas-de-coronavirus\/#breadcrumb"},"inLanguage":"es","potentialAction":[{"@type":"ReadAction","target":["https:\/\/www.noticiasradioreflejos.com.ar\/2021\/ante-posibles-sintomas-de-coronavirus\/"]}]},{"@type":"BreadcrumbList","@id":"https:\/\/www.noticiasradioreflejos.com.ar\/2021\/ante-posibles-sintomas-de-coronavirus\/#breadcrumb","itemListElement":[{"@type":"ListItem","position":1,"name":"Portada","item":"https:\/\/www.noticiasradioreflejos.com.ar\/2021\/"},{"@type":"ListItem","position":2,"name":"Ante posibles s\u00edntomas de coronavirus"}]},{"@type":"WebSite","@id":"https:\/\/www.noticiasradioreflejos.com.ar\/2021\/#website","url":"https:\/\/www.noticiasradioreflejos.com.ar\/2021\/","name":"Noticias Radio Reflejos","description":"Las noticias de mi comarca","potentialAction":[{"@type":"SearchAction","target":{"@type":"EntryPoint","urlTemplate":"https:\/\/www.noticiasradioreflejos.com.ar\/2021\/?s={search_term_string}"},"query-input":{"@type":"PropertyValueSpecification","valueRequired":true,"valueName":"search_term_string"}}],"inLanguage":"es"},{"@type":"Person","@id":"https:\/\/www.noticiasradioreflejos.com.ar\/2021\/#\/schema\/person\/ad82545263dcc5ec0996818884fd5fb1","name":"Arnaldo Botto","image":{"@type":"ImageObject","inLanguage":"es","@id":"https:\/\/www.noticiasradioreflejos.com.ar\/2021\/#\/schema\/person\/image\/","url":"https:\/\/secure.gravatar.com\/avatar\/55cb5e37c1efa326397366e6974cb338056df65cb50e7d64d1cf314e87504837?s=96&d=mm&r=g","contentUrl":"https:\/\/secure.gravatar.com\/avatar\/55cb5e37c1efa326397366e6974cb338056df65cb50e7d64d1cf314e87504837?s=96&d=mm&r=g","caption":"Arnaldo Botto"},"url":"https:\/\/www.noticiasradioreflejos.com.ar\/2021\/author\/arnaldo\/"}]}},"_links":{"self":[{"href":"https:\/\/www.noticiasradioreflejos.com.ar\/2021\/wp-json\/wp\/v2\/posts\/45578","targetHints":{"allow":["GET"]}}],"collection":[{"href":"https:\/\/www.noticiasradioreflejos.com.ar\/2021\/wp-json\/wp\/v2\/posts"}],"about":[{"href":"https:\/\/www.noticiasradioreflejos.com.ar\/2021\/wp-json\/wp\/v2\/types\/post"}],"author":[{"embeddable":true,"href":"https:\/\/www.noticiasradioreflejos.com.ar\/2021\/wp-json\/wp\/v2\/users\/3"}],"replies":[{"embeddable":true,"href":"https:\/\/www.noticiasradioreflejos.com.ar\/2021\/wp-json\/wp\/v2\/comments?post=45578"}],"version-history":[{"count":0,"href":"https:\/\/www.noticiasradioreflejos.com.ar\/2021\/wp-json\/wp\/v2\/posts\/45578\/revisions"}],"wp:attachment":[{"href":"https:\/\/www.noticiasradioreflejos.com.ar\/2021\/wp-json\/wp\/v2\/media?parent=45578"}],"wp:term":[{"taxonomy":"category","embeddable":true,"href":"https:\/\/www.noticiasradioreflejos.com.ar\/2021\/wp-json\/wp\/v2\/categories?post=45578"},{"taxonomy":"post_tag","embeddable":true,"href":"https:\/\/www.noticiasradioreflejos.com.ar\/2021\/wp-json\/wp\/v2\/tags?post=45578"}],"curies":[{"name":"wp","href":"https:\/\/api.w.org\/{rel}","templated":true}]}}