{"id":45575,"date":"2020-08-09T16:56:02","date_gmt":"2020-08-09T19:56:02","guid":{"rendered":"http:\/\/www.noticiasradioreflejos.com.ar\/noticias\/?p=45575"},"modified":"2020-08-09T16:56:02","modified_gmt":"2020-08-09T19:56:02","slug":"decenas-de-vehiculos-fueron-rechazados-en-los-ingresos-a-la-comarca","status":"publish","type":"post","link":"https:\/\/www.noticiasradioreflejos.com.ar\/2021\/decenas-de-vehiculos-fueron-rechazados-en-los-ingresos-a-la-comarca\/","title":{"rendered":"Decenas de veh\u00edculos fueron rechazados en los ingresos a la comarca."},"content":{"rendered":"<p>Tras la confirmaci\u00f3n de casos positivos de coronavirus en el distrito y el retroceso a fase 4 de la cuarentena. Tornquist proh\u00edbe desde hoy el ingreso todo persona de distritos lindantes<!--more--><\/p>\n<p>Con el anuncio del primer caso confirmado de Covid 19 y la r\u00e1pida propagaci\u00f3n de los contagios en Tornquist, se extreman medidas para evitar que la pandemia avance en la comarca.<br \/>\nEn la tarde de ayer s\u00e1bado 8 de agosto, y luego conocer 2 nuevos casos positivos de coronavirus, con lo que se elev\u00f3 a 3 el n\u00famero de contagiados y sumando los 8 sospechosos m\u00e1s unos 40 aislados preventivamente, el gobierno municipal inform\u00f3 de m\u00e1s medidas restrictivas a los ingresos las localidades y dej\u00f3 sin efecto la medida que permit\u00eda a propietarios de 2da residencia, visitar sus propiedades.<br \/>\nEntre la tarde y noche del s\u00e1bado y hasta las primeras horas de la tarde de este domingo, del puesto de control de Valle Hermoso en Sierra de la Ventana, se rechazaron unos 50 veh\u00edculos provenientes de los distritos que ten\u00edan hasta ayer, autorizaci\u00f3n para ingresar en forma de visitantes tur\u00edsticos.\u00a0Restar\u00eda sumar los controles de Villa Ventana, Saldungaray y Tornquist, lo que dar\u00eda un n\u00famero aproximado al centenar de rechazos de ingresos.<\/p>\n<p>La mayor\u00eda de estos, con reservas en complejos de alojamiento y con mesas reservadas en restaurantes, que en las primeras horas de la tarde del s\u00e1bado, debieron cerrar sus puertas ante el retroceso de fase.<\/p>\n<p>Queda tambi\u00e9n restringido el acceso a las localidades para los propios habitantes de Tornquist, salvo personal esencial y repartidores de mercader\u00edas. Viajantes y vendedores tendr\u00e1n esta semana\u00a0prohibido el ingreso a todas las localidades del distrtio.<\/p>\n<p>Restar\u00eda sumar los controles de Villa Ventana, Saldungaray y Tornquist, lo que dar\u00eda un n\u00famero aproximado al centenar de rechazos de ingresos.<br \/>\nLas medidas m\u00e1s dr\u00e1sticas en relaci\u00f3n a la movilidad de los habitantes de Tornquist y de quienes tengan que acceder al distrito son:<\/p>\n<p><a title=\"WhatsApp Image 2020-08-09 at 16.27.44\" href=\"http:\/\/live.staticflickr.com\/65535\/50207439771_defb9590b2_s.jpg\" rel=\"\"><img loading=\"lazy\" decoding=\"async\" class=\"aligncenter\" title=\"WhatsApp Image 2020-08-09 at 16.27.44\" src=\"http:\/\/live.staticflickr.com\/65535\/50207439771_defb9590b2_c.jpg\" alt=\"WhatsApp Image 2020-08-09 at 16.27.44\" width=\"541\" height=\"800\" \/><\/a><a title=\"WhatsApp Image 2020-08-09 at 16.27.45\" href=\"http:\/\/live.staticflickr.com\/65535\/50207439686_659b929c97_s.jpg\" rel=\"\"><img loading=\"lazy\" decoding=\"async\" class=\"aligncenter\" title=\"WhatsApp Image 2020-08-09 at 16.27.45\" src=\"http:\/\/live.staticflickr.com\/65535\/50207439686_659b929c97_c.jpg\" alt=\"WhatsApp Image 2020-08-09 at 16.27.45\" width=\"544\" height=\"800\" \/><\/a><a title=\"WhatsApp Image 2020-08-09 at 16.27.45 (1)\" href=\"http:\/\/live.staticflickr.com\/65535\/50207439616_36f4182f61_s.jpg\" rel=\"\"><img loading=\"lazy\" decoding=\"async\" class=\"aligncenter\" title=\"WhatsApp Image 2020-08-09 at 16.27.45 (1)\" src=\"http:\/\/live.staticflickr.com\/65535\/50207439616_36f4182f61_c.jpg\" alt=\"WhatsApp Image 2020-08-09 at 16.27.45 (1)\" width=\"538\" height=\"800\" \/><\/a><\/p>\n","protected":false},"excerpt":{"rendered":"<p>Tras la confirmaci\u00f3n de casos positivos de coronavirus en el distrito y el retroceso a fase 4 de la cuarentena. Tornquist proh\u00edbe desde hoy el ingreso todo persona de distritos lindantes<\/p>\n","protected":false},"author":3,"featured_media":0,"comment_status":"closed","ping_status":"open","sticky":false,"template":"","format":"standard","meta":{"footnotes":""},"categories":[26],"tags":[],"class_list":["post-45575","post","type-post","status-publish","format-standard","hentry","category-sociedad"],"yoast_head":"<!-- This site is optimized with the Yoast SEO plugin v25.9 - https:\/\/yoast.com\/wordpress\/plugins\/seo\/ -->\n<title>Decenas de veh\u00edculos fueron rechazados en los ingresos a la comarca. - Noticias Radio Reflejos<\/title>\n<meta name=\"robots\" content=\"index, follow, max-snippet:-1, max-image-preview:large, max-video-preview:-1\" \/>\n<link rel=\"canonical\" href=\"https:\/\/www.noticiasradioreflejos.com.ar\/2021\/decenas-de-vehiculos-fueron-rechazados-en-los-ingresos-a-la-comarca\/\" \/>\n<meta property=\"og:locale\" content=\"es_ES\" \/>\n<meta property=\"og:type\" content=\"article\" \/>\n<meta property=\"og:title\" content=\"Decenas de veh\u00edculos fueron rechazados en los ingresos a la comarca. - Noticias Radio Reflejos\" \/>\n<meta property=\"og:description\" content=\"Tras la confirmaci\u00f3n de casos positivos de coronavirus en el distrito y el retroceso a fase 4 de la cuarentena. Tornquist proh\u00edbe desde hoy el ingreso todo persona de distritos lindantes\" \/>\n<meta property=\"og:url\" content=\"https:\/\/www.noticiasradioreflejos.com.ar\/2021\/decenas-de-vehiculos-fueron-rechazados-en-los-ingresos-a-la-comarca\/\" \/>\n<meta property=\"og:site_name\" content=\"Noticias Radio Reflejos\" \/>\n<meta property=\"article:published_time\" content=\"2020-08-09T19:56:02+00:00\" \/>\n<meta property=\"og:image\" content=\"http:\/\/live.staticflickr.com\/65535\/50207439771_defb9590b2_c.jpg\" \/>\n<meta name=\"author\" content=\"Arnaldo Botto\" \/>\n<meta name=\"twitter:card\" content=\"summary_large_image\" \/>\n<script type=\"application\/ld+json\" class=\"yoast-schema-graph\">{\"@context\":\"https:\/\/schema.org\",\"@graph\":[{\"@type\":\"WebPage\",\"@id\":\"https:\/\/www.noticiasradioreflejos.com.ar\/2021\/decenas-de-vehiculos-fueron-rechazados-en-los-ingresos-a-la-comarca\/\",\"url\":\"https:\/\/www.noticiasradioreflejos.com.ar\/2021\/decenas-de-vehiculos-fueron-rechazados-en-los-ingresos-a-la-comarca\/\",\"name\":\"Decenas de veh\u00edculos fueron rechazados en los ingresos a la comarca. - Noticias Radio Reflejos\",\"isPartOf\":{\"@id\":\"https:\/\/www.noticiasradioreflejos.com.ar\/2021\/#website\"},\"primaryImageOfPage\":{\"@id\":\"https:\/\/www.noticiasradioreflejos.com.ar\/2021\/decenas-de-vehiculos-fueron-rechazados-en-los-ingresos-a-la-comarca\/#primaryimage\"},\"image\":{\"@id\":\"https:\/\/www.noticiasradioreflejos.com.ar\/2021\/decenas-de-vehiculos-fueron-rechazados-en-los-ingresos-a-la-comarca\/#primaryimage\"},\"thumbnailUrl\":\"http:\/\/live.staticflickr.com\/65535\/50207439771_defb9590b2_c.jpg\",\"datePublished\":\"2020-08-09T19:56:02+00:00\",\"author\":{\"@id\":\"https:\/\/www.noticiasradioreflejos.com.ar\/2021\/#\/schema\/person\/ad82545263dcc5ec0996818884fd5fb1\"},\"breadcrumb\":{\"@id\":\"https:\/\/www.noticiasradioreflejos.com.ar\/2021\/decenas-de-vehiculos-fueron-rechazados-en-los-ingresos-a-la-comarca\/#breadcrumb\"},\"inLanguage\":\"es\",\"potentialAction\":[{\"@type\":\"ReadAction\",\"target\":[\"https:\/\/www.noticiasradioreflejos.com.ar\/2021\/decenas-de-vehiculos-fueron-rechazados-en-los-ingresos-a-la-comarca\/\"]}]},{\"@type\":\"ImageObject\",\"inLanguage\":\"es\",\"@id\":\"https:\/\/www.noticiasradioreflejos.com.ar\/2021\/decenas-de-vehiculos-fueron-rechazados-en-los-ingresos-a-la-comarca\/#primaryimage\",\"url\":\"http:\/\/live.staticflickr.com\/65535\/50207439771_defb9590b2_c.jpg\",\"contentUrl\":\"http:\/\/live.staticflickr.com\/65535\/50207439771_defb9590b2_c.jpg\"},{\"@type\":\"BreadcrumbList\",\"@id\":\"https:\/\/www.noticiasradioreflejos.com.ar\/2021\/decenas-de-vehiculos-fueron-rechazados-en-los-ingresos-a-la-comarca\/#breadcrumb\",\"itemListElement\":[{\"@type\":\"ListItem\",\"position\":1,\"name\":\"Portada\",\"item\":\"https:\/\/www.noticiasradioreflejos.com.ar\/2021\/\"},{\"@type\":\"ListItem\",\"position\":2,\"name\":\"Decenas de veh\u00edculos fueron rechazados en los ingresos a la comarca.\"}]},{\"@type\":\"WebSite\",\"@id\":\"https:\/\/www.noticiasradioreflejos.com.ar\/2021\/#website\",\"url\":\"https:\/\/www.noticiasradioreflejos.com.ar\/2021\/\",\"name\":\"Noticias Radio Reflejos\",\"description\":\"Las noticias de mi comarca\",\"potentialAction\":[{\"@type\":\"SearchAction\",\"target\":{\"@type\":\"EntryPoint\",\"urlTemplate\":\"https:\/\/www.noticiasradioreflejos.com.ar\/2021\/?s={search_term_string}\"},\"query-input\":{\"@type\":\"PropertyValueSpecification\",\"valueRequired\":true,\"valueName\":\"search_term_string\"}}],\"inLanguage\":\"es\"},{\"@type\":\"Person\",\"@id\":\"https:\/\/www.noticiasradioreflejos.com.ar\/2021\/#\/schema\/person\/ad82545263dcc5ec0996818884fd5fb1\",\"name\":\"Arnaldo Botto\",\"image\":{\"@type\":\"ImageObject\",\"inLanguage\":\"es\",\"@id\":\"https:\/\/www.noticiasradioreflejos.com.ar\/2021\/#\/schema\/person\/image\/\",\"url\":\"https:\/\/secure.gravatar.com\/avatar\/55cb5e37c1efa326397366e6974cb338056df65cb50e7d64d1cf314e87504837?s=96&d=mm&r=g\",\"contentUrl\":\"https:\/\/secure.gravatar.com\/avatar\/55cb5e37c1efa326397366e6974cb338056df65cb50e7d64d1cf314e87504837?s=96&d=mm&r=g\",\"caption\":\"Arnaldo Botto\"},\"url\":\"https:\/\/www.noticiasradioreflejos.com.ar\/2021\/author\/arnaldo\/\"}]}<\/script>\n<!-- \/ Yoast SEO plugin. -->","yoast_head_json":{"title":"Decenas de veh\u00edculos fueron rechazados en los ingresos a la comarca. - Noticias Radio Reflejos","robots":{"index":"index","follow":"follow","max-snippet":"max-snippet:-1","max-image-preview":"max-image-preview:large","max-video-preview":"max-video-preview:-1"},"canonical":"https:\/\/www.noticiasradioreflejos.com.ar\/2021\/decenas-de-vehiculos-fueron-rechazados-en-los-ingresos-a-la-comarca\/","og_locale":"es_ES","og_type":"article","og_title":"Decenas de veh\u00edculos fueron rechazados en los ingresos a la comarca. - Noticias Radio Reflejos","og_description":"Tras la confirmaci\u00f3n de casos positivos de coronavirus en el distrito y el retroceso a fase 4 de la cuarentena. Tornquist proh\u00edbe desde hoy el ingreso todo persona de distritos lindantes","og_url":"https:\/\/www.noticiasradioreflejos.com.ar\/2021\/decenas-de-vehiculos-fueron-rechazados-en-los-ingresos-a-la-comarca\/","og_site_name":"Noticias Radio Reflejos","article_published_time":"2020-08-09T19:56:02+00:00","og_image":[{"url":"http:\/\/live.staticflickr.com\/65535\/50207439771_defb9590b2_c.jpg","type":"","width":"","height":""}],"author":"Arnaldo Botto","twitter_card":"summary_large_image","schema":{"@context":"https:\/\/schema.org","@graph":[{"@type":"WebPage","@id":"https:\/\/www.noticiasradioreflejos.com.ar\/2021\/decenas-de-vehiculos-fueron-rechazados-en-los-ingresos-a-la-comarca\/","url":"https:\/\/www.noticiasradioreflejos.com.ar\/2021\/decenas-de-vehiculos-fueron-rechazados-en-los-ingresos-a-la-comarca\/","name":"Decenas de veh\u00edculos fueron rechazados en los ingresos a la comarca. - Noticias Radio Reflejos","isPartOf":{"@id":"https:\/\/www.noticiasradioreflejos.com.ar\/2021\/#website"},"primaryImageOfPage":{"@id":"https:\/\/www.noticiasradioreflejos.com.ar\/2021\/decenas-de-vehiculos-fueron-rechazados-en-los-ingresos-a-la-comarca\/#primaryimage"},"image":{"@id":"https:\/\/www.noticiasradioreflejos.com.ar\/2021\/decenas-de-vehiculos-fueron-rechazados-en-los-ingresos-a-la-comarca\/#primaryimage"},"thumbnailUrl":"http:\/\/live.staticflickr.com\/65535\/50207439771_defb9590b2_c.jpg","datePublished":"2020-08-09T19:56:02+00:00","author":{"@id":"https:\/\/www.noticiasradioreflejos.com.ar\/2021\/#\/schema\/person\/ad82545263dcc5ec0996818884fd5fb1"},"breadcrumb":{"@id":"https:\/\/www.noticiasradioreflejos.com.ar\/2021\/decenas-de-vehiculos-fueron-rechazados-en-los-ingresos-a-la-comarca\/#breadcrumb"},"inLanguage":"es","potentialAction":[{"@type":"ReadAction","target":["https:\/\/www.noticiasradioreflejos.com.ar\/2021\/decenas-de-vehiculos-fueron-rechazados-en-los-ingresos-a-la-comarca\/"]}]},{"@type":"ImageObject","inLanguage":"es","@id":"https:\/\/www.noticiasradioreflejos.com.ar\/2021\/decenas-de-vehiculos-fueron-rechazados-en-los-ingresos-a-la-comarca\/#primaryimage","url":"http:\/\/live.staticflickr.com\/65535\/50207439771_defb9590b2_c.jpg","contentUrl":"http:\/\/live.staticflickr.com\/65535\/50207439771_defb9590b2_c.jpg"},{"@type":"BreadcrumbList","@id":"https:\/\/www.noticiasradioreflejos.com.ar\/2021\/decenas-de-vehiculos-fueron-rechazados-en-los-ingresos-a-la-comarca\/#breadcrumb","itemListElement":[{"@type":"ListItem","position":1,"name":"Portada","item":"https:\/\/www.noticiasradioreflejos.com.ar\/2021\/"},{"@type":"ListItem","position":2,"name":"Decenas de veh\u00edculos fueron rechazados en los ingresos a la comarca."}]},{"@type":"WebSite","@id":"https:\/\/www.noticiasradioreflejos.com.ar\/2021\/#website","url":"https:\/\/www.noticiasradioreflejos.com.ar\/2021\/","name":"Noticias Radio Reflejos","description":"Las noticias de mi comarca","potentialAction":[{"@type":"SearchAction","target":{"@type":"EntryPoint","urlTemplate":"https:\/\/www.noticiasradioreflejos.com.ar\/2021\/?s={search_term_string}"},"query-input":{"@type":"PropertyValueSpecification","valueRequired":true,"valueName":"search_term_string"}}],"inLanguage":"es"},{"@type":"Person","@id":"https:\/\/www.noticiasradioreflejos.com.ar\/2021\/#\/schema\/person\/ad82545263dcc5ec0996818884fd5fb1","name":"Arnaldo Botto","image":{"@type":"ImageObject","inLanguage":"es","@id":"https:\/\/www.noticiasradioreflejos.com.ar\/2021\/#\/schema\/person\/image\/","url":"https:\/\/secure.gravatar.com\/avatar\/55cb5e37c1efa326397366e6974cb338056df65cb50e7d64d1cf314e87504837?s=96&d=mm&r=g","contentUrl":"https:\/\/secure.gravatar.com\/avatar\/55cb5e37c1efa326397366e6974cb338056df65cb50e7d64d1cf314e87504837?s=96&d=mm&r=g","caption":"Arnaldo Botto"},"url":"https:\/\/www.noticiasradioreflejos.com.ar\/2021\/author\/arnaldo\/"}]}},"_links":{"self":[{"href":"https:\/\/www.noticiasradioreflejos.com.ar\/2021\/wp-json\/wp\/v2\/posts\/45575","targetHints":{"allow":["GET"]}}],"collection":[{"href":"https:\/\/www.noticiasradioreflejos.com.ar\/2021\/wp-json\/wp\/v2\/posts"}],"about":[{"href":"https:\/\/www.noticiasradioreflejos.com.ar\/2021\/wp-json\/wp\/v2\/types\/post"}],"author":[{"embeddable":true,"href":"https:\/\/www.noticiasradioreflejos.com.ar\/2021\/wp-json\/wp\/v2\/users\/3"}],"replies":[{"embeddable":true,"href":"https:\/\/www.noticiasradioreflejos.com.ar\/2021\/wp-json\/wp\/v2\/comments?post=45575"}],"version-history":[{"count":0,"href":"https:\/\/www.noticiasradioreflejos.com.ar\/2021\/wp-json\/wp\/v2\/posts\/45575\/revisions"}],"wp:attachment":[{"href":"https:\/\/www.noticiasradioreflejos.com.ar\/2021\/wp-json\/wp\/v2\/media?parent=45575"}],"wp:term":[{"taxonomy":"category","embeddable":true,"href":"https:\/\/www.noticiasradioreflejos.com.ar\/2021\/wp-json\/wp\/v2\/categories?post=45575"},{"taxonomy":"post_tag","embeddable":true,"href":"https:\/\/www.noticiasradioreflejos.com.ar\/2021\/wp-json\/wp\/v2\/tags?post=45575"}],"curies":[{"name":"wp","href":"https:\/\/api.w.org\/{rel}","templated":true}]}}