{"id":45572,"date":"2020-08-09T11:11:12","date_gmt":"2020-08-09T14:11:12","guid":{"rendered":"http:\/\/www.noticiasradioreflejos.com.ar\/noticias\/?p=45572"},"modified":"2020-08-09T11:11:12","modified_gmt":"2020-08-09T14:11:12","slug":"un-auto-choco-contra-una-formacion-de-un-tren-en-la-ruta-51","status":"publish","type":"post","link":"https:\/\/www.noticiasradioreflejos.com.ar\/2021\/un-auto-choco-contra-una-formacion-de-un-tren-en-la-ruta-51\/","title":{"rendered":"Un auto choc\u00f3 contra una formaci\u00f3n de un tren en la ruta 51."},"content":{"rendered":"<p>De milagro la pueden contar, ocurri\u00f3 estaa ma\u00f1anala altura del paso a nivel.<!--more--><\/p>\n<p>Minutos despu\u00e9s de las 7, Javier Mu\u00f1oz Del R\u00edo conduc\u00eda una Toyota y termin\u00f3 impactando contra la formaci\u00f3n de Ferro Sur en la que iba Marcos Blanco.<\/p>\n<figure class=\"wp-block-image size-large\"><img decoding=\"async\" class=\"wp-image-73923\" src=\"https:\/\/www.labrujula24.com\/wp-content\/uploads\/2020\/08\/auto-tren.jpg\" sizes=\"(max-width: 1200px) 100vw, 1200px\" srcset=\"https:\/\/www.labrujula24.com\/wp-content\/uploads\/2020\/08\/auto-tren.jpg 1200w, https:\/\/www.labrujula24.com\/wp-content\/uploads\/2020\/08\/auto-tren-768x461.jpg 768w, https:\/\/www.labrujula24.com\/wp-content\/uploads\/2020\/08\/auto-tren-1000x600.jpg 1000w, https:\/\/www.labrujula24.com\/wp-content\/uploads\/2020\/08\/auto-tren-590x354.jpg 590w, https:\/\/www.labrujula24.com\/wp-content\/uploads\/2020\/08\/auto-tren-400x240.jpg 400w\" alt=\"\" data-cfsrc=\"https:\/\/www.labrujula24.com\/wp-content\/uploads\/2020\/08\/auto-tren.jpg\" \/><\/figure>\n<p>Seg\u00fan aseguraron a la redacci\u00f3n de\u00a0<strong>LA BR\u00daJULA 24<\/strong>, \u201cen el lugar la visibilidad era cero\u201d.<\/p>\n<p>Por tal motivo la ruta estuvo cortada durante unos minutos.<\/p>\n<p>Cabe resaltar que tanto Mu\u00f1oz Del R\u00edo como su acompa\u00f1ante que iban en el veh\u00edculo resultaron ilesos.<br \/>\nEn el lugar trabajaron Defensa Civil y Polic\u00eda.<\/p>\n<figure class=\"wp-block-image size-large\"><img decoding=\"async\" class=\"wp-image-73928\" src=\"https:\/\/www.labrujula24.com\/wp-content\/uploads\/2020\/08\/2-3.jpg\" sizes=\"(max-width: 1280px) 100vw, 1280px\" srcset=\"https:\/\/www.labrujula24.com\/wp-content\/uploads\/2020\/08\/2-3.jpg 1280w, https:\/\/www.labrujula24.com\/wp-content\/uploads\/2020\/08\/2-3-768x576.jpg 768w\" alt=\"\" data-cfsrc=\"https:\/\/www.labrujula24.com\/wp-content\/uploads\/2020\/08\/2-3.jpg\" \/><\/figure>\n<figure class=\"wp-block-image size-large\"><img decoding=\"async\" class=\"wp-image-73930\" src=\"https:\/\/www.labrujula24.com\/wp-content\/uploads\/2020\/08\/3-1.jpg\" sizes=\"(max-width: 1152px) 100vw, 1152px\" srcset=\"https:\/\/www.labrujula24.com\/wp-content\/uploads\/2020\/08\/3-1.jpg 1152w, https:\/\/www.labrujula24.com\/wp-content\/uploads\/2020\/08\/3-1-768x373.jpg 768w\" alt=\"\" data-cfsrc=\"https:\/\/www.labrujula24.com\/wp-content\/uploads\/2020\/08\/3-1.jpg\" \/><\/figure>\n","protected":false},"excerpt":{"rendered":"<p>De milagro la pueden contar, ocurri\u00f3 estaa ma\u00f1anala altura del paso a nivel.<\/p>\n","protected":false},"author":3,"featured_media":0,"comment_status":"closed","ping_status":"open","sticky":false,"template":"","format":"standard","meta":{"footnotes":""},"categories":[29],"tags":[],"class_list":["post-45572","post","type-post","status-publish","format-standard","hentry","category-policiales"],"yoast_head":"<!-- This site is optimized with the Yoast SEO plugin v25.9 - https:\/\/yoast.com\/wordpress\/plugins\/seo\/ -->\n<title>Un auto choc\u00f3 contra una formaci\u00f3n de un tren en la ruta 51. - Noticias Radio Reflejos<\/title>\n<meta name=\"robots\" content=\"index, follow, max-snippet:-1, max-image-preview:large, max-video-preview:-1\" \/>\n<link rel=\"canonical\" href=\"https:\/\/www.noticiasradioreflejos.com.ar\/2021\/un-auto-choco-contra-una-formacion-de-un-tren-en-la-ruta-51\/\" \/>\n<meta property=\"og:locale\" content=\"es_ES\" \/>\n<meta property=\"og:type\" content=\"article\" \/>\n<meta property=\"og:title\" content=\"Un auto choc\u00f3 contra una formaci\u00f3n de un tren en la ruta 51. - Noticias Radio Reflejos\" \/>\n<meta property=\"og:description\" content=\"De milagro la pueden contar, ocurri\u00f3 estaa ma\u00f1anala altura del paso a nivel.\" \/>\n<meta property=\"og:url\" content=\"https:\/\/www.noticiasradioreflejos.com.ar\/2021\/un-auto-choco-contra-una-formacion-de-un-tren-en-la-ruta-51\/\" \/>\n<meta property=\"og:site_name\" content=\"Noticias Radio Reflejos\" \/>\n<meta property=\"article:published_time\" content=\"2020-08-09T14:11:12+00:00\" \/>\n<meta property=\"og:image\" content=\"https:\/\/www.noticiasradioreflejos.com.ar\/2021\/wp-content\/uploads\/2021\/07\/logosol300x200.png\" \/>\n\t<meta property=\"og:image:width\" content=\"300\" \/>\n\t<meta property=\"og:image:height\" content=\"200\" \/>\n\t<meta property=\"og:image:type\" content=\"image\/png\" \/>\n<meta name=\"author\" content=\"Arnaldo Botto\" \/>\n<meta name=\"twitter:card\" content=\"summary_large_image\" \/>\n<script type=\"application\/ld+json\" class=\"yoast-schema-graph\">{\"@context\":\"https:\/\/schema.org\",\"@graph\":[{\"@type\":\"WebPage\",\"@id\":\"https:\/\/www.noticiasradioreflejos.com.ar\/2021\/un-auto-choco-contra-una-formacion-de-un-tren-en-la-ruta-51\/\",\"url\":\"https:\/\/www.noticiasradioreflejos.com.ar\/2021\/un-auto-choco-contra-una-formacion-de-un-tren-en-la-ruta-51\/\",\"name\":\"Un auto choc\u00f3 contra una formaci\u00f3n de un tren en la ruta 51. - Noticias Radio Reflejos\",\"isPartOf\":{\"@id\":\"https:\/\/www.noticiasradioreflejos.com.ar\/2021\/#website\"},\"primaryImageOfPage\":{\"@id\":\"https:\/\/www.noticiasradioreflejos.com.ar\/2021\/un-auto-choco-contra-una-formacion-de-un-tren-en-la-ruta-51\/#primaryimage\"},\"image\":{\"@id\":\"https:\/\/www.noticiasradioreflejos.com.ar\/2021\/un-auto-choco-contra-una-formacion-de-un-tren-en-la-ruta-51\/#primaryimage\"},\"thumbnailUrl\":\"https:\/\/www.labrujula24.com\/wp-content\/uploads\/2020\/08\/auto-tren.jpg\",\"datePublished\":\"2020-08-09T14:11:12+00:00\",\"author\":{\"@id\":\"https:\/\/www.noticiasradioreflejos.com.ar\/2021\/#\/schema\/person\/ad82545263dcc5ec0996818884fd5fb1\"},\"breadcrumb\":{\"@id\":\"https:\/\/www.noticiasradioreflejos.com.ar\/2021\/un-auto-choco-contra-una-formacion-de-un-tren-en-la-ruta-51\/#breadcrumb\"},\"inLanguage\":\"es\",\"potentialAction\":[{\"@type\":\"ReadAction\",\"target\":[\"https:\/\/www.noticiasradioreflejos.com.ar\/2021\/un-auto-choco-contra-una-formacion-de-un-tren-en-la-ruta-51\/\"]}]},{\"@type\":\"ImageObject\",\"inLanguage\":\"es\",\"@id\":\"https:\/\/www.noticiasradioreflejos.com.ar\/2021\/un-auto-choco-contra-una-formacion-de-un-tren-en-la-ruta-51\/#primaryimage\",\"url\":\"https:\/\/www.labrujula24.com\/wp-content\/uploads\/2020\/08\/auto-tren.jpg\",\"contentUrl\":\"https:\/\/www.labrujula24.com\/wp-content\/uploads\/2020\/08\/auto-tren.jpg\"},{\"@type\":\"BreadcrumbList\",\"@id\":\"https:\/\/www.noticiasradioreflejos.com.ar\/2021\/un-auto-choco-contra-una-formacion-de-un-tren-en-la-ruta-51\/#breadcrumb\",\"itemListElement\":[{\"@type\":\"ListItem\",\"position\":1,\"name\":\"Portada\",\"item\":\"https:\/\/www.noticiasradioreflejos.com.ar\/2021\/\"},{\"@type\":\"ListItem\",\"position\":2,\"name\":\"Un auto choc\u00f3 contra una formaci\u00f3n de un tren en la ruta 51.\"}]},{\"@type\":\"WebSite\",\"@id\":\"https:\/\/www.noticiasradioreflejos.com.ar\/2021\/#website\",\"url\":\"https:\/\/www.noticiasradioreflejos.com.ar\/2021\/\",\"name\":\"Noticias Radio Reflejos\",\"description\":\"Las noticias de mi comarca\",\"potentialAction\":[{\"@type\":\"SearchAction\",\"target\":{\"@type\":\"EntryPoint\",\"urlTemplate\":\"https:\/\/www.noticiasradioreflejos.com.ar\/2021\/?s={search_term_string}\"},\"query-input\":{\"@type\":\"PropertyValueSpecification\",\"valueRequired\":true,\"valueName\":\"search_term_string\"}}],\"inLanguage\":\"es\"},{\"@type\":\"Person\",\"@id\":\"https:\/\/www.noticiasradioreflejos.com.ar\/2021\/#\/schema\/person\/ad82545263dcc5ec0996818884fd5fb1\",\"name\":\"Arnaldo Botto\",\"image\":{\"@type\":\"ImageObject\",\"inLanguage\":\"es\",\"@id\":\"https:\/\/www.noticiasradioreflejos.com.ar\/2021\/#\/schema\/person\/image\/\",\"url\":\"https:\/\/secure.gravatar.com\/avatar\/55cb5e37c1efa326397366e6974cb338056df65cb50e7d64d1cf314e87504837?s=96&d=mm&r=g\",\"contentUrl\":\"https:\/\/secure.gravatar.com\/avatar\/55cb5e37c1efa326397366e6974cb338056df65cb50e7d64d1cf314e87504837?s=96&d=mm&r=g\",\"caption\":\"Arnaldo Botto\"},\"url\":\"https:\/\/www.noticiasradioreflejos.com.ar\/2021\/author\/arnaldo\/\"}]}<\/script>\n<!-- \/ Yoast SEO plugin. -->","yoast_head_json":{"title":"Un auto choc\u00f3 contra una formaci\u00f3n de un tren en la ruta 51. - Noticias Radio Reflejos","robots":{"index":"index","follow":"follow","max-snippet":"max-snippet:-1","max-image-preview":"max-image-preview:large","max-video-preview":"max-video-preview:-1"},"canonical":"https:\/\/www.noticiasradioreflejos.com.ar\/2021\/un-auto-choco-contra-una-formacion-de-un-tren-en-la-ruta-51\/","og_locale":"es_ES","og_type":"article","og_title":"Un auto choc\u00f3 contra una formaci\u00f3n de un tren en la ruta 51. - Noticias Radio Reflejos","og_description":"De milagro la pueden contar, ocurri\u00f3 estaa ma\u00f1anala altura del paso a nivel.","og_url":"https:\/\/www.noticiasradioreflejos.com.ar\/2021\/un-auto-choco-contra-una-formacion-de-un-tren-en-la-ruta-51\/","og_site_name":"Noticias Radio Reflejos","article_published_time":"2020-08-09T14:11:12+00:00","og_image":[{"width":300,"height":200,"url":"https:\/\/www.noticiasradioreflejos.com.ar\/2021\/wp-content\/uploads\/2021\/07\/logosol300x200.png","type":"image\/png"}],"author":"Arnaldo Botto","twitter_card":"summary_large_image","schema":{"@context":"https:\/\/schema.org","@graph":[{"@type":"WebPage","@id":"https:\/\/www.noticiasradioreflejos.com.ar\/2021\/un-auto-choco-contra-una-formacion-de-un-tren-en-la-ruta-51\/","url":"https:\/\/www.noticiasradioreflejos.com.ar\/2021\/un-auto-choco-contra-una-formacion-de-un-tren-en-la-ruta-51\/","name":"Un auto choc\u00f3 contra una formaci\u00f3n de un tren en la ruta 51. - Noticias Radio Reflejos","isPartOf":{"@id":"https:\/\/www.noticiasradioreflejos.com.ar\/2021\/#website"},"primaryImageOfPage":{"@id":"https:\/\/www.noticiasradioreflejos.com.ar\/2021\/un-auto-choco-contra-una-formacion-de-un-tren-en-la-ruta-51\/#primaryimage"},"image":{"@id":"https:\/\/www.noticiasradioreflejos.com.ar\/2021\/un-auto-choco-contra-una-formacion-de-un-tren-en-la-ruta-51\/#primaryimage"},"thumbnailUrl":"https:\/\/www.labrujula24.com\/wp-content\/uploads\/2020\/08\/auto-tren.jpg","datePublished":"2020-08-09T14:11:12+00:00","author":{"@id":"https:\/\/www.noticiasradioreflejos.com.ar\/2021\/#\/schema\/person\/ad82545263dcc5ec0996818884fd5fb1"},"breadcrumb":{"@id":"https:\/\/www.noticiasradioreflejos.com.ar\/2021\/un-auto-choco-contra-una-formacion-de-un-tren-en-la-ruta-51\/#breadcrumb"},"inLanguage":"es","potentialAction":[{"@type":"ReadAction","target":["https:\/\/www.noticiasradioreflejos.com.ar\/2021\/un-auto-choco-contra-una-formacion-de-un-tren-en-la-ruta-51\/"]}]},{"@type":"ImageObject","inLanguage":"es","@id":"https:\/\/www.noticiasradioreflejos.com.ar\/2021\/un-auto-choco-contra-una-formacion-de-un-tren-en-la-ruta-51\/#primaryimage","url":"https:\/\/www.labrujula24.com\/wp-content\/uploads\/2020\/08\/auto-tren.jpg","contentUrl":"https:\/\/www.labrujula24.com\/wp-content\/uploads\/2020\/08\/auto-tren.jpg"},{"@type":"BreadcrumbList","@id":"https:\/\/www.noticiasradioreflejos.com.ar\/2021\/un-auto-choco-contra-una-formacion-de-un-tren-en-la-ruta-51\/#breadcrumb","itemListElement":[{"@type":"ListItem","position":1,"name":"Portada","item":"https:\/\/www.noticiasradioreflejos.com.ar\/2021\/"},{"@type":"ListItem","position":2,"name":"Un auto choc\u00f3 contra una formaci\u00f3n de un tren en la ruta 51."}]},{"@type":"WebSite","@id":"https:\/\/www.noticiasradioreflejos.com.ar\/2021\/#website","url":"https:\/\/www.noticiasradioreflejos.com.ar\/2021\/","name":"Noticias Radio Reflejos","description":"Las noticias de mi comarca","potentialAction":[{"@type":"SearchAction","target":{"@type":"EntryPoint","urlTemplate":"https:\/\/www.noticiasradioreflejos.com.ar\/2021\/?s={search_term_string}"},"query-input":{"@type":"PropertyValueSpecification","valueRequired":true,"valueName":"search_term_string"}}],"inLanguage":"es"},{"@type":"Person","@id":"https:\/\/www.noticiasradioreflejos.com.ar\/2021\/#\/schema\/person\/ad82545263dcc5ec0996818884fd5fb1","name":"Arnaldo Botto","image":{"@type":"ImageObject","inLanguage":"es","@id":"https:\/\/www.noticiasradioreflejos.com.ar\/2021\/#\/schema\/person\/image\/","url":"https:\/\/secure.gravatar.com\/avatar\/55cb5e37c1efa326397366e6974cb338056df65cb50e7d64d1cf314e87504837?s=96&d=mm&r=g","contentUrl":"https:\/\/secure.gravatar.com\/avatar\/55cb5e37c1efa326397366e6974cb338056df65cb50e7d64d1cf314e87504837?s=96&d=mm&r=g","caption":"Arnaldo Botto"},"url":"https:\/\/www.noticiasradioreflejos.com.ar\/2021\/author\/arnaldo\/"}]}},"_links":{"self":[{"href":"https:\/\/www.noticiasradioreflejos.com.ar\/2021\/wp-json\/wp\/v2\/posts\/45572","targetHints":{"allow":["GET"]}}],"collection":[{"href":"https:\/\/www.noticiasradioreflejos.com.ar\/2021\/wp-json\/wp\/v2\/posts"}],"about":[{"href":"https:\/\/www.noticiasradioreflejos.com.ar\/2021\/wp-json\/wp\/v2\/types\/post"}],"author":[{"embeddable":true,"href":"https:\/\/www.noticiasradioreflejos.com.ar\/2021\/wp-json\/wp\/v2\/users\/3"}],"replies":[{"embeddable":true,"href":"https:\/\/www.noticiasradioreflejos.com.ar\/2021\/wp-json\/wp\/v2\/comments?post=45572"}],"version-history":[{"count":0,"href":"https:\/\/www.noticiasradioreflejos.com.ar\/2021\/wp-json\/wp\/v2\/posts\/45572\/revisions"}],"wp:attachment":[{"href":"https:\/\/www.noticiasradioreflejos.com.ar\/2021\/wp-json\/wp\/v2\/media?parent=45572"}],"wp:term":[{"taxonomy":"category","embeddable":true,"href":"https:\/\/www.noticiasradioreflejos.com.ar\/2021\/wp-json\/wp\/v2\/categories?post=45572"},{"taxonomy":"post_tag","embeddable":true,"href":"https:\/\/www.noticiasradioreflejos.com.ar\/2021\/wp-json\/wp\/v2\/tags?post=45572"}],"curies":[{"name":"wp","href":"https:\/\/api.w.org\/{rel}","templated":true}]}}