{"id":45553,"date":"2020-08-08T18:57:55","date_gmt":"2020-08-08T21:57:55","guid":{"rendered":"http:\/\/www.noticiasradioreflejos.com.ar\/noticias\/?p=45553"},"modified":"2020-08-08T18:57:55","modified_gmt":"2020-08-08T21:57:55","slug":"a-partir-de-hoy-se-retrocede-a-fase-4","status":"publish","type":"post","link":"https:\/\/www.noticiasradioreflejos.com.ar\/2021\/a-partir-de-hoy-se-retrocede-a-fase-4\/","title":{"rendered":"A partir de hoy, se retrocede a fase 4"},"content":{"rendered":"<p style=\"text-align: left;\">Tornquist Municipio informa a la comunidad, que como consecuencia de la confirmaci\u00f3n del primer caso positivo de Covid-19 en nuestro Distrito, y ante la sospecha de que el foco de contagio pudo iniciarse en la comisar\u00eda de la ciudad de Tornquist, lugar con rotaci\u00f3n de personas, es que se ha tomado la decisi\u00f3n de retroceder a fase 4, por el t\u00e9rmino de 14 d\u00edas. <!--more-->Esta acci\u00f3n se lleva adelante de modo preventivo, a los fines de evitar nuevos contagios.<br \/>\nEl regreso a fase 4 implica las siguientes restricciones, a partir del d\u00eda de hoy, 8 de agosto:<br \/>\nNo podr\u00e1n abrir sus puertas locales gastron\u00f3micos. Medida que se adopta desde las 18 hs del d\u00eda de hoy.<br \/>\nNo se podr\u00e1n desarrollar actividades deportivas y gimnasios que impliquen contacto f\u00edsico.<br \/>\nLas salidas recreativas deber\u00e1n ser individuales, o con personas del mismo n\u00facleo familiar.<br \/>\nQuedan prohibidas las reuniones sociales de todo tipo, ya que son consideradas una de las principales razones de contagio masivo.<br \/>\nQueda prohibido el uso de pistas de salud y juegos en plazas, parques o espacios p\u00fablicos.<\/p>\n","protected":false},"excerpt":{"rendered":"<p>Tornquist Municipio informa a la comunidad, que como consecuencia de la confirmaci\u00f3n del primer caso positivo de Covid-19 en nuestro Distrito, y ante la sospecha de que el foco de contagio pudo iniciarse en la comisar\u00eda de la ciudad de Tornquist, lugar con rotaci\u00f3n de personas, es que se ha tomado la decisi\u00f3n de retroceder [&hellip;]<\/p>\n","protected":false},"author":3,"featured_media":0,"comment_status":"closed","ping_status":"open","sticky":false,"template":"","format":"standard","meta":{"footnotes":""},"categories":[28],"tags":[],"class_list":["post-45553","post","type-post","status-publish","format-standard","hentry","category-municipales"],"yoast_head":"<!-- This site is optimized with the Yoast SEO plugin v25.9 - https:\/\/yoast.com\/wordpress\/plugins\/seo\/ -->\n<title>A partir de hoy, se retrocede a fase 4 - Noticias Radio Reflejos<\/title>\n<meta name=\"robots\" content=\"index, follow, max-snippet:-1, max-image-preview:large, max-video-preview:-1\" \/>\n<link rel=\"canonical\" href=\"https:\/\/www.noticiasradioreflejos.com.ar\/2021\/a-partir-de-hoy-se-retrocede-a-fase-4\/\" \/>\n<meta property=\"og:locale\" content=\"es_ES\" \/>\n<meta property=\"og:type\" content=\"article\" \/>\n<meta property=\"og:title\" content=\"A partir de hoy, se retrocede a fase 4 - Noticias Radio Reflejos\" \/>\n<meta property=\"og:description\" content=\"Tornquist Municipio informa a la comunidad, que como consecuencia de la confirmaci\u00f3n del primer caso positivo de Covid-19 en nuestro Distrito, y ante la sospecha de que el foco de contagio pudo iniciarse en la comisar\u00eda de la ciudad de Tornquist, lugar con rotaci\u00f3n de personas, es que se ha tomado la decisi\u00f3n de retroceder [&hellip;]\" \/>\n<meta property=\"og:url\" content=\"https:\/\/www.noticiasradioreflejos.com.ar\/2021\/a-partir-de-hoy-se-retrocede-a-fase-4\/\" \/>\n<meta property=\"og:site_name\" content=\"Noticias Radio Reflejos\" \/>\n<meta property=\"article:published_time\" content=\"2020-08-08T21:57:55+00:00\" \/>\n<meta property=\"og:image\" content=\"https:\/\/www.noticiasradioreflejos.com.ar\/2021\/wp-content\/uploads\/2021\/07\/logosol300x200.png\" \/>\n\t<meta property=\"og:image:width\" content=\"300\" \/>\n\t<meta property=\"og:image:height\" content=\"200\" \/>\n\t<meta property=\"og:image:type\" content=\"image\/png\" \/>\n<meta name=\"author\" content=\"Arnaldo Botto\" \/>\n<meta name=\"twitter:card\" content=\"summary_large_image\" \/>\n<script type=\"application\/ld+json\" class=\"yoast-schema-graph\">{\"@context\":\"https:\/\/schema.org\",\"@graph\":[{\"@type\":\"WebPage\",\"@id\":\"https:\/\/www.noticiasradioreflejos.com.ar\/2021\/a-partir-de-hoy-se-retrocede-a-fase-4\/\",\"url\":\"https:\/\/www.noticiasradioreflejos.com.ar\/2021\/a-partir-de-hoy-se-retrocede-a-fase-4\/\",\"name\":\"A partir de hoy, se retrocede a fase 4 - Noticias Radio Reflejos\",\"isPartOf\":{\"@id\":\"https:\/\/www.noticiasradioreflejos.com.ar\/2021\/#website\"},\"datePublished\":\"2020-08-08T21:57:55+00:00\",\"author\":{\"@id\":\"https:\/\/www.noticiasradioreflejos.com.ar\/2021\/#\/schema\/person\/ad82545263dcc5ec0996818884fd5fb1\"},\"breadcrumb\":{\"@id\":\"https:\/\/www.noticiasradioreflejos.com.ar\/2021\/a-partir-de-hoy-se-retrocede-a-fase-4\/#breadcrumb\"},\"inLanguage\":\"es\",\"potentialAction\":[{\"@type\":\"ReadAction\",\"target\":[\"https:\/\/www.noticiasradioreflejos.com.ar\/2021\/a-partir-de-hoy-se-retrocede-a-fase-4\/\"]}]},{\"@type\":\"BreadcrumbList\",\"@id\":\"https:\/\/www.noticiasradioreflejos.com.ar\/2021\/a-partir-de-hoy-se-retrocede-a-fase-4\/#breadcrumb\",\"itemListElement\":[{\"@type\":\"ListItem\",\"position\":1,\"name\":\"Portada\",\"item\":\"https:\/\/www.noticiasradioreflejos.com.ar\/2021\/\"},{\"@type\":\"ListItem\",\"position\":2,\"name\":\"A partir de hoy, se retrocede a fase 4\"}]},{\"@type\":\"WebSite\",\"@id\":\"https:\/\/www.noticiasradioreflejos.com.ar\/2021\/#website\",\"url\":\"https:\/\/www.noticiasradioreflejos.com.ar\/2021\/\",\"name\":\"Noticias Radio Reflejos\",\"description\":\"Las noticias de mi comarca\",\"potentialAction\":[{\"@type\":\"SearchAction\",\"target\":{\"@type\":\"EntryPoint\",\"urlTemplate\":\"https:\/\/www.noticiasradioreflejos.com.ar\/2021\/?s={search_term_string}\"},\"query-input\":{\"@type\":\"PropertyValueSpecification\",\"valueRequired\":true,\"valueName\":\"search_term_string\"}}],\"inLanguage\":\"es\"},{\"@type\":\"Person\",\"@id\":\"https:\/\/www.noticiasradioreflejos.com.ar\/2021\/#\/schema\/person\/ad82545263dcc5ec0996818884fd5fb1\",\"name\":\"Arnaldo Botto\",\"image\":{\"@type\":\"ImageObject\",\"inLanguage\":\"es\",\"@id\":\"https:\/\/www.noticiasradioreflejos.com.ar\/2021\/#\/schema\/person\/image\/\",\"url\":\"https:\/\/secure.gravatar.com\/avatar\/55cb5e37c1efa326397366e6974cb338056df65cb50e7d64d1cf314e87504837?s=96&d=mm&r=g\",\"contentUrl\":\"https:\/\/secure.gravatar.com\/avatar\/55cb5e37c1efa326397366e6974cb338056df65cb50e7d64d1cf314e87504837?s=96&d=mm&r=g\",\"caption\":\"Arnaldo Botto\"},\"url\":\"https:\/\/www.noticiasradioreflejos.com.ar\/2021\/author\/arnaldo\/\"}]}<\/script>\n<!-- \/ Yoast SEO plugin. -->","yoast_head_json":{"title":"A partir de hoy, se retrocede a fase 4 - Noticias Radio Reflejos","robots":{"index":"index","follow":"follow","max-snippet":"max-snippet:-1","max-image-preview":"max-image-preview:large","max-video-preview":"max-video-preview:-1"},"canonical":"https:\/\/www.noticiasradioreflejos.com.ar\/2021\/a-partir-de-hoy-se-retrocede-a-fase-4\/","og_locale":"es_ES","og_type":"article","og_title":"A partir de hoy, se retrocede a fase 4 - Noticias Radio Reflejos","og_description":"Tornquist Municipio informa a la comunidad, que como consecuencia de la confirmaci\u00f3n del primer caso positivo de Covid-19 en nuestro Distrito, y ante la sospecha de que el foco de contagio pudo iniciarse en la comisar\u00eda de la ciudad de Tornquist, lugar con rotaci\u00f3n de personas, es que se ha tomado la decisi\u00f3n de retroceder [&hellip;]","og_url":"https:\/\/www.noticiasradioreflejos.com.ar\/2021\/a-partir-de-hoy-se-retrocede-a-fase-4\/","og_site_name":"Noticias Radio Reflejos","article_published_time":"2020-08-08T21:57:55+00:00","og_image":[{"width":300,"height":200,"url":"https:\/\/www.noticiasradioreflejos.com.ar\/2021\/wp-content\/uploads\/2021\/07\/logosol300x200.png","type":"image\/png"}],"author":"Arnaldo Botto","twitter_card":"summary_large_image","schema":{"@context":"https:\/\/schema.org","@graph":[{"@type":"WebPage","@id":"https:\/\/www.noticiasradioreflejos.com.ar\/2021\/a-partir-de-hoy-se-retrocede-a-fase-4\/","url":"https:\/\/www.noticiasradioreflejos.com.ar\/2021\/a-partir-de-hoy-se-retrocede-a-fase-4\/","name":"A partir de hoy, se retrocede a fase 4 - Noticias Radio Reflejos","isPartOf":{"@id":"https:\/\/www.noticiasradioreflejos.com.ar\/2021\/#website"},"datePublished":"2020-08-08T21:57:55+00:00","author":{"@id":"https:\/\/www.noticiasradioreflejos.com.ar\/2021\/#\/schema\/person\/ad82545263dcc5ec0996818884fd5fb1"},"breadcrumb":{"@id":"https:\/\/www.noticiasradioreflejos.com.ar\/2021\/a-partir-de-hoy-se-retrocede-a-fase-4\/#breadcrumb"},"inLanguage":"es","potentialAction":[{"@type":"ReadAction","target":["https:\/\/www.noticiasradioreflejos.com.ar\/2021\/a-partir-de-hoy-se-retrocede-a-fase-4\/"]}]},{"@type":"BreadcrumbList","@id":"https:\/\/www.noticiasradioreflejos.com.ar\/2021\/a-partir-de-hoy-se-retrocede-a-fase-4\/#breadcrumb","itemListElement":[{"@type":"ListItem","position":1,"name":"Portada","item":"https:\/\/www.noticiasradioreflejos.com.ar\/2021\/"},{"@type":"ListItem","position":2,"name":"A partir de hoy, se retrocede a fase 4"}]},{"@type":"WebSite","@id":"https:\/\/www.noticiasradioreflejos.com.ar\/2021\/#website","url":"https:\/\/www.noticiasradioreflejos.com.ar\/2021\/","name":"Noticias Radio Reflejos","description":"Las noticias de mi comarca","potentialAction":[{"@type":"SearchAction","target":{"@type":"EntryPoint","urlTemplate":"https:\/\/www.noticiasradioreflejos.com.ar\/2021\/?s={search_term_string}"},"query-input":{"@type":"PropertyValueSpecification","valueRequired":true,"valueName":"search_term_string"}}],"inLanguage":"es"},{"@type":"Person","@id":"https:\/\/www.noticiasradioreflejos.com.ar\/2021\/#\/schema\/person\/ad82545263dcc5ec0996818884fd5fb1","name":"Arnaldo Botto","image":{"@type":"ImageObject","inLanguage":"es","@id":"https:\/\/www.noticiasradioreflejos.com.ar\/2021\/#\/schema\/person\/image\/","url":"https:\/\/secure.gravatar.com\/avatar\/55cb5e37c1efa326397366e6974cb338056df65cb50e7d64d1cf314e87504837?s=96&d=mm&r=g","contentUrl":"https:\/\/secure.gravatar.com\/avatar\/55cb5e37c1efa326397366e6974cb338056df65cb50e7d64d1cf314e87504837?s=96&d=mm&r=g","caption":"Arnaldo Botto"},"url":"https:\/\/www.noticiasradioreflejos.com.ar\/2021\/author\/arnaldo\/"}]}},"_links":{"self":[{"href":"https:\/\/www.noticiasradioreflejos.com.ar\/2021\/wp-json\/wp\/v2\/posts\/45553","targetHints":{"allow":["GET"]}}],"collection":[{"href":"https:\/\/www.noticiasradioreflejos.com.ar\/2021\/wp-json\/wp\/v2\/posts"}],"about":[{"href":"https:\/\/www.noticiasradioreflejos.com.ar\/2021\/wp-json\/wp\/v2\/types\/post"}],"author":[{"embeddable":true,"href":"https:\/\/www.noticiasradioreflejos.com.ar\/2021\/wp-json\/wp\/v2\/users\/3"}],"replies":[{"embeddable":true,"href":"https:\/\/www.noticiasradioreflejos.com.ar\/2021\/wp-json\/wp\/v2\/comments?post=45553"}],"version-history":[{"count":0,"href":"https:\/\/www.noticiasradioreflejos.com.ar\/2021\/wp-json\/wp\/v2\/posts\/45553\/revisions"}],"wp:attachment":[{"href":"https:\/\/www.noticiasradioreflejos.com.ar\/2021\/wp-json\/wp\/v2\/media?parent=45553"}],"wp:term":[{"taxonomy":"category","embeddable":true,"href":"https:\/\/www.noticiasradioreflejos.com.ar\/2021\/wp-json\/wp\/v2\/categories?post=45553"},{"taxonomy":"post_tag","embeddable":true,"href":"https:\/\/www.noticiasradioreflejos.com.ar\/2021\/wp-json\/wp\/v2\/tags?post=45553"}],"curies":[{"name":"wp","href":"https:\/\/api.w.org\/{rel}","templated":true}]}}