{"id":45546,"date":"2020-08-08T11:37:14","date_gmt":"2020-08-08T14:37:14","guid":{"rendered":"http:\/\/www.noticiasradioreflejos.com.ar\/noticias\/?p=45546"},"modified":"2020-08-08T11:37:14","modified_gmt":"2020-08-08T14:37:14","slug":"la-anses-amplia-el-monto-del-subsidio-de-contencion-familiar","status":"publish","type":"post","link":"https:\/\/www.noticiasradioreflejos.com.ar\/2021\/la-anses-amplia-el-monto-del-subsidio-de-contencion-familiar\/","title":{"rendered":"La ANSES ampl\u00eda el monto del subsidio de contenci\u00f3n familiar."},"content":{"rendered":"<p>En el marco del Decreto 655\/2020 publicado hoy en el Bolet\u00edn Oficial, la ANSES informa que el Subsidio de Contenci\u00f3n Familiar o gastos por sepelio aumenta de 6 mil a 15 mil pesos, a su vez que ampl\u00eda el universo total de personas que pueden solicitarlo: los fallecidos por COVID-19 en situaci\u00f3n de vulnerabilidad, los titulares de una Pensi\u00f3n Universal para el Adulto Mayor (PUAM) y Prestaciones No Contributivas transferidas al organismo.<br \/>\n<!--more--><\/p>\n<p>Estas personas se suman a los jubilados, pensionados y beneficiarios de las Pensiones Honor\u00edficas de Veteranos de Guerra del Atl\u00e1ntico Sur, a quienes ya estaba destinado este reintegro.<\/p>\n<p>Para realizar el tr\u00e1mite, los interesados deben ingresar a anses.gob.ar\/subsidio-de-contencion-familiar. <\/p>\n","protected":false},"excerpt":{"rendered":"<p>En el marco del Decreto 655\/2020 publicado hoy en el Bolet\u00edn Oficial, la ANSES informa que el Subsidio de Contenci\u00f3n Familiar o gastos por sepelio aumenta de 6 mil a 15 mil pesos, a su vez que ampl\u00eda el universo total de personas que pueden solicitarlo: los fallecidos por COVID-19 en situaci\u00f3n de vulnerabilidad, los [&hellip;]<\/p>\n","protected":false},"author":3,"featured_media":0,"comment_status":"closed","ping_status":"open","sticky":false,"template":"","format":"standard","meta":{"footnotes":""},"categories":[24],"tags":[],"class_list":["post-45546","post","type-post","status-publish","format-standard","hentry","category-politica"],"yoast_head":"<!-- This site is optimized with the Yoast SEO plugin v25.9 - https:\/\/yoast.com\/wordpress\/plugins\/seo\/ -->\n<title>La ANSES ampl\u00eda el monto del subsidio de contenci\u00f3n familiar. - Noticias Radio Reflejos<\/title>\n<meta name=\"robots\" content=\"index, follow, max-snippet:-1, max-image-preview:large, max-video-preview:-1\" \/>\n<link rel=\"canonical\" href=\"https:\/\/www.noticiasradioreflejos.com.ar\/2021\/la-anses-amplia-el-monto-del-subsidio-de-contencion-familiar\/\" \/>\n<meta property=\"og:locale\" content=\"es_ES\" \/>\n<meta property=\"og:type\" content=\"article\" \/>\n<meta property=\"og:title\" content=\"La ANSES ampl\u00eda el monto del subsidio de contenci\u00f3n familiar. - Noticias Radio Reflejos\" \/>\n<meta property=\"og:description\" content=\"En el marco del Decreto 655\/2020 publicado hoy en el Bolet\u00edn Oficial, la ANSES informa que el Subsidio de Contenci\u00f3n Familiar o gastos por sepelio aumenta de 6 mil a 15 mil pesos, a su vez que ampl\u00eda el universo total de personas que pueden solicitarlo: los fallecidos por COVID-19 en situaci\u00f3n de vulnerabilidad, los [&hellip;]\" \/>\n<meta property=\"og:url\" content=\"https:\/\/www.noticiasradioreflejos.com.ar\/2021\/la-anses-amplia-el-monto-del-subsidio-de-contencion-familiar\/\" \/>\n<meta property=\"og:site_name\" content=\"Noticias Radio Reflejos\" \/>\n<meta property=\"article:published_time\" content=\"2020-08-08T14:37:14+00:00\" \/>\n<meta property=\"og:image\" content=\"https:\/\/www.noticiasradioreflejos.com.ar\/2021\/wp-content\/uploads\/2021\/07\/logosol300x200.png\" \/>\n\t<meta property=\"og:image:width\" content=\"300\" \/>\n\t<meta property=\"og:image:height\" content=\"200\" \/>\n\t<meta property=\"og:image:type\" content=\"image\/png\" \/>\n<meta name=\"author\" content=\"Arnaldo Botto\" \/>\n<meta name=\"twitter:card\" content=\"summary_large_image\" \/>\n<script type=\"application\/ld+json\" class=\"yoast-schema-graph\">{\"@context\":\"https:\/\/schema.org\",\"@graph\":[{\"@type\":\"WebPage\",\"@id\":\"https:\/\/www.noticiasradioreflejos.com.ar\/2021\/la-anses-amplia-el-monto-del-subsidio-de-contencion-familiar\/\",\"url\":\"https:\/\/www.noticiasradioreflejos.com.ar\/2021\/la-anses-amplia-el-monto-del-subsidio-de-contencion-familiar\/\",\"name\":\"La ANSES ampl\u00eda el monto del subsidio de contenci\u00f3n familiar. - Noticias Radio Reflejos\",\"isPartOf\":{\"@id\":\"https:\/\/www.noticiasradioreflejos.com.ar\/2021\/#website\"},\"datePublished\":\"2020-08-08T14:37:14+00:00\",\"author\":{\"@id\":\"https:\/\/www.noticiasradioreflejos.com.ar\/2021\/#\/schema\/person\/ad82545263dcc5ec0996818884fd5fb1\"},\"breadcrumb\":{\"@id\":\"https:\/\/www.noticiasradioreflejos.com.ar\/2021\/la-anses-amplia-el-monto-del-subsidio-de-contencion-familiar\/#breadcrumb\"},\"inLanguage\":\"es\",\"potentialAction\":[{\"@type\":\"ReadAction\",\"target\":[\"https:\/\/www.noticiasradioreflejos.com.ar\/2021\/la-anses-amplia-el-monto-del-subsidio-de-contencion-familiar\/\"]}]},{\"@type\":\"BreadcrumbList\",\"@id\":\"https:\/\/www.noticiasradioreflejos.com.ar\/2021\/la-anses-amplia-el-monto-del-subsidio-de-contencion-familiar\/#breadcrumb\",\"itemListElement\":[{\"@type\":\"ListItem\",\"position\":1,\"name\":\"Portada\",\"item\":\"https:\/\/www.noticiasradioreflejos.com.ar\/2021\/\"},{\"@type\":\"ListItem\",\"position\":2,\"name\":\"La ANSES ampl\u00eda el monto del subsidio de contenci\u00f3n familiar.\"}]},{\"@type\":\"WebSite\",\"@id\":\"https:\/\/www.noticiasradioreflejos.com.ar\/2021\/#website\",\"url\":\"https:\/\/www.noticiasradioreflejos.com.ar\/2021\/\",\"name\":\"Noticias Radio Reflejos\",\"description\":\"Las noticias de mi comarca\",\"potentialAction\":[{\"@type\":\"SearchAction\",\"target\":{\"@type\":\"EntryPoint\",\"urlTemplate\":\"https:\/\/www.noticiasradioreflejos.com.ar\/2021\/?s={search_term_string}\"},\"query-input\":{\"@type\":\"PropertyValueSpecification\",\"valueRequired\":true,\"valueName\":\"search_term_string\"}}],\"inLanguage\":\"es\"},{\"@type\":\"Person\",\"@id\":\"https:\/\/www.noticiasradioreflejos.com.ar\/2021\/#\/schema\/person\/ad82545263dcc5ec0996818884fd5fb1\",\"name\":\"Arnaldo Botto\",\"image\":{\"@type\":\"ImageObject\",\"inLanguage\":\"es\",\"@id\":\"https:\/\/www.noticiasradioreflejos.com.ar\/2021\/#\/schema\/person\/image\/\",\"url\":\"https:\/\/secure.gravatar.com\/avatar\/55cb5e37c1efa326397366e6974cb338056df65cb50e7d64d1cf314e87504837?s=96&d=mm&r=g\",\"contentUrl\":\"https:\/\/secure.gravatar.com\/avatar\/55cb5e37c1efa326397366e6974cb338056df65cb50e7d64d1cf314e87504837?s=96&d=mm&r=g\",\"caption\":\"Arnaldo Botto\"},\"url\":\"https:\/\/www.noticiasradioreflejos.com.ar\/2021\/author\/arnaldo\/\"}]}<\/script>\n<!-- \/ Yoast SEO plugin. -->","yoast_head_json":{"title":"La ANSES ampl\u00eda el monto del subsidio de contenci\u00f3n familiar. - Noticias Radio Reflejos","robots":{"index":"index","follow":"follow","max-snippet":"max-snippet:-1","max-image-preview":"max-image-preview:large","max-video-preview":"max-video-preview:-1"},"canonical":"https:\/\/www.noticiasradioreflejos.com.ar\/2021\/la-anses-amplia-el-monto-del-subsidio-de-contencion-familiar\/","og_locale":"es_ES","og_type":"article","og_title":"La ANSES ampl\u00eda el monto del subsidio de contenci\u00f3n familiar. - Noticias Radio Reflejos","og_description":"En el marco del Decreto 655\/2020 publicado hoy en el Bolet\u00edn Oficial, la ANSES informa que el Subsidio de Contenci\u00f3n Familiar o gastos por sepelio aumenta de 6 mil a 15 mil pesos, a su vez que ampl\u00eda el universo total de personas que pueden solicitarlo: los fallecidos por COVID-19 en situaci\u00f3n de vulnerabilidad, los [&hellip;]","og_url":"https:\/\/www.noticiasradioreflejos.com.ar\/2021\/la-anses-amplia-el-monto-del-subsidio-de-contencion-familiar\/","og_site_name":"Noticias Radio Reflejos","article_published_time":"2020-08-08T14:37:14+00:00","og_image":[{"width":300,"height":200,"url":"https:\/\/www.noticiasradioreflejos.com.ar\/2021\/wp-content\/uploads\/2021\/07\/logosol300x200.png","type":"image\/png"}],"author":"Arnaldo Botto","twitter_card":"summary_large_image","schema":{"@context":"https:\/\/schema.org","@graph":[{"@type":"WebPage","@id":"https:\/\/www.noticiasradioreflejos.com.ar\/2021\/la-anses-amplia-el-monto-del-subsidio-de-contencion-familiar\/","url":"https:\/\/www.noticiasradioreflejos.com.ar\/2021\/la-anses-amplia-el-monto-del-subsidio-de-contencion-familiar\/","name":"La ANSES ampl\u00eda el monto del subsidio de contenci\u00f3n familiar. - Noticias Radio Reflejos","isPartOf":{"@id":"https:\/\/www.noticiasradioreflejos.com.ar\/2021\/#website"},"datePublished":"2020-08-08T14:37:14+00:00","author":{"@id":"https:\/\/www.noticiasradioreflejos.com.ar\/2021\/#\/schema\/person\/ad82545263dcc5ec0996818884fd5fb1"},"breadcrumb":{"@id":"https:\/\/www.noticiasradioreflejos.com.ar\/2021\/la-anses-amplia-el-monto-del-subsidio-de-contencion-familiar\/#breadcrumb"},"inLanguage":"es","potentialAction":[{"@type":"ReadAction","target":["https:\/\/www.noticiasradioreflejos.com.ar\/2021\/la-anses-amplia-el-monto-del-subsidio-de-contencion-familiar\/"]}]},{"@type":"BreadcrumbList","@id":"https:\/\/www.noticiasradioreflejos.com.ar\/2021\/la-anses-amplia-el-monto-del-subsidio-de-contencion-familiar\/#breadcrumb","itemListElement":[{"@type":"ListItem","position":1,"name":"Portada","item":"https:\/\/www.noticiasradioreflejos.com.ar\/2021\/"},{"@type":"ListItem","position":2,"name":"La ANSES ampl\u00eda el monto del subsidio de contenci\u00f3n familiar."}]},{"@type":"WebSite","@id":"https:\/\/www.noticiasradioreflejos.com.ar\/2021\/#website","url":"https:\/\/www.noticiasradioreflejos.com.ar\/2021\/","name":"Noticias Radio Reflejos","description":"Las noticias de mi comarca","potentialAction":[{"@type":"SearchAction","target":{"@type":"EntryPoint","urlTemplate":"https:\/\/www.noticiasradioreflejos.com.ar\/2021\/?s={search_term_string}"},"query-input":{"@type":"PropertyValueSpecification","valueRequired":true,"valueName":"search_term_string"}}],"inLanguage":"es"},{"@type":"Person","@id":"https:\/\/www.noticiasradioreflejos.com.ar\/2021\/#\/schema\/person\/ad82545263dcc5ec0996818884fd5fb1","name":"Arnaldo Botto","image":{"@type":"ImageObject","inLanguage":"es","@id":"https:\/\/www.noticiasradioreflejos.com.ar\/2021\/#\/schema\/person\/image\/","url":"https:\/\/secure.gravatar.com\/avatar\/55cb5e37c1efa326397366e6974cb338056df65cb50e7d64d1cf314e87504837?s=96&d=mm&r=g","contentUrl":"https:\/\/secure.gravatar.com\/avatar\/55cb5e37c1efa326397366e6974cb338056df65cb50e7d64d1cf314e87504837?s=96&d=mm&r=g","caption":"Arnaldo Botto"},"url":"https:\/\/www.noticiasradioreflejos.com.ar\/2021\/author\/arnaldo\/"}]}},"_links":{"self":[{"href":"https:\/\/www.noticiasradioreflejos.com.ar\/2021\/wp-json\/wp\/v2\/posts\/45546","targetHints":{"allow":["GET"]}}],"collection":[{"href":"https:\/\/www.noticiasradioreflejos.com.ar\/2021\/wp-json\/wp\/v2\/posts"}],"about":[{"href":"https:\/\/www.noticiasradioreflejos.com.ar\/2021\/wp-json\/wp\/v2\/types\/post"}],"author":[{"embeddable":true,"href":"https:\/\/www.noticiasradioreflejos.com.ar\/2021\/wp-json\/wp\/v2\/users\/3"}],"replies":[{"embeddable":true,"href":"https:\/\/www.noticiasradioreflejos.com.ar\/2021\/wp-json\/wp\/v2\/comments?post=45546"}],"version-history":[{"count":0,"href":"https:\/\/www.noticiasradioreflejos.com.ar\/2021\/wp-json\/wp\/v2\/posts\/45546\/revisions"}],"wp:attachment":[{"href":"https:\/\/www.noticiasradioreflejos.com.ar\/2021\/wp-json\/wp\/v2\/media?parent=45546"}],"wp:term":[{"taxonomy":"category","embeddable":true,"href":"https:\/\/www.noticiasradioreflejos.com.ar\/2021\/wp-json\/wp\/v2\/categories?post=45546"},{"taxonomy":"post_tag","embeddable":true,"href":"https:\/\/www.noticiasradioreflejos.com.ar\/2021\/wp-json\/wp\/v2\/tags?post=45546"}],"curies":[{"name":"wp","href":"https:\/\/api.w.org\/{rel}","templated":true}]}}