{"id":45541,"date":"2020-08-08T11:27:08","date_gmt":"2020-08-08T14:27:08","guid":{"rendered":"http:\/\/www.noticiasradioreflejos.com.ar\/noticias\/?p=45541"},"modified":"2020-08-08T11:27:08","modified_gmt":"2020-08-08T14:27:08","slug":"tenemos-que-aprender-a-convivir-con-la-pandemia-sergio-bordoni","status":"publish","type":"post","link":"https:\/\/www.noticiasradioreflejos.com.ar\/2021\/tenemos-que-aprender-a-convivir-con-la-pandemia-sergio-bordoni\/","title":{"rendered":"\u00abTenemos que aprender a convivir con la Pandemia.\u00bb &#8211; Sergio Bordoni"},"content":{"rendered":"<p style=\"text-align: left;\">El intendente de Tornquist, Sergio Bordoni, y el Secretario de Salud Municipal, Miguel Pagnotta, brindaron esta ma\u00f1ana una conferencia de prensa, donde informaron sobre la situaci\u00f3n sanitaria del distrito ante la aparici\u00f3n del primer caso positivo de Covid19.<!--more--><\/p>\n<p>La conferencia tuvo lugar esta ma\u00f1ana a las 10 horas en el despacho del jefe comunal del Palacio Municipal.<br \/>\nBordoni detall\u00f3 las medidas adoptadas ante el primer caso positivo de coronavirus detectado en un polic\u00eda que se encontraba de licencia, pero que habr\u00eda estado tomando mates con otro efectivo de Bah\u00eda Blanca, y posteriormente, visit\u00f3 la Comisar\u00eda local teniendo contacto estrecho con varios efectivos de la fuerza.<br \/>\nAnte esta situaci\u00f3n, se adoptaron inmediatas medidas de aislamiento preventivo con al menos 4 polic\u00edas m\u00e1s, para lo cual ya se dispuso el alojamiento de estos sospechosos en hoteles y departamentos de la ciudad, a la vez que se les realiz\u00f3 el correspondiente hisopado para determinar si se encuentran alcanzados por el virus.<br \/>\nBordoni y Pagnotta insistieron en llevar\u00a0 tranquilidad a la poblaci\u00f3n y piden que se extremen las medidas de cuidados individuales por parte de los ciudadanos. En cuanto a las determinaciones que se abordar\u00e1n sobre la fase de cuarentena en el Distrito, Bordoni dijo \u00abPor el momento seguimos en fase 5, pero de acuerdo a lo que vaya sucediendo veremos si pasamos a fase 4 u otras.\u00bb<\/p>\n<p><iframe loading=\"lazy\" title=\"Bordoni Pagnotta -Conferencia de prensa by fmreflejos 103.7\" width=\"500\" height=\"400\" scrolling=\"no\" frameborder=\"no\" src=\"https:\/\/w.soundcloud.com\/player\/?visual=true&#038;url=https%3A%2F%2Fapi.soundcloud.com%2Ftracks%2F872380591&#038;show_artwork=true&#038;maxheight=750&#038;maxwidth=500&#038;secret_token=s-ZhiD4cNUagZ\"><\/iframe><\/p>\n<div class=\"jeg_video_container jeg_video_content\"><iframe loading=\"lazy\" title=\"8 de agosto de 2020\" width=\"500\" height=\"281\" src=\"https:\/\/www.youtube.com\/embed\/IoCFFOOk7qg?feature=oembed\" frameborder=\"0\" allow=\"accelerometer; autoplay; clipboard-write; encrypted-media; gyroscope; picture-in-picture; web-share\" referrerpolicy=\"strict-origin-when-cross-origin\" allowfullscreen><\/iframe><\/div>\n","protected":false},"excerpt":{"rendered":"<p>El intendente de Tornquist, Sergio Bordoni, y el Secretario de Salud Municipal, Miguel Pagnotta, brindaron esta ma\u00f1ana una conferencia de prensa, donde informaron sobre la situaci\u00f3n sanitaria del distrito ante la aparici\u00f3n del primer caso positivo de Covid19.<\/p>\n","protected":false},"author":3,"featured_media":0,"comment_status":"closed","ping_status":"open","sticky":false,"template":"","format":"standard","meta":{"footnotes":""},"categories":[30],"tags":[],"class_list":["post-45541","post","type-post","status-publish","format-standard","hentry","category-salud"],"yoast_head":"<!-- This site is optimized with the Yoast SEO plugin v25.9 - https:\/\/yoast.com\/wordpress\/plugins\/seo\/ -->\n<title>&quot;Tenemos que aprender a convivir con la Pandemia.&quot; - Sergio Bordoni - Noticias Radio Reflejos<\/title>\n<meta name=\"robots\" content=\"index, follow, max-snippet:-1, max-image-preview:large, max-video-preview:-1\" \/>\n<link rel=\"canonical\" href=\"https:\/\/www.noticiasradioreflejos.com.ar\/2021\/tenemos-que-aprender-a-convivir-con-la-pandemia-sergio-bordoni\/\" \/>\n<meta property=\"og:locale\" content=\"es_ES\" \/>\n<meta property=\"og:type\" content=\"article\" \/>\n<meta property=\"og:title\" content=\"&quot;Tenemos que aprender a convivir con la Pandemia.&quot; - Sergio Bordoni - Noticias Radio Reflejos\" \/>\n<meta property=\"og:description\" content=\"El intendente de Tornquist, Sergio Bordoni, y el Secretario de Salud Municipal, Miguel Pagnotta, brindaron esta ma\u00f1ana una conferencia de prensa, donde informaron sobre la situaci\u00f3n sanitaria del distrito ante la aparici\u00f3n del primer caso positivo de Covid19.\" \/>\n<meta property=\"og:url\" content=\"https:\/\/www.noticiasradioreflejos.com.ar\/2021\/tenemos-que-aprender-a-convivir-con-la-pandemia-sergio-bordoni\/\" \/>\n<meta property=\"og:site_name\" content=\"Noticias Radio Reflejos\" \/>\n<meta property=\"article:published_time\" content=\"2020-08-08T14:27:08+00:00\" \/>\n<meta property=\"og:image\" content=\"https:\/\/www.noticiasradioreflejos.com.ar\/2021\/wp-content\/uploads\/2021\/07\/logosol300x200.png\" \/>\n\t<meta property=\"og:image:width\" content=\"300\" \/>\n\t<meta property=\"og:image:height\" content=\"200\" \/>\n\t<meta property=\"og:image:type\" content=\"image\/png\" \/>\n<meta name=\"author\" content=\"Arnaldo Botto\" \/>\n<meta name=\"twitter:card\" content=\"summary_large_image\" \/>\n<script type=\"application\/ld+json\" class=\"yoast-schema-graph\">{\"@context\":\"https:\/\/schema.org\",\"@graph\":[{\"@type\":\"WebPage\",\"@id\":\"https:\/\/www.noticiasradioreflejos.com.ar\/2021\/tenemos-que-aprender-a-convivir-con-la-pandemia-sergio-bordoni\/\",\"url\":\"https:\/\/www.noticiasradioreflejos.com.ar\/2021\/tenemos-que-aprender-a-convivir-con-la-pandemia-sergio-bordoni\/\",\"name\":\"\\\"Tenemos que aprender a convivir con la Pandemia.\\\" - Sergio Bordoni - Noticias Radio Reflejos\",\"isPartOf\":{\"@id\":\"https:\/\/www.noticiasradioreflejos.com.ar\/2021\/#website\"},\"datePublished\":\"2020-08-08T14:27:08+00:00\",\"author\":{\"@id\":\"https:\/\/www.noticiasradioreflejos.com.ar\/2021\/#\/schema\/person\/ad82545263dcc5ec0996818884fd5fb1\"},\"breadcrumb\":{\"@id\":\"https:\/\/www.noticiasradioreflejos.com.ar\/2021\/tenemos-que-aprender-a-convivir-con-la-pandemia-sergio-bordoni\/#breadcrumb\"},\"inLanguage\":\"es\",\"potentialAction\":[{\"@type\":\"ReadAction\",\"target\":[\"https:\/\/www.noticiasradioreflejos.com.ar\/2021\/tenemos-que-aprender-a-convivir-con-la-pandemia-sergio-bordoni\/\"]}]},{\"@type\":\"BreadcrumbList\",\"@id\":\"https:\/\/www.noticiasradioreflejos.com.ar\/2021\/tenemos-que-aprender-a-convivir-con-la-pandemia-sergio-bordoni\/#breadcrumb\",\"itemListElement\":[{\"@type\":\"ListItem\",\"position\":1,\"name\":\"Portada\",\"item\":\"https:\/\/www.noticiasradioreflejos.com.ar\/2021\/\"},{\"@type\":\"ListItem\",\"position\":2,\"name\":\"\u00abTenemos que aprender a convivir con la Pandemia.\u00bb &#8211; Sergio Bordoni\"}]},{\"@type\":\"WebSite\",\"@id\":\"https:\/\/www.noticiasradioreflejos.com.ar\/2021\/#website\",\"url\":\"https:\/\/www.noticiasradioreflejos.com.ar\/2021\/\",\"name\":\"Noticias Radio Reflejos\",\"description\":\"Las noticias de mi comarca\",\"potentialAction\":[{\"@type\":\"SearchAction\",\"target\":{\"@type\":\"EntryPoint\",\"urlTemplate\":\"https:\/\/www.noticiasradioreflejos.com.ar\/2021\/?s={search_term_string}\"},\"query-input\":{\"@type\":\"PropertyValueSpecification\",\"valueRequired\":true,\"valueName\":\"search_term_string\"}}],\"inLanguage\":\"es\"},{\"@type\":\"Person\",\"@id\":\"https:\/\/www.noticiasradioreflejos.com.ar\/2021\/#\/schema\/person\/ad82545263dcc5ec0996818884fd5fb1\",\"name\":\"Arnaldo Botto\",\"image\":{\"@type\":\"ImageObject\",\"inLanguage\":\"es\",\"@id\":\"https:\/\/www.noticiasradioreflejos.com.ar\/2021\/#\/schema\/person\/image\/\",\"url\":\"https:\/\/secure.gravatar.com\/avatar\/55cb5e37c1efa326397366e6974cb338056df65cb50e7d64d1cf314e87504837?s=96&d=mm&r=g\",\"contentUrl\":\"https:\/\/secure.gravatar.com\/avatar\/55cb5e37c1efa326397366e6974cb338056df65cb50e7d64d1cf314e87504837?s=96&d=mm&r=g\",\"caption\":\"Arnaldo Botto\"},\"url\":\"https:\/\/www.noticiasradioreflejos.com.ar\/2021\/author\/arnaldo\/\"}]}<\/script>\n<!-- \/ Yoast SEO plugin. -->","yoast_head_json":{"title":"\"Tenemos que aprender a convivir con la Pandemia.\" - Sergio Bordoni - Noticias Radio Reflejos","robots":{"index":"index","follow":"follow","max-snippet":"max-snippet:-1","max-image-preview":"max-image-preview:large","max-video-preview":"max-video-preview:-1"},"canonical":"https:\/\/www.noticiasradioreflejos.com.ar\/2021\/tenemos-que-aprender-a-convivir-con-la-pandemia-sergio-bordoni\/","og_locale":"es_ES","og_type":"article","og_title":"\"Tenemos que aprender a convivir con la Pandemia.\" - Sergio Bordoni - Noticias Radio Reflejos","og_description":"El intendente de Tornquist, Sergio Bordoni, y el Secretario de Salud Municipal, Miguel Pagnotta, brindaron esta ma\u00f1ana una conferencia de prensa, donde informaron sobre la situaci\u00f3n sanitaria del distrito ante la aparici\u00f3n del primer caso positivo de Covid19.","og_url":"https:\/\/www.noticiasradioreflejos.com.ar\/2021\/tenemos-que-aprender-a-convivir-con-la-pandemia-sergio-bordoni\/","og_site_name":"Noticias Radio Reflejos","article_published_time":"2020-08-08T14:27:08+00:00","og_image":[{"width":300,"height":200,"url":"https:\/\/www.noticiasradioreflejos.com.ar\/2021\/wp-content\/uploads\/2021\/07\/logosol300x200.png","type":"image\/png"}],"author":"Arnaldo Botto","twitter_card":"summary_large_image","schema":{"@context":"https:\/\/schema.org","@graph":[{"@type":"WebPage","@id":"https:\/\/www.noticiasradioreflejos.com.ar\/2021\/tenemos-que-aprender-a-convivir-con-la-pandemia-sergio-bordoni\/","url":"https:\/\/www.noticiasradioreflejos.com.ar\/2021\/tenemos-que-aprender-a-convivir-con-la-pandemia-sergio-bordoni\/","name":"\"Tenemos que aprender a convivir con la Pandemia.\" - Sergio Bordoni - Noticias Radio Reflejos","isPartOf":{"@id":"https:\/\/www.noticiasradioreflejos.com.ar\/2021\/#website"},"datePublished":"2020-08-08T14:27:08+00:00","author":{"@id":"https:\/\/www.noticiasradioreflejos.com.ar\/2021\/#\/schema\/person\/ad82545263dcc5ec0996818884fd5fb1"},"breadcrumb":{"@id":"https:\/\/www.noticiasradioreflejos.com.ar\/2021\/tenemos-que-aprender-a-convivir-con-la-pandemia-sergio-bordoni\/#breadcrumb"},"inLanguage":"es","potentialAction":[{"@type":"ReadAction","target":["https:\/\/www.noticiasradioreflejos.com.ar\/2021\/tenemos-que-aprender-a-convivir-con-la-pandemia-sergio-bordoni\/"]}]},{"@type":"BreadcrumbList","@id":"https:\/\/www.noticiasradioreflejos.com.ar\/2021\/tenemos-que-aprender-a-convivir-con-la-pandemia-sergio-bordoni\/#breadcrumb","itemListElement":[{"@type":"ListItem","position":1,"name":"Portada","item":"https:\/\/www.noticiasradioreflejos.com.ar\/2021\/"},{"@type":"ListItem","position":2,"name":"\u00abTenemos que aprender a convivir con la Pandemia.\u00bb &#8211; Sergio Bordoni"}]},{"@type":"WebSite","@id":"https:\/\/www.noticiasradioreflejos.com.ar\/2021\/#website","url":"https:\/\/www.noticiasradioreflejos.com.ar\/2021\/","name":"Noticias Radio Reflejos","description":"Las noticias de mi comarca","potentialAction":[{"@type":"SearchAction","target":{"@type":"EntryPoint","urlTemplate":"https:\/\/www.noticiasradioreflejos.com.ar\/2021\/?s={search_term_string}"},"query-input":{"@type":"PropertyValueSpecification","valueRequired":true,"valueName":"search_term_string"}}],"inLanguage":"es"},{"@type":"Person","@id":"https:\/\/www.noticiasradioreflejos.com.ar\/2021\/#\/schema\/person\/ad82545263dcc5ec0996818884fd5fb1","name":"Arnaldo Botto","image":{"@type":"ImageObject","inLanguage":"es","@id":"https:\/\/www.noticiasradioreflejos.com.ar\/2021\/#\/schema\/person\/image\/","url":"https:\/\/secure.gravatar.com\/avatar\/55cb5e37c1efa326397366e6974cb338056df65cb50e7d64d1cf314e87504837?s=96&d=mm&r=g","contentUrl":"https:\/\/secure.gravatar.com\/avatar\/55cb5e37c1efa326397366e6974cb338056df65cb50e7d64d1cf314e87504837?s=96&d=mm&r=g","caption":"Arnaldo Botto"},"url":"https:\/\/www.noticiasradioreflejos.com.ar\/2021\/author\/arnaldo\/"}]}},"_links":{"self":[{"href":"https:\/\/www.noticiasradioreflejos.com.ar\/2021\/wp-json\/wp\/v2\/posts\/45541","targetHints":{"allow":["GET"]}}],"collection":[{"href":"https:\/\/www.noticiasradioreflejos.com.ar\/2021\/wp-json\/wp\/v2\/posts"}],"about":[{"href":"https:\/\/www.noticiasradioreflejos.com.ar\/2021\/wp-json\/wp\/v2\/types\/post"}],"author":[{"embeddable":true,"href":"https:\/\/www.noticiasradioreflejos.com.ar\/2021\/wp-json\/wp\/v2\/users\/3"}],"replies":[{"embeddable":true,"href":"https:\/\/www.noticiasradioreflejos.com.ar\/2021\/wp-json\/wp\/v2\/comments?post=45541"}],"version-history":[{"count":0,"href":"https:\/\/www.noticiasradioreflejos.com.ar\/2021\/wp-json\/wp\/v2\/posts\/45541\/revisions"}],"wp:attachment":[{"href":"https:\/\/www.noticiasradioreflejos.com.ar\/2021\/wp-json\/wp\/v2\/media?parent=45541"}],"wp:term":[{"taxonomy":"category","embeddable":true,"href":"https:\/\/www.noticiasradioreflejos.com.ar\/2021\/wp-json\/wp\/v2\/categories?post=45541"},{"taxonomy":"post_tag","embeddable":true,"href":"https:\/\/www.noticiasradioreflejos.com.ar\/2021\/wp-json\/wp\/v2\/tags?post=45541"}],"curies":[{"name":"wp","href":"https:\/\/api.w.org\/{rel}","templated":true}]}}