{"id":45530,"date":"2020-08-07T21:15:18","date_gmt":"2020-08-08T00:15:18","guid":{"rendered":"http:\/\/www.noticiasradioreflejos.com.ar\/noticias\/?p=45530"},"modified":"2020-08-07T21:15:18","modified_gmt":"2020-08-08T00:15:18","slug":"inscripcion-a-listados-108-a-y-b-in-fine","status":"publish","type":"post","link":"https:\/\/www.noticiasradioreflejos.com.ar\/2021\/inscripcion-a-listados-108-a-y-b-in-fine\/","title":{"rendered":"Inscripci\u00f3n a LISTADOS 108 A y B IN FINE"},"content":{"rendered":"<p>Secretar\u00eda de Asuntos Docentes de  TORNQUIST informa que se realizar\u00e1 la Inscripci\u00f3n a LISTADOS 108 A y B IN FINE, durante el periodo de Aislamiento Social Preventivo Obligatorio solo para aspirantes con domicilio en el distrito de TORNQUIST recepcionando la documentaci\u00f3n en nuestro mail: infineayb.sadtqt@gmail.com desde el lunes 10 de Agosto. <!--more--><\/p>\n<p>IMPORTANTE PARA RECEPCIONAR DOCUMENTACI\u00d3N V\u00cdA MAIL: Toda la documentaci\u00f3n que se adjunte, deber\u00e1 estar escaneada en formato JPG o PDF para su mejor lectura. <\/p>\n<p>DOCUMENTACI\u00d3N A PRESENTAR:<\/p>\n<p>En todos los listados en los que aspire ingresar el docente, se deber\u00e1 presentar: <\/p>\n<p>Planilla de declaraci\u00f3n Jurada: 1 original (planillas de inscripci\u00f3n, Declaraci\u00f3n Jurada Las mismas se descargan desde la p\u00e1gina www.abc.gob.ar o se solicitan a esta secretar\u00eda.<br \/>\n&#8211; Fotocopia de DNI, anverso y reverso.<br \/>\nPARA LISTADO 108 A: &#8211; Fotocopia del t\u00edtulo habilitante, registrado en la D.G.C. y E.<\/p>\n<p>PARA LISTADO 108 B: &#8211; Fotocopia del t\u00edtulo secundario, registrado en la D.G.C. y E. (s\u00f3lo en los casos que su condici\u00f3n de t\u00edtulo lo requiera) &#8211; Constancia de t\u00edtulo en Tr\u00e1mite o certificado de alumno regular actualizado al momento de la inscripci\u00f3n donde se especifique la actualizaci\u00f3n (porcentaje) de las \u00faltimas materias aprobadas <\/p>\n<p>Cabe aclarar que la condici\u00f3n de alumno regular es determinante para ser habilitado<\/p>\n<p>Importante: Si resultare designado un docente cuya documentaci\u00f3n para inscripci\u00f3n en Listado In Fine (A o B), hubiera sido remitida por correo electr\u00f3nico, la SAD deber\u00e1 contar dentro de las 24 horas de la designaci\u00f3n, con la documentaci\u00f3n original que avale dicha inscripci\u00f3n. Para tal fin la Secretar\u00eda de Asuntos Docentes arbitrar\u00e1 los medios pertinentes.<\/p>\n<p>Atentamente:<br \/>\nSILVANA VITTORI<br \/>\nSAD <\/p>\n","protected":false},"excerpt":{"rendered":"<p>Secretar\u00eda de Asuntos Docentes de TORNQUIST informa que se realizar\u00e1 la Inscripci\u00f3n a LISTADOS 108 A y B IN FINE, durante el periodo de Aislamiento Social Preventivo Obligatorio solo para aspirantes con domicilio en el distrito de TORNQUIST recepcionando la documentaci\u00f3n en nuestro mail: infineayb.sadtqt@gmail.com desde el lunes 10 de Agosto.<\/p>\n","protected":false},"author":3,"featured_media":0,"comment_status":"closed","ping_status":"open","sticky":false,"template":"","format":"standard","meta":{"footnotes":""},"categories":[34],"tags":[],"class_list":["post-45530","post","type-post","status-publish","format-standard","hentry","category-educacion"],"yoast_head":"<!-- This site is optimized with the Yoast SEO plugin v25.9 - https:\/\/yoast.com\/wordpress\/plugins\/seo\/ -->\n<title>Inscripci\u00f3n a LISTADOS 108 A y B IN FINE - Noticias Radio Reflejos<\/title>\n<meta name=\"robots\" content=\"index, follow, max-snippet:-1, max-image-preview:large, max-video-preview:-1\" \/>\n<link rel=\"canonical\" href=\"https:\/\/www.noticiasradioreflejos.com.ar\/2021\/inscripcion-a-listados-108-a-y-b-in-fine\/\" \/>\n<meta property=\"og:locale\" content=\"es_ES\" \/>\n<meta property=\"og:type\" content=\"article\" \/>\n<meta property=\"og:title\" content=\"Inscripci\u00f3n a LISTADOS 108 A y B IN FINE - Noticias Radio Reflejos\" \/>\n<meta property=\"og:description\" content=\"Secretar\u00eda de Asuntos Docentes de TORNQUIST informa que se realizar\u00e1 la Inscripci\u00f3n a LISTADOS 108 A y B IN FINE, durante el periodo de Aislamiento Social Preventivo Obligatorio solo para aspirantes con domicilio en el distrito de TORNQUIST recepcionando la documentaci\u00f3n en nuestro mail: infineayb.sadtqt@gmail.com desde el lunes 10 de Agosto.\" \/>\n<meta property=\"og:url\" content=\"https:\/\/www.noticiasradioreflejos.com.ar\/2021\/inscripcion-a-listados-108-a-y-b-in-fine\/\" \/>\n<meta property=\"og:site_name\" content=\"Noticias Radio Reflejos\" \/>\n<meta property=\"article:published_time\" content=\"2020-08-08T00:15:18+00:00\" \/>\n<meta property=\"og:image\" content=\"https:\/\/www.noticiasradioreflejos.com.ar\/2021\/wp-content\/uploads\/2021\/07\/logosol300x200.png\" \/>\n\t<meta property=\"og:image:width\" content=\"300\" \/>\n\t<meta property=\"og:image:height\" content=\"200\" \/>\n\t<meta property=\"og:image:type\" content=\"image\/png\" \/>\n<meta name=\"author\" content=\"Arnaldo Botto\" \/>\n<meta name=\"twitter:card\" content=\"summary_large_image\" \/>\n<script type=\"application\/ld+json\" class=\"yoast-schema-graph\">{\"@context\":\"https:\/\/schema.org\",\"@graph\":[{\"@type\":\"WebPage\",\"@id\":\"https:\/\/www.noticiasradioreflejos.com.ar\/2021\/inscripcion-a-listados-108-a-y-b-in-fine\/\",\"url\":\"https:\/\/www.noticiasradioreflejos.com.ar\/2021\/inscripcion-a-listados-108-a-y-b-in-fine\/\",\"name\":\"Inscripci\u00f3n a LISTADOS 108 A y B IN FINE - Noticias Radio Reflejos\",\"isPartOf\":{\"@id\":\"https:\/\/www.noticiasradioreflejos.com.ar\/2021\/#website\"},\"datePublished\":\"2020-08-08T00:15:18+00:00\",\"author\":{\"@id\":\"https:\/\/www.noticiasradioreflejos.com.ar\/2021\/#\/schema\/person\/ad82545263dcc5ec0996818884fd5fb1\"},\"breadcrumb\":{\"@id\":\"https:\/\/www.noticiasradioreflejos.com.ar\/2021\/inscripcion-a-listados-108-a-y-b-in-fine\/#breadcrumb\"},\"inLanguage\":\"es\",\"potentialAction\":[{\"@type\":\"ReadAction\",\"target\":[\"https:\/\/www.noticiasradioreflejos.com.ar\/2021\/inscripcion-a-listados-108-a-y-b-in-fine\/\"]}]},{\"@type\":\"BreadcrumbList\",\"@id\":\"https:\/\/www.noticiasradioreflejos.com.ar\/2021\/inscripcion-a-listados-108-a-y-b-in-fine\/#breadcrumb\",\"itemListElement\":[{\"@type\":\"ListItem\",\"position\":1,\"name\":\"Portada\",\"item\":\"https:\/\/www.noticiasradioreflejos.com.ar\/2021\/\"},{\"@type\":\"ListItem\",\"position\":2,\"name\":\"Inscripci\u00f3n a LISTADOS 108 A y B IN FINE\"}]},{\"@type\":\"WebSite\",\"@id\":\"https:\/\/www.noticiasradioreflejos.com.ar\/2021\/#website\",\"url\":\"https:\/\/www.noticiasradioreflejos.com.ar\/2021\/\",\"name\":\"Noticias Radio Reflejos\",\"description\":\"Las noticias de mi comarca\",\"potentialAction\":[{\"@type\":\"SearchAction\",\"target\":{\"@type\":\"EntryPoint\",\"urlTemplate\":\"https:\/\/www.noticiasradioreflejos.com.ar\/2021\/?s={search_term_string}\"},\"query-input\":{\"@type\":\"PropertyValueSpecification\",\"valueRequired\":true,\"valueName\":\"search_term_string\"}}],\"inLanguage\":\"es\"},{\"@type\":\"Person\",\"@id\":\"https:\/\/www.noticiasradioreflejos.com.ar\/2021\/#\/schema\/person\/ad82545263dcc5ec0996818884fd5fb1\",\"name\":\"Arnaldo Botto\",\"image\":{\"@type\":\"ImageObject\",\"inLanguage\":\"es\",\"@id\":\"https:\/\/www.noticiasradioreflejos.com.ar\/2021\/#\/schema\/person\/image\/\",\"url\":\"https:\/\/secure.gravatar.com\/avatar\/55cb5e37c1efa326397366e6974cb338056df65cb50e7d64d1cf314e87504837?s=96&d=mm&r=g\",\"contentUrl\":\"https:\/\/secure.gravatar.com\/avatar\/55cb5e37c1efa326397366e6974cb338056df65cb50e7d64d1cf314e87504837?s=96&d=mm&r=g\",\"caption\":\"Arnaldo Botto\"},\"url\":\"https:\/\/www.noticiasradioreflejos.com.ar\/2021\/author\/arnaldo\/\"}]}<\/script>\n<!-- \/ Yoast SEO plugin. -->","yoast_head_json":{"title":"Inscripci\u00f3n a LISTADOS 108 A y B IN FINE - Noticias Radio Reflejos","robots":{"index":"index","follow":"follow","max-snippet":"max-snippet:-1","max-image-preview":"max-image-preview:large","max-video-preview":"max-video-preview:-1"},"canonical":"https:\/\/www.noticiasradioreflejos.com.ar\/2021\/inscripcion-a-listados-108-a-y-b-in-fine\/","og_locale":"es_ES","og_type":"article","og_title":"Inscripci\u00f3n a LISTADOS 108 A y B IN FINE - Noticias Radio Reflejos","og_description":"Secretar\u00eda de Asuntos Docentes de TORNQUIST informa que se realizar\u00e1 la Inscripci\u00f3n a LISTADOS 108 A y B IN FINE, durante el periodo de Aislamiento Social Preventivo Obligatorio solo para aspirantes con domicilio en el distrito de TORNQUIST recepcionando la documentaci\u00f3n en nuestro mail: infineayb.sadtqt@gmail.com desde el lunes 10 de Agosto.","og_url":"https:\/\/www.noticiasradioreflejos.com.ar\/2021\/inscripcion-a-listados-108-a-y-b-in-fine\/","og_site_name":"Noticias Radio Reflejos","article_published_time":"2020-08-08T00:15:18+00:00","og_image":[{"width":300,"height":200,"url":"https:\/\/www.noticiasradioreflejos.com.ar\/2021\/wp-content\/uploads\/2021\/07\/logosol300x200.png","type":"image\/png"}],"author":"Arnaldo Botto","twitter_card":"summary_large_image","schema":{"@context":"https:\/\/schema.org","@graph":[{"@type":"WebPage","@id":"https:\/\/www.noticiasradioreflejos.com.ar\/2021\/inscripcion-a-listados-108-a-y-b-in-fine\/","url":"https:\/\/www.noticiasradioreflejos.com.ar\/2021\/inscripcion-a-listados-108-a-y-b-in-fine\/","name":"Inscripci\u00f3n a LISTADOS 108 A y B IN FINE - Noticias Radio Reflejos","isPartOf":{"@id":"https:\/\/www.noticiasradioreflejos.com.ar\/2021\/#website"},"datePublished":"2020-08-08T00:15:18+00:00","author":{"@id":"https:\/\/www.noticiasradioreflejos.com.ar\/2021\/#\/schema\/person\/ad82545263dcc5ec0996818884fd5fb1"},"breadcrumb":{"@id":"https:\/\/www.noticiasradioreflejos.com.ar\/2021\/inscripcion-a-listados-108-a-y-b-in-fine\/#breadcrumb"},"inLanguage":"es","potentialAction":[{"@type":"ReadAction","target":["https:\/\/www.noticiasradioreflejos.com.ar\/2021\/inscripcion-a-listados-108-a-y-b-in-fine\/"]}]},{"@type":"BreadcrumbList","@id":"https:\/\/www.noticiasradioreflejos.com.ar\/2021\/inscripcion-a-listados-108-a-y-b-in-fine\/#breadcrumb","itemListElement":[{"@type":"ListItem","position":1,"name":"Portada","item":"https:\/\/www.noticiasradioreflejos.com.ar\/2021\/"},{"@type":"ListItem","position":2,"name":"Inscripci\u00f3n a LISTADOS 108 A y B IN FINE"}]},{"@type":"WebSite","@id":"https:\/\/www.noticiasradioreflejos.com.ar\/2021\/#website","url":"https:\/\/www.noticiasradioreflejos.com.ar\/2021\/","name":"Noticias Radio Reflejos","description":"Las noticias de mi comarca","potentialAction":[{"@type":"SearchAction","target":{"@type":"EntryPoint","urlTemplate":"https:\/\/www.noticiasradioreflejos.com.ar\/2021\/?s={search_term_string}"},"query-input":{"@type":"PropertyValueSpecification","valueRequired":true,"valueName":"search_term_string"}}],"inLanguage":"es"},{"@type":"Person","@id":"https:\/\/www.noticiasradioreflejos.com.ar\/2021\/#\/schema\/person\/ad82545263dcc5ec0996818884fd5fb1","name":"Arnaldo Botto","image":{"@type":"ImageObject","inLanguage":"es","@id":"https:\/\/www.noticiasradioreflejos.com.ar\/2021\/#\/schema\/person\/image\/","url":"https:\/\/secure.gravatar.com\/avatar\/55cb5e37c1efa326397366e6974cb338056df65cb50e7d64d1cf314e87504837?s=96&d=mm&r=g","contentUrl":"https:\/\/secure.gravatar.com\/avatar\/55cb5e37c1efa326397366e6974cb338056df65cb50e7d64d1cf314e87504837?s=96&d=mm&r=g","caption":"Arnaldo Botto"},"url":"https:\/\/www.noticiasradioreflejos.com.ar\/2021\/author\/arnaldo\/"}]}},"_links":{"self":[{"href":"https:\/\/www.noticiasradioreflejos.com.ar\/2021\/wp-json\/wp\/v2\/posts\/45530","targetHints":{"allow":["GET"]}}],"collection":[{"href":"https:\/\/www.noticiasradioreflejos.com.ar\/2021\/wp-json\/wp\/v2\/posts"}],"about":[{"href":"https:\/\/www.noticiasradioreflejos.com.ar\/2021\/wp-json\/wp\/v2\/types\/post"}],"author":[{"embeddable":true,"href":"https:\/\/www.noticiasradioreflejos.com.ar\/2021\/wp-json\/wp\/v2\/users\/3"}],"replies":[{"embeddable":true,"href":"https:\/\/www.noticiasradioreflejos.com.ar\/2021\/wp-json\/wp\/v2\/comments?post=45530"}],"version-history":[{"count":0,"href":"https:\/\/www.noticiasradioreflejos.com.ar\/2021\/wp-json\/wp\/v2\/posts\/45530\/revisions"}],"wp:attachment":[{"href":"https:\/\/www.noticiasradioreflejos.com.ar\/2021\/wp-json\/wp\/v2\/media?parent=45530"}],"wp:term":[{"taxonomy":"category","embeddable":true,"href":"https:\/\/www.noticiasradioreflejos.com.ar\/2021\/wp-json\/wp\/v2\/categories?post=45530"},{"taxonomy":"post_tag","embeddable":true,"href":"https:\/\/www.noticiasradioreflejos.com.ar\/2021\/wp-json\/wp\/v2\/tags?post=45530"}],"curies":[{"name":"wp","href":"https:\/\/api.w.org\/{rel}","templated":true}]}}