{"id":4553,"date":"2016-12-07T18:45:41","date_gmt":"2016-12-07T18:45:41","guid":{"rendered":"http:\/\/noticiasradioreflejos.com.ar\/noticias\/?p=4553"},"modified":"2016-12-07T18:45:41","modified_gmt":"2016-12-07T18:45:41","slug":"massa-hay-que-premiar-a-los-que-trabajan-todos-los-dias-y-castigar-a-los-que-especulan","status":"publish","type":"post","link":"https:\/\/www.noticiasradioreflejos.com.ar\/2021\/massa-hay-que-premiar-a-los-que-trabajan-todos-los-dias-y-castigar-a-los-que-especulan\/","title":{"rendered":"Massa: \u201cHay que premiar a los que trabajan todos los d\u00edas y castigar a los que especulan\u201d"},"content":{"rendered":"<p>El l\u00edder del Frente Renovador lo afirm\u00f3 esta ma\u00f1ana en declaraciones radiales, luego de la jornada del d\u00eda de ayer en el Congreso sobre Ganancias.<!--more--><br \/>\n\u201cLos trabajadores est\u00e1n hartos de ver que el Impuesto a las Ganancias les roba hasta un mes del esfuerzo que hacen durante el a\u00f1o. Hubo 13 bloques que plantearon un proyecto distinto al del gobierno. Hubo un enorme consenso alrededor de sacarles la pata de la cabeza a los trabajadores, jubilados, monotributistas. Porque el proyecto del gobierno aumentaba a 2.500.000 de personas el a\u00f1o que viene que ten\u00edan que pagar impuesto a las ganancias\u201c, dijo.<br \/>\nAsimismo, explic\u00f3: \u201cPlanteamos un esfuerzo distinto, que deje de hacer esfuerzo un docente que no puede ser director de escuela porque cuando asciende termina pagando ganancias; o un trabajador por hacer horas extras o aguinaldo. Es muy importante que recordemos que se benefician m\u00e1s de 6 millones de personas entre trabajadores en relaci\u00f3n de dependencia y aut\u00f3nomos, monotributistas, jubilados\u201d.<br \/>\n\u201cPara no desfinanciar al Estado, pasamos a cobrarles a sectores que ganan desde la especulaci\u00f3n y no desde la producci\u00f3n del trabajo. Cuando uno legisla tiene que legislar pensando en el conjunto\u201d, continu\u00f3.<br \/>\nY agreg\u00f3: \u201cLo que buscamos es que hoy tengamos una ley. Hab\u00eda obviamente un desencuentro grande con el ejecutivo. El gobierno miraba \u00fanicamente el costo fiscal, y nosotros miramos cuanta gente pasa a pagar el impuesto. Por esta raz\u00f3n, arribamos a un consenso en el cual buscamos que a los salarios m\u00e1s bajos se le apliquen deducciones m\u00e1s altas, y a los salarios m\u00e1s altos las deducciones del gobierno\u201d.<br \/>\n\u201cDe esta manera, todo el \u2018costo fiscal adicional\u2019 que el gobierno dec\u00eda que est\u00e1bamos generando sobre los tramos altos de ingresos ahora desaparece. M\u00e1s aun, utilizamos la tabla de escalas del gobierno. Nuestros c\u00e1lculos arrojan que podemos con esto reducir el costo fiscal bruto de la medida en cerca de $ 20.000 millones. El gobierno nos dijo que nuestro proyecto era $ 30.000 millones m\u00e1s caro, en parte con el costo bruto (con esto reducimos sustancialmente la diferencia) y en parte por subestimar los recursos que generan los nuevos impuestos\u201d, explic\u00f3 Massa.<br \/>\n\u201cArribamos a un proyecto responsable, que atiende los deseos de todos: no entraran m\u00e1s trabajadores a pagar ganancias en 2017, preservando las cuentas fiscales\u201d.<br \/>\nTambi\u00e9n, se refiri\u00f3 sobre los dichos que este proyecto era una \u2018chicana pol\u00edtica\u2019: \u201cDecir eso es caer en un facilismo para explicar algo que es m\u00e1s profundo, que es que m\u00e1s de 6 millones de personas que esperan una respuesta\u201d.<br \/>\n\u201cAspiramos a que salga en el Senado. Hay que cuidar a todos los sectores, pero poniendo la prioridad en premiar a aquellos que trabajan todos los d\u00edas y castigar a los que especulan\u201d, sentenci\u00f3 Massa.<br \/>\nPor \u00faltimo, Massa resalt\u00f3: \u201cA lo largo del a\u00f1o hemos mostrado voluntad de ayudar al Gobierno. En este caso, el Gobierno no quiso de ninguna manera facilitar una negociaci\u00f3n. Hasta ayer a las 11 de la noche le estuvimos tratando de hacer ver que era un error aumentarle el impuesto a las ganancias a la gente el a\u00f1o que viene\u201d, y finaliz\u00f3: \u201cAc\u00e1 no se trata de ver como se especula alrededor de este tema, sino de resolverle el problema a la gente\u201d.<br \/>\n&nbsp;<br \/>\n<strong>Tips del proyecto<\/strong><br \/>\n<u>Impuesto a las Ganancias<\/u><\/p>\n<ul>\n<li>El nuevo m\u00ednimo no imponible es de $ 44.000 para casados y $ 33.000 para solteros, considerando que en esos tramos se aplican deducciones m\u00e1s altas y el SAC est\u00e1 exento.<\/li>\n<\/ul>\n<ul>\n<li>Se establece una f\u00f3rmula por la cual las deducciones se van reduciendo desde el m\u00ednimo no imponible que proponemos hasta alcanzar las del gobierno. Los salarios de $ 80.000 en adelante se aplican plenamente el proyecto del gobierno<\/li>\n<\/ul>\n<ul>\n<li>Queda excluido el aguinaldo para salarios de hasta 8 salarios m\u00ednimos\u00a0 ($ 65.000)<\/li>\n<\/ul>\n<ul>\n<li>Escalas y deducciones se actualizan anualmente conforme al RIPTE y un plus, de manera que quede abarcado el 10% de los trabajadores.<\/li>\n<\/ul>\n<ul>\n<li>Exenciones para alquileres y cr\u00e9ditos hipotecarios 50% superiores a las del gobierno.<\/li>\n<li>Podr\u00e1n deducir las mujeres embarazadas, y se duplican las deducciones en caso de hijos discapacitados.<\/li>\n<li>Quedan excluidas las horas extras y los plus por productividad.<\/li>\n<\/ul>\n<p>&nbsp;<br \/>\n<u>Monotributo<\/u><\/p>\n<ul>\n<li>Se duplican los topes (el gobierno propone +50%)<\/li>\n<li>Se aumentan los topes sobre precios de venta<\/li>\n<li>Los excluidos pueden volver al a\u00f1o (hoy 3 a\u00f1os)<\/li>\n<\/ul>\n<p><u>Nuevos impuestos<\/u><\/p>\n<ul>\n<li>Impuesto al juego: se gravan las tragamonedas y las apuestas online con 7,5%<\/li>\n<li>Renta financiera: se gravan plazos fijos y lebacs de m\u00e1s de 1,5 millones, fideicomisos y fondos comunes de inversi\u00f3n con subyacente financiero<\/li>\n<li>Miner\u00eda: se restablecen las retenciones<\/li>\n<li>Dividendos: se gravan con 10%, excluyendo PyMEs<\/li>\n<li>Cambios en IVA y ganancias: para evitar planificaci\u00f3n fiscal y que tributen IVA los consultores del exterior<\/li>\n<li>Inmuebles improductivos: se gravan con una tasa de 0,75%<\/li>\n<\/ul>\n","protected":false},"excerpt":{"rendered":"<p>El l\u00edder del Frente Renovador lo afirm\u00f3 esta ma\u00f1ana en declaraciones radiales, luego de la jornada del d\u00eda de ayer en el Congreso sobre Ganancias.<\/p>\n","protected":false},"author":3,"featured_media":0,"comment_status":"closed","ping_status":"open","sticky":false,"template":"","format":"standard","meta":{"footnotes":""},"categories":[24],"tags":[],"class_list":["post-4553","post","type-post","status-publish","format-standard","hentry","category-politica"],"yoast_head":"<!-- This site is optimized with the Yoast SEO plugin v25.9 - https:\/\/yoast.com\/wordpress\/plugins\/seo\/ -->\n<title>Massa: \u201cHay que premiar a los que trabajan todos los d\u00edas y castigar a los que especulan\u201d - Noticias Radio Reflejos<\/title>\n<meta name=\"robots\" content=\"index, follow, max-snippet:-1, max-image-preview:large, max-video-preview:-1\" \/>\n<link rel=\"canonical\" href=\"https:\/\/www.noticiasradioreflejos.com.ar\/2021\/massa-hay-que-premiar-a-los-que-trabajan-todos-los-dias-y-castigar-a-los-que-especulan\/\" \/>\n<meta property=\"og:locale\" content=\"es_ES\" \/>\n<meta property=\"og:type\" content=\"article\" \/>\n<meta property=\"og:title\" content=\"Massa: \u201cHay que premiar a los que trabajan todos los d\u00edas y castigar a los que especulan\u201d - Noticias Radio Reflejos\" \/>\n<meta property=\"og:description\" content=\"El l\u00edder del Frente Renovador lo afirm\u00f3 esta ma\u00f1ana en declaraciones radiales, luego de la jornada del d\u00eda de ayer en el Congreso sobre Ganancias.\" \/>\n<meta property=\"og:url\" content=\"https:\/\/www.noticiasradioreflejos.com.ar\/2021\/massa-hay-que-premiar-a-los-que-trabajan-todos-los-dias-y-castigar-a-los-que-especulan\/\" \/>\n<meta property=\"og:site_name\" content=\"Noticias Radio Reflejos\" \/>\n<meta property=\"article:published_time\" content=\"2016-12-07T18:45:41+00:00\" \/>\n<meta property=\"og:image\" content=\"https:\/\/www.noticiasradioreflejos.com.ar\/2021\/wp-content\/uploads\/2021\/07\/logosol300x200.png\" \/>\n\t<meta property=\"og:image:width\" content=\"300\" \/>\n\t<meta property=\"og:image:height\" content=\"200\" \/>\n\t<meta property=\"og:image:type\" content=\"image\/png\" \/>\n<meta name=\"author\" content=\"Arnaldo Botto\" \/>\n<meta name=\"twitter:card\" content=\"summary_large_image\" \/>\n<script type=\"application\/ld+json\" class=\"yoast-schema-graph\">{\"@context\":\"https:\/\/schema.org\",\"@graph\":[{\"@type\":\"WebPage\",\"@id\":\"https:\/\/www.noticiasradioreflejos.com.ar\/2021\/massa-hay-que-premiar-a-los-que-trabajan-todos-los-dias-y-castigar-a-los-que-especulan\/\",\"url\":\"https:\/\/www.noticiasradioreflejos.com.ar\/2021\/massa-hay-que-premiar-a-los-que-trabajan-todos-los-dias-y-castigar-a-los-que-especulan\/\",\"name\":\"Massa: \u201cHay que premiar a los que trabajan todos los d\u00edas y castigar a los que especulan\u201d - Noticias Radio Reflejos\",\"isPartOf\":{\"@id\":\"https:\/\/www.noticiasradioreflejos.com.ar\/2021\/#website\"},\"datePublished\":\"2016-12-07T18:45:41+00:00\",\"author\":{\"@id\":\"https:\/\/www.noticiasradioreflejos.com.ar\/2021\/#\/schema\/person\/ad82545263dcc5ec0996818884fd5fb1\"},\"breadcrumb\":{\"@id\":\"https:\/\/www.noticiasradioreflejos.com.ar\/2021\/massa-hay-que-premiar-a-los-que-trabajan-todos-los-dias-y-castigar-a-los-que-especulan\/#breadcrumb\"},\"inLanguage\":\"es\",\"potentialAction\":[{\"@type\":\"ReadAction\",\"target\":[\"https:\/\/www.noticiasradioreflejos.com.ar\/2021\/massa-hay-que-premiar-a-los-que-trabajan-todos-los-dias-y-castigar-a-los-que-especulan\/\"]}]},{\"@type\":\"BreadcrumbList\",\"@id\":\"https:\/\/www.noticiasradioreflejos.com.ar\/2021\/massa-hay-que-premiar-a-los-que-trabajan-todos-los-dias-y-castigar-a-los-que-especulan\/#breadcrumb\",\"itemListElement\":[{\"@type\":\"ListItem\",\"position\":1,\"name\":\"Portada\",\"item\":\"https:\/\/www.noticiasradioreflejos.com.ar\/2021\/\"},{\"@type\":\"ListItem\",\"position\":2,\"name\":\"Massa: \u201cHay que premiar a los que trabajan todos los d\u00edas y castigar a los que especulan\u201d\"}]},{\"@type\":\"WebSite\",\"@id\":\"https:\/\/www.noticiasradioreflejos.com.ar\/2021\/#website\",\"url\":\"https:\/\/www.noticiasradioreflejos.com.ar\/2021\/\",\"name\":\"Noticias Radio Reflejos\",\"description\":\"Las noticias de mi comarca\",\"potentialAction\":[{\"@type\":\"SearchAction\",\"target\":{\"@type\":\"EntryPoint\",\"urlTemplate\":\"https:\/\/www.noticiasradioreflejos.com.ar\/2021\/?s={search_term_string}\"},\"query-input\":{\"@type\":\"PropertyValueSpecification\",\"valueRequired\":true,\"valueName\":\"search_term_string\"}}],\"inLanguage\":\"es\"},{\"@type\":\"Person\",\"@id\":\"https:\/\/www.noticiasradioreflejos.com.ar\/2021\/#\/schema\/person\/ad82545263dcc5ec0996818884fd5fb1\",\"name\":\"Arnaldo Botto\",\"image\":{\"@type\":\"ImageObject\",\"inLanguage\":\"es\",\"@id\":\"https:\/\/www.noticiasradioreflejos.com.ar\/2021\/#\/schema\/person\/image\/\",\"url\":\"https:\/\/secure.gravatar.com\/avatar\/55cb5e37c1efa326397366e6974cb338056df65cb50e7d64d1cf314e87504837?s=96&d=mm&r=g\",\"contentUrl\":\"https:\/\/secure.gravatar.com\/avatar\/55cb5e37c1efa326397366e6974cb338056df65cb50e7d64d1cf314e87504837?s=96&d=mm&r=g\",\"caption\":\"Arnaldo Botto\"},\"url\":\"https:\/\/www.noticiasradioreflejos.com.ar\/2021\/author\/arnaldo\/\"}]}<\/script>\n<!-- \/ Yoast SEO plugin. -->","yoast_head_json":{"title":"Massa: \u201cHay que premiar a los que trabajan todos los d\u00edas y castigar a los que especulan\u201d - Noticias Radio Reflejos","robots":{"index":"index","follow":"follow","max-snippet":"max-snippet:-1","max-image-preview":"max-image-preview:large","max-video-preview":"max-video-preview:-1"},"canonical":"https:\/\/www.noticiasradioreflejos.com.ar\/2021\/massa-hay-que-premiar-a-los-que-trabajan-todos-los-dias-y-castigar-a-los-que-especulan\/","og_locale":"es_ES","og_type":"article","og_title":"Massa: \u201cHay que premiar a los que trabajan todos los d\u00edas y castigar a los que especulan\u201d - Noticias Radio Reflejos","og_description":"El l\u00edder del Frente Renovador lo afirm\u00f3 esta ma\u00f1ana en declaraciones radiales, luego de la jornada del d\u00eda de ayer en el Congreso sobre Ganancias.","og_url":"https:\/\/www.noticiasradioreflejos.com.ar\/2021\/massa-hay-que-premiar-a-los-que-trabajan-todos-los-dias-y-castigar-a-los-que-especulan\/","og_site_name":"Noticias Radio Reflejos","article_published_time":"2016-12-07T18:45:41+00:00","og_image":[{"width":300,"height":200,"url":"https:\/\/www.noticiasradioreflejos.com.ar\/2021\/wp-content\/uploads\/2021\/07\/logosol300x200.png","type":"image\/png"}],"author":"Arnaldo Botto","twitter_card":"summary_large_image","schema":{"@context":"https:\/\/schema.org","@graph":[{"@type":"WebPage","@id":"https:\/\/www.noticiasradioreflejos.com.ar\/2021\/massa-hay-que-premiar-a-los-que-trabajan-todos-los-dias-y-castigar-a-los-que-especulan\/","url":"https:\/\/www.noticiasradioreflejos.com.ar\/2021\/massa-hay-que-premiar-a-los-que-trabajan-todos-los-dias-y-castigar-a-los-que-especulan\/","name":"Massa: \u201cHay que premiar a los que trabajan todos los d\u00edas y castigar a los que especulan\u201d - Noticias Radio Reflejos","isPartOf":{"@id":"https:\/\/www.noticiasradioreflejos.com.ar\/2021\/#website"},"datePublished":"2016-12-07T18:45:41+00:00","author":{"@id":"https:\/\/www.noticiasradioreflejos.com.ar\/2021\/#\/schema\/person\/ad82545263dcc5ec0996818884fd5fb1"},"breadcrumb":{"@id":"https:\/\/www.noticiasradioreflejos.com.ar\/2021\/massa-hay-que-premiar-a-los-que-trabajan-todos-los-dias-y-castigar-a-los-que-especulan\/#breadcrumb"},"inLanguage":"es","potentialAction":[{"@type":"ReadAction","target":["https:\/\/www.noticiasradioreflejos.com.ar\/2021\/massa-hay-que-premiar-a-los-que-trabajan-todos-los-dias-y-castigar-a-los-que-especulan\/"]}]},{"@type":"BreadcrumbList","@id":"https:\/\/www.noticiasradioreflejos.com.ar\/2021\/massa-hay-que-premiar-a-los-que-trabajan-todos-los-dias-y-castigar-a-los-que-especulan\/#breadcrumb","itemListElement":[{"@type":"ListItem","position":1,"name":"Portada","item":"https:\/\/www.noticiasradioreflejos.com.ar\/2021\/"},{"@type":"ListItem","position":2,"name":"Massa: \u201cHay que premiar a los que trabajan todos los d\u00edas y castigar a los que especulan\u201d"}]},{"@type":"WebSite","@id":"https:\/\/www.noticiasradioreflejos.com.ar\/2021\/#website","url":"https:\/\/www.noticiasradioreflejos.com.ar\/2021\/","name":"Noticias Radio Reflejos","description":"Las noticias de mi comarca","potentialAction":[{"@type":"SearchAction","target":{"@type":"EntryPoint","urlTemplate":"https:\/\/www.noticiasradioreflejos.com.ar\/2021\/?s={search_term_string}"},"query-input":{"@type":"PropertyValueSpecification","valueRequired":true,"valueName":"search_term_string"}}],"inLanguage":"es"},{"@type":"Person","@id":"https:\/\/www.noticiasradioreflejos.com.ar\/2021\/#\/schema\/person\/ad82545263dcc5ec0996818884fd5fb1","name":"Arnaldo Botto","image":{"@type":"ImageObject","inLanguage":"es","@id":"https:\/\/www.noticiasradioreflejos.com.ar\/2021\/#\/schema\/person\/image\/","url":"https:\/\/secure.gravatar.com\/avatar\/55cb5e37c1efa326397366e6974cb338056df65cb50e7d64d1cf314e87504837?s=96&d=mm&r=g","contentUrl":"https:\/\/secure.gravatar.com\/avatar\/55cb5e37c1efa326397366e6974cb338056df65cb50e7d64d1cf314e87504837?s=96&d=mm&r=g","caption":"Arnaldo Botto"},"url":"https:\/\/www.noticiasradioreflejos.com.ar\/2021\/author\/arnaldo\/"}]}},"_links":{"self":[{"href":"https:\/\/www.noticiasradioreflejos.com.ar\/2021\/wp-json\/wp\/v2\/posts\/4553","targetHints":{"allow":["GET"]}}],"collection":[{"href":"https:\/\/www.noticiasradioreflejos.com.ar\/2021\/wp-json\/wp\/v2\/posts"}],"about":[{"href":"https:\/\/www.noticiasradioreflejos.com.ar\/2021\/wp-json\/wp\/v2\/types\/post"}],"author":[{"embeddable":true,"href":"https:\/\/www.noticiasradioreflejos.com.ar\/2021\/wp-json\/wp\/v2\/users\/3"}],"replies":[{"embeddable":true,"href":"https:\/\/www.noticiasradioreflejos.com.ar\/2021\/wp-json\/wp\/v2\/comments?post=4553"}],"version-history":[{"count":0,"href":"https:\/\/www.noticiasradioreflejos.com.ar\/2021\/wp-json\/wp\/v2\/posts\/4553\/revisions"}],"wp:attachment":[{"href":"https:\/\/www.noticiasradioreflejos.com.ar\/2021\/wp-json\/wp\/v2\/media?parent=4553"}],"wp:term":[{"taxonomy":"category","embeddable":true,"href":"https:\/\/www.noticiasradioreflejos.com.ar\/2021\/wp-json\/wp\/v2\/categories?post=4553"},{"taxonomy":"post_tag","embeddable":true,"href":"https:\/\/www.noticiasradioreflejos.com.ar\/2021\/wp-json\/wp\/v2\/tags?post=4553"}],"curies":[{"name":"wp","href":"https:\/\/api.w.org\/{rel}","templated":true}]}}