{"id":45511,"date":"2020-08-07T14:12:49","date_gmt":"2020-08-07T17:12:49","guid":{"rendered":"http:\/\/www.noticiasradioreflejos.com.ar\/noticias\/?p=45511"},"modified":"2020-08-07T14:12:49","modified_gmt":"2020-08-07T17:12:49","slug":"coronel-suarez-presento-un-protocolo-para-quienes-visiten-sus-viviendas-de-2da-residencia","status":"publish","type":"post","link":"https:\/\/www.noticiasradioreflejos.com.ar\/2021\/coronel-suarez-presento-un-protocolo-para-quienes-visiten-sus-viviendas-de-2da-residencia\/","title":{"rendered":"Coronel Suarez permitir\u00e1 la llegada de no residentes para que revisen sus inmuebles."},"content":{"rendered":"<p>Protocolo para el ingreso a <strong>Villa La Arcadia<\/strong>, Distrito de Coronel Su\u00e1rez, de personas no residentes para la revisi\u00f3n de inmuebles de su propiedad<!--more--><br \/>\nEn virtud de la problem\u00e1tica planteada por propietarios no residentes de viviendas ubicadas en la localidad de Villa La Arcadia, Distrito de Coronel Su\u00e1rez, donde solicitan poder ingresar a constatar el estado de sus inmuebles, es que se redacta el presente protocolo de acci\u00f3n destinado a regular y controlar que dicho proceso se lleve a cabo de manera ordenada y por sobre todas las cosas preservando la salud de los vecinos del Distrito de Coronel Su\u00e1rez.<\/p>\n<p>1) Quedan autorizados para ingresar bajo esta modalidad los propietarios de inmuebles que tengan residencia en localidades pertenecientes a los Distritos de: Adolfo Alsina, Adolfo Gonzales Chaves, Bah\u00eda Blanca, Benito Ju\u00e1rez, Coronel Dorrego, Coronel Rosales, Daireaux, Guamin\u00ed, General La Madrid, Monte Hermoso, Patagones, Pellegrini, Puan, Saavedra, Salliquel\u00f3, Torquinst, Tres Arroyos, Tres Lomas y Villarino.<\/p>\n<p>2) Los interesados deber\u00e1n inscribirse de manera remota (v\u00eda telef\u00f3nica o por mail) de lunes a viernes de 8 a 12 hs. Los medios de contacto son: Mail: dirturismomcs@gmail.com\u00a0 \u00a0Tel\u00e9fono: 02926-421048<\/p>\n<p>3) En la inscripci\u00f3n deber\u00e1 constar el nombre del titular o persona que desea ingresar, domicilio del inmueble a visitar y tel\u00e9fono de contacto. En el mismo el interesado deber\u00e1 dejar constancia de su ingreso a los fines de revisar su vivienda.<\/p>\n<p>4) Al momento de la solicitud de ingreso se le comunicar\u00e1 al interesado los d\u00edas disponibles para hacerlo, conforme a la agenda que se llevar\u00e1 en la Subdirecci\u00f3n de Turismo. El cupo ser\u00e1 de 10 veh\u00edculos por d\u00eda (hasta 20 personas). Al momento de la designaci\u00f3n del d\u00eda, el solicitante deber\u00e1 informar los nombres y n\u00fameros de documento de las personas a ingresar, como as\u00ed tambi\u00e9n, la patente del veh\u00edculo con el cual ingresar\u00edan.<\/p>\n<p>5) Podr\u00e1n ingresar hasta 2 personas por cada vivienda las que tendr\u00e1n permitido ingresar en un solo veh\u00edculo.<\/p>\n<p>6) El ingreso podr\u00e1 ser s\u00f3lo por el d\u00eda, en d\u00edas h\u00e1biles y en el horario de 10 a 17 hs. Sin excepciones. Los visitantes no podr\u00e1n durante su estad\u00eda circular por la localidad como as\u00ed tampoco realizar compras en comercios locales ni realizar pedidos bajo la modalidad delivery, para lo que se recomienda que traigan las provisiones necesarias para el d\u00eda como as\u00ed tambi\u00e9n las herramientas necesarias para el mantenimiento de la finca, ya que durante su estad\u00eda no podr\u00e1n ingresar otras personas a la propiedad para llevar adelante tareas de mantenimiento o reparaciones.<\/p>\n<p>7) Cada vivienda podr\u00e1 ser visitada hasta 1 (una) vez por mes a los fines de que todos los propietarios tengan la posibilidad de visitar su propiedad.<\/p>\n","protected":false},"excerpt":{"rendered":"<p>Protocolo para el ingreso a Villa La Arcadia, Distrito de Coronel Su\u00e1rez, de personas no residentes para la revisi\u00f3n de inmuebles de su propiedad<\/p>\n","protected":false},"author":3,"featured_media":0,"comment_status":"closed","ping_status":"open","sticky":false,"template":"","format":"standard","meta":{"footnotes":""},"categories":[26],"tags":[],"class_list":["post-45511","post","type-post","status-publish","format-standard","hentry","category-sociedad"],"yoast_head":"<!-- This site is optimized with the Yoast SEO plugin v25.9 - https:\/\/yoast.com\/wordpress\/plugins\/seo\/ -->\n<title>Coronel Suarez permitir\u00e1 la llegada de no residentes para que revisen sus inmuebles. - Noticias Radio Reflejos<\/title>\n<meta name=\"robots\" content=\"index, follow, max-snippet:-1, max-image-preview:large, max-video-preview:-1\" \/>\n<link rel=\"canonical\" href=\"https:\/\/www.noticiasradioreflejos.com.ar\/2021\/coronel-suarez-presento-un-protocolo-para-quienes-visiten-sus-viviendas-de-2da-residencia\/\" \/>\n<meta property=\"og:locale\" content=\"es_ES\" \/>\n<meta property=\"og:type\" content=\"article\" \/>\n<meta property=\"og:title\" content=\"Coronel Suarez permitir\u00e1 la llegada de no residentes para que revisen sus inmuebles. - Noticias Radio Reflejos\" \/>\n<meta property=\"og:description\" content=\"Protocolo para el ingreso a Villa La Arcadia, Distrito de Coronel Su\u00e1rez, de personas no residentes para la revisi\u00f3n de inmuebles de su propiedad\" \/>\n<meta property=\"og:url\" content=\"https:\/\/www.noticiasradioreflejos.com.ar\/2021\/coronel-suarez-presento-un-protocolo-para-quienes-visiten-sus-viviendas-de-2da-residencia\/\" \/>\n<meta property=\"og:site_name\" content=\"Noticias Radio Reflejos\" \/>\n<meta property=\"article:published_time\" content=\"2020-08-07T17:12:49+00:00\" \/>\n<meta property=\"og:image\" content=\"https:\/\/www.noticiasradioreflejos.com.ar\/2021\/wp-content\/uploads\/2021\/07\/logosol300x200.png\" \/>\n\t<meta property=\"og:image:width\" content=\"300\" \/>\n\t<meta property=\"og:image:height\" content=\"200\" \/>\n\t<meta property=\"og:image:type\" content=\"image\/png\" \/>\n<meta name=\"author\" content=\"Arnaldo Botto\" \/>\n<meta name=\"twitter:card\" content=\"summary_large_image\" \/>\n<script type=\"application\/ld+json\" class=\"yoast-schema-graph\">{\"@context\":\"https:\/\/schema.org\",\"@graph\":[{\"@type\":\"WebPage\",\"@id\":\"https:\/\/www.noticiasradioreflejos.com.ar\/2021\/coronel-suarez-presento-un-protocolo-para-quienes-visiten-sus-viviendas-de-2da-residencia\/\",\"url\":\"https:\/\/www.noticiasradioreflejos.com.ar\/2021\/coronel-suarez-presento-un-protocolo-para-quienes-visiten-sus-viviendas-de-2da-residencia\/\",\"name\":\"Coronel Suarez permitir\u00e1 la llegada de no residentes para que revisen sus inmuebles. - Noticias Radio Reflejos\",\"isPartOf\":{\"@id\":\"https:\/\/www.noticiasradioreflejos.com.ar\/2021\/#website\"},\"datePublished\":\"2020-08-07T17:12:49+00:00\",\"author\":{\"@id\":\"https:\/\/www.noticiasradioreflejos.com.ar\/2021\/#\/schema\/person\/ad82545263dcc5ec0996818884fd5fb1\"},\"breadcrumb\":{\"@id\":\"https:\/\/www.noticiasradioreflejos.com.ar\/2021\/coronel-suarez-presento-un-protocolo-para-quienes-visiten-sus-viviendas-de-2da-residencia\/#breadcrumb\"},\"inLanguage\":\"es\",\"potentialAction\":[{\"@type\":\"ReadAction\",\"target\":[\"https:\/\/www.noticiasradioreflejos.com.ar\/2021\/coronel-suarez-presento-un-protocolo-para-quienes-visiten-sus-viviendas-de-2da-residencia\/\"]}]},{\"@type\":\"BreadcrumbList\",\"@id\":\"https:\/\/www.noticiasradioreflejos.com.ar\/2021\/coronel-suarez-presento-un-protocolo-para-quienes-visiten-sus-viviendas-de-2da-residencia\/#breadcrumb\",\"itemListElement\":[{\"@type\":\"ListItem\",\"position\":1,\"name\":\"Portada\",\"item\":\"https:\/\/www.noticiasradioreflejos.com.ar\/2021\/\"},{\"@type\":\"ListItem\",\"position\":2,\"name\":\"Coronel Suarez permitir\u00e1 la llegada de no residentes para que revisen sus inmuebles.\"}]},{\"@type\":\"WebSite\",\"@id\":\"https:\/\/www.noticiasradioreflejos.com.ar\/2021\/#website\",\"url\":\"https:\/\/www.noticiasradioreflejos.com.ar\/2021\/\",\"name\":\"Noticias Radio Reflejos\",\"description\":\"Las noticias de mi comarca\",\"potentialAction\":[{\"@type\":\"SearchAction\",\"target\":{\"@type\":\"EntryPoint\",\"urlTemplate\":\"https:\/\/www.noticiasradioreflejos.com.ar\/2021\/?s={search_term_string}\"},\"query-input\":{\"@type\":\"PropertyValueSpecification\",\"valueRequired\":true,\"valueName\":\"search_term_string\"}}],\"inLanguage\":\"es\"},{\"@type\":\"Person\",\"@id\":\"https:\/\/www.noticiasradioreflejos.com.ar\/2021\/#\/schema\/person\/ad82545263dcc5ec0996818884fd5fb1\",\"name\":\"Arnaldo Botto\",\"image\":{\"@type\":\"ImageObject\",\"inLanguage\":\"es\",\"@id\":\"https:\/\/www.noticiasradioreflejos.com.ar\/2021\/#\/schema\/person\/image\/\",\"url\":\"https:\/\/secure.gravatar.com\/avatar\/55cb5e37c1efa326397366e6974cb338056df65cb50e7d64d1cf314e87504837?s=96&d=mm&r=g\",\"contentUrl\":\"https:\/\/secure.gravatar.com\/avatar\/55cb5e37c1efa326397366e6974cb338056df65cb50e7d64d1cf314e87504837?s=96&d=mm&r=g\",\"caption\":\"Arnaldo Botto\"},\"url\":\"https:\/\/www.noticiasradioreflejos.com.ar\/2021\/author\/arnaldo\/\"}]}<\/script>\n<!-- \/ Yoast SEO plugin. -->","yoast_head_json":{"title":"Coronel Suarez permitir\u00e1 la llegada de no residentes para que revisen sus inmuebles. - Noticias Radio Reflejos","robots":{"index":"index","follow":"follow","max-snippet":"max-snippet:-1","max-image-preview":"max-image-preview:large","max-video-preview":"max-video-preview:-1"},"canonical":"https:\/\/www.noticiasradioreflejos.com.ar\/2021\/coronel-suarez-presento-un-protocolo-para-quienes-visiten-sus-viviendas-de-2da-residencia\/","og_locale":"es_ES","og_type":"article","og_title":"Coronel Suarez permitir\u00e1 la llegada de no residentes para que revisen sus inmuebles. - Noticias Radio Reflejos","og_description":"Protocolo para el ingreso a Villa La Arcadia, Distrito de Coronel Su\u00e1rez, de personas no residentes para la revisi\u00f3n de inmuebles de su propiedad","og_url":"https:\/\/www.noticiasradioreflejos.com.ar\/2021\/coronel-suarez-presento-un-protocolo-para-quienes-visiten-sus-viviendas-de-2da-residencia\/","og_site_name":"Noticias Radio Reflejos","article_published_time":"2020-08-07T17:12:49+00:00","og_image":[{"width":300,"height":200,"url":"https:\/\/www.noticiasradioreflejos.com.ar\/2021\/wp-content\/uploads\/2021\/07\/logosol300x200.png","type":"image\/png"}],"author":"Arnaldo Botto","twitter_card":"summary_large_image","schema":{"@context":"https:\/\/schema.org","@graph":[{"@type":"WebPage","@id":"https:\/\/www.noticiasradioreflejos.com.ar\/2021\/coronel-suarez-presento-un-protocolo-para-quienes-visiten-sus-viviendas-de-2da-residencia\/","url":"https:\/\/www.noticiasradioreflejos.com.ar\/2021\/coronel-suarez-presento-un-protocolo-para-quienes-visiten-sus-viviendas-de-2da-residencia\/","name":"Coronel Suarez permitir\u00e1 la llegada de no residentes para que revisen sus inmuebles. - Noticias Radio Reflejos","isPartOf":{"@id":"https:\/\/www.noticiasradioreflejos.com.ar\/2021\/#website"},"datePublished":"2020-08-07T17:12:49+00:00","author":{"@id":"https:\/\/www.noticiasradioreflejos.com.ar\/2021\/#\/schema\/person\/ad82545263dcc5ec0996818884fd5fb1"},"breadcrumb":{"@id":"https:\/\/www.noticiasradioreflejos.com.ar\/2021\/coronel-suarez-presento-un-protocolo-para-quienes-visiten-sus-viviendas-de-2da-residencia\/#breadcrumb"},"inLanguage":"es","potentialAction":[{"@type":"ReadAction","target":["https:\/\/www.noticiasradioreflejos.com.ar\/2021\/coronel-suarez-presento-un-protocolo-para-quienes-visiten-sus-viviendas-de-2da-residencia\/"]}]},{"@type":"BreadcrumbList","@id":"https:\/\/www.noticiasradioreflejos.com.ar\/2021\/coronel-suarez-presento-un-protocolo-para-quienes-visiten-sus-viviendas-de-2da-residencia\/#breadcrumb","itemListElement":[{"@type":"ListItem","position":1,"name":"Portada","item":"https:\/\/www.noticiasradioreflejos.com.ar\/2021\/"},{"@type":"ListItem","position":2,"name":"Coronel Suarez permitir\u00e1 la llegada de no residentes para que revisen sus inmuebles."}]},{"@type":"WebSite","@id":"https:\/\/www.noticiasradioreflejos.com.ar\/2021\/#website","url":"https:\/\/www.noticiasradioreflejos.com.ar\/2021\/","name":"Noticias Radio Reflejos","description":"Las noticias de mi comarca","potentialAction":[{"@type":"SearchAction","target":{"@type":"EntryPoint","urlTemplate":"https:\/\/www.noticiasradioreflejos.com.ar\/2021\/?s={search_term_string}"},"query-input":{"@type":"PropertyValueSpecification","valueRequired":true,"valueName":"search_term_string"}}],"inLanguage":"es"},{"@type":"Person","@id":"https:\/\/www.noticiasradioreflejos.com.ar\/2021\/#\/schema\/person\/ad82545263dcc5ec0996818884fd5fb1","name":"Arnaldo Botto","image":{"@type":"ImageObject","inLanguage":"es","@id":"https:\/\/www.noticiasradioreflejos.com.ar\/2021\/#\/schema\/person\/image\/","url":"https:\/\/secure.gravatar.com\/avatar\/55cb5e37c1efa326397366e6974cb338056df65cb50e7d64d1cf314e87504837?s=96&d=mm&r=g","contentUrl":"https:\/\/secure.gravatar.com\/avatar\/55cb5e37c1efa326397366e6974cb338056df65cb50e7d64d1cf314e87504837?s=96&d=mm&r=g","caption":"Arnaldo Botto"},"url":"https:\/\/www.noticiasradioreflejos.com.ar\/2021\/author\/arnaldo\/"}]}},"_links":{"self":[{"href":"https:\/\/www.noticiasradioreflejos.com.ar\/2021\/wp-json\/wp\/v2\/posts\/45511","targetHints":{"allow":["GET"]}}],"collection":[{"href":"https:\/\/www.noticiasradioreflejos.com.ar\/2021\/wp-json\/wp\/v2\/posts"}],"about":[{"href":"https:\/\/www.noticiasradioreflejos.com.ar\/2021\/wp-json\/wp\/v2\/types\/post"}],"author":[{"embeddable":true,"href":"https:\/\/www.noticiasradioreflejos.com.ar\/2021\/wp-json\/wp\/v2\/users\/3"}],"replies":[{"embeddable":true,"href":"https:\/\/www.noticiasradioreflejos.com.ar\/2021\/wp-json\/wp\/v2\/comments?post=45511"}],"version-history":[{"count":0,"href":"https:\/\/www.noticiasradioreflejos.com.ar\/2021\/wp-json\/wp\/v2\/posts\/45511\/revisions"}],"wp:attachment":[{"href":"https:\/\/www.noticiasradioreflejos.com.ar\/2021\/wp-json\/wp\/v2\/media?parent=45511"}],"wp:term":[{"taxonomy":"category","embeddable":true,"href":"https:\/\/www.noticiasradioreflejos.com.ar\/2021\/wp-json\/wp\/v2\/categories?post=45511"},{"taxonomy":"post_tag","embeddable":true,"href":"https:\/\/www.noticiasradioreflejos.com.ar\/2021\/wp-json\/wp\/v2\/tags?post=45511"}],"curies":[{"name":"wp","href":"https:\/\/api.w.org\/{rel}","templated":true}]}}