{"id":45503,"date":"2020-08-07T11:45:02","date_gmt":"2020-08-07T14:45:02","guid":{"rendered":"http:\/\/www.noticiasradioreflejos.com.ar\/noticias\/?p=45503"},"modified":"2020-08-07T11:45:02","modified_gmt":"2020-08-07T14:45:02","slug":"a-100-dias-de-la-desaparicion-de-facundo-astudillo-castro-como-esta-la-investigacion","status":"publish","type":"post","link":"https:\/\/www.noticiasradioreflejos.com.ar\/2021\/a-100-dias-de-la-desaparicion-de-facundo-astudillo-castro-como-esta-la-investigacion\/","title":{"rendered":"A 100 d\u00edas de la desaparici\u00f3n de Facundo Astudillo Castro, c\u00f3mo est\u00e1 la investigaci\u00f3n"},"content":{"rendered":"<p>La posible pista a la que se lleg\u00f3 gracias a una vidente, los elementos del joven que fueron encontrados en una comisar\u00eda y la decepci\u00f3n de su madre tras un llamado del presidente Alberto Fern\u00e1ndez: todo lo que se sabe hasta el momento<!--more--><\/p>\n<p>Ya son exactamente 100 d\u00edas los que estuvo desaparecido\u00a0<b>Facundo Astudillo Castro<\/b>, quien fue visto por \u00faltima vez el 30 de abril pasado cuando, a pesar del aislamiento obligatorio, decidi\u00f3 viajar hasta Bah\u00eda Blanca haciendo dedo en la ruta para reencontrarse con su novia, con quien hab\u00eda tenido una discusi\u00f3n.<\/p>\n<p class=\"font_tertiary paragraph\"><b>\u201cMam\u00e1, vos no ten\u00e9s idea d\u00f3nde estoy, no me vas a volver a ver m\u00e1s\u201d<\/b>, le dijo a su madre el joven de 22 a\u00f1os poco despu\u00e9s de las 13 horas de aquel d\u00eda, en la \u00faltima comunicaci\u00f3n que se le conoce desde que sali\u00f3 de su casa ubicada en la ciudad de\u00a0<b>Pedro Luro.<\/b><\/p>\n<p class=\"font_tertiary paragraph\">Desde aquel momento, la principal versi\u00f3n que se maneja es que Astudillo Castro habr\u00eda sido detenido en la localidad de\u00a0<b>Mayor Buratovich<\/b>, donde presuntamente le labraron dos actas por haber violado la cuarentena, pero hasta ahora no se sabe con precisi\u00f3n qu\u00e9 pas\u00f3 con \u00e9l despu\u00e9s de eso.<\/p>\n<p class=\"font_tertiary paragraph\">Su familia est\u00e1 convencida de que fue v\u00edctima de una\u00a0<b>\u201cdesaparici\u00f3n forzada\u201d<\/b>\u00a0y que al menos nueve oficiales de la Polic\u00eda Bonaerese desplegaron un plan de encubrimiento que incluye \u201cdemoras en los rastrillajes, pistas falsas y testigos truchos\u201d a la causa, seg\u00fan denunci\u00f3 el abogado\u00a0<b>Leandro Aparicio<\/b>, que representa a la querella.<\/p>\n<p class=\"font_tertiary paragraph\">\u201cNosotros tenemos tres testimonios que dicen que Facundo fue metido entre las 15.30 y las 16 a una camioneta de la polic\u00eda. Y\u00a0<b>desde ah\u00ed no hay ning\u00fan testimonio concreto que desvirt\u00fae esos tres testimonios\u201d<\/b>, explic\u00f3 el letrado.<\/p>\n<p class=\"font_tertiary paragraph\"><mark class=\"hl_yellow\">Hace pocos d\u00edas, una artesan\u00eda que podr\u00eda haber pertenecido al joven fue encontrada por un perro rastreador en\u00a0<b>un antiguo calabozo de la comisar\u00eda de Teniente Origone<\/b>: se trata de una\u00a0<b>esfera de madera pintada como una sand\u00eda.<\/b><\/mark><\/p>\n<p class=\"font_tertiary paragraph\"><b>\u201cLa madre no solo reconoci\u00f3 el objeto, sino que cuando lo vio adelant\u00f3 que en su interior hab\u00eda una vaquita San Antonio (que efectivamente fue hallada dentro)\u201d<\/b>, asegur\u00f3 Aparicio en di\u00e1logo con\u00a0<b>Infobae<\/b>.<\/p>\n<picture class=\"font_tertiary visual__image\"><source srcset=\"https:\/\/www.infobae.com\/new-resizer\/4a1poldnj5RRlzan77-JI4gMw_Q=\/768x576\/filters:format(jpg):quality(85)\/cloudfront-us-east-1.images.arcpublishing.com\/infobae\/NYP7BAO245HQ3LMGXEF6IIEB5E.jpg 1200w\" type=\"image\/jpg\" \/><source srcset=\"https:\/\/www.infobae.com\/new-resizer\/4a1poldnj5RRlzan77-JI4gMw_Q=\/768x576\/filters:format(jpg):quality(85)\/cloudfront-us-east-1.images.arcpublishing.com\/infobae\/NYP7BAO245HQ3LMGXEF6IIEB5E.jpg 992w\" type=\"image\/jpg\" \/><source srcset=\"https:\/\/www.infobae.com\/new-resizer\/4a1poldnj5RRlzan77-JI4gMw_Q=\/768x576\/filters:format(jpg):quality(85)\/cloudfront-us-east-1.images.arcpublishing.com\/infobae\/NYP7BAO245HQ3LMGXEF6IIEB5E.jpg 768w\" type=\"image\/jpg\" \/><source srcset=\"https:\/\/www.infobae.com\/new-resizer\/XYiE3RlEB-re5g2wA1aHxtw0Ius=\/420x315\/filters:format(jpg):quality(85)\/cloudfront-us-east-1.images.arcpublishing.com\/infobae\/NYP7BAO245HQ3LMGXEF6IIEB5E.jpg 420w\" type=\"image\/jpg\" \/><img loading=\"lazy\" decoding=\"async\" src=\"https:\/\/www.infobae.com\/new-resizer\/XYiE3RlEB-re5g2wA1aHxtw0Ius=\/420x315\/filters:format(jpg):quality(85)\/\/cloudfront-us-east-1.images.arcpublishing.com\/infobae\/NYP7BAO245HQ3LMGXEF6IIEB5E.jpg\" alt=\"El objeto encontrado en un viejo calabozo de la comisar\u00eda de Teniente Origone, que seg\u00fan la madre le pertenec\u00eda a Facundo. \" width=\"1920\" height=\"1440\" \/>El objeto encontrado en un viejo calabozo de la comisar\u00eda de Teniente Origone, que seg\u00fan la madre le pertenec\u00eda a Facundo.<\/picture>\n<p class=\"font_tertiary paragraph\">Del procedimiento tambi\u00e9n participaron perros de la Divisi\u00f3n K9 de la Polic\u00eda Federal y de Prefectura. Seg\u00fan informaron fuentes del caso, los canes de las fuerzas de seguridad no hab\u00edan detectado ning\u00fan rastro cadav\u00e9rico relacionado con Astudillo Castro en esa dependencia.<\/p>\n<p class=\"font_tertiary paragraph\">Por su parte, a fines del mes pasado el presidente\u00a0<b>Alberto Fern\u00e1ndez<\/b>\u00a0y el gobernador de Buenos Aires,\u00a0<b>Axel Kicillof<\/b>, se comunicaron con la madre del chico desaparecido para ponerse a disposici\u00f3n.<\/p>\n<p class=\"font_tertiary paragraph\"><mark class=\"hl_yellow\">\u201c<b>El Presidente me llam\u00f3 una vez, pero estoy muy decepcionada. Le ped\u00ed un favor personal como madre y todav\u00eda estoy esperando<\/b>\u201c, fue la respuesta de Cristina Castro durante una entrevista con Radio Continental.<\/mark><\/p>\n<p class=\"font_tertiary paragraph\">Durante la investigaci\u00f3n, la mujer pidi\u00f3 el apartamiento de\u00a0<b>Santiago Ulpiano Mart\u00ednez<\/b>, titular de la Fiscal\u00eda Federal N\u00b01 de Bah\u00eda Blanca, quien est\u00e1 al frente del caso, por considerar que act\u00faa con \u201cparcialidad\u201d y \u201cserias\u201d irregularidades en el proceso, pero el planteo fue desestimado por la jueza federal de esta misma ciudad,\u00a0<b>Gabriela Marr\u00f3n.<\/b><\/p>\n<p class=\"font_tertiary paragraph\">De hecho, recientemente<b>\u00a0Ulpiano Mart\u00ednez<\/b>\u00a0orden\u00f3 el an\u00e1lisis de restos \u00f3seos y elementos secuestrados durante una inspecci\u00f3n ocular realizada a la altura del kil\u00f3metro 780 de la ruta por la que iba el joven de 22 a\u00f1os.<\/p>\n<p class=\"font_tertiary paragraph\">Los huesos fueron encontrados a partir de\u00a0<b>la advertencia de una vidente<\/b>\u00a0a la familia Castro. El pedido lo hizo la querella y fue aceptado por la Justicia. Se llev\u00f3 a cabo en un camino de tierra lindante, donde adem\u00e1s se hallaron otros elementos, como\u00a0<b>prendas de vestir, zapatillas y un recipiente de cer\u00e1mica con el escudo de Boca<\/b>, los cuales, en principio, no fueron reconocidos por la madre del muchacho. Por su parte, un vocero allegado a la investigaci\u00f3n reconoci\u00f3 que \u201cse encontraron huesos\u201d, pero que \u201cser\u00edan de un animal\u201d.<\/p>\n<p class=\"font_tertiary paragraph\"><mark class=\"hl_yellow\">Horas antes,\u00a0<b>la Fiscal\u00eda hab\u00eda pedido la imputaci\u00f3n y la citaci\u00f3n a declaraci\u00f3n indagatoria de algunos implicados\u00a0<\/b>(presuntamente polic\u00edas, seg\u00fan revelaron fuentes del caso a este medio, aunque eso no fue confirmado oficialmente), pero la jueza Marr\u00f3n rechaz\u00f3 la solicitud por considerarla prematura, al entender que no exist\u00eda m\u00e9rito suficiente y sin perjuicio de lo que surja del desarrollo de la pesquisa.<\/mark><\/p>\n<picture class=\"font_tertiary visual__image\"><source srcset=\"https:\/\/www.infobae.com\/new-resizer\/_WHD0cYvk5ZKltKPuonhWd7W9eE=\/768x432\/filters:format(jpg):quality(85)\/cloudfront-us-east-1.images.arcpublishing.com\/infobae\/MJ2WQBOWEVG65F7FOJHKBCBN4M.jpg 1200w\" type=\"image\/jpg\" \/><source srcset=\"https:\/\/www.infobae.com\/new-resizer\/_WHD0cYvk5ZKltKPuonhWd7W9eE=\/768x432\/filters:format(jpg):quality(85)\/cloudfront-us-east-1.images.arcpublishing.com\/infobae\/MJ2WQBOWEVG65F7FOJHKBCBN4M.jpg 992w\" type=\"image\/jpg\" \/><source srcset=\"https:\/\/www.infobae.com\/new-resizer\/_WHD0cYvk5ZKltKPuonhWd7W9eE=\/768x432\/filters:format(jpg):quality(85)\/cloudfront-us-east-1.images.arcpublishing.com\/infobae\/MJ2WQBOWEVG65F7FOJHKBCBN4M.jpg 768w\" type=\"image\/jpg\" \/><source srcset=\"https:\/\/www.infobae.com\/new-resizer\/hjdnxDvrEqtrcy815FHikQ3fZIU=\/420x236\/filters:format(jpg):quality(85)\/cloudfront-us-east-1.images.arcpublishing.com\/infobae\/MJ2WQBOWEVG65F7FOJHKBCBN4M.jpg 420w\" type=\"image\/jpg\" \/><img loading=\"lazy\" decoding=\"async\" src=\"https:\/\/www.infobae.com\/new-resizer\/hjdnxDvrEqtrcy815FHikQ3fZIU=\/420x236\/filters:format(jpg):quality(85)\/\/cloudfront-us-east-1.images.arcpublishing.com\/infobae\/MJ2WQBOWEVG65F7FOJHKBCBN4M.jpg\" alt=\"Huesos y elementos encontrados a la vera de la Ruta Nacional N\u00b0 3.\" width=\"1920\" height=\"1080\" \/>Huesos y elementos encontrados a la vera de la Ruta Nacional N\u00b0 3.<\/picture>\n<p class=\"font_tertiary paragraph\">Por otra parte,\u00a0<b>los investigadores pudieron conectarse al WhatsApp del joven desaparecido al conseguir un chip para activar la l\u00ednea que \u00e9l usaba<\/b>\u00a0y pudieron recuperar \u201calgunos datos\u201d, los cuales se resguardaron en un CD.<\/p>\n<p class=\"font_tertiary paragraph\">Adem\u00e1s, la Procuradur\u00eda de Violencia Institucional (PROCUVIN) present\u00f3 un informe sobre los resultados arrojados por el\u00a0<b>Sistema de Localizaci\u00f3n Autom\u00e1tica Vehicular (AVL)<\/b>\u00a0de los patrulleros policiales investigados, que ser\u00e1n analizados por la Divisi\u00f3n B\u00fasqueda de Pr\u00f3fugos y Personas Desaparecidas de la Polic\u00eda Federal Argentina (PFA).<\/p>\n<p class=\"font_tertiary paragraph\"><mark class=\"hl_yellow\"><b>Lo que se pretende es saber si alguno de estos veh\u00edculos se desvi\u00f3 de su camino asignado para las tareas de vigilancia y prevenci\u00f3n<\/b>\u00a0en medio del per\u00edodo m\u00e1s estricto de la cuarentena obligatoria.<\/mark><\/p>\n<p class=\"font_tertiary paragraph\">Asimismo, el fiscal Ulpiano Mart\u00ednez recibi\u00f3 el tel\u00e9fono secuestrado al polic\u00eda\u00a0<b>Jorge Agust\u00edn Galarza<\/b>, quien declar\u00f3 haber visto a Astudillo Castro en Bah\u00eda Blanca despu\u00e9s del 30 de abril, y el aparato ser\u00e1 analizado por la Divisi\u00f3n de Apoyo Tecnol\u00f3gico de la PFA.<\/p>\n<p class=\"font_tertiary paragraph\">En tanto,\u00a0<b>el Gabinete Cient\u00edfico de esta misma fuerza de seguridad har\u00e1 un peritaje caligr\u00e1fico sobre el libro de actas, guardias y novedades de la comisar\u00eda de Hilario Ascasubi\u00a0<\/b>para determinar si en las anotaciones correspondientes al 30 de abril pasado existen\u00a0<b>enmiendas<\/b>,\u00a0<b>raspaduras<\/b>,\u00a0<b>borrones\u00a0<\/b>o\u00a0<b>faltantes de hojas<\/b>\u00a0que permitan suponer que existi\u00f3 una\u00a0<b>adulteraci\u00f3n de su contenido o, en la medida de lo posible, informe si existieron agregados posteriores a la fecha mencionada.<\/b><\/p>\n","protected":false},"excerpt":{"rendered":"<p>La posible pista a la que se lleg\u00f3 gracias a una vidente, los elementos del joven que fueron encontrados en una comisar\u00eda y la decepci\u00f3n de su madre tras un llamado del presidente Alberto Fern\u00e1ndez: todo lo que se sabe hasta el momento<\/p>\n","protected":false},"author":3,"featured_media":0,"comment_status":"closed","ping_status":"open","sticky":false,"template":"","format":"standard","meta":{"footnotes":""},"categories":[29],"tags":[],"class_list":["post-45503","post","type-post","status-publish","format-standard","hentry","category-policiales"],"yoast_head":"<!-- This site is optimized with the Yoast SEO plugin v25.9 - https:\/\/yoast.com\/wordpress\/plugins\/seo\/ -->\n<title>A 100 d\u00edas de la desaparici\u00f3n de Facundo Astudillo Castro, c\u00f3mo est\u00e1 la investigaci\u00f3n - Noticias Radio Reflejos<\/title>\n<meta name=\"robots\" content=\"index, follow, max-snippet:-1, max-image-preview:large, max-video-preview:-1\" \/>\n<link rel=\"canonical\" href=\"https:\/\/www.noticiasradioreflejos.com.ar\/2021\/a-100-dias-de-la-desaparicion-de-facundo-astudillo-castro-como-esta-la-investigacion\/\" \/>\n<meta property=\"og:locale\" content=\"es_ES\" \/>\n<meta property=\"og:type\" content=\"article\" \/>\n<meta property=\"og:title\" content=\"A 100 d\u00edas de la desaparici\u00f3n de Facundo Astudillo Castro, c\u00f3mo est\u00e1 la investigaci\u00f3n - Noticias Radio Reflejos\" \/>\n<meta property=\"og:description\" content=\"La posible pista a la que se lleg\u00f3 gracias a una vidente, los elementos del joven que fueron encontrados en una comisar\u00eda y la decepci\u00f3n de su madre tras un llamado del presidente Alberto Fern\u00e1ndez: todo lo que se sabe hasta el momento\" \/>\n<meta property=\"og:url\" content=\"https:\/\/www.noticiasradioreflejos.com.ar\/2021\/a-100-dias-de-la-desaparicion-de-facundo-astudillo-castro-como-esta-la-investigacion\/\" \/>\n<meta property=\"og:site_name\" content=\"Noticias Radio Reflejos\" \/>\n<meta property=\"article:published_time\" content=\"2020-08-07T14:45:02+00:00\" \/>\n<meta property=\"og:image\" content=\"https:\/\/www.infobae.com\/new-resizer\/XYiE3RlEB-re5g2wA1aHxtw0Ius=\/420x315\/filters:format(jpg):quality(85)\/\/cloudfront-us-east-1.images.arcpublishing.com\/infobae\/NYP7BAO245HQ3LMGXEF6IIEB5E.jpg\" \/>\n<meta name=\"author\" content=\"Arnaldo Botto\" \/>\n<meta name=\"twitter:card\" content=\"summary_large_image\" \/>\n<script type=\"application\/ld+json\" class=\"yoast-schema-graph\">{\"@context\":\"https:\/\/schema.org\",\"@graph\":[{\"@type\":\"WebPage\",\"@id\":\"https:\/\/www.noticiasradioreflejos.com.ar\/2021\/a-100-dias-de-la-desaparicion-de-facundo-astudillo-castro-como-esta-la-investigacion\/\",\"url\":\"https:\/\/www.noticiasradioreflejos.com.ar\/2021\/a-100-dias-de-la-desaparicion-de-facundo-astudillo-castro-como-esta-la-investigacion\/\",\"name\":\"A 100 d\u00edas de la desaparici\u00f3n de Facundo Astudillo Castro, c\u00f3mo est\u00e1 la investigaci\u00f3n - Noticias Radio Reflejos\",\"isPartOf\":{\"@id\":\"https:\/\/www.noticiasradioreflejos.com.ar\/2021\/#website\"},\"primaryImageOfPage\":{\"@id\":\"https:\/\/www.noticiasradioreflejos.com.ar\/2021\/a-100-dias-de-la-desaparicion-de-facundo-astudillo-castro-como-esta-la-investigacion\/#primaryimage\"},\"image\":{\"@id\":\"https:\/\/www.noticiasradioreflejos.com.ar\/2021\/a-100-dias-de-la-desaparicion-de-facundo-astudillo-castro-como-esta-la-investigacion\/#primaryimage\"},\"thumbnailUrl\":\"https:\/\/www.infobae.com\/new-resizer\/XYiE3RlEB-re5g2wA1aHxtw0Ius=\/420x315\/filters:format(jpg):quality(85)\/\/cloudfront-us-east-1.images.arcpublishing.com\/infobae\/NYP7BAO245HQ3LMGXEF6IIEB5E.jpg\",\"datePublished\":\"2020-08-07T14:45:02+00:00\",\"author\":{\"@id\":\"https:\/\/www.noticiasradioreflejos.com.ar\/2021\/#\/schema\/person\/ad82545263dcc5ec0996818884fd5fb1\"},\"breadcrumb\":{\"@id\":\"https:\/\/www.noticiasradioreflejos.com.ar\/2021\/a-100-dias-de-la-desaparicion-de-facundo-astudillo-castro-como-esta-la-investigacion\/#breadcrumb\"},\"inLanguage\":\"es\",\"potentialAction\":[{\"@type\":\"ReadAction\",\"target\":[\"https:\/\/www.noticiasradioreflejos.com.ar\/2021\/a-100-dias-de-la-desaparicion-de-facundo-astudillo-castro-como-esta-la-investigacion\/\"]}]},{\"@type\":\"ImageObject\",\"inLanguage\":\"es\",\"@id\":\"https:\/\/www.noticiasradioreflejos.com.ar\/2021\/a-100-dias-de-la-desaparicion-de-facundo-astudillo-castro-como-esta-la-investigacion\/#primaryimage\",\"url\":\"https:\/\/www.infobae.com\/new-resizer\/XYiE3RlEB-re5g2wA1aHxtw0Ius=\/420x315\/filters:format(jpg):quality(85)\/\/cloudfront-us-east-1.images.arcpublishing.com\/infobae\/NYP7BAO245HQ3LMGXEF6IIEB5E.jpg\",\"contentUrl\":\"https:\/\/www.infobae.com\/new-resizer\/XYiE3RlEB-re5g2wA1aHxtw0Ius=\/420x315\/filters:format(jpg):quality(85)\/\/cloudfront-us-east-1.images.arcpublishing.com\/infobae\/NYP7BAO245HQ3LMGXEF6IIEB5E.jpg\"},{\"@type\":\"BreadcrumbList\",\"@id\":\"https:\/\/www.noticiasradioreflejos.com.ar\/2021\/a-100-dias-de-la-desaparicion-de-facundo-astudillo-castro-como-esta-la-investigacion\/#breadcrumb\",\"itemListElement\":[{\"@type\":\"ListItem\",\"position\":1,\"name\":\"Portada\",\"item\":\"https:\/\/www.noticiasradioreflejos.com.ar\/2021\/\"},{\"@type\":\"ListItem\",\"position\":2,\"name\":\"A 100 d\u00edas de la desaparici\u00f3n de Facundo Astudillo Castro, c\u00f3mo est\u00e1 la investigaci\u00f3n\"}]},{\"@type\":\"WebSite\",\"@id\":\"https:\/\/www.noticiasradioreflejos.com.ar\/2021\/#website\",\"url\":\"https:\/\/www.noticiasradioreflejos.com.ar\/2021\/\",\"name\":\"Noticias Radio Reflejos\",\"description\":\"Las noticias de mi comarca\",\"potentialAction\":[{\"@type\":\"SearchAction\",\"target\":{\"@type\":\"EntryPoint\",\"urlTemplate\":\"https:\/\/www.noticiasradioreflejos.com.ar\/2021\/?s={search_term_string}\"},\"query-input\":{\"@type\":\"PropertyValueSpecification\",\"valueRequired\":true,\"valueName\":\"search_term_string\"}}],\"inLanguage\":\"es\"},{\"@type\":\"Person\",\"@id\":\"https:\/\/www.noticiasradioreflejos.com.ar\/2021\/#\/schema\/person\/ad82545263dcc5ec0996818884fd5fb1\",\"name\":\"Arnaldo Botto\",\"image\":{\"@type\":\"ImageObject\",\"inLanguage\":\"es\",\"@id\":\"https:\/\/www.noticiasradioreflejos.com.ar\/2021\/#\/schema\/person\/image\/\",\"url\":\"https:\/\/secure.gravatar.com\/avatar\/55cb5e37c1efa326397366e6974cb338056df65cb50e7d64d1cf314e87504837?s=96&d=mm&r=g\",\"contentUrl\":\"https:\/\/secure.gravatar.com\/avatar\/55cb5e37c1efa326397366e6974cb338056df65cb50e7d64d1cf314e87504837?s=96&d=mm&r=g\",\"caption\":\"Arnaldo Botto\"},\"url\":\"https:\/\/www.noticiasradioreflejos.com.ar\/2021\/author\/arnaldo\/\"}]}<\/script>\n<!-- \/ Yoast SEO plugin. -->","yoast_head_json":{"title":"A 100 d\u00edas de la desaparici\u00f3n de Facundo Astudillo Castro, c\u00f3mo est\u00e1 la investigaci\u00f3n - Noticias Radio Reflejos","robots":{"index":"index","follow":"follow","max-snippet":"max-snippet:-1","max-image-preview":"max-image-preview:large","max-video-preview":"max-video-preview:-1"},"canonical":"https:\/\/www.noticiasradioreflejos.com.ar\/2021\/a-100-dias-de-la-desaparicion-de-facundo-astudillo-castro-como-esta-la-investigacion\/","og_locale":"es_ES","og_type":"article","og_title":"A 100 d\u00edas de la desaparici\u00f3n de Facundo Astudillo Castro, c\u00f3mo est\u00e1 la investigaci\u00f3n - Noticias Radio Reflejos","og_description":"La posible pista a la que se lleg\u00f3 gracias a una vidente, los elementos del joven que fueron encontrados en una comisar\u00eda y la decepci\u00f3n de su madre tras un llamado del presidente Alberto Fern\u00e1ndez: todo lo que se sabe hasta el momento","og_url":"https:\/\/www.noticiasradioreflejos.com.ar\/2021\/a-100-dias-de-la-desaparicion-de-facundo-astudillo-castro-como-esta-la-investigacion\/","og_site_name":"Noticias Radio Reflejos","article_published_time":"2020-08-07T14:45:02+00:00","og_image":[{"url":"https:\/\/www.infobae.com\/new-resizer\/XYiE3RlEB-re5g2wA1aHxtw0Ius=\/420x315\/filters:format(jpg):quality(85)\/\/cloudfront-us-east-1.images.arcpublishing.com\/infobae\/NYP7BAO245HQ3LMGXEF6IIEB5E.jpg","type":"","width":"","height":""}],"author":"Arnaldo Botto","twitter_card":"summary_large_image","schema":{"@context":"https:\/\/schema.org","@graph":[{"@type":"WebPage","@id":"https:\/\/www.noticiasradioreflejos.com.ar\/2021\/a-100-dias-de-la-desaparicion-de-facundo-astudillo-castro-como-esta-la-investigacion\/","url":"https:\/\/www.noticiasradioreflejos.com.ar\/2021\/a-100-dias-de-la-desaparicion-de-facundo-astudillo-castro-como-esta-la-investigacion\/","name":"A 100 d\u00edas de la desaparici\u00f3n de Facundo Astudillo Castro, c\u00f3mo est\u00e1 la investigaci\u00f3n - Noticias Radio Reflejos","isPartOf":{"@id":"https:\/\/www.noticiasradioreflejos.com.ar\/2021\/#website"},"primaryImageOfPage":{"@id":"https:\/\/www.noticiasradioreflejos.com.ar\/2021\/a-100-dias-de-la-desaparicion-de-facundo-astudillo-castro-como-esta-la-investigacion\/#primaryimage"},"image":{"@id":"https:\/\/www.noticiasradioreflejos.com.ar\/2021\/a-100-dias-de-la-desaparicion-de-facundo-astudillo-castro-como-esta-la-investigacion\/#primaryimage"},"thumbnailUrl":"https:\/\/www.infobae.com\/new-resizer\/XYiE3RlEB-re5g2wA1aHxtw0Ius=\/420x315\/filters:format(jpg):quality(85)\/\/cloudfront-us-east-1.images.arcpublishing.com\/infobae\/NYP7BAO245HQ3LMGXEF6IIEB5E.jpg","datePublished":"2020-08-07T14:45:02+00:00","author":{"@id":"https:\/\/www.noticiasradioreflejos.com.ar\/2021\/#\/schema\/person\/ad82545263dcc5ec0996818884fd5fb1"},"breadcrumb":{"@id":"https:\/\/www.noticiasradioreflejos.com.ar\/2021\/a-100-dias-de-la-desaparicion-de-facundo-astudillo-castro-como-esta-la-investigacion\/#breadcrumb"},"inLanguage":"es","potentialAction":[{"@type":"ReadAction","target":["https:\/\/www.noticiasradioreflejos.com.ar\/2021\/a-100-dias-de-la-desaparicion-de-facundo-astudillo-castro-como-esta-la-investigacion\/"]}]},{"@type":"ImageObject","inLanguage":"es","@id":"https:\/\/www.noticiasradioreflejos.com.ar\/2021\/a-100-dias-de-la-desaparicion-de-facundo-astudillo-castro-como-esta-la-investigacion\/#primaryimage","url":"https:\/\/www.infobae.com\/new-resizer\/XYiE3RlEB-re5g2wA1aHxtw0Ius=\/420x315\/filters:format(jpg):quality(85)\/\/cloudfront-us-east-1.images.arcpublishing.com\/infobae\/NYP7BAO245HQ3LMGXEF6IIEB5E.jpg","contentUrl":"https:\/\/www.infobae.com\/new-resizer\/XYiE3RlEB-re5g2wA1aHxtw0Ius=\/420x315\/filters:format(jpg):quality(85)\/\/cloudfront-us-east-1.images.arcpublishing.com\/infobae\/NYP7BAO245HQ3LMGXEF6IIEB5E.jpg"},{"@type":"BreadcrumbList","@id":"https:\/\/www.noticiasradioreflejos.com.ar\/2021\/a-100-dias-de-la-desaparicion-de-facundo-astudillo-castro-como-esta-la-investigacion\/#breadcrumb","itemListElement":[{"@type":"ListItem","position":1,"name":"Portada","item":"https:\/\/www.noticiasradioreflejos.com.ar\/2021\/"},{"@type":"ListItem","position":2,"name":"A 100 d\u00edas de la desaparici\u00f3n de Facundo Astudillo Castro, c\u00f3mo est\u00e1 la investigaci\u00f3n"}]},{"@type":"WebSite","@id":"https:\/\/www.noticiasradioreflejos.com.ar\/2021\/#website","url":"https:\/\/www.noticiasradioreflejos.com.ar\/2021\/","name":"Noticias Radio Reflejos","description":"Las noticias de mi comarca","potentialAction":[{"@type":"SearchAction","target":{"@type":"EntryPoint","urlTemplate":"https:\/\/www.noticiasradioreflejos.com.ar\/2021\/?s={search_term_string}"},"query-input":{"@type":"PropertyValueSpecification","valueRequired":true,"valueName":"search_term_string"}}],"inLanguage":"es"},{"@type":"Person","@id":"https:\/\/www.noticiasradioreflejos.com.ar\/2021\/#\/schema\/person\/ad82545263dcc5ec0996818884fd5fb1","name":"Arnaldo Botto","image":{"@type":"ImageObject","inLanguage":"es","@id":"https:\/\/www.noticiasradioreflejos.com.ar\/2021\/#\/schema\/person\/image\/","url":"https:\/\/secure.gravatar.com\/avatar\/55cb5e37c1efa326397366e6974cb338056df65cb50e7d64d1cf314e87504837?s=96&d=mm&r=g","contentUrl":"https:\/\/secure.gravatar.com\/avatar\/55cb5e37c1efa326397366e6974cb338056df65cb50e7d64d1cf314e87504837?s=96&d=mm&r=g","caption":"Arnaldo Botto"},"url":"https:\/\/www.noticiasradioreflejos.com.ar\/2021\/author\/arnaldo\/"}]}},"_links":{"self":[{"href":"https:\/\/www.noticiasradioreflejos.com.ar\/2021\/wp-json\/wp\/v2\/posts\/45503","targetHints":{"allow":["GET"]}}],"collection":[{"href":"https:\/\/www.noticiasradioreflejos.com.ar\/2021\/wp-json\/wp\/v2\/posts"}],"about":[{"href":"https:\/\/www.noticiasradioreflejos.com.ar\/2021\/wp-json\/wp\/v2\/types\/post"}],"author":[{"embeddable":true,"href":"https:\/\/www.noticiasradioreflejos.com.ar\/2021\/wp-json\/wp\/v2\/users\/3"}],"replies":[{"embeddable":true,"href":"https:\/\/www.noticiasradioreflejos.com.ar\/2021\/wp-json\/wp\/v2\/comments?post=45503"}],"version-history":[{"count":0,"href":"https:\/\/www.noticiasradioreflejos.com.ar\/2021\/wp-json\/wp\/v2\/posts\/45503\/revisions"}],"wp:attachment":[{"href":"https:\/\/www.noticiasradioreflejos.com.ar\/2021\/wp-json\/wp\/v2\/media?parent=45503"}],"wp:term":[{"taxonomy":"category","embeddable":true,"href":"https:\/\/www.noticiasradioreflejos.com.ar\/2021\/wp-json\/wp\/v2\/categories?post=45503"},{"taxonomy":"post_tag","embeddable":true,"href":"https:\/\/www.noticiasradioreflejos.com.ar\/2021\/wp-json\/wp\/v2\/tags?post=45503"}],"curies":[{"name":"wp","href":"https:\/\/api.w.org\/{rel}","templated":true}]}}