{"id":45495,"date":"2020-08-07T08:55:39","date_gmt":"2020-08-07T11:55:39","guid":{"rendered":"http:\/\/www.noticiasradioreflejos.com.ar\/noticias\/?p=45495"},"modified":"2020-08-07T08:55:39","modified_gmt":"2020-08-07T11:55:39","slug":"laprida-suma-cinco-positivos-de-covid-y-alcanza-los-16-activos-en-la-semana","status":"publish","type":"post","link":"https:\/\/www.noticiasradioreflejos.com.ar\/2021\/laprida-suma-cinco-positivos-de-covid-y-alcanza-los-16-activos-en-la-semana\/","title":{"rendered":"Laprida suma cinco positivos de Covid y alcanza los 16 activos en la semana"},"content":{"rendered":"<p>Durante las \u00faltimas 24 horas se han realizado 20 hisopados.<!--more--><\/p>\n<p>Laprida, que al igual que Pringles, hace algunos d\u00edas atr\u00e1s no ten\u00eda ning\u00fan caso positivo, ya que se hab\u00edan recuperado los anteriormente infectados, se encuentra al d\u00eda de la fecha con 16 casos activos. En Laprida ayer por la tarde se conocieron los resultados de los hisopados pendientes y a los 11 casos positivos, se sumaron 5 nuevos, por lo cual al d\u00eda de hoy cuentan con 16 casos positivos de COVID-19 y hay otros 20 en estudio.<\/p>\n<p>COMIT\u00c9 DE SEGUIMIENTO DE CORONAVIRUS<\/p>\n<p>Informe de situaci\u00f3n del Coronavirus COVID-19 en el distrito de Laprida \u2013 Parte 279<br \/>\nAislamiento Domiciliario: 53 personas<br \/>\nCumplieron con Aislamiento: 440 personas<br \/>\nCasos Pacientes en estudio: 20 personas<br \/>\nCasos Pacientes negativos: 61 personas<br \/>\nCasos Pacientes Curados: 10 personas<br \/>\nCasos pacientes activos: 16 personas<br \/>\nAislamiento Pacientes Activos en domicilio 16 personas<br \/>\nAislamiento Pacientes Activos en hospital: 0 personas<br \/>\nContactos estrechos en Aislamiento: 125<br \/>\nAislamiento contactos estrechos en hospital: 2 personas<br \/>\nAislamiento contactos estrechos en domicilio: 123 personas<br \/>\nNovedades:Resultado de los tests realizados durante el d\u00eda 5 de Agosto 2020:<br \/>\nCaso estudio N\u00ba 74 \u2013 masculino de 56 a\u00f1os de edad, resultado NEGATIVO<br \/>\nCaso estudio N\u00ba 75 \u2013 masculino de 50 a\u00f1os de edad, resultado POSITIVO<br \/>\nCaso estudio N\u00ba 76 \u2013 femenino de 8 a\u00f1os de edad, resultado POSITIVO<br \/>\nCaso estudio N\u00ba 77 \u2013femenino de 59 a\u00f1os de edad, resultado NEGATIVO<br \/>\nCaso estudio N\u00ba 78 \u2013 masculino de 47 a\u00f1os de edad, resultado NEGATIVO<br \/>\nCaso estudio N\u00ba 79 \u2013 masculino de 33 a\u00f1os de edad, resultado POSITIVO<br \/>\nCaso estudio N\u00ba 80 \u2013 femenino de 25 a\u00f1os de edad, resultado POSITIVO<br \/>\nCaso estudio N\u00ba 81 \u2013 masculino de 28 a\u00f1os de edad, resultado NEGATIVO<br \/>\nCaso estudio N\u00ba 82 \u2013 masculino de 17 a\u00f1os de edad, resultado NEGATIVO<br \/>\nCaso estudio N\u00ba 83 \u2013 masculino de 62 a\u00f1os de edad, resultado NEGATIVO<br \/>\nCaso estudio N\u00ba 84 \u2013masculino de 32 a\u00f1os de edad, resultado NEGATIVO<br \/>\nCaso estudio N\u00ba 85 \u2013 masculino de 16 a\u00f1os de edad, resultado NEGATIVO<br \/>\nCaso estudio N\u00ba 86 \u2013 masculino de 14 a\u00f1os de edad, resultado NEGATIVO<br \/>\nCaso estudio N\u00ba 87 \u2013 masculino de 56 a\u00f1os de edad, resultado POSITIVO<br \/>\nCumplieron con el proceso de aislamiento un total de 2 personas vinculadas a viajes desde Olavarr\u00eda<br \/>\nAnte la presencia de s\u00edntomas (Fiebre y tos; dolor de garganta; dificultad respiratoria o p\u00e9rdida de olfato)<\/p>\n<p>No te automediques. Permanece en tu domicilio.<br \/>\nComunicate las 24 horas al 107 \/ o a los celulares 2284 681100 \/ 300047<\/p>\n<p>Las personas que ingresen de los distritos que conforman la zona conocida como AMBA, Olavarr\u00eda, Bah\u00eda Blanca, Mar del Plata, Chivilcoy y Cachari, deber\u00e1n cumplir con los 14 d\u00edas de aislamiento sanitario obligatorio.<\/p>\n","protected":false},"excerpt":{"rendered":"<p>Durante las \u00faltimas 24 horas se han realizado 20 hisopados.<\/p>\n","protected":false},"author":3,"featured_media":0,"comment_status":"closed","ping_status":"open","sticky":false,"template":"","format":"standard","meta":{"footnotes":""},"categories":[30],"tags":[],"class_list":["post-45495","post","type-post","status-publish","format-standard","hentry","category-salud"],"yoast_head":"<!-- This site is optimized with the Yoast SEO plugin v25.9 - https:\/\/yoast.com\/wordpress\/plugins\/seo\/ -->\n<title>Laprida suma cinco positivos de Covid y alcanza los 16 activos en la semana - Noticias Radio Reflejos<\/title>\n<meta name=\"robots\" content=\"index, follow, max-snippet:-1, max-image-preview:large, max-video-preview:-1\" \/>\n<link rel=\"canonical\" href=\"https:\/\/www.noticiasradioreflejos.com.ar\/2021\/laprida-suma-cinco-positivos-de-covid-y-alcanza-los-16-activos-en-la-semana\/\" \/>\n<meta property=\"og:locale\" content=\"es_ES\" \/>\n<meta property=\"og:type\" content=\"article\" \/>\n<meta property=\"og:title\" content=\"Laprida suma cinco positivos de Covid y alcanza los 16 activos en la semana - Noticias Radio Reflejos\" \/>\n<meta property=\"og:description\" content=\"Durante las \u00faltimas 24 horas se han realizado 20 hisopados.\" \/>\n<meta property=\"og:url\" content=\"https:\/\/www.noticiasradioreflejos.com.ar\/2021\/laprida-suma-cinco-positivos-de-covid-y-alcanza-los-16-activos-en-la-semana\/\" \/>\n<meta property=\"og:site_name\" content=\"Noticias Radio Reflejos\" \/>\n<meta property=\"article:published_time\" content=\"2020-08-07T11:55:39+00:00\" \/>\n<meta property=\"og:image\" content=\"https:\/\/www.noticiasradioreflejos.com.ar\/2021\/wp-content\/uploads\/2021\/07\/logosol300x200.png\" \/>\n\t<meta property=\"og:image:width\" content=\"300\" \/>\n\t<meta property=\"og:image:height\" content=\"200\" \/>\n\t<meta property=\"og:image:type\" content=\"image\/png\" \/>\n<meta name=\"author\" content=\"Arnaldo Botto\" \/>\n<meta name=\"twitter:card\" content=\"summary_large_image\" \/>\n<script type=\"application\/ld+json\" class=\"yoast-schema-graph\">{\"@context\":\"https:\/\/schema.org\",\"@graph\":[{\"@type\":\"WebPage\",\"@id\":\"https:\/\/www.noticiasradioreflejos.com.ar\/2021\/laprida-suma-cinco-positivos-de-covid-y-alcanza-los-16-activos-en-la-semana\/\",\"url\":\"https:\/\/www.noticiasradioreflejos.com.ar\/2021\/laprida-suma-cinco-positivos-de-covid-y-alcanza-los-16-activos-en-la-semana\/\",\"name\":\"Laprida suma cinco positivos de Covid y alcanza los 16 activos en la semana - Noticias Radio Reflejos\",\"isPartOf\":{\"@id\":\"https:\/\/www.noticiasradioreflejos.com.ar\/2021\/#website\"},\"datePublished\":\"2020-08-07T11:55:39+00:00\",\"author\":{\"@id\":\"https:\/\/www.noticiasradioreflejos.com.ar\/2021\/#\/schema\/person\/ad82545263dcc5ec0996818884fd5fb1\"},\"breadcrumb\":{\"@id\":\"https:\/\/www.noticiasradioreflejos.com.ar\/2021\/laprida-suma-cinco-positivos-de-covid-y-alcanza-los-16-activos-en-la-semana\/#breadcrumb\"},\"inLanguage\":\"es\",\"potentialAction\":[{\"@type\":\"ReadAction\",\"target\":[\"https:\/\/www.noticiasradioreflejos.com.ar\/2021\/laprida-suma-cinco-positivos-de-covid-y-alcanza-los-16-activos-en-la-semana\/\"]}]},{\"@type\":\"BreadcrumbList\",\"@id\":\"https:\/\/www.noticiasradioreflejos.com.ar\/2021\/laprida-suma-cinco-positivos-de-covid-y-alcanza-los-16-activos-en-la-semana\/#breadcrumb\",\"itemListElement\":[{\"@type\":\"ListItem\",\"position\":1,\"name\":\"Portada\",\"item\":\"https:\/\/www.noticiasradioreflejos.com.ar\/2021\/\"},{\"@type\":\"ListItem\",\"position\":2,\"name\":\"Laprida suma cinco positivos de Covid y alcanza los 16 activos en la semana\"}]},{\"@type\":\"WebSite\",\"@id\":\"https:\/\/www.noticiasradioreflejos.com.ar\/2021\/#website\",\"url\":\"https:\/\/www.noticiasradioreflejos.com.ar\/2021\/\",\"name\":\"Noticias Radio Reflejos\",\"description\":\"Las noticias de mi comarca\",\"potentialAction\":[{\"@type\":\"SearchAction\",\"target\":{\"@type\":\"EntryPoint\",\"urlTemplate\":\"https:\/\/www.noticiasradioreflejos.com.ar\/2021\/?s={search_term_string}\"},\"query-input\":{\"@type\":\"PropertyValueSpecification\",\"valueRequired\":true,\"valueName\":\"search_term_string\"}}],\"inLanguage\":\"es\"},{\"@type\":\"Person\",\"@id\":\"https:\/\/www.noticiasradioreflejos.com.ar\/2021\/#\/schema\/person\/ad82545263dcc5ec0996818884fd5fb1\",\"name\":\"Arnaldo Botto\",\"image\":{\"@type\":\"ImageObject\",\"inLanguage\":\"es\",\"@id\":\"https:\/\/www.noticiasradioreflejos.com.ar\/2021\/#\/schema\/person\/image\/\",\"url\":\"https:\/\/secure.gravatar.com\/avatar\/55cb5e37c1efa326397366e6974cb338056df65cb50e7d64d1cf314e87504837?s=96&d=mm&r=g\",\"contentUrl\":\"https:\/\/secure.gravatar.com\/avatar\/55cb5e37c1efa326397366e6974cb338056df65cb50e7d64d1cf314e87504837?s=96&d=mm&r=g\",\"caption\":\"Arnaldo Botto\"},\"url\":\"https:\/\/www.noticiasradioreflejos.com.ar\/2021\/author\/arnaldo\/\"}]}<\/script>\n<!-- \/ Yoast SEO plugin. -->","yoast_head_json":{"title":"Laprida suma cinco positivos de Covid y alcanza los 16 activos en la semana - Noticias Radio Reflejos","robots":{"index":"index","follow":"follow","max-snippet":"max-snippet:-1","max-image-preview":"max-image-preview:large","max-video-preview":"max-video-preview:-1"},"canonical":"https:\/\/www.noticiasradioreflejos.com.ar\/2021\/laprida-suma-cinco-positivos-de-covid-y-alcanza-los-16-activos-en-la-semana\/","og_locale":"es_ES","og_type":"article","og_title":"Laprida suma cinco positivos de Covid y alcanza los 16 activos en la semana - Noticias Radio Reflejos","og_description":"Durante las \u00faltimas 24 horas se han realizado 20 hisopados.","og_url":"https:\/\/www.noticiasradioreflejos.com.ar\/2021\/laprida-suma-cinco-positivos-de-covid-y-alcanza-los-16-activos-en-la-semana\/","og_site_name":"Noticias Radio Reflejos","article_published_time":"2020-08-07T11:55:39+00:00","og_image":[{"width":300,"height":200,"url":"https:\/\/www.noticiasradioreflejos.com.ar\/2021\/wp-content\/uploads\/2021\/07\/logosol300x200.png","type":"image\/png"}],"author":"Arnaldo Botto","twitter_card":"summary_large_image","schema":{"@context":"https:\/\/schema.org","@graph":[{"@type":"WebPage","@id":"https:\/\/www.noticiasradioreflejos.com.ar\/2021\/laprida-suma-cinco-positivos-de-covid-y-alcanza-los-16-activos-en-la-semana\/","url":"https:\/\/www.noticiasradioreflejos.com.ar\/2021\/laprida-suma-cinco-positivos-de-covid-y-alcanza-los-16-activos-en-la-semana\/","name":"Laprida suma cinco positivos de Covid y alcanza los 16 activos en la semana - Noticias Radio Reflejos","isPartOf":{"@id":"https:\/\/www.noticiasradioreflejos.com.ar\/2021\/#website"},"datePublished":"2020-08-07T11:55:39+00:00","author":{"@id":"https:\/\/www.noticiasradioreflejos.com.ar\/2021\/#\/schema\/person\/ad82545263dcc5ec0996818884fd5fb1"},"breadcrumb":{"@id":"https:\/\/www.noticiasradioreflejos.com.ar\/2021\/laprida-suma-cinco-positivos-de-covid-y-alcanza-los-16-activos-en-la-semana\/#breadcrumb"},"inLanguage":"es","potentialAction":[{"@type":"ReadAction","target":["https:\/\/www.noticiasradioreflejos.com.ar\/2021\/laprida-suma-cinco-positivos-de-covid-y-alcanza-los-16-activos-en-la-semana\/"]}]},{"@type":"BreadcrumbList","@id":"https:\/\/www.noticiasradioreflejos.com.ar\/2021\/laprida-suma-cinco-positivos-de-covid-y-alcanza-los-16-activos-en-la-semana\/#breadcrumb","itemListElement":[{"@type":"ListItem","position":1,"name":"Portada","item":"https:\/\/www.noticiasradioreflejos.com.ar\/2021\/"},{"@type":"ListItem","position":2,"name":"Laprida suma cinco positivos de Covid y alcanza los 16 activos en la semana"}]},{"@type":"WebSite","@id":"https:\/\/www.noticiasradioreflejos.com.ar\/2021\/#website","url":"https:\/\/www.noticiasradioreflejos.com.ar\/2021\/","name":"Noticias Radio Reflejos","description":"Las noticias de mi comarca","potentialAction":[{"@type":"SearchAction","target":{"@type":"EntryPoint","urlTemplate":"https:\/\/www.noticiasradioreflejos.com.ar\/2021\/?s={search_term_string}"},"query-input":{"@type":"PropertyValueSpecification","valueRequired":true,"valueName":"search_term_string"}}],"inLanguage":"es"},{"@type":"Person","@id":"https:\/\/www.noticiasradioreflejos.com.ar\/2021\/#\/schema\/person\/ad82545263dcc5ec0996818884fd5fb1","name":"Arnaldo Botto","image":{"@type":"ImageObject","inLanguage":"es","@id":"https:\/\/www.noticiasradioreflejos.com.ar\/2021\/#\/schema\/person\/image\/","url":"https:\/\/secure.gravatar.com\/avatar\/55cb5e37c1efa326397366e6974cb338056df65cb50e7d64d1cf314e87504837?s=96&d=mm&r=g","contentUrl":"https:\/\/secure.gravatar.com\/avatar\/55cb5e37c1efa326397366e6974cb338056df65cb50e7d64d1cf314e87504837?s=96&d=mm&r=g","caption":"Arnaldo Botto"},"url":"https:\/\/www.noticiasradioreflejos.com.ar\/2021\/author\/arnaldo\/"}]}},"_links":{"self":[{"href":"https:\/\/www.noticiasradioreflejos.com.ar\/2021\/wp-json\/wp\/v2\/posts\/45495","targetHints":{"allow":["GET"]}}],"collection":[{"href":"https:\/\/www.noticiasradioreflejos.com.ar\/2021\/wp-json\/wp\/v2\/posts"}],"about":[{"href":"https:\/\/www.noticiasradioreflejos.com.ar\/2021\/wp-json\/wp\/v2\/types\/post"}],"author":[{"embeddable":true,"href":"https:\/\/www.noticiasradioreflejos.com.ar\/2021\/wp-json\/wp\/v2\/users\/3"}],"replies":[{"embeddable":true,"href":"https:\/\/www.noticiasradioreflejos.com.ar\/2021\/wp-json\/wp\/v2\/comments?post=45495"}],"version-history":[{"count":0,"href":"https:\/\/www.noticiasradioreflejos.com.ar\/2021\/wp-json\/wp\/v2\/posts\/45495\/revisions"}],"wp:attachment":[{"href":"https:\/\/www.noticiasradioreflejos.com.ar\/2021\/wp-json\/wp\/v2\/media?parent=45495"}],"wp:term":[{"taxonomy":"category","embeddable":true,"href":"https:\/\/www.noticiasradioreflejos.com.ar\/2021\/wp-json\/wp\/v2\/categories?post=45495"},{"taxonomy":"post_tag","embeddable":true,"href":"https:\/\/www.noticiasradioreflejos.com.ar\/2021\/wp-json\/wp\/v2\/tags?post=45495"}],"curies":[{"name":"wp","href":"https:\/\/api.w.org\/{rel}","templated":true}]}}