{"id":45487,"date":"2020-08-07T08:38:12","date_gmt":"2020-08-07T11:38:12","guid":{"rendered":"http:\/\/www.noticiasradioreflejos.com.ar\/noticias\/?p=45487"},"modified":"2020-08-07T08:38:12","modified_gmt":"2020-08-07T11:38:12","slug":"coronavirus-pringles-tenia-apenas-dos-casos-y-en-un-solo-dia-hubo-ocho-nuevos","status":"publish","type":"post","link":"https:\/\/www.noticiasradioreflejos.com.ar\/2021\/coronavirus-pringles-tenia-apenas-dos-casos-y-en-un-solo-dia-hubo-ocho-nuevos\/","title":{"rendered":"Coronavirus: Pringles ten\u00eda apenas dos casos y en un solo d\u00eda hubo ocho nuevos"},"content":{"rendered":"<p>Coronel Pringles sufre por estas horas su primer brote de coronavirus desde el inicio de la pandemia con la aparici\u00f3n de ocho nuevos casos luego de realizar una serie de hisopados a personas que eran consideradas sospechosas de portar la enfermedad.<!--more-->La peor de las noticias, se conoci\u00f3 anoche\u00a0 minutos antes de las 00 horas, cuando ingres\u00f3 la actualizaci\u00f3n\u00a0 del reporte epidemiol\u00f3gico, que indicaba que de los 10 casos sospechosos con los que contaba el distrito , 2 dieron resultado negativo, pero 8 fueron positivos para Covid-19.\u00a0 Recordemos que estos\u00a0 10 hisopados se\u00a0 hab\u00edan realizado en la jornada del mi\u00e9rcoles 5 de agosto. A su vez,\u00a0 a \u00e9sto hay que sumarle un nuevo caso sospechoso, ya que en la jornada de ayer jueves se realiz\u00f3 un\u00a0 hisopado a una persona no vinculada a los dos casos positivos.\u00a0 Es as\u00ed que hoy,\u00a0 una vez que se\u00a0 re\u00fana el equipo de Salud y el Comit\u00e9 de Crisis, el Intendente ampliar\u00e1 la informaci\u00f3n sobre los nuevos casos positivos y podr\u00eda anunciar nuevas medidas.<\/p>\n<p>Desde la Secretar\u00eda de Salud solicitaron a los vecinos tener\u00a0 tranquilidad, porque \u00abel equipo de Salud est\u00e1 trabajando en los nexos epidemiol\u00f3gicos; seguir respetando las pautas sanitarias y acompa\u00f1arnos a trav\u00e9s de las redes oficiales del Municipio para mantenerse informados\u00bb, expresaron a trav\u00e9s de un comunicado.<\/p>\n<div><\/div>\n","protected":false},"excerpt":{"rendered":"<p>Coronel Pringles sufre por estas horas su primer brote de coronavirus desde el inicio de la pandemia con la aparici\u00f3n de ocho nuevos casos luego de realizar una serie de hisopados a personas que eran consideradas sospechosas de portar la enfermedad.<\/p>\n","protected":false},"author":3,"featured_media":0,"comment_status":"closed","ping_status":"open","sticky":false,"template":"","format":"standard","meta":{"footnotes":""},"categories":[30],"tags":[],"class_list":["post-45487","post","type-post","status-publish","format-standard","hentry","category-salud"],"yoast_head":"<!-- This site is optimized with the Yoast SEO plugin v25.9 - https:\/\/yoast.com\/wordpress\/plugins\/seo\/ -->\n<title>Coronavirus: Pringles ten\u00eda apenas dos casos y en un solo d\u00eda hubo ocho nuevos - Noticias Radio Reflejos<\/title>\n<meta name=\"robots\" content=\"index, follow, max-snippet:-1, max-image-preview:large, max-video-preview:-1\" \/>\n<link rel=\"canonical\" href=\"https:\/\/www.noticiasradioreflejos.com.ar\/2021\/coronavirus-pringles-tenia-apenas-dos-casos-y-en-un-solo-dia-hubo-ocho-nuevos\/\" \/>\n<meta property=\"og:locale\" content=\"es_ES\" \/>\n<meta property=\"og:type\" content=\"article\" \/>\n<meta property=\"og:title\" content=\"Coronavirus: Pringles ten\u00eda apenas dos casos y en un solo d\u00eda hubo ocho nuevos - Noticias Radio Reflejos\" \/>\n<meta property=\"og:description\" content=\"Coronel Pringles sufre por estas horas su primer brote de coronavirus desde el inicio de la pandemia con la aparici\u00f3n de ocho nuevos casos luego de realizar una serie de hisopados a personas que eran consideradas sospechosas de portar la enfermedad.\" \/>\n<meta property=\"og:url\" content=\"https:\/\/www.noticiasradioreflejos.com.ar\/2021\/coronavirus-pringles-tenia-apenas-dos-casos-y-en-un-solo-dia-hubo-ocho-nuevos\/\" \/>\n<meta property=\"og:site_name\" content=\"Noticias Radio Reflejos\" \/>\n<meta property=\"article:published_time\" content=\"2020-08-07T11:38:12+00:00\" \/>\n<meta property=\"og:image\" content=\"https:\/\/www.noticiasradioreflejos.com.ar\/2021\/wp-content\/uploads\/2021\/07\/logosol300x200.png\" \/>\n\t<meta property=\"og:image:width\" content=\"300\" \/>\n\t<meta property=\"og:image:height\" content=\"200\" \/>\n\t<meta property=\"og:image:type\" content=\"image\/png\" \/>\n<meta name=\"author\" content=\"Arnaldo Botto\" \/>\n<meta name=\"twitter:card\" content=\"summary_large_image\" \/>\n<script type=\"application\/ld+json\" class=\"yoast-schema-graph\">{\"@context\":\"https:\/\/schema.org\",\"@graph\":[{\"@type\":\"WebPage\",\"@id\":\"https:\/\/www.noticiasradioreflejos.com.ar\/2021\/coronavirus-pringles-tenia-apenas-dos-casos-y-en-un-solo-dia-hubo-ocho-nuevos\/\",\"url\":\"https:\/\/www.noticiasradioreflejos.com.ar\/2021\/coronavirus-pringles-tenia-apenas-dos-casos-y-en-un-solo-dia-hubo-ocho-nuevos\/\",\"name\":\"Coronavirus: Pringles ten\u00eda apenas dos casos y en un solo d\u00eda hubo ocho nuevos - Noticias Radio Reflejos\",\"isPartOf\":{\"@id\":\"https:\/\/www.noticiasradioreflejos.com.ar\/2021\/#website\"},\"datePublished\":\"2020-08-07T11:38:12+00:00\",\"author\":{\"@id\":\"https:\/\/www.noticiasradioreflejos.com.ar\/2021\/#\/schema\/person\/ad82545263dcc5ec0996818884fd5fb1\"},\"breadcrumb\":{\"@id\":\"https:\/\/www.noticiasradioreflejos.com.ar\/2021\/coronavirus-pringles-tenia-apenas-dos-casos-y-en-un-solo-dia-hubo-ocho-nuevos\/#breadcrumb\"},\"inLanguage\":\"es\",\"potentialAction\":[{\"@type\":\"ReadAction\",\"target\":[\"https:\/\/www.noticiasradioreflejos.com.ar\/2021\/coronavirus-pringles-tenia-apenas-dos-casos-y-en-un-solo-dia-hubo-ocho-nuevos\/\"]}]},{\"@type\":\"BreadcrumbList\",\"@id\":\"https:\/\/www.noticiasradioreflejos.com.ar\/2021\/coronavirus-pringles-tenia-apenas-dos-casos-y-en-un-solo-dia-hubo-ocho-nuevos\/#breadcrumb\",\"itemListElement\":[{\"@type\":\"ListItem\",\"position\":1,\"name\":\"Portada\",\"item\":\"https:\/\/www.noticiasradioreflejos.com.ar\/2021\/\"},{\"@type\":\"ListItem\",\"position\":2,\"name\":\"Coronavirus: Pringles ten\u00eda apenas dos casos y en un solo d\u00eda hubo ocho nuevos\"}]},{\"@type\":\"WebSite\",\"@id\":\"https:\/\/www.noticiasradioreflejos.com.ar\/2021\/#website\",\"url\":\"https:\/\/www.noticiasradioreflejos.com.ar\/2021\/\",\"name\":\"Noticias Radio Reflejos\",\"description\":\"Las noticias de mi comarca\",\"potentialAction\":[{\"@type\":\"SearchAction\",\"target\":{\"@type\":\"EntryPoint\",\"urlTemplate\":\"https:\/\/www.noticiasradioreflejos.com.ar\/2021\/?s={search_term_string}\"},\"query-input\":{\"@type\":\"PropertyValueSpecification\",\"valueRequired\":true,\"valueName\":\"search_term_string\"}}],\"inLanguage\":\"es\"},{\"@type\":\"Person\",\"@id\":\"https:\/\/www.noticiasradioreflejos.com.ar\/2021\/#\/schema\/person\/ad82545263dcc5ec0996818884fd5fb1\",\"name\":\"Arnaldo Botto\",\"image\":{\"@type\":\"ImageObject\",\"inLanguage\":\"es\",\"@id\":\"https:\/\/www.noticiasradioreflejos.com.ar\/2021\/#\/schema\/person\/image\/\",\"url\":\"https:\/\/secure.gravatar.com\/avatar\/55cb5e37c1efa326397366e6974cb338056df65cb50e7d64d1cf314e87504837?s=96&d=mm&r=g\",\"contentUrl\":\"https:\/\/secure.gravatar.com\/avatar\/55cb5e37c1efa326397366e6974cb338056df65cb50e7d64d1cf314e87504837?s=96&d=mm&r=g\",\"caption\":\"Arnaldo Botto\"},\"url\":\"https:\/\/www.noticiasradioreflejos.com.ar\/2021\/author\/arnaldo\/\"}]}<\/script>\n<!-- \/ Yoast SEO plugin. -->","yoast_head_json":{"title":"Coronavirus: Pringles ten\u00eda apenas dos casos y en un solo d\u00eda hubo ocho nuevos - Noticias Radio Reflejos","robots":{"index":"index","follow":"follow","max-snippet":"max-snippet:-1","max-image-preview":"max-image-preview:large","max-video-preview":"max-video-preview:-1"},"canonical":"https:\/\/www.noticiasradioreflejos.com.ar\/2021\/coronavirus-pringles-tenia-apenas-dos-casos-y-en-un-solo-dia-hubo-ocho-nuevos\/","og_locale":"es_ES","og_type":"article","og_title":"Coronavirus: Pringles ten\u00eda apenas dos casos y en un solo d\u00eda hubo ocho nuevos - Noticias Radio Reflejos","og_description":"Coronel Pringles sufre por estas horas su primer brote de coronavirus desde el inicio de la pandemia con la aparici\u00f3n de ocho nuevos casos luego de realizar una serie de hisopados a personas que eran consideradas sospechosas de portar la enfermedad.","og_url":"https:\/\/www.noticiasradioreflejos.com.ar\/2021\/coronavirus-pringles-tenia-apenas-dos-casos-y-en-un-solo-dia-hubo-ocho-nuevos\/","og_site_name":"Noticias Radio Reflejos","article_published_time":"2020-08-07T11:38:12+00:00","og_image":[{"width":300,"height":200,"url":"https:\/\/www.noticiasradioreflejos.com.ar\/2021\/wp-content\/uploads\/2021\/07\/logosol300x200.png","type":"image\/png"}],"author":"Arnaldo Botto","twitter_card":"summary_large_image","schema":{"@context":"https:\/\/schema.org","@graph":[{"@type":"WebPage","@id":"https:\/\/www.noticiasradioreflejos.com.ar\/2021\/coronavirus-pringles-tenia-apenas-dos-casos-y-en-un-solo-dia-hubo-ocho-nuevos\/","url":"https:\/\/www.noticiasradioreflejos.com.ar\/2021\/coronavirus-pringles-tenia-apenas-dos-casos-y-en-un-solo-dia-hubo-ocho-nuevos\/","name":"Coronavirus: Pringles ten\u00eda apenas dos casos y en un solo d\u00eda hubo ocho nuevos - Noticias Radio Reflejos","isPartOf":{"@id":"https:\/\/www.noticiasradioreflejos.com.ar\/2021\/#website"},"datePublished":"2020-08-07T11:38:12+00:00","author":{"@id":"https:\/\/www.noticiasradioreflejos.com.ar\/2021\/#\/schema\/person\/ad82545263dcc5ec0996818884fd5fb1"},"breadcrumb":{"@id":"https:\/\/www.noticiasradioreflejos.com.ar\/2021\/coronavirus-pringles-tenia-apenas-dos-casos-y-en-un-solo-dia-hubo-ocho-nuevos\/#breadcrumb"},"inLanguage":"es","potentialAction":[{"@type":"ReadAction","target":["https:\/\/www.noticiasradioreflejos.com.ar\/2021\/coronavirus-pringles-tenia-apenas-dos-casos-y-en-un-solo-dia-hubo-ocho-nuevos\/"]}]},{"@type":"BreadcrumbList","@id":"https:\/\/www.noticiasradioreflejos.com.ar\/2021\/coronavirus-pringles-tenia-apenas-dos-casos-y-en-un-solo-dia-hubo-ocho-nuevos\/#breadcrumb","itemListElement":[{"@type":"ListItem","position":1,"name":"Portada","item":"https:\/\/www.noticiasradioreflejos.com.ar\/2021\/"},{"@type":"ListItem","position":2,"name":"Coronavirus: Pringles ten\u00eda apenas dos casos y en un solo d\u00eda hubo ocho nuevos"}]},{"@type":"WebSite","@id":"https:\/\/www.noticiasradioreflejos.com.ar\/2021\/#website","url":"https:\/\/www.noticiasradioreflejos.com.ar\/2021\/","name":"Noticias Radio Reflejos","description":"Las noticias de mi comarca","potentialAction":[{"@type":"SearchAction","target":{"@type":"EntryPoint","urlTemplate":"https:\/\/www.noticiasradioreflejos.com.ar\/2021\/?s={search_term_string}"},"query-input":{"@type":"PropertyValueSpecification","valueRequired":true,"valueName":"search_term_string"}}],"inLanguage":"es"},{"@type":"Person","@id":"https:\/\/www.noticiasradioreflejos.com.ar\/2021\/#\/schema\/person\/ad82545263dcc5ec0996818884fd5fb1","name":"Arnaldo Botto","image":{"@type":"ImageObject","inLanguage":"es","@id":"https:\/\/www.noticiasradioreflejos.com.ar\/2021\/#\/schema\/person\/image\/","url":"https:\/\/secure.gravatar.com\/avatar\/55cb5e37c1efa326397366e6974cb338056df65cb50e7d64d1cf314e87504837?s=96&d=mm&r=g","contentUrl":"https:\/\/secure.gravatar.com\/avatar\/55cb5e37c1efa326397366e6974cb338056df65cb50e7d64d1cf314e87504837?s=96&d=mm&r=g","caption":"Arnaldo Botto"},"url":"https:\/\/www.noticiasradioreflejos.com.ar\/2021\/author\/arnaldo\/"}]}},"_links":{"self":[{"href":"https:\/\/www.noticiasradioreflejos.com.ar\/2021\/wp-json\/wp\/v2\/posts\/45487","targetHints":{"allow":["GET"]}}],"collection":[{"href":"https:\/\/www.noticiasradioreflejos.com.ar\/2021\/wp-json\/wp\/v2\/posts"}],"about":[{"href":"https:\/\/www.noticiasradioreflejos.com.ar\/2021\/wp-json\/wp\/v2\/types\/post"}],"author":[{"embeddable":true,"href":"https:\/\/www.noticiasradioreflejos.com.ar\/2021\/wp-json\/wp\/v2\/users\/3"}],"replies":[{"embeddable":true,"href":"https:\/\/www.noticiasradioreflejos.com.ar\/2021\/wp-json\/wp\/v2\/comments?post=45487"}],"version-history":[{"count":0,"href":"https:\/\/www.noticiasradioreflejos.com.ar\/2021\/wp-json\/wp\/v2\/posts\/45487\/revisions"}],"wp:attachment":[{"href":"https:\/\/www.noticiasradioreflejos.com.ar\/2021\/wp-json\/wp\/v2\/media?parent=45487"}],"wp:term":[{"taxonomy":"category","embeddable":true,"href":"https:\/\/www.noticiasradioreflejos.com.ar\/2021\/wp-json\/wp\/v2\/categories?post=45487"},{"taxonomy":"post_tag","embeddable":true,"href":"https:\/\/www.noticiasradioreflejos.com.ar\/2021\/wp-json\/wp\/v2\/tags?post=45487"}],"curies":[{"name":"wp","href":"https:\/\/api.w.org\/{rel}","templated":true}]}}