{"id":45476,"date":"2020-08-06T23:26:59","date_gmt":"2020-08-07T02:26:59","guid":{"rendered":"http:\/\/www.noticiasradioreflejos.com.ar\/noticias\/?p=45476"},"modified":"2020-08-06T23:26:59","modified_gmt":"2020-08-07T02:26:59","slug":"dorrego-detienen-a-tres-personas-acusadas-de-abigeato-y-robo","status":"publish","type":"post","link":"https:\/\/www.noticiasradioreflejos.com.ar\/2021\/dorrego-detienen-a-tres-personas-acusadas-de-abigeato-y-robo\/","title":{"rendered":"Dorrego: detienen a tres personas acusadas de abigeato y robo"},"content":{"rendered":"<p>La Polic\u00eda de Coronel Dorrego arrest\u00f3 en las \u00faltimas horas a tres personas, en el marco de una investigaci\u00f3n por abigeato y robos perpetrados en la vecina localidad.<!--more--><\/p>\n<p><img decoding=\"async\" src=\"https:\/\/telefe-static2.akamaized.net\/media\/269491\/976fa301-828b-4281-a9df-5926ea6f1cbb.jpg?height=360&amp;mode=crop\" alt=\"\" data-id=\"927250\" \/><\/p>\n<div class=\"small-12 medium-12 large-6 columns \">\n<div class=\"e-post-text\">\n<p>Seg\u00fan informaci\u00f3n oficial, los agentes interceptaron un veh\u00edculo &#8211; marca Ford Escort &#8211; en el que se movilizaban tres sospechosos. All\u00ed detuvieron a Joel Fritz (19), sobre quien pesaba un pedido de captura por il\u00edcitos con hurto de ganado y robo agravado.<\/p>\n<p><img decoding=\"async\" src=\"https:\/\/telefe-static2.akamaized.net\/media\/269490\/642eb590-c363-4e76-a68a-32c23cbeb6ee.jpg?height=360&amp;mode=crop\" alt=\"\" data-id=\"927249\" \/><\/p>\n<p>En el interior del rodado, tambi\u00e9n aprehendieron a Diego Casta\u00f1o (23) y Sabrina Trejo (27), y se procedi\u00f3 al secuestro de una carabina calibre 22, un cuchillo artesanal y cajas de cartuchos del mismo calibre. Efectos denunciados por Hugo Van Warden (66).<\/p>\n<p><img decoding=\"async\" src=\"https:\/\/telefe-static2.akamaized.net\/media\/269488\/34cffff2-a158-4108-b06f-43a94cf0feb5.jpg?height=360&amp;mode=crop\" alt=\"\" data-id=\"927246\" \/><\/p>\n<p>En la continuidad del operativo, los uniformados incautaron mercader\u00edas y bijouterie de un kiosco, propiedad de V\u00edctor Contreras (34), que hab\u00eda sido robado durante esta madrugada.<\/p>\n<p>Los investigadores determinaron que estas personas fueron part\u00edcipes de los il\u00edcitos mencionados. Seg\u00fans inform\u00f3, Fritz qued\u00f3 a disposici\u00f3n del Juzgado de Garant\u00edas N\u00b02 de Bah\u00eda Blanca, mientras que los otros dos aprehendidos quedan bajo intervenci\u00f3n de la Ayudant\u00eda Fiscal de Coronel Dorrego y la UFIJ N\u00b09.<\/p>\n<p>Fuente Bah\u00eda Telefe<\/p>\n<\/div>\n<\/div>\n","protected":false},"excerpt":{"rendered":"<p>La Polic\u00eda de Coronel Dorrego arrest\u00f3 en las \u00faltimas horas a tres personas, en el marco de una investigaci\u00f3n por abigeato y robos perpetrados en la vecina localidad.<\/p>\n","protected":false},"author":3,"featured_media":0,"comment_status":"closed","ping_status":"open","sticky":false,"template":"","format":"standard","meta":{"footnotes":""},"categories":[29],"tags":[],"class_list":["post-45476","post","type-post","status-publish","format-standard","hentry","category-policiales"],"yoast_head":"<!-- This site is optimized with the Yoast SEO plugin v25.9 - https:\/\/yoast.com\/wordpress\/plugins\/seo\/ -->\n<title>Dorrego: detienen a tres personas acusadas de abigeato y robo - Noticias Radio Reflejos<\/title>\n<meta name=\"robots\" content=\"index, follow, max-snippet:-1, max-image-preview:large, max-video-preview:-1\" \/>\n<link rel=\"canonical\" href=\"https:\/\/www.noticiasradioreflejos.com.ar\/2021\/dorrego-detienen-a-tres-personas-acusadas-de-abigeato-y-robo\/\" \/>\n<meta property=\"og:locale\" content=\"es_ES\" \/>\n<meta property=\"og:type\" content=\"article\" \/>\n<meta property=\"og:title\" content=\"Dorrego: detienen a tres personas acusadas de abigeato y robo - Noticias Radio Reflejos\" \/>\n<meta property=\"og:description\" content=\"La Polic\u00eda de Coronel Dorrego arrest\u00f3 en las \u00faltimas horas a tres personas, en el marco de una investigaci\u00f3n por abigeato y robos perpetrados en la vecina localidad.\" \/>\n<meta property=\"og:url\" content=\"https:\/\/www.noticiasradioreflejos.com.ar\/2021\/dorrego-detienen-a-tres-personas-acusadas-de-abigeato-y-robo\/\" \/>\n<meta property=\"og:site_name\" content=\"Noticias Radio Reflejos\" \/>\n<meta property=\"article:published_time\" content=\"2020-08-07T02:26:59+00:00\" \/>\n<meta property=\"og:image\" content=\"https:\/\/telefe-static2.akamaized.net\/media\/269491\/976fa301-828b-4281-a9df-5926ea6f1cbb.jpg?height=360&amp;mode=crop\" \/>\n<meta name=\"author\" content=\"Arnaldo Botto\" \/>\n<meta name=\"twitter:card\" content=\"summary_large_image\" \/>\n<script type=\"application\/ld+json\" class=\"yoast-schema-graph\">{\"@context\":\"https:\/\/schema.org\",\"@graph\":[{\"@type\":\"WebPage\",\"@id\":\"https:\/\/www.noticiasradioreflejos.com.ar\/2021\/dorrego-detienen-a-tres-personas-acusadas-de-abigeato-y-robo\/\",\"url\":\"https:\/\/www.noticiasradioreflejos.com.ar\/2021\/dorrego-detienen-a-tres-personas-acusadas-de-abigeato-y-robo\/\",\"name\":\"Dorrego: detienen a tres personas acusadas de abigeato y robo - Noticias Radio Reflejos\",\"isPartOf\":{\"@id\":\"https:\/\/www.noticiasradioreflejos.com.ar\/2021\/#website\"},\"primaryImageOfPage\":{\"@id\":\"https:\/\/www.noticiasradioreflejos.com.ar\/2021\/dorrego-detienen-a-tres-personas-acusadas-de-abigeato-y-robo\/#primaryimage\"},\"image\":{\"@id\":\"https:\/\/www.noticiasradioreflejos.com.ar\/2021\/dorrego-detienen-a-tres-personas-acusadas-de-abigeato-y-robo\/#primaryimage\"},\"thumbnailUrl\":\"https:\/\/telefe-static2.akamaized.net\/media\/269491\/976fa301-828b-4281-a9df-5926ea6f1cbb.jpg?height=360&amp;mode=crop\",\"datePublished\":\"2020-08-07T02:26:59+00:00\",\"author\":{\"@id\":\"https:\/\/www.noticiasradioreflejos.com.ar\/2021\/#\/schema\/person\/ad82545263dcc5ec0996818884fd5fb1\"},\"breadcrumb\":{\"@id\":\"https:\/\/www.noticiasradioreflejos.com.ar\/2021\/dorrego-detienen-a-tres-personas-acusadas-de-abigeato-y-robo\/#breadcrumb\"},\"inLanguage\":\"es\",\"potentialAction\":[{\"@type\":\"ReadAction\",\"target\":[\"https:\/\/www.noticiasradioreflejos.com.ar\/2021\/dorrego-detienen-a-tres-personas-acusadas-de-abigeato-y-robo\/\"]}]},{\"@type\":\"ImageObject\",\"inLanguage\":\"es\",\"@id\":\"https:\/\/www.noticiasradioreflejos.com.ar\/2021\/dorrego-detienen-a-tres-personas-acusadas-de-abigeato-y-robo\/#primaryimage\",\"url\":\"https:\/\/telefe-static2.akamaized.net\/media\/269491\/976fa301-828b-4281-a9df-5926ea6f1cbb.jpg?height=360&amp;mode=crop\",\"contentUrl\":\"https:\/\/telefe-static2.akamaized.net\/media\/269491\/976fa301-828b-4281-a9df-5926ea6f1cbb.jpg?height=360&amp;mode=crop\"},{\"@type\":\"BreadcrumbList\",\"@id\":\"https:\/\/www.noticiasradioreflejos.com.ar\/2021\/dorrego-detienen-a-tres-personas-acusadas-de-abigeato-y-robo\/#breadcrumb\",\"itemListElement\":[{\"@type\":\"ListItem\",\"position\":1,\"name\":\"Portada\",\"item\":\"https:\/\/www.noticiasradioreflejos.com.ar\/2021\/\"},{\"@type\":\"ListItem\",\"position\":2,\"name\":\"Dorrego: detienen a tres personas acusadas de abigeato y robo\"}]},{\"@type\":\"WebSite\",\"@id\":\"https:\/\/www.noticiasradioreflejos.com.ar\/2021\/#website\",\"url\":\"https:\/\/www.noticiasradioreflejos.com.ar\/2021\/\",\"name\":\"Noticias Radio Reflejos\",\"description\":\"Las noticias de mi comarca\",\"potentialAction\":[{\"@type\":\"SearchAction\",\"target\":{\"@type\":\"EntryPoint\",\"urlTemplate\":\"https:\/\/www.noticiasradioreflejos.com.ar\/2021\/?s={search_term_string}\"},\"query-input\":{\"@type\":\"PropertyValueSpecification\",\"valueRequired\":true,\"valueName\":\"search_term_string\"}}],\"inLanguage\":\"es\"},{\"@type\":\"Person\",\"@id\":\"https:\/\/www.noticiasradioreflejos.com.ar\/2021\/#\/schema\/person\/ad82545263dcc5ec0996818884fd5fb1\",\"name\":\"Arnaldo Botto\",\"image\":{\"@type\":\"ImageObject\",\"inLanguage\":\"es\",\"@id\":\"https:\/\/www.noticiasradioreflejos.com.ar\/2021\/#\/schema\/person\/image\/\",\"url\":\"https:\/\/secure.gravatar.com\/avatar\/55cb5e37c1efa326397366e6974cb338056df65cb50e7d64d1cf314e87504837?s=96&d=mm&r=g\",\"contentUrl\":\"https:\/\/secure.gravatar.com\/avatar\/55cb5e37c1efa326397366e6974cb338056df65cb50e7d64d1cf314e87504837?s=96&d=mm&r=g\",\"caption\":\"Arnaldo Botto\"},\"url\":\"https:\/\/www.noticiasradioreflejos.com.ar\/2021\/author\/arnaldo\/\"}]}<\/script>\n<!-- \/ Yoast SEO plugin. -->","yoast_head_json":{"title":"Dorrego: detienen a tres personas acusadas de abigeato y robo - Noticias Radio Reflejos","robots":{"index":"index","follow":"follow","max-snippet":"max-snippet:-1","max-image-preview":"max-image-preview:large","max-video-preview":"max-video-preview:-1"},"canonical":"https:\/\/www.noticiasradioreflejos.com.ar\/2021\/dorrego-detienen-a-tres-personas-acusadas-de-abigeato-y-robo\/","og_locale":"es_ES","og_type":"article","og_title":"Dorrego: detienen a tres personas acusadas de abigeato y robo - Noticias Radio Reflejos","og_description":"La Polic\u00eda de Coronel Dorrego arrest\u00f3 en las \u00faltimas horas a tres personas, en el marco de una investigaci\u00f3n por abigeato y robos perpetrados en la vecina localidad.","og_url":"https:\/\/www.noticiasradioreflejos.com.ar\/2021\/dorrego-detienen-a-tres-personas-acusadas-de-abigeato-y-robo\/","og_site_name":"Noticias Radio Reflejos","article_published_time":"2020-08-07T02:26:59+00:00","og_image":[{"url":"https:\/\/telefe-static2.akamaized.net\/media\/269491\/976fa301-828b-4281-a9df-5926ea6f1cbb.jpg?height=360&amp;mode=crop","type":"","width":"","height":""}],"author":"Arnaldo Botto","twitter_card":"summary_large_image","schema":{"@context":"https:\/\/schema.org","@graph":[{"@type":"WebPage","@id":"https:\/\/www.noticiasradioreflejos.com.ar\/2021\/dorrego-detienen-a-tres-personas-acusadas-de-abigeato-y-robo\/","url":"https:\/\/www.noticiasradioreflejos.com.ar\/2021\/dorrego-detienen-a-tres-personas-acusadas-de-abigeato-y-robo\/","name":"Dorrego: detienen a tres personas acusadas de abigeato y robo - Noticias Radio Reflejos","isPartOf":{"@id":"https:\/\/www.noticiasradioreflejos.com.ar\/2021\/#website"},"primaryImageOfPage":{"@id":"https:\/\/www.noticiasradioreflejos.com.ar\/2021\/dorrego-detienen-a-tres-personas-acusadas-de-abigeato-y-robo\/#primaryimage"},"image":{"@id":"https:\/\/www.noticiasradioreflejos.com.ar\/2021\/dorrego-detienen-a-tres-personas-acusadas-de-abigeato-y-robo\/#primaryimage"},"thumbnailUrl":"https:\/\/telefe-static2.akamaized.net\/media\/269491\/976fa301-828b-4281-a9df-5926ea6f1cbb.jpg?height=360&amp;mode=crop","datePublished":"2020-08-07T02:26:59+00:00","author":{"@id":"https:\/\/www.noticiasradioreflejos.com.ar\/2021\/#\/schema\/person\/ad82545263dcc5ec0996818884fd5fb1"},"breadcrumb":{"@id":"https:\/\/www.noticiasradioreflejos.com.ar\/2021\/dorrego-detienen-a-tres-personas-acusadas-de-abigeato-y-robo\/#breadcrumb"},"inLanguage":"es","potentialAction":[{"@type":"ReadAction","target":["https:\/\/www.noticiasradioreflejos.com.ar\/2021\/dorrego-detienen-a-tres-personas-acusadas-de-abigeato-y-robo\/"]}]},{"@type":"ImageObject","inLanguage":"es","@id":"https:\/\/www.noticiasradioreflejos.com.ar\/2021\/dorrego-detienen-a-tres-personas-acusadas-de-abigeato-y-robo\/#primaryimage","url":"https:\/\/telefe-static2.akamaized.net\/media\/269491\/976fa301-828b-4281-a9df-5926ea6f1cbb.jpg?height=360&amp;mode=crop","contentUrl":"https:\/\/telefe-static2.akamaized.net\/media\/269491\/976fa301-828b-4281-a9df-5926ea6f1cbb.jpg?height=360&amp;mode=crop"},{"@type":"BreadcrumbList","@id":"https:\/\/www.noticiasradioreflejos.com.ar\/2021\/dorrego-detienen-a-tres-personas-acusadas-de-abigeato-y-robo\/#breadcrumb","itemListElement":[{"@type":"ListItem","position":1,"name":"Portada","item":"https:\/\/www.noticiasradioreflejos.com.ar\/2021\/"},{"@type":"ListItem","position":2,"name":"Dorrego: detienen a tres personas acusadas de abigeato y robo"}]},{"@type":"WebSite","@id":"https:\/\/www.noticiasradioreflejos.com.ar\/2021\/#website","url":"https:\/\/www.noticiasradioreflejos.com.ar\/2021\/","name":"Noticias Radio Reflejos","description":"Las noticias de mi comarca","potentialAction":[{"@type":"SearchAction","target":{"@type":"EntryPoint","urlTemplate":"https:\/\/www.noticiasradioreflejos.com.ar\/2021\/?s={search_term_string}"},"query-input":{"@type":"PropertyValueSpecification","valueRequired":true,"valueName":"search_term_string"}}],"inLanguage":"es"},{"@type":"Person","@id":"https:\/\/www.noticiasradioreflejos.com.ar\/2021\/#\/schema\/person\/ad82545263dcc5ec0996818884fd5fb1","name":"Arnaldo Botto","image":{"@type":"ImageObject","inLanguage":"es","@id":"https:\/\/www.noticiasradioreflejos.com.ar\/2021\/#\/schema\/person\/image\/","url":"https:\/\/secure.gravatar.com\/avatar\/55cb5e37c1efa326397366e6974cb338056df65cb50e7d64d1cf314e87504837?s=96&d=mm&r=g","contentUrl":"https:\/\/secure.gravatar.com\/avatar\/55cb5e37c1efa326397366e6974cb338056df65cb50e7d64d1cf314e87504837?s=96&d=mm&r=g","caption":"Arnaldo Botto"},"url":"https:\/\/www.noticiasradioreflejos.com.ar\/2021\/author\/arnaldo\/"}]}},"_links":{"self":[{"href":"https:\/\/www.noticiasradioreflejos.com.ar\/2021\/wp-json\/wp\/v2\/posts\/45476","targetHints":{"allow":["GET"]}}],"collection":[{"href":"https:\/\/www.noticiasradioreflejos.com.ar\/2021\/wp-json\/wp\/v2\/posts"}],"about":[{"href":"https:\/\/www.noticiasradioreflejos.com.ar\/2021\/wp-json\/wp\/v2\/types\/post"}],"author":[{"embeddable":true,"href":"https:\/\/www.noticiasradioreflejos.com.ar\/2021\/wp-json\/wp\/v2\/users\/3"}],"replies":[{"embeddable":true,"href":"https:\/\/www.noticiasradioreflejos.com.ar\/2021\/wp-json\/wp\/v2\/comments?post=45476"}],"version-history":[{"count":0,"href":"https:\/\/www.noticiasradioreflejos.com.ar\/2021\/wp-json\/wp\/v2\/posts\/45476\/revisions"}],"wp:attachment":[{"href":"https:\/\/www.noticiasradioreflejos.com.ar\/2021\/wp-json\/wp\/v2\/media?parent=45476"}],"wp:term":[{"taxonomy":"category","embeddable":true,"href":"https:\/\/www.noticiasradioreflejos.com.ar\/2021\/wp-json\/wp\/v2\/categories?post=45476"},{"taxonomy":"post_tag","embeddable":true,"href":"https:\/\/www.noticiasradioreflejos.com.ar\/2021\/wp-json\/wp\/v2\/tags?post=45476"}],"curies":[{"name":"wp","href":"https:\/\/api.w.org\/{rel}","templated":true}]}}