{"id":45467,"date":"2020-08-07T13:44:44","date_gmt":"2020-08-07T16:44:44","guid":{"rendered":"http:\/\/www.noticiasradioreflejos.com.ar\/noticias\/?p=45467"},"modified":"2020-08-07T13:44:44","modified_gmt":"2020-08-07T16:44:44","slug":"salamone-fue-un-gran-empresario-y-despues-como-profesional-de-obra-es-un-gran-escenografo-de-la-pampa-profunda-ing-alfredo-fushimi","status":"publish","type":"post","link":"https:\/\/www.noticiasradioreflejos.com.ar\/2021\/salamone-fue-un-gran-empresario-y-despues-como-profesional-de-obra-es-un-gran-escenografo-de-la-pampa-profunda-ing-alfredo-fushimi\/","title":{"rendered":"\u00abSalamone fue un gran empresario, y despu\u00e9s como profesional de obra, es un gran escen\u00f3grafo de la pampa profunda\u00bb Ing. Alfredo Fushimi"},"content":{"rendered":"<p><a title=\"salomone-muni-alsina\" href=\"http:\/\/live.staticflickr.com\/65535\/50199574922_702200f6c3_s.jpg\" rel=\"\"><img loading=\"lazy\" decoding=\"async\" class=\"alignleft\" style=\"float: left;\" title=\"salomone-muni-alsina\" src=\"http:\/\/live.staticflickr.com\/65535\/50199574922_702200f6c3.jpg\" alt=\"salomone-muni-alsina\" width=\"500\" height=\"332\" \/><\/a>A 61 a\u00f1os del fallecimiento del Ing-Arq Francisco Salamone nos comunicamos con el <strong>Ing Civil Alfredo Fushimi<\/strong>, otro integrante del grupo \u00abLos Testigos de Salamone\u00bb. Una recorrida por la obra del renombrado Ing Italo-Argentino y tambien, escuchar otra voz acerca del an\u00e1lisis que se puede realizar con respecto al <strong>\u00abCristo de Estomba\u00bb<\/strong> descubierto gracias a las publicaciones de Nora Gomez por el 120 aniversario de Saldungaray.\u00a0<!--more--><\/p>\n<p>\u00abMi admiraci\u00f3n viene del lado de las obras civiles. En el a\u00f1o 2018, armamos un grupo con unos amigos y estuvimos recorriendo las obras de Salamone e investigamos toda la documentaci\u00f3n\u00bb comenz\u00f3 contando Alfredo su afici\u00f3n por los trabajos del ingeniero y arquitecto Francisco Salamone.<\/p>\n<p>Antes de dar su mirada personal sobre la cruz hallada en el lugar del accidente de Estela Saldungaray, Alfredo quiso destacar las obras de Salamone en conjunto y las peculiaridades de la \u00e9poca: \u00abSalamone fue un gran empresario, y despu\u00e9s como profesional de obra, es un gran escen\u00f3grafo de la pampa profunda. Esa escenograf\u00eda teatral remite a un fundamentalismo. Es la combinaci\u00f3n de una \u00e9poca en la que el Estado, a pesar de ser un gobierno conservador, le puso mucha energ\u00eda a todo lo que es la obra de infraestructura\u00bb.<\/p>\n<p><a title=\"IMG_20140928_153810\" href=\"http:\/\/live.staticflickr.com\/65535\/50198759688_cda065bdcb_s.jpg\" rel=\"\"><img loading=\"lazy\" decoding=\"async\" class=\"aligncenter\" title=\"IMG_20140928_153810\" src=\"http:\/\/live.staticflickr.com\/65535\/50198759688_cda065bdcb_c.jpg\" alt=\"IMG_20140928_153810\" width=\"800\" height=\"600\" \/><\/a><\/p>\n<p>\u00abChierico hab\u00eda seguido minuciosamente las indicaciones del ingeniero Salamone para materializar el Cristo de Laprida. Era algo que no era de su estilo, Salamone lo denominaba como archi-caricatura\u00bb coment\u00f3 Alfredo cuando le preguntamos sobre el estilo Cubista del Cristo que se encuentra en la cruz en cuesti\u00f3n.<\/p>\n<p>Alfredo admite que una de las cuestiones que m\u00e1s llaman su atenci\u00f3n es el poco tiempo en el que se gestionaron todos los trabajos de Salamone, habiendo sido realizadas la mayor cantidad de obras en tan solo 2 a\u00f1os. \u00abHoy en d\u00eda necesitas un equipo completo de ingenier\u00eda y arquitectura para armar un plano. En ese momento se trabajaba a prueba y error, Salamone y las empresas constructoras lo han resuelto de una manera magn\u00edfica\u00bb expres\u00f3.<\/p>\n<p><a title=\"untitled\" href=\"http:\/\/live.staticflickr.com\/65535\/50199305476_39d2b7159b_s.jpg\" rel=\"\"><img loading=\"lazy\" decoding=\"async\" title=\"untitled\" src=\"http:\/\/live.staticflickr.com\/65535\/50199305476_39d2b7159b_z.jpg\" alt=\"untitled\" width=\"640\" height=\"480\" \/><\/a><\/p>\n<p>En relaci\u00f3n al supuesto hallazgo del \u00abCristo de Estomba\u00bb, Alfredo comparte su an\u00e1lisis personal: \u00abEn funci\u00f3n de los antecedentes hist\u00f3ricos de la familia Saldungaray y mirando el cristo en comparativa con todos los cristos de la misma serie que andan dispersos, evidentemente es uno de los moldes del cristo original proyectado por Salamone y Chierico. Es el mismo molde, no me cabe ninguna duda a simple vista. De todos modos, me gustar\u00eda saber cu\u00e1ntos cristos de ese molde andan dispersos\u00bb.<\/p>\n<p><a title=\"Reloj+del+encuentro\" href=\"http:\/\/live.staticflickr.com\/65535\/50199305601_6fdfd64d8a_s.jpg\" rel=\"\"><img loading=\"lazy\" decoding=\"async\" class=\"alignleft\" style=\"float: left;\" title=\"Reloj+del+encuentro\" src=\"http:\/\/live.staticflickr.com\/65535\/50199305601_6fdfd64d8a_w.jpg\" alt=\"Reloj+del+encuentro\" width=\"300\" height=\"400\" \/><\/a>Al finalizar la nota, Alfredo quiso hacer la siguiente aclaraci\u00f3n: \u00abYo soy ateo, pero tengo un profundo sentido de lo sagrado. En este caso, es casi un mausoleo, es un recordatorio de una tragedia. Creo que hay que respetar esa cuesti\u00f3n privada y no hacer un desfile all\u00ed\u00bb.<\/p>\n<p><iframe loading=\"lazy\" src=\"https:\/\/w.soundcloud.com\/player\/?url=https%3A\/\/api.soundcloud.com\/tracks\/871912885&amp;color=%23ff5500&amp;auto_play=false&amp;hide_related=false&amp;show_comments=true&amp;show_user=true&amp;show_reposts=false&amp;show_teaser=true\" width=\"100%\" height=\"166\" frameborder=\"no\" scrolling=\"no\"><\/iframe><\/p>\n<div style=\"font-size: 10px; color: #cccccc; line-break: anywhere; word-break: normal; overflow: hidden; white-space: nowrap; text-overflow: ellipsis; font-family: Interstate,Lucida Grande,Lucida Sans Unicode,Lucida Sans,Garuda,Verdana,Tahoma,sans-serif; font-weight: 100;\"><a style=\"color: #cccccc; text-decoration: none;\" title=\"fmreflejos 103.7\" href=\"https:\/\/soundcloud.com\/fmreflejos-103-7\" target=\"_blank\" rel=\"noopener\">fmreflejos 103.7<\/a> \u00b7 <a style=\"color: #cccccc; text-decoration: none;\" title=\"Alfredo Fushimi\" href=\"https:\/\/soundcloud.com\/fmreflejos-103-7\/alfredo-fujimi\" target=\"_blank\" rel=\"noopener\">Alfredo Fushimi<\/a><\/div>\n<p><a title=\"Cristo cubiista de Chiarico en el lugar que cay\u00f3 el avion de Estela Saldungaray\" href=\"http:\/\/live.staticflickr.com\/65535\/50191729476_4a17d32a21_s.jpg\" rel=\"\"><img loading=\"lazy\" decoding=\"async\" class=\"aligncenter\" title=\"Cristo cubiista de Chiarico en el lugar que cay\u00f3 el avion de Estela Saldungaray\" src=\"http:\/\/live.staticflickr.com\/65535\/50191729476_4a17d32a21_c.jpg\" alt=\"Cristo cubiista de Chiarico en el lugar que cay\u00f3 el avion de Estela Saldungaray\" width=\"800\" height=\"600\" \/><\/a><\/p>\n<p><a title=\"D75_0638\" href=\"http:\/\/live.staticflickr.com\/65535\/50196115428_c0449cdf62_s.jpg\" rel=\"\"><img loading=\"lazy\" decoding=\"async\" class=\"aligncenter\" title=\"D75_0638\" src=\"http:\/\/live.staticflickr.com\/65535\/50196115428_c0449cdf62_z.jpg\" alt=\"D75_0638\" width=\"640\" height=\"427\" \/><\/a><\/p>\n","protected":false},"excerpt":{"rendered":"<p>A 61 a\u00f1os del fallecimiento del Ing-Arq Francisco Salamone nos comunicamos con el Ing Civil Alfredo Fushimi, otro integrante del grupo \u00abLos Testigos de Salamone\u00bb. Una recorrida por la obra del renombrado Ing Italo-Argentino y tambien, escuchar otra voz acerca del an\u00e1lisis que se puede realizar con respecto al \u00abCristo de Estomba\u00bb descubierto gracias a [&hellip;]<\/p>\n","protected":false},"author":3,"featured_media":33642,"comment_status":"closed","ping_status":"open","sticky":false,"template":"","format":"standard","meta":{"footnotes":""},"categories":[35],"tags":[],"class_list":["post-45467","post","type-post","status-publish","format-standard","has-post-thumbnail","hentry","category-cultura"],"yoast_head":"<!-- This site is optimized with the Yoast SEO plugin v25.9 - https:\/\/yoast.com\/wordpress\/plugins\/seo\/ -->\n<title>&quot;Salamone fue un gran empresario, y despu\u00e9s como profesional de obra, es un gran escen\u00f3grafo de la pampa profunda&quot; Ing. Alfredo Fushimi - Noticias Radio Reflejos<\/title>\n<meta name=\"robots\" content=\"index, follow, max-snippet:-1, max-image-preview:large, max-video-preview:-1\" \/>\n<link rel=\"canonical\" href=\"https:\/\/www.noticiasradioreflejos.com.ar\/2021\/salamone-fue-un-gran-empresario-y-despues-como-profesional-de-obra-es-un-gran-escenografo-de-la-pampa-profunda-ing-alfredo-fushimi\/\" \/>\n<meta property=\"og:locale\" content=\"es_ES\" \/>\n<meta property=\"og:type\" content=\"article\" \/>\n<meta property=\"og:title\" content=\"&quot;Salamone fue un gran empresario, y despu\u00e9s como profesional de obra, es un gran escen\u00f3grafo de la pampa profunda&quot; Ing. Alfredo Fushimi - Noticias Radio Reflejos\" \/>\n<meta property=\"og:description\" content=\"A 61 a\u00f1os del fallecimiento del Ing-Arq Francisco Salamone nos comunicamos con el Ing Civil Alfredo Fushimi, otro integrante del grupo \u00abLos Testigos de Salamone\u00bb. Una recorrida por la obra del renombrado Ing Italo-Argentino y tambien, escuchar otra voz acerca del an\u00e1lisis que se puede realizar con respecto al \u00abCristo de Estomba\u00bb descubierto gracias a [&hellip;]\" \/>\n<meta property=\"og:url\" content=\"https:\/\/www.noticiasradioreflejos.com.ar\/2021\/salamone-fue-un-gran-empresario-y-despues-como-profesional-de-obra-es-un-gran-escenografo-de-la-pampa-profunda-ing-alfredo-fushimi\/\" \/>\n<meta property=\"og:site_name\" content=\"Noticias Radio Reflejos\" \/>\n<meta property=\"article:published_time\" content=\"2020-08-07T16:44:44+00:00\" \/>\n<meta property=\"og:image\" content=\"https:\/\/www.noticiasradioreflejos.com.ar\/2021\/wp-content\/uploads\/2019\/08\/Salamone-60-anos.jpg\" \/>\n\t<meta property=\"og:image:width\" content=\"640\" \/>\n\t<meta property=\"og:image:height\" content=\"405\" \/>\n\t<meta property=\"og:image:type\" content=\"image\/jpeg\" \/>\n<meta name=\"author\" content=\"Arnaldo Botto\" \/>\n<meta name=\"twitter:card\" content=\"summary_large_image\" \/>\n<script type=\"application\/ld+json\" class=\"yoast-schema-graph\">{\"@context\":\"https:\/\/schema.org\",\"@graph\":[{\"@type\":\"WebPage\",\"@id\":\"https:\/\/www.noticiasradioreflejos.com.ar\/2021\/salamone-fue-un-gran-empresario-y-despues-como-profesional-de-obra-es-un-gran-escenografo-de-la-pampa-profunda-ing-alfredo-fushimi\/\",\"url\":\"https:\/\/www.noticiasradioreflejos.com.ar\/2021\/salamone-fue-un-gran-empresario-y-despues-como-profesional-de-obra-es-un-gran-escenografo-de-la-pampa-profunda-ing-alfredo-fushimi\/\",\"name\":\"\\\"Salamone fue un gran empresario, y despu\u00e9s como profesional de obra, es un gran escen\u00f3grafo de la pampa profunda\\\" Ing. Alfredo Fushimi - Noticias Radio Reflejos\",\"isPartOf\":{\"@id\":\"https:\/\/www.noticiasradioreflejos.com.ar\/2021\/#website\"},\"primaryImageOfPage\":{\"@id\":\"https:\/\/www.noticiasradioreflejos.com.ar\/2021\/salamone-fue-un-gran-empresario-y-despues-como-profesional-de-obra-es-un-gran-escenografo-de-la-pampa-profunda-ing-alfredo-fushimi\/#primaryimage\"},\"image\":{\"@id\":\"https:\/\/www.noticiasradioreflejos.com.ar\/2021\/salamone-fue-un-gran-empresario-y-despues-como-profesional-de-obra-es-un-gran-escenografo-de-la-pampa-profunda-ing-alfredo-fushimi\/#primaryimage\"},\"thumbnailUrl\":\"https:\/\/www.noticiasradioreflejos.com.ar\/2021\/wp-content\/uploads\/2019\/08\/Salamone-60-anos.jpg\",\"datePublished\":\"2020-08-07T16:44:44+00:00\",\"author\":{\"@id\":\"https:\/\/www.noticiasradioreflejos.com.ar\/2021\/#\/schema\/person\/ad82545263dcc5ec0996818884fd5fb1\"},\"breadcrumb\":{\"@id\":\"https:\/\/www.noticiasradioreflejos.com.ar\/2021\/salamone-fue-un-gran-empresario-y-despues-como-profesional-de-obra-es-un-gran-escenografo-de-la-pampa-profunda-ing-alfredo-fushimi\/#breadcrumb\"},\"inLanguage\":\"es\",\"potentialAction\":[{\"@type\":\"ReadAction\",\"target\":[\"https:\/\/www.noticiasradioreflejos.com.ar\/2021\/salamone-fue-un-gran-empresario-y-despues-como-profesional-de-obra-es-un-gran-escenografo-de-la-pampa-profunda-ing-alfredo-fushimi\/\"]}]},{\"@type\":\"ImageObject\",\"inLanguage\":\"es\",\"@id\":\"https:\/\/www.noticiasradioreflejos.com.ar\/2021\/salamone-fue-un-gran-empresario-y-despues-como-profesional-de-obra-es-un-gran-escenografo-de-la-pampa-profunda-ing-alfredo-fushimi\/#primaryimage\",\"url\":\"https:\/\/www.noticiasradioreflejos.com.ar\/2021\/wp-content\/uploads\/2019\/08\/Salamone-60-anos.jpg\",\"contentUrl\":\"https:\/\/www.noticiasradioreflejos.com.ar\/2021\/wp-content\/uploads\/2019\/08\/Salamone-60-anos.jpg\",\"width\":640,\"height\":405},{\"@type\":\"BreadcrumbList\",\"@id\":\"https:\/\/www.noticiasradioreflejos.com.ar\/2021\/salamone-fue-un-gran-empresario-y-despues-como-profesional-de-obra-es-un-gran-escenografo-de-la-pampa-profunda-ing-alfredo-fushimi\/#breadcrumb\",\"itemListElement\":[{\"@type\":\"ListItem\",\"position\":1,\"name\":\"Portada\",\"item\":\"https:\/\/www.noticiasradioreflejos.com.ar\/2021\/\"},{\"@type\":\"ListItem\",\"position\":2,\"name\":\"\u00abSalamone fue un gran empresario, y despu\u00e9s como profesional de obra, es un gran escen\u00f3grafo de la pampa profunda\u00bb Ing. Alfredo Fushimi\"}]},{\"@type\":\"WebSite\",\"@id\":\"https:\/\/www.noticiasradioreflejos.com.ar\/2021\/#website\",\"url\":\"https:\/\/www.noticiasradioreflejos.com.ar\/2021\/\",\"name\":\"Noticias Radio Reflejos\",\"description\":\"Las noticias de mi comarca\",\"potentialAction\":[{\"@type\":\"SearchAction\",\"target\":{\"@type\":\"EntryPoint\",\"urlTemplate\":\"https:\/\/www.noticiasradioreflejos.com.ar\/2021\/?s={search_term_string}\"},\"query-input\":{\"@type\":\"PropertyValueSpecification\",\"valueRequired\":true,\"valueName\":\"search_term_string\"}}],\"inLanguage\":\"es\"},{\"@type\":\"Person\",\"@id\":\"https:\/\/www.noticiasradioreflejos.com.ar\/2021\/#\/schema\/person\/ad82545263dcc5ec0996818884fd5fb1\",\"name\":\"Arnaldo Botto\",\"image\":{\"@type\":\"ImageObject\",\"inLanguage\":\"es\",\"@id\":\"https:\/\/www.noticiasradioreflejos.com.ar\/2021\/#\/schema\/person\/image\/\",\"url\":\"https:\/\/secure.gravatar.com\/avatar\/55cb5e37c1efa326397366e6974cb338056df65cb50e7d64d1cf314e87504837?s=96&d=mm&r=g\",\"contentUrl\":\"https:\/\/secure.gravatar.com\/avatar\/55cb5e37c1efa326397366e6974cb338056df65cb50e7d64d1cf314e87504837?s=96&d=mm&r=g\",\"caption\":\"Arnaldo Botto\"},\"url\":\"https:\/\/www.noticiasradioreflejos.com.ar\/2021\/author\/arnaldo\/\"}]}<\/script>\n<!-- \/ Yoast SEO plugin. -->","yoast_head_json":{"title":"\"Salamone fue un gran empresario, y despu\u00e9s como profesional de obra, es un gran escen\u00f3grafo de la pampa profunda\" Ing. Alfredo Fushimi - Noticias Radio Reflejos","robots":{"index":"index","follow":"follow","max-snippet":"max-snippet:-1","max-image-preview":"max-image-preview:large","max-video-preview":"max-video-preview:-1"},"canonical":"https:\/\/www.noticiasradioreflejos.com.ar\/2021\/salamone-fue-un-gran-empresario-y-despues-como-profesional-de-obra-es-un-gran-escenografo-de-la-pampa-profunda-ing-alfredo-fushimi\/","og_locale":"es_ES","og_type":"article","og_title":"\"Salamone fue un gran empresario, y despu\u00e9s como profesional de obra, es un gran escen\u00f3grafo de la pampa profunda\" Ing. Alfredo Fushimi - Noticias Radio Reflejos","og_description":"A 61 a\u00f1os del fallecimiento del Ing-Arq Francisco Salamone nos comunicamos con el Ing Civil Alfredo Fushimi, otro integrante del grupo \u00abLos Testigos de Salamone\u00bb. Una recorrida por la obra del renombrado Ing Italo-Argentino y tambien, escuchar otra voz acerca del an\u00e1lisis que se puede realizar con respecto al \u00abCristo de Estomba\u00bb descubierto gracias a [&hellip;]","og_url":"https:\/\/www.noticiasradioreflejos.com.ar\/2021\/salamone-fue-un-gran-empresario-y-despues-como-profesional-de-obra-es-un-gran-escenografo-de-la-pampa-profunda-ing-alfredo-fushimi\/","og_site_name":"Noticias Radio Reflejos","article_published_time":"2020-08-07T16:44:44+00:00","og_image":[{"width":640,"height":405,"url":"https:\/\/www.noticiasradioreflejos.com.ar\/2021\/wp-content\/uploads\/2019\/08\/Salamone-60-anos.jpg","type":"image\/jpeg"}],"author":"Arnaldo Botto","twitter_card":"summary_large_image","schema":{"@context":"https:\/\/schema.org","@graph":[{"@type":"WebPage","@id":"https:\/\/www.noticiasradioreflejos.com.ar\/2021\/salamone-fue-un-gran-empresario-y-despues-como-profesional-de-obra-es-un-gran-escenografo-de-la-pampa-profunda-ing-alfredo-fushimi\/","url":"https:\/\/www.noticiasradioreflejos.com.ar\/2021\/salamone-fue-un-gran-empresario-y-despues-como-profesional-de-obra-es-un-gran-escenografo-de-la-pampa-profunda-ing-alfredo-fushimi\/","name":"\"Salamone fue un gran empresario, y despu\u00e9s como profesional de obra, es un gran escen\u00f3grafo de la pampa profunda\" Ing. Alfredo Fushimi - Noticias Radio Reflejos","isPartOf":{"@id":"https:\/\/www.noticiasradioreflejos.com.ar\/2021\/#website"},"primaryImageOfPage":{"@id":"https:\/\/www.noticiasradioreflejos.com.ar\/2021\/salamone-fue-un-gran-empresario-y-despues-como-profesional-de-obra-es-un-gran-escenografo-de-la-pampa-profunda-ing-alfredo-fushimi\/#primaryimage"},"image":{"@id":"https:\/\/www.noticiasradioreflejos.com.ar\/2021\/salamone-fue-un-gran-empresario-y-despues-como-profesional-de-obra-es-un-gran-escenografo-de-la-pampa-profunda-ing-alfredo-fushimi\/#primaryimage"},"thumbnailUrl":"https:\/\/www.noticiasradioreflejos.com.ar\/2021\/wp-content\/uploads\/2019\/08\/Salamone-60-anos.jpg","datePublished":"2020-08-07T16:44:44+00:00","author":{"@id":"https:\/\/www.noticiasradioreflejos.com.ar\/2021\/#\/schema\/person\/ad82545263dcc5ec0996818884fd5fb1"},"breadcrumb":{"@id":"https:\/\/www.noticiasradioreflejos.com.ar\/2021\/salamone-fue-un-gran-empresario-y-despues-como-profesional-de-obra-es-un-gran-escenografo-de-la-pampa-profunda-ing-alfredo-fushimi\/#breadcrumb"},"inLanguage":"es","potentialAction":[{"@type":"ReadAction","target":["https:\/\/www.noticiasradioreflejos.com.ar\/2021\/salamone-fue-un-gran-empresario-y-despues-como-profesional-de-obra-es-un-gran-escenografo-de-la-pampa-profunda-ing-alfredo-fushimi\/"]}]},{"@type":"ImageObject","inLanguage":"es","@id":"https:\/\/www.noticiasradioreflejos.com.ar\/2021\/salamone-fue-un-gran-empresario-y-despues-como-profesional-de-obra-es-un-gran-escenografo-de-la-pampa-profunda-ing-alfredo-fushimi\/#primaryimage","url":"https:\/\/www.noticiasradioreflejos.com.ar\/2021\/wp-content\/uploads\/2019\/08\/Salamone-60-anos.jpg","contentUrl":"https:\/\/www.noticiasradioreflejos.com.ar\/2021\/wp-content\/uploads\/2019\/08\/Salamone-60-anos.jpg","width":640,"height":405},{"@type":"BreadcrumbList","@id":"https:\/\/www.noticiasradioreflejos.com.ar\/2021\/salamone-fue-un-gran-empresario-y-despues-como-profesional-de-obra-es-un-gran-escenografo-de-la-pampa-profunda-ing-alfredo-fushimi\/#breadcrumb","itemListElement":[{"@type":"ListItem","position":1,"name":"Portada","item":"https:\/\/www.noticiasradioreflejos.com.ar\/2021\/"},{"@type":"ListItem","position":2,"name":"\u00abSalamone fue un gran empresario, y despu\u00e9s como profesional de obra, es un gran escen\u00f3grafo de la pampa profunda\u00bb Ing. Alfredo Fushimi"}]},{"@type":"WebSite","@id":"https:\/\/www.noticiasradioreflejos.com.ar\/2021\/#website","url":"https:\/\/www.noticiasradioreflejos.com.ar\/2021\/","name":"Noticias Radio Reflejos","description":"Las noticias de mi comarca","potentialAction":[{"@type":"SearchAction","target":{"@type":"EntryPoint","urlTemplate":"https:\/\/www.noticiasradioreflejos.com.ar\/2021\/?s={search_term_string}"},"query-input":{"@type":"PropertyValueSpecification","valueRequired":true,"valueName":"search_term_string"}}],"inLanguage":"es"},{"@type":"Person","@id":"https:\/\/www.noticiasradioreflejos.com.ar\/2021\/#\/schema\/person\/ad82545263dcc5ec0996818884fd5fb1","name":"Arnaldo Botto","image":{"@type":"ImageObject","inLanguage":"es","@id":"https:\/\/www.noticiasradioreflejos.com.ar\/2021\/#\/schema\/person\/image\/","url":"https:\/\/secure.gravatar.com\/avatar\/55cb5e37c1efa326397366e6974cb338056df65cb50e7d64d1cf314e87504837?s=96&d=mm&r=g","contentUrl":"https:\/\/secure.gravatar.com\/avatar\/55cb5e37c1efa326397366e6974cb338056df65cb50e7d64d1cf314e87504837?s=96&d=mm&r=g","caption":"Arnaldo Botto"},"url":"https:\/\/www.noticiasradioreflejos.com.ar\/2021\/author\/arnaldo\/"}]}},"_links":{"self":[{"href":"https:\/\/www.noticiasradioreflejos.com.ar\/2021\/wp-json\/wp\/v2\/posts\/45467","targetHints":{"allow":["GET"]}}],"collection":[{"href":"https:\/\/www.noticiasradioreflejos.com.ar\/2021\/wp-json\/wp\/v2\/posts"}],"about":[{"href":"https:\/\/www.noticiasradioreflejos.com.ar\/2021\/wp-json\/wp\/v2\/types\/post"}],"author":[{"embeddable":true,"href":"https:\/\/www.noticiasradioreflejos.com.ar\/2021\/wp-json\/wp\/v2\/users\/3"}],"replies":[{"embeddable":true,"href":"https:\/\/www.noticiasradioreflejos.com.ar\/2021\/wp-json\/wp\/v2\/comments?post=45467"}],"version-history":[{"count":0,"href":"https:\/\/www.noticiasradioreflejos.com.ar\/2021\/wp-json\/wp\/v2\/posts\/45467\/revisions"}],"wp:featuredmedia":[{"embeddable":true,"href":"https:\/\/www.noticiasradioreflejos.com.ar\/2021\/wp-json\/wp\/v2\/media\/33642"}],"wp:attachment":[{"href":"https:\/\/www.noticiasradioreflejos.com.ar\/2021\/wp-json\/wp\/v2\/media?parent=45467"}],"wp:term":[{"taxonomy":"category","embeddable":true,"href":"https:\/\/www.noticiasradioreflejos.com.ar\/2021\/wp-json\/wp\/v2\/categories?post=45467"},{"taxonomy":"post_tag","embeddable":true,"href":"https:\/\/www.noticiasradioreflejos.com.ar\/2021\/wp-json\/wp\/v2\/tags?post=45467"}],"curies":[{"name":"wp","href":"https:\/\/api.w.org\/{rel}","templated":true}]}}