{"id":45462,"date":"2020-08-06T22:02:01","date_gmt":"2020-08-07T01:02:01","guid":{"rendered":"http:\/\/www.noticiasradioreflejos.com.ar\/noticias\/?p=45462"},"modified":"2020-08-06T22:02:01","modified_gmt":"2020-08-07T01:02:01","slug":"el-presidente-anuncio-la-ejecucion-de-obras-para-buenos-aires-entre-rios-corrientes-san-juan-y-santa-cruz","status":"publish","type":"post","link":"https:\/\/www.noticiasradioreflejos.com.ar\/2021\/el-presidente-anuncio-la-ejecucion-de-obras-para-buenos-aires-entre-rios-corrientes-san-juan-y-santa-cruz\/","title":{"rendered":"El Presidente anunci\u00f3 la ejecuci\u00f3n de obras para Buenos Aires, Entre R\u00edos, Corrientes, San Juan y Santa Cruz"},"content":{"rendered":"<p>El presidente Alberto Fern\u00e1ndez anunci\u00f3 este mediod\u00eda la puesta en marcha de obras y la reactivaci\u00f3n de tareas que se encontraban paralizadas en Buenos Aires, Entre R\u00edos, Corrientes, San Juan y Santa Cruz, por una inversi\u00f3n de 22.645 millones de pesos, que permitir\u00e1 crear miles de puestos de trabajo en esas cinco provincias. <!--more--><\/p>\n<p>\u201cEstamos haciendo con los gobernadores el pa\u00eds que so\u00f1amos\u201d, asegur\u00f3 el mandatario, quien tambi\u00e9n afirm\u00f3: \u201cGracias al acuerdo con los acreedores ganamos autonom\u00eda y capacidad de decidir para poder avanzar con estas obras tan importantes en todo el pa\u00eds\u201d.<\/p>\n<p>Lo hizo a trav\u00e9s de una videconferencia desde la residencia de Olivos, donde estuvo acompa\u00f1ado por el gobernador bonaerense, Axel Kicillof, y de la que participaron los gobernadores de Entre R\u00edos, Gustavo Bordet; Corrientes, Gustavo Vald\u00e9s; Santa Cruz, Alicia Kirchner; y San Juan, Sergio U\u00f1ac.<\/p>\n<p>Desde Casa Rosada, tambi\u00e9n estuvo presente el ministro de Obras P\u00fablicas, Gabriel Katopodis, quien explic\u00f3: \u201cNos toca cuidar la salud de los argentinos y levantar el pa\u00eds. Y levantar el pa\u00eds no era solucionar la deuda, era solucionar la deuda para hacer estas obras, dar trabajo y que los ciudadanos de cada provincia puedan tener los hospitales, las rutas, las obras de cloacas y de agua que necesitan\u201d.<\/p>\n<p>Durante la comunicaci\u00f3n, el gobernador de Entre R\u00edos expres\u00f3 que las obras en esa provincia \u201cest\u00e1n en marcha, han comenzado y no se detendr\u00e1n porque nos dan la posibilidad de mejorar la calidad de vida de los entrerrianos a la vez que generar puestos de trabajo en la construcci\u00f3n\u201d, y asegur\u00f3: \u201cEstamos trabajando articuladamente Naci\u00f3n, Provincia y municipios para desarrollar un ambicioso plan de obras p\u00fablicas que genere mayor calidad de vida\u201d.<\/p>\n<p>Bordet estuvo acompa\u00f1ado por el administrador del Ente Nacional de Obras H\u00eddricas de Saneamiento (ENOHSA), Enrique Cresto. En esa provincia se llevar\u00e1 a cabo la reactivaci\u00f3n de los trabajos en la nueva autov\u00eda de la Ruta Nacional 18, que tiene una extensi\u00f3n de 227 km, por una inversi\u00f3n de 7.030 millones de pesos.<\/p>\n<p>Las obras en la Ruta 18 se iniciaron en 2011 y quedaron paralizadas entre 2016 y 2019, con avances que se encontraban entre el 50 y el 90 por ciento de la terminaci\u00f3n de los trabajos. Esa ruta presenta una circulaci\u00f3n promedio de 3.438 veh\u00edculos por d\u00eda, de los cuales un 40 por ciento est\u00e1 conformado por tr\u00e1nsito pesado que realiza el transporte de mercader\u00eda a distintos pa\u00edses del Mercosur.<\/p>\n<p>A su turno, el gobernador correntino Gustavo Vald\u00e9s agradeci\u00f3 la \u201cposibilidad de por primera vez hacer una colectora y una planta depuradora de l\u00edquidos porque es realmente un cambio en la calidad de vida\u201d, al tiempo que felicit\u00f3 al Presidente por el acuerdo al que se lleg\u00f3 esta semana con los acreedores \u201cpara tener la posibilidad de refinanciar la deuda argentina\u201d.<\/p>\n<p>En Corrientes se llevar\u00e1n adelante las obras de remodelaci\u00f3n y prolongaci\u00f3n de colectores cloacales y de la planta depuradora de la ciudad capital, que beneficiar\u00e1n a 300 mil habitantes y requerir\u00e1n una inversi\u00f3n de 2.898 millones de pesos. Los trabajos, que reciben financiamiento del BID, permitir\u00e1n asegurar el tratamiento de l\u00edquidos cloacales antes de su descarga, mejorar la calidad del agua y reducir el riesgo de enfermedades.<\/p>\n<p>Adem\u00e1s, se reactivar\u00e1 la obra de rehabilitaci\u00f3n y repavimentaci\u00f3n de la Ruta Provincial 126, que cuenta con una longitud de 80,5 km, por una inversi\u00f3n estimada de 2.164 millones de pesos. Esos trabajos se encontraban paralizados desde agosto de 2019, y se pondr\u00e1n en marcha gracias al financiamiento en un 70 por ciento del Banco para el Desarrollo de Am\u00e9rica Latina (CAF), y de un 30 por ciento de la Provincia.<\/p>\n<p>A continuaci\u00f3n, la gobernadora de Santa Cruz afirm\u00f3: \u201cNosotros durante cuatro a\u00f1os no tuvimos ning\u00fan tipo de obra p\u00fablica\u201d, y destac\u00f3 que \u201choy se est\u00e1 trabajando en un plan de corto y mediano plazo para beneficio de 17 localidades que va a significar m\u00e1s de 2100 empleos y va a mover la econom\u00eda de Santa Cruz\u201d, sostuvo Alicia Kirchner.<\/p>\n<p>En esa provincia, se pondr\u00e1n en marcha 44 obras de agua y saneamiento para 17 municipios, por una inversi\u00f3n de 2.523 millones de pesos, que beneficiar\u00e1n a 182.364 habitantes. Las mismas se llevar\u00e1n a cabo en R\u00edo Turbio, 28 de Noviembre, El Chalt\u00e9n, Caleta Olivia, Piedra Buena, Puerto Santa Cruz, Puerto Deseado, Las Heras, Jaramillo, San Juli\u00e1n, Fitz Roy, 3 Lagos, R\u00edo Gallegos, Lago Posadas, El Calafate, Los Antiguos, y Perito Moreno.<\/p>\n<p>En tanto, Sergio U\u00f1ac subray\u00f3 que \u201cgracias al acuerdo con los acreedores el pa\u00eds tiene presente y futuro\u201d, y asegur\u00f3: \u00abEsta obra y otras tantas que la administraci\u00f3n nacional ha puesto en marcha en la provincia de San Juan nos hace pensar que la obra p\u00fablica es una realidad\u201d.<\/p>\n<p>Las obras que se llevar\u00e1n a cabo en San Juan incluyen la duplicaci\u00f3n de la calzada de la Ruta Nacional 40 en el Acceso Norte a la ciudad capital, que fue reactivada en mayo y tendr\u00e1 una inversi\u00f3n total de 3.286 millones de pesos. El trabajo, que hab\u00eda sido paralizado en 2016, cuenta con una extensi\u00f3n de 5,8 km y permitir\u00e1 ordenar la circulaci\u00f3n, agilizar el movimiento de la producci\u00f3n regional y mejorar el traslado de usuarios en un tramo de alto tr\u00e1nsito diario, que conecta a la ciudad de San Juan con seis departamentos del norte de la provincia.<\/p>\n<p>Por \u00faltimo, el gobernador bonaerense destac\u00f3: \u201cEstas obras son estrat\u00e9gicas para la provincia, y simbolizan un lugar emblem\u00e1tico para el turismo interno de los sectores medios y trabajadores de nuestro pa\u00eds que es la costa atl\u00e1ntica\u201d, y se\u00f1al\u00f3: \u201cEstamos poniendo en marcha rutas porque estamos pensando en el despu\u00e9s de la pandemia, que es seguir poniendo inversi\u00f3n en los lugares que hace falta\u201d.<\/p>\n<p>Desde La Lucila del Mar, se comunicaron con el Presidente el administrador General de Vialidad Nacional, Gustavo Arrieta, e intendentes de distintos municipios bonaerenses quienes agradecieron la puesta en marcha de obras en la provincia. En Buenos Aires se reactivar\u00e1n obras paralizadas desde 2019, que convertir\u00e1n en autov\u00edas las Rutas Provinciales 11 y 56, por una inversi\u00f3n total de 4.744 millones de pesos.<\/p>\n<p>Los trabajos incluyen la duplicaci\u00f3n de calzada a lo largo de 157 km de ruta que se extienden entre las ciudades de General Madariaga, General Conesa, San Clemente del Tuy\u00fa, y Mar de Aj\u00f3; e implicar\u00e1n el mejoramiento de la transitabilidad, la seguridad vial, y el desarrollo tur\u00edstico y econ\u00f3mico de ese corredor atl\u00e1ntico.<\/p>\n","protected":false},"excerpt":{"rendered":"<p>El presidente Alberto Fern\u00e1ndez anunci\u00f3 este mediod\u00eda la puesta en marcha de obras y la reactivaci\u00f3n de tareas que se encontraban paralizadas en Buenos Aires, Entre R\u00edos, Corrientes, San Juan y Santa Cruz, por una inversi\u00f3n de 22.645 millones de pesos, que permitir\u00e1 crear miles de puestos de trabajo en esas cinco provincias.<\/p>\n","protected":false},"author":3,"featured_media":0,"comment_status":"closed","ping_status":"open","sticky":false,"template":"","format":"standard","meta":{"footnotes":""},"categories":[24],"tags":[],"class_list":["post-45462","post","type-post","status-publish","format-standard","hentry","category-politica"],"yoast_head":"<!-- This site is optimized with the Yoast SEO plugin v25.9 - https:\/\/yoast.com\/wordpress\/plugins\/seo\/ -->\n<title>El Presidente anunci\u00f3 la ejecuci\u00f3n de obras para Buenos Aires, Entre R\u00edos, Corrientes, San Juan y Santa Cruz - Noticias Radio Reflejos<\/title>\n<meta name=\"robots\" content=\"index, follow, max-snippet:-1, max-image-preview:large, max-video-preview:-1\" \/>\n<link rel=\"canonical\" href=\"https:\/\/www.noticiasradioreflejos.com.ar\/2021\/el-presidente-anuncio-la-ejecucion-de-obras-para-buenos-aires-entre-rios-corrientes-san-juan-y-santa-cruz\/\" \/>\n<meta property=\"og:locale\" content=\"es_ES\" \/>\n<meta property=\"og:type\" content=\"article\" \/>\n<meta property=\"og:title\" content=\"El Presidente anunci\u00f3 la ejecuci\u00f3n de obras para Buenos Aires, Entre R\u00edos, Corrientes, San Juan y Santa Cruz - Noticias Radio Reflejos\" \/>\n<meta property=\"og:description\" content=\"El presidente Alberto Fern\u00e1ndez anunci\u00f3 este mediod\u00eda la puesta en marcha de obras y la reactivaci\u00f3n de tareas que se encontraban paralizadas en Buenos Aires, Entre R\u00edos, Corrientes, San Juan y Santa Cruz, por una inversi\u00f3n de 22.645 millones de pesos, que permitir\u00e1 crear miles de puestos de trabajo en esas cinco provincias.\" \/>\n<meta property=\"og:url\" content=\"https:\/\/www.noticiasradioreflejos.com.ar\/2021\/el-presidente-anuncio-la-ejecucion-de-obras-para-buenos-aires-entre-rios-corrientes-san-juan-y-santa-cruz\/\" \/>\n<meta property=\"og:site_name\" content=\"Noticias Radio Reflejos\" \/>\n<meta property=\"article:published_time\" content=\"2020-08-07T01:02:01+00:00\" \/>\n<meta property=\"og:image\" content=\"https:\/\/www.noticiasradioreflejos.com.ar\/2021\/wp-content\/uploads\/2021\/07\/logosol300x200.png\" \/>\n\t<meta property=\"og:image:width\" content=\"300\" \/>\n\t<meta property=\"og:image:height\" content=\"200\" \/>\n\t<meta property=\"og:image:type\" content=\"image\/png\" \/>\n<meta name=\"author\" content=\"Arnaldo Botto\" \/>\n<meta name=\"twitter:card\" content=\"summary_large_image\" \/>\n<script type=\"application\/ld+json\" class=\"yoast-schema-graph\">{\"@context\":\"https:\/\/schema.org\",\"@graph\":[{\"@type\":\"WebPage\",\"@id\":\"https:\/\/www.noticiasradioreflejos.com.ar\/2021\/el-presidente-anuncio-la-ejecucion-de-obras-para-buenos-aires-entre-rios-corrientes-san-juan-y-santa-cruz\/\",\"url\":\"https:\/\/www.noticiasradioreflejos.com.ar\/2021\/el-presidente-anuncio-la-ejecucion-de-obras-para-buenos-aires-entre-rios-corrientes-san-juan-y-santa-cruz\/\",\"name\":\"El Presidente anunci\u00f3 la ejecuci\u00f3n de obras para Buenos Aires, Entre R\u00edos, Corrientes, San Juan y Santa Cruz - Noticias Radio Reflejos\",\"isPartOf\":{\"@id\":\"https:\/\/www.noticiasradioreflejos.com.ar\/2021\/#website\"},\"datePublished\":\"2020-08-07T01:02:01+00:00\",\"author\":{\"@id\":\"https:\/\/www.noticiasradioreflejos.com.ar\/2021\/#\/schema\/person\/ad82545263dcc5ec0996818884fd5fb1\"},\"breadcrumb\":{\"@id\":\"https:\/\/www.noticiasradioreflejos.com.ar\/2021\/el-presidente-anuncio-la-ejecucion-de-obras-para-buenos-aires-entre-rios-corrientes-san-juan-y-santa-cruz\/#breadcrumb\"},\"inLanguage\":\"es\",\"potentialAction\":[{\"@type\":\"ReadAction\",\"target\":[\"https:\/\/www.noticiasradioreflejos.com.ar\/2021\/el-presidente-anuncio-la-ejecucion-de-obras-para-buenos-aires-entre-rios-corrientes-san-juan-y-santa-cruz\/\"]}]},{\"@type\":\"BreadcrumbList\",\"@id\":\"https:\/\/www.noticiasradioreflejos.com.ar\/2021\/el-presidente-anuncio-la-ejecucion-de-obras-para-buenos-aires-entre-rios-corrientes-san-juan-y-santa-cruz\/#breadcrumb\",\"itemListElement\":[{\"@type\":\"ListItem\",\"position\":1,\"name\":\"Portada\",\"item\":\"https:\/\/www.noticiasradioreflejos.com.ar\/2021\/\"},{\"@type\":\"ListItem\",\"position\":2,\"name\":\"El Presidente anunci\u00f3 la ejecuci\u00f3n de obras para Buenos Aires, Entre R\u00edos, Corrientes, San Juan y Santa Cruz\"}]},{\"@type\":\"WebSite\",\"@id\":\"https:\/\/www.noticiasradioreflejos.com.ar\/2021\/#website\",\"url\":\"https:\/\/www.noticiasradioreflejos.com.ar\/2021\/\",\"name\":\"Noticias Radio Reflejos\",\"description\":\"Las noticias de mi comarca\",\"potentialAction\":[{\"@type\":\"SearchAction\",\"target\":{\"@type\":\"EntryPoint\",\"urlTemplate\":\"https:\/\/www.noticiasradioreflejos.com.ar\/2021\/?s={search_term_string}\"},\"query-input\":{\"@type\":\"PropertyValueSpecification\",\"valueRequired\":true,\"valueName\":\"search_term_string\"}}],\"inLanguage\":\"es\"},{\"@type\":\"Person\",\"@id\":\"https:\/\/www.noticiasradioreflejos.com.ar\/2021\/#\/schema\/person\/ad82545263dcc5ec0996818884fd5fb1\",\"name\":\"Arnaldo Botto\",\"image\":{\"@type\":\"ImageObject\",\"inLanguage\":\"es\",\"@id\":\"https:\/\/www.noticiasradioreflejos.com.ar\/2021\/#\/schema\/person\/image\/\",\"url\":\"https:\/\/secure.gravatar.com\/avatar\/55cb5e37c1efa326397366e6974cb338056df65cb50e7d64d1cf314e87504837?s=96&d=mm&r=g\",\"contentUrl\":\"https:\/\/secure.gravatar.com\/avatar\/55cb5e37c1efa326397366e6974cb338056df65cb50e7d64d1cf314e87504837?s=96&d=mm&r=g\",\"caption\":\"Arnaldo Botto\"},\"url\":\"https:\/\/www.noticiasradioreflejos.com.ar\/2021\/author\/arnaldo\/\"}]}<\/script>\n<!-- \/ Yoast SEO plugin. -->","yoast_head_json":{"title":"El Presidente anunci\u00f3 la ejecuci\u00f3n de obras para Buenos Aires, Entre R\u00edos, Corrientes, San Juan y Santa Cruz - Noticias Radio Reflejos","robots":{"index":"index","follow":"follow","max-snippet":"max-snippet:-1","max-image-preview":"max-image-preview:large","max-video-preview":"max-video-preview:-1"},"canonical":"https:\/\/www.noticiasradioreflejos.com.ar\/2021\/el-presidente-anuncio-la-ejecucion-de-obras-para-buenos-aires-entre-rios-corrientes-san-juan-y-santa-cruz\/","og_locale":"es_ES","og_type":"article","og_title":"El Presidente anunci\u00f3 la ejecuci\u00f3n de obras para Buenos Aires, Entre R\u00edos, Corrientes, San Juan y Santa Cruz - Noticias Radio Reflejos","og_description":"El presidente Alberto Fern\u00e1ndez anunci\u00f3 este mediod\u00eda la puesta en marcha de obras y la reactivaci\u00f3n de tareas que se encontraban paralizadas en Buenos Aires, Entre R\u00edos, Corrientes, San Juan y Santa Cruz, por una inversi\u00f3n de 22.645 millones de pesos, que permitir\u00e1 crear miles de puestos de trabajo en esas cinco provincias.","og_url":"https:\/\/www.noticiasradioreflejos.com.ar\/2021\/el-presidente-anuncio-la-ejecucion-de-obras-para-buenos-aires-entre-rios-corrientes-san-juan-y-santa-cruz\/","og_site_name":"Noticias Radio Reflejos","article_published_time":"2020-08-07T01:02:01+00:00","og_image":[{"width":300,"height":200,"url":"https:\/\/www.noticiasradioreflejos.com.ar\/2021\/wp-content\/uploads\/2021\/07\/logosol300x200.png","type":"image\/png"}],"author":"Arnaldo Botto","twitter_card":"summary_large_image","schema":{"@context":"https:\/\/schema.org","@graph":[{"@type":"WebPage","@id":"https:\/\/www.noticiasradioreflejos.com.ar\/2021\/el-presidente-anuncio-la-ejecucion-de-obras-para-buenos-aires-entre-rios-corrientes-san-juan-y-santa-cruz\/","url":"https:\/\/www.noticiasradioreflejos.com.ar\/2021\/el-presidente-anuncio-la-ejecucion-de-obras-para-buenos-aires-entre-rios-corrientes-san-juan-y-santa-cruz\/","name":"El Presidente anunci\u00f3 la ejecuci\u00f3n de obras para Buenos Aires, Entre R\u00edos, Corrientes, San Juan y Santa Cruz - Noticias Radio Reflejos","isPartOf":{"@id":"https:\/\/www.noticiasradioreflejos.com.ar\/2021\/#website"},"datePublished":"2020-08-07T01:02:01+00:00","author":{"@id":"https:\/\/www.noticiasradioreflejos.com.ar\/2021\/#\/schema\/person\/ad82545263dcc5ec0996818884fd5fb1"},"breadcrumb":{"@id":"https:\/\/www.noticiasradioreflejos.com.ar\/2021\/el-presidente-anuncio-la-ejecucion-de-obras-para-buenos-aires-entre-rios-corrientes-san-juan-y-santa-cruz\/#breadcrumb"},"inLanguage":"es","potentialAction":[{"@type":"ReadAction","target":["https:\/\/www.noticiasradioreflejos.com.ar\/2021\/el-presidente-anuncio-la-ejecucion-de-obras-para-buenos-aires-entre-rios-corrientes-san-juan-y-santa-cruz\/"]}]},{"@type":"BreadcrumbList","@id":"https:\/\/www.noticiasradioreflejos.com.ar\/2021\/el-presidente-anuncio-la-ejecucion-de-obras-para-buenos-aires-entre-rios-corrientes-san-juan-y-santa-cruz\/#breadcrumb","itemListElement":[{"@type":"ListItem","position":1,"name":"Portada","item":"https:\/\/www.noticiasradioreflejos.com.ar\/2021\/"},{"@type":"ListItem","position":2,"name":"El Presidente anunci\u00f3 la ejecuci\u00f3n de obras para Buenos Aires, Entre R\u00edos, Corrientes, San Juan y Santa Cruz"}]},{"@type":"WebSite","@id":"https:\/\/www.noticiasradioreflejos.com.ar\/2021\/#website","url":"https:\/\/www.noticiasradioreflejos.com.ar\/2021\/","name":"Noticias Radio Reflejos","description":"Las noticias de mi comarca","potentialAction":[{"@type":"SearchAction","target":{"@type":"EntryPoint","urlTemplate":"https:\/\/www.noticiasradioreflejos.com.ar\/2021\/?s={search_term_string}"},"query-input":{"@type":"PropertyValueSpecification","valueRequired":true,"valueName":"search_term_string"}}],"inLanguage":"es"},{"@type":"Person","@id":"https:\/\/www.noticiasradioreflejos.com.ar\/2021\/#\/schema\/person\/ad82545263dcc5ec0996818884fd5fb1","name":"Arnaldo Botto","image":{"@type":"ImageObject","inLanguage":"es","@id":"https:\/\/www.noticiasradioreflejos.com.ar\/2021\/#\/schema\/person\/image\/","url":"https:\/\/secure.gravatar.com\/avatar\/55cb5e37c1efa326397366e6974cb338056df65cb50e7d64d1cf314e87504837?s=96&d=mm&r=g","contentUrl":"https:\/\/secure.gravatar.com\/avatar\/55cb5e37c1efa326397366e6974cb338056df65cb50e7d64d1cf314e87504837?s=96&d=mm&r=g","caption":"Arnaldo Botto"},"url":"https:\/\/www.noticiasradioreflejos.com.ar\/2021\/author\/arnaldo\/"}]}},"_links":{"self":[{"href":"https:\/\/www.noticiasradioreflejos.com.ar\/2021\/wp-json\/wp\/v2\/posts\/45462","targetHints":{"allow":["GET"]}}],"collection":[{"href":"https:\/\/www.noticiasradioreflejos.com.ar\/2021\/wp-json\/wp\/v2\/posts"}],"about":[{"href":"https:\/\/www.noticiasradioreflejos.com.ar\/2021\/wp-json\/wp\/v2\/types\/post"}],"author":[{"embeddable":true,"href":"https:\/\/www.noticiasradioreflejos.com.ar\/2021\/wp-json\/wp\/v2\/users\/3"}],"replies":[{"embeddable":true,"href":"https:\/\/www.noticiasradioreflejos.com.ar\/2021\/wp-json\/wp\/v2\/comments?post=45462"}],"version-history":[{"count":0,"href":"https:\/\/www.noticiasradioreflejos.com.ar\/2021\/wp-json\/wp\/v2\/posts\/45462\/revisions"}],"wp:attachment":[{"href":"https:\/\/www.noticiasradioreflejos.com.ar\/2021\/wp-json\/wp\/v2\/media?parent=45462"}],"wp:term":[{"taxonomy":"category","embeddable":true,"href":"https:\/\/www.noticiasradioreflejos.com.ar\/2021\/wp-json\/wp\/v2\/categories?post=45462"},{"taxonomy":"post_tag","embeddable":true,"href":"https:\/\/www.noticiasradioreflejos.com.ar\/2021\/wp-json\/wp\/v2\/tags?post=45462"}],"curies":[{"name":"wp","href":"https:\/\/api.w.org\/{rel}","templated":true}]}}