{"id":45459,"date":"2020-08-06T21:48:37","date_gmt":"2020-08-07T00:48:37","guid":{"rendered":"http:\/\/www.noticiasradioreflejos.com.ar\/noticias\/?p=45459"},"modified":"2020-08-06T21:48:37","modified_gmt":"2020-08-07T00:48:37","slug":"un-hombre-resulto-herido-al-volcar-en-la-ruta-72","status":"publish","type":"post","link":"https:\/\/www.noticiasradioreflejos.com.ar\/2021\/un-hombre-resulto-herido-al-volcar-en-la-ruta-72\/","title":{"rendered":"Un hombre result\u00f3 herido al volcar en la ruta 72."},"content":{"rendered":"<p>El hecho tuvo lugar sobre la ruta provincial 72 entre el Arroyo del Toro y paraje Frapal, jurisdicci\u00f3n de Cnel Pringles, en horas de la tarde de hoy.<!--more--><\/p>\n<p>Un vecino de Sierra de la Ventana result\u00f3 herido y debi\u00f3 ser trasladado para su mejor atenci\u00f3n cuando volc\u00f3 con su camioneta Ford Currier, a unos 7 kms de Saldungaray.<\/p>\n<p>Bomberos voluntarios de las localidades de Saldungaray y Sierra de la Ventana junto con personal de polic\u00eda acudieron cerca de las 18.30 para asistir al conductor del veh\u00edculo que tras morder la blanquina, pierde el control y comienza a dar varios tumbos quedando a unos 6 mts de la cinta asf\u00e1ltica volcado sobre su lateral.<br \/>\nEn el rodado viajaba un solo ocupante, masculino de 57 a\u00f1os de edad, que se dirig\u00eda con rumbo a Sierra de la Ventana. Recibi\u00f3 asistencia en la Unidad Sanitaria de Saldungaray y fue derivado para su mejor diagn\u00f3stico y tratamiento con posterioridad al Hospital de Coronel Su\u00e1rez.<br \/>\n<a title=\"2020-08-06_09-45-08\" href=\"http:\/\/live.staticflickr.com\/65535\/50196654708_088317d954_s.jpg\" rel=\"\"><img loading=\"lazy\" decoding=\"async\" class=\"aligncenter\" title=\"2020-08-06_09-45-08\" src=\"http:\/\/live.staticflickr.com\/65535\/50196654708_991237d418_o.jpg\" alt=\"2020-08-06_09-45-08\" width=\"836\" height=\"561\" \/><\/a><\/p>\n","protected":false},"excerpt":{"rendered":"<p>El hecho tuvo lugar sobre la ruta provincial 72 entre el Arroyo del Toro y paraje Frapal, jurisdicci\u00f3n de Cnel Pringles, en horas de la tarde de hoy.<\/p>\n","protected":false},"author":3,"featured_media":0,"comment_status":"closed","ping_status":"open","sticky":false,"template":"","format":"standard","meta":{"footnotes":""},"categories":[29],"tags":[],"class_list":["post-45459","post","type-post","status-publish","format-standard","hentry","category-policiales"],"yoast_head":"<!-- This site is optimized with the Yoast SEO plugin v25.9 - https:\/\/yoast.com\/wordpress\/plugins\/seo\/ -->\n<title>Un hombre result\u00f3 herido al volcar en la ruta 72. - Noticias Radio Reflejos<\/title>\n<meta name=\"robots\" content=\"index, follow, max-snippet:-1, max-image-preview:large, max-video-preview:-1\" \/>\n<link rel=\"canonical\" href=\"https:\/\/www.noticiasradioreflejos.com.ar\/2021\/un-hombre-resulto-herido-al-volcar-en-la-ruta-72\/\" \/>\n<meta property=\"og:locale\" content=\"es_ES\" \/>\n<meta property=\"og:type\" content=\"article\" \/>\n<meta property=\"og:title\" content=\"Un hombre result\u00f3 herido al volcar en la ruta 72. - Noticias Radio Reflejos\" \/>\n<meta property=\"og:description\" content=\"El hecho tuvo lugar sobre la ruta provincial 72 entre el Arroyo del Toro y paraje Frapal, jurisdicci\u00f3n de Cnel Pringles, en horas de la tarde de hoy.\" \/>\n<meta property=\"og:url\" content=\"https:\/\/www.noticiasradioreflejos.com.ar\/2021\/un-hombre-resulto-herido-al-volcar-en-la-ruta-72\/\" \/>\n<meta property=\"og:site_name\" content=\"Noticias Radio Reflejos\" \/>\n<meta property=\"article:published_time\" content=\"2020-08-07T00:48:37+00:00\" \/>\n<meta property=\"og:image\" content=\"http:\/\/live.staticflickr.com\/65535\/50196654708_991237d418_o.jpg\" \/>\n<meta name=\"author\" content=\"Arnaldo Botto\" \/>\n<meta name=\"twitter:card\" content=\"summary_large_image\" \/>\n<script type=\"application\/ld+json\" class=\"yoast-schema-graph\">{\"@context\":\"https:\/\/schema.org\",\"@graph\":[{\"@type\":\"WebPage\",\"@id\":\"https:\/\/www.noticiasradioreflejos.com.ar\/2021\/un-hombre-resulto-herido-al-volcar-en-la-ruta-72\/\",\"url\":\"https:\/\/www.noticiasradioreflejos.com.ar\/2021\/un-hombre-resulto-herido-al-volcar-en-la-ruta-72\/\",\"name\":\"Un hombre result\u00f3 herido al volcar en la ruta 72. - Noticias Radio Reflejos\",\"isPartOf\":{\"@id\":\"https:\/\/www.noticiasradioreflejos.com.ar\/2021\/#website\"},\"primaryImageOfPage\":{\"@id\":\"https:\/\/www.noticiasradioreflejos.com.ar\/2021\/un-hombre-resulto-herido-al-volcar-en-la-ruta-72\/#primaryimage\"},\"image\":{\"@id\":\"https:\/\/www.noticiasradioreflejos.com.ar\/2021\/un-hombre-resulto-herido-al-volcar-en-la-ruta-72\/#primaryimage\"},\"thumbnailUrl\":\"http:\/\/live.staticflickr.com\/65535\/50196654708_991237d418_o.jpg\",\"datePublished\":\"2020-08-07T00:48:37+00:00\",\"author\":{\"@id\":\"https:\/\/www.noticiasradioreflejos.com.ar\/2021\/#\/schema\/person\/ad82545263dcc5ec0996818884fd5fb1\"},\"breadcrumb\":{\"@id\":\"https:\/\/www.noticiasradioreflejos.com.ar\/2021\/un-hombre-resulto-herido-al-volcar-en-la-ruta-72\/#breadcrumb\"},\"inLanguage\":\"es\",\"potentialAction\":[{\"@type\":\"ReadAction\",\"target\":[\"https:\/\/www.noticiasradioreflejos.com.ar\/2021\/un-hombre-resulto-herido-al-volcar-en-la-ruta-72\/\"]}]},{\"@type\":\"ImageObject\",\"inLanguage\":\"es\",\"@id\":\"https:\/\/www.noticiasradioreflejos.com.ar\/2021\/un-hombre-resulto-herido-al-volcar-en-la-ruta-72\/#primaryimage\",\"url\":\"http:\/\/live.staticflickr.com\/65535\/50196654708_991237d418_o.jpg\",\"contentUrl\":\"http:\/\/live.staticflickr.com\/65535\/50196654708_991237d418_o.jpg\"},{\"@type\":\"BreadcrumbList\",\"@id\":\"https:\/\/www.noticiasradioreflejos.com.ar\/2021\/un-hombre-resulto-herido-al-volcar-en-la-ruta-72\/#breadcrumb\",\"itemListElement\":[{\"@type\":\"ListItem\",\"position\":1,\"name\":\"Portada\",\"item\":\"https:\/\/www.noticiasradioreflejos.com.ar\/2021\/\"},{\"@type\":\"ListItem\",\"position\":2,\"name\":\"Un hombre result\u00f3 herido al volcar en la ruta 72.\"}]},{\"@type\":\"WebSite\",\"@id\":\"https:\/\/www.noticiasradioreflejos.com.ar\/2021\/#website\",\"url\":\"https:\/\/www.noticiasradioreflejos.com.ar\/2021\/\",\"name\":\"Noticias Radio Reflejos\",\"description\":\"Las noticias de mi comarca\",\"potentialAction\":[{\"@type\":\"SearchAction\",\"target\":{\"@type\":\"EntryPoint\",\"urlTemplate\":\"https:\/\/www.noticiasradioreflejos.com.ar\/2021\/?s={search_term_string}\"},\"query-input\":{\"@type\":\"PropertyValueSpecification\",\"valueRequired\":true,\"valueName\":\"search_term_string\"}}],\"inLanguage\":\"es\"},{\"@type\":\"Person\",\"@id\":\"https:\/\/www.noticiasradioreflejos.com.ar\/2021\/#\/schema\/person\/ad82545263dcc5ec0996818884fd5fb1\",\"name\":\"Arnaldo Botto\",\"image\":{\"@type\":\"ImageObject\",\"inLanguage\":\"es\",\"@id\":\"https:\/\/www.noticiasradioreflejos.com.ar\/2021\/#\/schema\/person\/image\/\",\"url\":\"https:\/\/secure.gravatar.com\/avatar\/55cb5e37c1efa326397366e6974cb338056df65cb50e7d64d1cf314e87504837?s=96&d=mm&r=g\",\"contentUrl\":\"https:\/\/secure.gravatar.com\/avatar\/55cb5e37c1efa326397366e6974cb338056df65cb50e7d64d1cf314e87504837?s=96&d=mm&r=g\",\"caption\":\"Arnaldo Botto\"},\"url\":\"https:\/\/www.noticiasradioreflejos.com.ar\/2021\/author\/arnaldo\/\"}]}<\/script>\n<!-- \/ Yoast SEO plugin. -->","yoast_head_json":{"title":"Un hombre result\u00f3 herido al volcar en la ruta 72. - Noticias Radio Reflejos","robots":{"index":"index","follow":"follow","max-snippet":"max-snippet:-1","max-image-preview":"max-image-preview:large","max-video-preview":"max-video-preview:-1"},"canonical":"https:\/\/www.noticiasradioreflejos.com.ar\/2021\/un-hombre-resulto-herido-al-volcar-en-la-ruta-72\/","og_locale":"es_ES","og_type":"article","og_title":"Un hombre result\u00f3 herido al volcar en la ruta 72. - Noticias Radio Reflejos","og_description":"El hecho tuvo lugar sobre la ruta provincial 72 entre el Arroyo del Toro y paraje Frapal, jurisdicci\u00f3n de Cnel Pringles, en horas de la tarde de hoy.","og_url":"https:\/\/www.noticiasradioreflejos.com.ar\/2021\/un-hombre-resulto-herido-al-volcar-en-la-ruta-72\/","og_site_name":"Noticias Radio Reflejos","article_published_time":"2020-08-07T00:48:37+00:00","og_image":[{"url":"http:\/\/live.staticflickr.com\/65535\/50196654708_991237d418_o.jpg","type":"","width":"","height":""}],"author":"Arnaldo Botto","twitter_card":"summary_large_image","schema":{"@context":"https:\/\/schema.org","@graph":[{"@type":"WebPage","@id":"https:\/\/www.noticiasradioreflejos.com.ar\/2021\/un-hombre-resulto-herido-al-volcar-en-la-ruta-72\/","url":"https:\/\/www.noticiasradioreflejos.com.ar\/2021\/un-hombre-resulto-herido-al-volcar-en-la-ruta-72\/","name":"Un hombre result\u00f3 herido al volcar en la ruta 72. - Noticias Radio Reflejos","isPartOf":{"@id":"https:\/\/www.noticiasradioreflejos.com.ar\/2021\/#website"},"primaryImageOfPage":{"@id":"https:\/\/www.noticiasradioreflejos.com.ar\/2021\/un-hombre-resulto-herido-al-volcar-en-la-ruta-72\/#primaryimage"},"image":{"@id":"https:\/\/www.noticiasradioreflejos.com.ar\/2021\/un-hombre-resulto-herido-al-volcar-en-la-ruta-72\/#primaryimage"},"thumbnailUrl":"http:\/\/live.staticflickr.com\/65535\/50196654708_991237d418_o.jpg","datePublished":"2020-08-07T00:48:37+00:00","author":{"@id":"https:\/\/www.noticiasradioreflejos.com.ar\/2021\/#\/schema\/person\/ad82545263dcc5ec0996818884fd5fb1"},"breadcrumb":{"@id":"https:\/\/www.noticiasradioreflejos.com.ar\/2021\/un-hombre-resulto-herido-al-volcar-en-la-ruta-72\/#breadcrumb"},"inLanguage":"es","potentialAction":[{"@type":"ReadAction","target":["https:\/\/www.noticiasradioreflejos.com.ar\/2021\/un-hombre-resulto-herido-al-volcar-en-la-ruta-72\/"]}]},{"@type":"ImageObject","inLanguage":"es","@id":"https:\/\/www.noticiasradioreflejos.com.ar\/2021\/un-hombre-resulto-herido-al-volcar-en-la-ruta-72\/#primaryimage","url":"http:\/\/live.staticflickr.com\/65535\/50196654708_991237d418_o.jpg","contentUrl":"http:\/\/live.staticflickr.com\/65535\/50196654708_991237d418_o.jpg"},{"@type":"BreadcrumbList","@id":"https:\/\/www.noticiasradioreflejos.com.ar\/2021\/un-hombre-resulto-herido-al-volcar-en-la-ruta-72\/#breadcrumb","itemListElement":[{"@type":"ListItem","position":1,"name":"Portada","item":"https:\/\/www.noticiasradioreflejos.com.ar\/2021\/"},{"@type":"ListItem","position":2,"name":"Un hombre result\u00f3 herido al volcar en la ruta 72."}]},{"@type":"WebSite","@id":"https:\/\/www.noticiasradioreflejos.com.ar\/2021\/#website","url":"https:\/\/www.noticiasradioreflejos.com.ar\/2021\/","name":"Noticias Radio Reflejos","description":"Las noticias de mi comarca","potentialAction":[{"@type":"SearchAction","target":{"@type":"EntryPoint","urlTemplate":"https:\/\/www.noticiasradioreflejos.com.ar\/2021\/?s={search_term_string}"},"query-input":{"@type":"PropertyValueSpecification","valueRequired":true,"valueName":"search_term_string"}}],"inLanguage":"es"},{"@type":"Person","@id":"https:\/\/www.noticiasradioreflejos.com.ar\/2021\/#\/schema\/person\/ad82545263dcc5ec0996818884fd5fb1","name":"Arnaldo Botto","image":{"@type":"ImageObject","inLanguage":"es","@id":"https:\/\/www.noticiasradioreflejos.com.ar\/2021\/#\/schema\/person\/image\/","url":"https:\/\/secure.gravatar.com\/avatar\/55cb5e37c1efa326397366e6974cb338056df65cb50e7d64d1cf314e87504837?s=96&d=mm&r=g","contentUrl":"https:\/\/secure.gravatar.com\/avatar\/55cb5e37c1efa326397366e6974cb338056df65cb50e7d64d1cf314e87504837?s=96&d=mm&r=g","caption":"Arnaldo Botto"},"url":"https:\/\/www.noticiasradioreflejos.com.ar\/2021\/author\/arnaldo\/"}]}},"_links":{"self":[{"href":"https:\/\/www.noticiasradioreflejos.com.ar\/2021\/wp-json\/wp\/v2\/posts\/45459","targetHints":{"allow":["GET"]}}],"collection":[{"href":"https:\/\/www.noticiasradioreflejos.com.ar\/2021\/wp-json\/wp\/v2\/posts"}],"about":[{"href":"https:\/\/www.noticiasradioreflejos.com.ar\/2021\/wp-json\/wp\/v2\/types\/post"}],"author":[{"embeddable":true,"href":"https:\/\/www.noticiasradioreflejos.com.ar\/2021\/wp-json\/wp\/v2\/users\/3"}],"replies":[{"embeddable":true,"href":"https:\/\/www.noticiasradioreflejos.com.ar\/2021\/wp-json\/wp\/v2\/comments?post=45459"}],"version-history":[{"count":0,"href":"https:\/\/www.noticiasradioreflejos.com.ar\/2021\/wp-json\/wp\/v2\/posts\/45459\/revisions"}],"wp:attachment":[{"href":"https:\/\/www.noticiasradioreflejos.com.ar\/2021\/wp-json\/wp\/v2\/media?parent=45459"}],"wp:term":[{"taxonomy":"category","embeddable":true,"href":"https:\/\/www.noticiasradioreflejos.com.ar\/2021\/wp-json\/wp\/v2\/categories?post=45459"},{"taxonomy":"post_tag","embeddable":true,"href":"https:\/\/www.noticiasradioreflejos.com.ar\/2021\/wp-json\/wp\/v2\/tags?post=45459"}],"curies":[{"name":"wp","href":"https:\/\/api.w.org\/{rel}","templated":true}]}}