{"id":45375,"date":"2020-08-05T13:41:12","date_gmt":"2020-08-05T16:41:12","guid":{"rendered":"http:\/\/www.noticiasradioreflejos.com.ar\/noticias\/?p=45375"},"modified":"2020-08-05T13:41:12","modified_gmt":"2020-08-05T16:41:12","slug":"la-gente-esta-super-agradecida-de-la-atencion-de-pami-en-las-localidades-carmen-soverchia","status":"publish","type":"post","link":"https:\/\/www.noticiasradioreflejos.com.ar\/2021\/la-gente-esta-super-agradecida-de-la-atencion-de-pami-en-las-localidades-carmen-soverchia\/","title":{"rendered":"\u00abLa gente esta s\u00faper agradecida de la atenci\u00f3n de PAMI en las localidades\u00bb &#8211; Carmen Soverchia"},"content":{"rendered":"<p>La<b>\u00a0<\/b>jefa de la delegaci\u00f3n\u00a0 PAMI Tornquist, comunica el comienzo de la ronda de atenci\u00f3n de jubilados para el mes de Agosto en diferentes localidades de nuestro distrito. dentro del Programa *PAMI EN LOS BARRIOS*<br \/>\n<!--more--><\/p>\n<p>\u00abLa idea de la UGL 5ta es un poco darle ese marco formal a la atenci\u00f3n a los jubilados. Se va a hacer una vez por mes, dependiendo de la demanda del momento. En principio, empezamos con la atenci\u00f3n en el Centro de Jubilados en Julio, y este mes estamos hoy de 9 a 13 hs en Sierra de la Ventana. El mi\u00e9rcoles que viene vamos a estar en Villa Ventana y el siguiente en Saldungaray\u00bb inform\u00f3 Carmen.<\/p>\n<p>Cuando le preguntamos sobre las dudas e incertidumbres de los jubilados con las cuestiones digitales, Carmen respondi\u00f3: \u00abLa gente esta s\u00faper agradecida de la atenci\u00f3n en las localidades. Ahora tenemos la facilidad que, por el marco de la pandemia, se han facilitado muchos tr\u00e1mites. Pero hay una gran franja que queda fuera de todo eso y ah\u00ed se vuelve importante la atenci\u00f3n por localidad\u00bb.<\/p>\n<p>Carmen nos comenta que en todo el distrito se encuentran unos 2300 afiliados a PAMI. \u00abEn comparaci\u00f3n al resto de los distritos, tenemos uno de los porcentajes m\u00e1s altos\u00bb mencion\u00f3.<\/p>\n<p>\u00abEstamos constantemente defendiendo al afiliado, y la idea es hacerles ver los beneficios que tienen\u00bb dijo la jefa de PAMI al resaltar que es importante que, ante cualquier duda, los jubilados realicen consultas. \u00abTienen muchos beneficios y a veces no lo conocen\u00bb.<\/p>\n<p>\u00abHoy terminamos de entregar unos subsidios en los que los centros de jubilados cumplen un rol fundamental. Desde la direcci\u00f3n de PAMI, hace unos meses atr\u00e1s se hab\u00eda prometido la entrega de esta ayuda solidaria. As\u00ed que hoy finalizamos de entregarlos\u00bb inform\u00f3. Adem\u00e1s, coment\u00f3 que se est\u00e1 evaluando la posibilidad de realizar otra entrega.<\/p>\n<p>Nota completa a continuaci\u00f3n:<br \/>\n<iframe loading=\"lazy\" src=\"https:\/\/w.soundcloud.com\/player\/?url=https%3A\/\/api.soundcloud.com\/tracks\/870579727&amp;color=%23ff5500&amp;auto_play=false&amp;hide_related=false&amp;show_comments=true&amp;show_user=true&amp;show_reposts=false&amp;show_teaser=true&amp;visual=true\" width=\"100%\" height=\"300\" frameborder=\"no\" scrolling=\"no\"><\/iframe><\/p>\n<div style=\"font-size: 10px; color: #cccccc; line-break: anywhere; word-break: normal; overflow: hidden; white-space: nowrap; text-overflow: ellipsis; font-family: Interstate,Lucida Grande,Lucida Sans Unicode,Lucida Sans,Garuda,Verdana,Tahoma,sans-serif; font-weight: 100;\"><a style=\"color: #cccccc; text-decoration: none;\" title=\"fmreflejos 103.7\" href=\"https:\/\/soundcloud.com\/fmreflejos-103-7\" target=\"_blank\" rel=\"noopener\">fmreflejos 103.7<\/a> \u00b7 <a style=\"color: #cccccc; text-decoration: none;\" title=\"Carmen Soverchia\" href=\"https:\/\/soundcloud.com\/fmreflejos-103-7\/carmen-soverchia-1\" target=\"_blank\" rel=\"noopener\">Carmen Soverchia<\/a><\/div>\n","protected":false},"excerpt":{"rendered":"<p>La\u00a0jefa de la delegaci\u00f3n\u00a0 PAMI Tornquist, comunica el comienzo de la ronda de atenci\u00f3n de jubilados para el mes de Agosto en diferentes localidades de nuestro distrito. dentro del Programa *PAMI EN LOS BARRIOS*<\/p>\n","protected":false},"author":3,"featured_media":38759,"comment_status":"closed","ping_status":"open","sticky":false,"template":"","format":"standard","meta":{"footnotes":""},"categories":[26],"tags":[],"class_list":["post-45375","post","type-post","status-publish","format-standard","has-post-thumbnail","hentry","category-sociedad"],"yoast_head":"<!-- This site is optimized with the Yoast SEO plugin v25.9 - https:\/\/yoast.com\/wordpress\/plugins\/seo\/ -->\n<title>&quot;La gente esta s\u00faper agradecida de la atenci\u00f3n de PAMI en las localidades&quot; - Carmen Soverchia - Noticias Radio Reflejos<\/title>\n<meta name=\"robots\" content=\"index, follow, max-snippet:-1, max-image-preview:large, max-video-preview:-1\" \/>\n<link rel=\"canonical\" href=\"https:\/\/www.noticiasradioreflejos.com.ar\/2021\/la-gente-esta-super-agradecida-de-la-atencion-de-pami-en-las-localidades-carmen-soverchia\/\" \/>\n<meta property=\"og:locale\" content=\"es_ES\" \/>\n<meta property=\"og:type\" content=\"article\" \/>\n<meta property=\"og:title\" content=\"&quot;La gente esta s\u00faper agradecida de la atenci\u00f3n de PAMI en las localidades&quot; - Carmen Soverchia - Noticias Radio Reflejos\" \/>\n<meta property=\"og:description\" content=\"La\u00a0jefa de la delegaci\u00f3n\u00a0 PAMI Tornquist, comunica el comienzo de la ronda de atenci\u00f3n de jubilados para el mes de Agosto en diferentes localidades de nuestro distrito. dentro del Programa *PAMI EN LOS BARRIOS*\" \/>\n<meta property=\"og:url\" content=\"https:\/\/www.noticiasradioreflejos.com.ar\/2021\/la-gente-esta-super-agradecida-de-la-atencion-de-pami-en-las-localidades-carmen-soverchia\/\" \/>\n<meta property=\"og:site_name\" content=\"Noticias Radio Reflejos\" \/>\n<meta property=\"article:published_time\" content=\"2020-08-05T16:41:12+00:00\" \/>\n<meta property=\"og:image\" content=\"https:\/\/www.noticiasradioreflejos.com.ar\/2021\/wp-content\/uploads\/2020\/02\/Centro-de-Jubilados-Sierra.jpg\" \/>\n\t<meta property=\"og:image:width\" content=\"777\" \/>\n\t<meta property=\"og:image:height\" content=\"437\" \/>\n\t<meta property=\"og:image:type\" content=\"image\/jpeg\" \/>\n<meta name=\"author\" content=\"Arnaldo Botto\" \/>\n<meta name=\"twitter:card\" content=\"summary_large_image\" \/>\n<script type=\"application\/ld+json\" class=\"yoast-schema-graph\">{\"@context\":\"https:\/\/schema.org\",\"@graph\":[{\"@type\":\"WebPage\",\"@id\":\"https:\/\/www.noticiasradioreflejos.com.ar\/2021\/la-gente-esta-super-agradecida-de-la-atencion-de-pami-en-las-localidades-carmen-soverchia\/\",\"url\":\"https:\/\/www.noticiasradioreflejos.com.ar\/2021\/la-gente-esta-super-agradecida-de-la-atencion-de-pami-en-las-localidades-carmen-soverchia\/\",\"name\":\"\\\"La gente esta s\u00faper agradecida de la atenci\u00f3n de PAMI en las localidades\\\" - Carmen Soverchia - Noticias Radio Reflejos\",\"isPartOf\":{\"@id\":\"https:\/\/www.noticiasradioreflejos.com.ar\/2021\/#website\"},\"primaryImageOfPage\":{\"@id\":\"https:\/\/www.noticiasradioreflejos.com.ar\/2021\/la-gente-esta-super-agradecida-de-la-atencion-de-pami-en-las-localidades-carmen-soverchia\/#primaryimage\"},\"image\":{\"@id\":\"https:\/\/www.noticiasradioreflejos.com.ar\/2021\/la-gente-esta-super-agradecida-de-la-atencion-de-pami-en-las-localidades-carmen-soverchia\/#primaryimage\"},\"thumbnailUrl\":\"https:\/\/www.noticiasradioreflejos.com.ar\/2021\/wp-content\/uploads\/2020\/02\/Centro-de-Jubilados-Sierra.jpg\",\"datePublished\":\"2020-08-05T16:41:12+00:00\",\"author\":{\"@id\":\"https:\/\/www.noticiasradioreflejos.com.ar\/2021\/#\/schema\/person\/ad82545263dcc5ec0996818884fd5fb1\"},\"breadcrumb\":{\"@id\":\"https:\/\/www.noticiasradioreflejos.com.ar\/2021\/la-gente-esta-super-agradecida-de-la-atencion-de-pami-en-las-localidades-carmen-soverchia\/#breadcrumb\"},\"inLanguage\":\"es\",\"potentialAction\":[{\"@type\":\"ReadAction\",\"target\":[\"https:\/\/www.noticiasradioreflejos.com.ar\/2021\/la-gente-esta-super-agradecida-de-la-atencion-de-pami-en-las-localidades-carmen-soverchia\/\"]}]},{\"@type\":\"ImageObject\",\"inLanguage\":\"es\",\"@id\":\"https:\/\/www.noticiasradioreflejos.com.ar\/2021\/la-gente-esta-super-agradecida-de-la-atencion-de-pami-en-las-localidades-carmen-soverchia\/#primaryimage\",\"url\":\"https:\/\/www.noticiasradioreflejos.com.ar\/2021\/wp-content\/uploads\/2020\/02\/Centro-de-Jubilados-Sierra.jpg\",\"contentUrl\":\"https:\/\/www.noticiasradioreflejos.com.ar\/2021\/wp-content\/uploads\/2020\/02\/Centro-de-Jubilados-Sierra.jpg\",\"width\":777,\"height\":437},{\"@type\":\"BreadcrumbList\",\"@id\":\"https:\/\/www.noticiasradioreflejos.com.ar\/2021\/la-gente-esta-super-agradecida-de-la-atencion-de-pami-en-las-localidades-carmen-soverchia\/#breadcrumb\",\"itemListElement\":[{\"@type\":\"ListItem\",\"position\":1,\"name\":\"Portada\",\"item\":\"https:\/\/www.noticiasradioreflejos.com.ar\/2021\/\"},{\"@type\":\"ListItem\",\"position\":2,\"name\":\"\u00abLa gente esta s\u00faper agradecida de la atenci\u00f3n de PAMI en las localidades\u00bb &#8211; Carmen Soverchia\"}]},{\"@type\":\"WebSite\",\"@id\":\"https:\/\/www.noticiasradioreflejos.com.ar\/2021\/#website\",\"url\":\"https:\/\/www.noticiasradioreflejos.com.ar\/2021\/\",\"name\":\"Noticias Radio Reflejos\",\"description\":\"Las noticias de mi comarca\",\"potentialAction\":[{\"@type\":\"SearchAction\",\"target\":{\"@type\":\"EntryPoint\",\"urlTemplate\":\"https:\/\/www.noticiasradioreflejos.com.ar\/2021\/?s={search_term_string}\"},\"query-input\":{\"@type\":\"PropertyValueSpecification\",\"valueRequired\":true,\"valueName\":\"search_term_string\"}}],\"inLanguage\":\"es\"},{\"@type\":\"Person\",\"@id\":\"https:\/\/www.noticiasradioreflejos.com.ar\/2021\/#\/schema\/person\/ad82545263dcc5ec0996818884fd5fb1\",\"name\":\"Arnaldo Botto\",\"image\":{\"@type\":\"ImageObject\",\"inLanguage\":\"es\",\"@id\":\"https:\/\/www.noticiasradioreflejos.com.ar\/2021\/#\/schema\/person\/image\/\",\"url\":\"https:\/\/secure.gravatar.com\/avatar\/55cb5e37c1efa326397366e6974cb338056df65cb50e7d64d1cf314e87504837?s=96&d=mm&r=g\",\"contentUrl\":\"https:\/\/secure.gravatar.com\/avatar\/55cb5e37c1efa326397366e6974cb338056df65cb50e7d64d1cf314e87504837?s=96&d=mm&r=g\",\"caption\":\"Arnaldo Botto\"},\"url\":\"https:\/\/www.noticiasradioreflejos.com.ar\/2021\/author\/arnaldo\/\"}]}<\/script>\n<!-- \/ Yoast SEO plugin. -->","yoast_head_json":{"title":"\"La gente esta s\u00faper agradecida de la atenci\u00f3n de PAMI en las localidades\" - Carmen Soverchia - Noticias Radio Reflejos","robots":{"index":"index","follow":"follow","max-snippet":"max-snippet:-1","max-image-preview":"max-image-preview:large","max-video-preview":"max-video-preview:-1"},"canonical":"https:\/\/www.noticiasradioreflejos.com.ar\/2021\/la-gente-esta-super-agradecida-de-la-atencion-de-pami-en-las-localidades-carmen-soverchia\/","og_locale":"es_ES","og_type":"article","og_title":"\"La gente esta s\u00faper agradecida de la atenci\u00f3n de PAMI en las localidades\" - Carmen Soverchia - Noticias Radio Reflejos","og_description":"La\u00a0jefa de la delegaci\u00f3n\u00a0 PAMI Tornquist, comunica el comienzo de la ronda de atenci\u00f3n de jubilados para el mes de Agosto en diferentes localidades de nuestro distrito. dentro del Programa *PAMI EN LOS BARRIOS*","og_url":"https:\/\/www.noticiasradioreflejos.com.ar\/2021\/la-gente-esta-super-agradecida-de-la-atencion-de-pami-en-las-localidades-carmen-soverchia\/","og_site_name":"Noticias Radio Reflejos","article_published_time":"2020-08-05T16:41:12+00:00","og_image":[{"width":777,"height":437,"url":"https:\/\/www.noticiasradioreflejos.com.ar\/2021\/wp-content\/uploads\/2020\/02\/Centro-de-Jubilados-Sierra.jpg","type":"image\/jpeg"}],"author":"Arnaldo Botto","twitter_card":"summary_large_image","schema":{"@context":"https:\/\/schema.org","@graph":[{"@type":"WebPage","@id":"https:\/\/www.noticiasradioreflejos.com.ar\/2021\/la-gente-esta-super-agradecida-de-la-atencion-de-pami-en-las-localidades-carmen-soverchia\/","url":"https:\/\/www.noticiasradioreflejos.com.ar\/2021\/la-gente-esta-super-agradecida-de-la-atencion-de-pami-en-las-localidades-carmen-soverchia\/","name":"\"La gente esta s\u00faper agradecida de la atenci\u00f3n de PAMI en las localidades\" - Carmen Soverchia - Noticias Radio Reflejos","isPartOf":{"@id":"https:\/\/www.noticiasradioreflejos.com.ar\/2021\/#website"},"primaryImageOfPage":{"@id":"https:\/\/www.noticiasradioreflejos.com.ar\/2021\/la-gente-esta-super-agradecida-de-la-atencion-de-pami-en-las-localidades-carmen-soverchia\/#primaryimage"},"image":{"@id":"https:\/\/www.noticiasradioreflejos.com.ar\/2021\/la-gente-esta-super-agradecida-de-la-atencion-de-pami-en-las-localidades-carmen-soverchia\/#primaryimage"},"thumbnailUrl":"https:\/\/www.noticiasradioreflejos.com.ar\/2021\/wp-content\/uploads\/2020\/02\/Centro-de-Jubilados-Sierra.jpg","datePublished":"2020-08-05T16:41:12+00:00","author":{"@id":"https:\/\/www.noticiasradioreflejos.com.ar\/2021\/#\/schema\/person\/ad82545263dcc5ec0996818884fd5fb1"},"breadcrumb":{"@id":"https:\/\/www.noticiasradioreflejos.com.ar\/2021\/la-gente-esta-super-agradecida-de-la-atencion-de-pami-en-las-localidades-carmen-soverchia\/#breadcrumb"},"inLanguage":"es","potentialAction":[{"@type":"ReadAction","target":["https:\/\/www.noticiasradioreflejos.com.ar\/2021\/la-gente-esta-super-agradecida-de-la-atencion-de-pami-en-las-localidades-carmen-soverchia\/"]}]},{"@type":"ImageObject","inLanguage":"es","@id":"https:\/\/www.noticiasradioreflejos.com.ar\/2021\/la-gente-esta-super-agradecida-de-la-atencion-de-pami-en-las-localidades-carmen-soverchia\/#primaryimage","url":"https:\/\/www.noticiasradioreflejos.com.ar\/2021\/wp-content\/uploads\/2020\/02\/Centro-de-Jubilados-Sierra.jpg","contentUrl":"https:\/\/www.noticiasradioreflejos.com.ar\/2021\/wp-content\/uploads\/2020\/02\/Centro-de-Jubilados-Sierra.jpg","width":777,"height":437},{"@type":"BreadcrumbList","@id":"https:\/\/www.noticiasradioreflejos.com.ar\/2021\/la-gente-esta-super-agradecida-de-la-atencion-de-pami-en-las-localidades-carmen-soverchia\/#breadcrumb","itemListElement":[{"@type":"ListItem","position":1,"name":"Portada","item":"https:\/\/www.noticiasradioreflejos.com.ar\/2021\/"},{"@type":"ListItem","position":2,"name":"\u00abLa gente esta s\u00faper agradecida de la atenci\u00f3n de PAMI en las localidades\u00bb &#8211; Carmen Soverchia"}]},{"@type":"WebSite","@id":"https:\/\/www.noticiasradioreflejos.com.ar\/2021\/#website","url":"https:\/\/www.noticiasradioreflejos.com.ar\/2021\/","name":"Noticias Radio Reflejos","description":"Las noticias de mi comarca","potentialAction":[{"@type":"SearchAction","target":{"@type":"EntryPoint","urlTemplate":"https:\/\/www.noticiasradioreflejos.com.ar\/2021\/?s={search_term_string}"},"query-input":{"@type":"PropertyValueSpecification","valueRequired":true,"valueName":"search_term_string"}}],"inLanguage":"es"},{"@type":"Person","@id":"https:\/\/www.noticiasradioreflejos.com.ar\/2021\/#\/schema\/person\/ad82545263dcc5ec0996818884fd5fb1","name":"Arnaldo Botto","image":{"@type":"ImageObject","inLanguage":"es","@id":"https:\/\/www.noticiasradioreflejos.com.ar\/2021\/#\/schema\/person\/image\/","url":"https:\/\/secure.gravatar.com\/avatar\/55cb5e37c1efa326397366e6974cb338056df65cb50e7d64d1cf314e87504837?s=96&d=mm&r=g","contentUrl":"https:\/\/secure.gravatar.com\/avatar\/55cb5e37c1efa326397366e6974cb338056df65cb50e7d64d1cf314e87504837?s=96&d=mm&r=g","caption":"Arnaldo Botto"},"url":"https:\/\/www.noticiasradioreflejos.com.ar\/2021\/author\/arnaldo\/"}]}},"_links":{"self":[{"href":"https:\/\/www.noticiasradioreflejos.com.ar\/2021\/wp-json\/wp\/v2\/posts\/45375","targetHints":{"allow":["GET"]}}],"collection":[{"href":"https:\/\/www.noticiasradioreflejos.com.ar\/2021\/wp-json\/wp\/v2\/posts"}],"about":[{"href":"https:\/\/www.noticiasradioreflejos.com.ar\/2021\/wp-json\/wp\/v2\/types\/post"}],"author":[{"embeddable":true,"href":"https:\/\/www.noticiasradioreflejos.com.ar\/2021\/wp-json\/wp\/v2\/users\/3"}],"replies":[{"embeddable":true,"href":"https:\/\/www.noticiasradioreflejos.com.ar\/2021\/wp-json\/wp\/v2\/comments?post=45375"}],"version-history":[{"count":0,"href":"https:\/\/www.noticiasradioreflejos.com.ar\/2021\/wp-json\/wp\/v2\/posts\/45375\/revisions"}],"wp:featuredmedia":[{"embeddable":true,"href":"https:\/\/www.noticiasradioreflejos.com.ar\/2021\/wp-json\/wp\/v2\/media\/38759"}],"wp:attachment":[{"href":"https:\/\/www.noticiasradioreflejos.com.ar\/2021\/wp-json\/wp\/v2\/media?parent=45375"}],"wp:term":[{"taxonomy":"category","embeddable":true,"href":"https:\/\/www.noticiasradioreflejos.com.ar\/2021\/wp-json\/wp\/v2\/categories?post=45375"},{"taxonomy":"post_tag","embeddable":true,"href":"https:\/\/www.noticiasradioreflejos.com.ar\/2021\/wp-json\/wp\/v2\/tags?post=45375"}],"curies":[{"name":"wp","href":"https:\/\/api.w.org\/{rel}","templated":true}]}}