{"id":45372,"date":"2020-08-05T12:38:19","date_gmt":"2020-08-05T15:38:19","guid":{"rendered":"http:\/\/www.noticiasradioreflejos.com.ar\/noticias\/?p=45372"},"modified":"2020-08-05T12:38:19","modified_gmt":"2020-08-05T15:38:19","slug":"murio-un-piloto-que-se-eyecto-de-una-aeronave-de-la-fuerza-aerea-en-cordoba","status":"publish","type":"post","link":"https:\/\/www.noticiasradioreflejos.com.ar\/2021\/murio-un-piloto-que-se-eyecto-de-una-aeronave-de-la-fuerza-aerea-en-cordoba\/","title":{"rendered":"Muri\u00f3 un piloto que se eyect\u00f3 de una aeronave de la Fuerza A\u00e9rea en C\u00f3rdoba"},"content":{"rendered":"<p>Un piloto muri\u00f3 esta ma\u00f1ana tras eyectarse de una avi\u00f3n A4AR de la Fuerza A\u00e9rea Argentina (FAA) en la localidad cordobesa de Villa Valeria, en el departamento General Roca, se inform\u00f3 oficialmente.<!--more--><\/p>\n<p>Un avi\u00f3n de combate de la Fuerza A\u00e9rea Argentina se estrell\u00f3 este mi\u00e9rcoles en C\u00f3rdoba, durante una pr\u00e1ctica de tiro. Las primeras informaciones se\u00f1alaban que\u00a0<strong>el piloto, \u00fanico ocupante de la aeronave, logr\u00f3 eyectarse y hab\u00eda sobrevivido.<\/strong><\/p>\n<p>\u00abUna de las aeronaves A4AR que realizaba adiestramiento al sur de C\u00f3rdoba, debi\u00f3 ser abandonada por su piloto mediante una maniobra de eyecci\u00f3n, sin conocerse a\u00fan las causas de la eyecci\u00f3n\u00bb, indic\u00f3 la Fuerza A\u00e9rea en Twitter. El accidente ocurri\u00f3 en la zona cordobesa de\u00a0<strong>Villa Valeria.<\/strong><\/p>\n<p>La Fuerza A\u00e9rea inform\u00f3 que en horas de esta ma\u00f1ana, una de las aeronaves A4AR que realizaba adiestramiento al Sur de C\u00f3rdoba, debi\u00f3 ser abandonada por su piloto mediante una maniobra de eyecci\u00f3n, sin conocerse a\u00fan las causas de la eyecci\u00f3n.<\/p>\n<div class=\"twitter-tweet twitter-tweet-rendered\"><iframe loading=\"lazy\" id=\"twitter-widget-0\" class=\"\" title=\"Twitter Tweet\" src=\"https:\/\/platform.twitter.com\/embed\/index.html?dnt=false&amp;embedId=twitter-widget-0&amp;frame=false&amp;hideCard=false&amp;hideThread=false&amp;id=1291021028223787011&amp;lang=es&amp;origin=https%3A%2F%2Ftelefenoticias.com.ar%2Factualidad%2Fun-avion-de-combate-de-la-fuerza-aerea-se-estrello-en-cordoba-el-piloto-se-eyecto%2F&amp;siteScreenName=telefenoticias&amp;theme=light&amp;widgetsVersion=223fc1c4%3A1596143124634&amp;width=550px\" width=\"300\" height=\"150\" frameborder=\"0\" scrolling=\"no\" allowfullscreen=\"allowfullscreen\" data-tweet-id=\"1291021028223787011\"><\/iframe><\/div>\n<p><strong>El avi\u00f3n A4AR Fightinghawk que participaba de ejercicios militares pertenec\u00eda a la V Brigada A\u00e9rea, con asiento en la ciudad puntana de Villa Reynolds.<\/strong><\/p>\n<p>El piloto se eyect\u00f3 y\u00a0<strong>consigui\u00f3 abrir su paraca\u00eddas a tiempo<\/strong>. Si bien las primeras informaciones desatacaban que el aviador hab\u00eda sobrevivido, la agencia T\u00e9lam report\u00f3 que el piloto falleci\u00f3.<\/p>\n<p>Inmediatamente se activ\u00f3 el plan de emergencias en la V Brigada, desde donde parti\u00f3 un avi\u00f3n Cessna con personal de rescate rumbo a la zona del accidente. Tambi\u00e9n se dio aviso a Defensa Civil de Villa Mercedes y a las autoridades de Villa Valeria.<\/p>\n<p><strong>La nave \u00abse estrell\u00f3 en un campo de esa zona rural cordobesa, en el l\u00edmite con la localidad puntana de Justo Daract\u00bb<\/strong>, se\u00f1alaron medios locales.<\/p>\n<p>El piloto realizaba ejercicios de tiro con su A-4AR Fightinghawk en un campo abierto cuando por motivos que a\u00fan se investigan\u00a0<strong>la aeronave report\u00f3 fallas<\/strong>. Las autoridades de la Fuerza A\u00e9rea Argentina ahora iniciar\u00e1n una investigaci\u00f3n para determinar los motivos del accidente.<\/p>\n<p>Fuente: T\u00e9lam<\/p>\n","protected":false},"excerpt":{"rendered":"<p>Un piloto muri\u00f3 esta ma\u00f1ana tras eyectarse de una avi\u00f3n A4AR de la Fuerza A\u00e9rea Argentina (FAA) en la localidad cordobesa de Villa Valeria, en el departamento General Roca, se inform\u00f3 oficialmente.<\/p>\n","protected":false},"author":3,"featured_media":0,"comment_status":"closed","ping_status":"open","sticky":false,"template":"","format":"standard","meta":{"footnotes":""},"categories":[29],"tags":[],"class_list":["post-45372","post","type-post","status-publish","format-standard","hentry","category-policiales"],"yoast_head":"<!-- This site is optimized with the Yoast SEO plugin v25.9 - https:\/\/yoast.com\/wordpress\/plugins\/seo\/ -->\n<title>Muri\u00f3 un piloto que se eyect\u00f3 de una aeronave de la Fuerza A\u00e9rea en C\u00f3rdoba - Noticias Radio Reflejos<\/title>\n<meta name=\"robots\" content=\"index, follow, max-snippet:-1, max-image-preview:large, max-video-preview:-1\" \/>\n<link rel=\"canonical\" href=\"https:\/\/www.noticiasradioreflejos.com.ar\/2021\/murio-un-piloto-que-se-eyecto-de-una-aeronave-de-la-fuerza-aerea-en-cordoba\/\" \/>\n<meta property=\"og:locale\" content=\"es_ES\" \/>\n<meta property=\"og:type\" content=\"article\" \/>\n<meta property=\"og:title\" content=\"Muri\u00f3 un piloto que se eyect\u00f3 de una aeronave de la Fuerza A\u00e9rea en C\u00f3rdoba - Noticias Radio Reflejos\" \/>\n<meta property=\"og:description\" content=\"Un piloto muri\u00f3 esta ma\u00f1ana tras eyectarse de una avi\u00f3n A4AR de la Fuerza A\u00e9rea Argentina (FAA) en la localidad cordobesa de Villa Valeria, en el departamento General Roca, se inform\u00f3 oficialmente.\" \/>\n<meta property=\"og:url\" content=\"https:\/\/www.noticiasradioreflejos.com.ar\/2021\/murio-un-piloto-que-se-eyecto-de-una-aeronave-de-la-fuerza-aerea-en-cordoba\/\" \/>\n<meta property=\"og:site_name\" content=\"Noticias Radio Reflejos\" \/>\n<meta property=\"article:published_time\" content=\"2020-08-05T15:38:19+00:00\" \/>\n<meta property=\"og:image\" content=\"https:\/\/www.noticiasradioreflejos.com.ar\/2021\/wp-content\/uploads\/2021\/07\/logosol300x200.png\" \/>\n\t<meta property=\"og:image:width\" content=\"300\" \/>\n\t<meta property=\"og:image:height\" content=\"200\" \/>\n\t<meta property=\"og:image:type\" content=\"image\/png\" \/>\n<meta name=\"author\" content=\"Arnaldo Botto\" \/>\n<meta name=\"twitter:card\" content=\"summary_large_image\" \/>\n<script type=\"application\/ld+json\" class=\"yoast-schema-graph\">{\"@context\":\"https:\/\/schema.org\",\"@graph\":[{\"@type\":\"WebPage\",\"@id\":\"https:\/\/www.noticiasradioreflejos.com.ar\/2021\/murio-un-piloto-que-se-eyecto-de-una-aeronave-de-la-fuerza-aerea-en-cordoba\/\",\"url\":\"https:\/\/www.noticiasradioreflejos.com.ar\/2021\/murio-un-piloto-que-se-eyecto-de-una-aeronave-de-la-fuerza-aerea-en-cordoba\/\",\"name\":\"Muri\u00f3 un piloto que se eyect\u00f3 de una aeronave de la Fuerza A\u00e9rea en C\u00f3rdoba - Noticias Radio Reflejos\",\"isPartOf\":{\"@id\":\"https:\/\/www.noticiasradioreflejos.com.ar\/2021\/#website\"},\"datePublished\":\"2020-08-05T15:38:19+00:00\",\"author\":{\"@id\":\"https:\/\/www.noticiasradioreflejos.com.ar\/2021\/#\/schema\/person\/ad82545263dcc5ec0996818884fd5fb1\"},\"breadcrumb\":{\"@id\":\"https:\/\/www.noticiasradioreflejos.com.ar\/2021\/murio-un-piloto-que-se-eyecto-de-una-aeronave-de-la-fuerza-aerea-en-cordoba\/#breadcrumb\"},\"inLanguage\":\"es\",\"potentialAction\":[{\"@type\":\"ReadAction\",\"target\":[\"https:\/\/www.noticiasradioreflejos.com.ar\/2021\/murio-un-piloto-que-se-eyecto-de-una-aeronave-de-la-fuerza-aerea-en-cordoba\/\"]}]},{\"@type\":\"BreadcrumbList\",\"@id\":\"https:\/\/www.noticiasradioreflejos.com.ar\/2021\/murio-un-piloto-que-se-eyecto-de-una-aeronave-de-la-fuerza-aerea-en-cordoba\/#breadcrumb\",\"itemListElement\":[{\"@type\":\"ListItem\",\"position\":1,\"name\":\"Portada\",\"item\":\"https:\/\/www.noticiasradioreflejos.com.ar\/2021\/\"},{\"@type\":\"ListItem\",\"position\":2,\"name\":\"Muri\u00f3 un piloto que se eyect\u00f3 de una aeronave de la Fuerza A\u00e9rea en C\u00f3rdoba\"}]},{\"@type\":\"WebSite\",\"@id\":\"https:\/\/www.noticiasradioreflejos.com.ar\/2021\/#website\",\"url\":\"https:\/\/www.noticiasradioreflejos.com.ar\/2021\/\",\"name\":\"Noticias Radio Reflejos\",\"description\":\"Las noticias de mi comarca\",\"potentialAction\":[{\"@type\":\"SearchAction\",\"target\":{\"@type\":\"EntryPoint\",\"urlTemplate\":\"https:\/\/www.noticiasradioreflejos.com.ar\/2021\/?s={search_term_string}\"},\"query-input\":{\"@type\":\"PropertyValueSpecification\",\"valueRequired\":true,\"valueName\":\"search_term_string\"}}],\"inLanguage\":\"es\"},{\"@type\":\"Person\",\"@id\":\"https:\/\/www.noticiasradioreflejos.com.ar\/2021\/#\/schema\/person\/ad82545263dcc5ec0996818884fd5fb1\",\"name\":\"Arnaldo Botto\",\"image\":{\"@type\":\"ImageObject\",\"inLanguage\":\"es\",\"@id\":\"https:\/\/www.noticiasradioreflejos.com.ar\/2021\/#\/schema\/person\/image\/\",\"url\":\"https:\/\/secure.gravatar.com\/avatar\/55cb5e37c1efa326397366e6974cb338056df65cb50e7d64d1cf314e87504837?s=96&d=mm&r=g\",\"contentUrl\":\"https:\/\/secure.gravatar.com\/avatar\/55cb5e37c1efa326397366e6974cb338056df65cb50e7d64d1cf314e87504837?s=96&d=mm&r=g\",\"caption\":\"Arnaldo Botto\"},\"url\":\"https:\/\/www.noticiasradioreflejos.com.ar\/2021\/author\/arnaldo\/\"}]}<\/script>\n<!-- \/ Yoast SEO plugin. -->","yoast_head_json":{"title":"Muri\u00f3 un piloto que se eyect\u00f3 de una aeronave de la Fuerza A\u00e9rea en C\u00f3rdoba - Noticias Radio Reflejos","robots":{"index":"index","follow":"follow","max-snippet":"max-snippet:-1","max-image-preview":"max-image-preview:large","max-video-preview":"max-video-preview:-1"},"canonical":"https:\/\/www.noticiasradioreflejos.com.ar\/2021\/murio-un-piloto-que-se-eyecto-de-una-aeronave-de-la-fuerza-aerea-en-cordoba\/","og_locale":"es_ES","og_type":"article","og_title":"Muri\u00f3 un piloto que se eyect\u00f3 de una aeronave de la Fuerza A\u00e9rea en C\u00f3rdoba - Noticias Radio Reflejos","og_description":"Un piloto muri\u00f3 esta ma\u00f1ana tras eyectarse de una avi\u00f3n A4AR de la Fuerza A\u00e9rea Argentina (FAA) en la localidad cordobesa de Villa Valeria, en el departamento General Roca, se inform\u00f3 oficialmente.","og_url":"https:\/\/www.noticiasradioreflejos.com.ar\/2021\/murio-un-piloto-que-se-eyecto-de-una-aeronave-de-la-fuerza-aerea-en-cordoba\/","og_site_name":"Noticias Radio Reflejos","article_published_time":"2020-08-05T15:38:19+00:00","og_image":[{"width":300,"height":200,"url":"https:\/\/www.noticiasradioreflejos.com.ar\/2021\/wp-content\/uploads\/2021\/07\/logosol300x200.png","type":"image\/png"}],"author":"Arnaldo Botto","twitter_card":"summary_large_image","schema":{"@context":"https:\/\/schema.org","@graph":[{"@type":"WebPage","@id":"https:\/\/www.noticiasradioreflejos.com.ar\/2021\/murio-un-piloto-que-se-eyecto-de-una-aeronave-de-la-fuerza-aerea-en-cordoba\/","url":"https:\/\/www.noticiasradioreflejos.com.ar\/2021\/murio-un-piloto-que-se-eyecto-de-una-aeronave-de-la-fuerza-aerea-en-cordoba\/","name":"Muri\u00f3 un piloto que se eyect\u00f3 de una aeronave de la Fuerza A\u00e9rea en C\u00f3rdoba - Noticias Radio Reflejos","isPartOf":{"@id":"https:\/\/www.noticiasradioreflejos.com.ar\/2021\/#website"},"datePublished":"2020-08-05T15:38:19+00:00","author":{"@id":"https:\/\/www.noticiasradioreflejos.com.ar\/2021\/#\/schema\/person\/ad82545263dcc5ec0996818884fd5fb1"},"breadcrumb":{"@id":"https:\/\/www.noticiasradioreflejos.com.ar\/2021\/murio-un-piloto-que-se-eyecto-de-una-aeronave-de-la-fuerza-aerea-en-cordoba\/#breadcrumb"},"inLanguage":"es","potentialAction":[{"@type":"ReadAction","target":["https:\/\/www.noticiasradioreflejos.com.ar\/2021\/murio-un-piloto-que-se-eyecto-de-una-aeronave-de-la-fuerza-aerea-en-cordoba\/"]}]},{"@type":"BreadcrumbList","@id":"https:\/\/www.noticiasradioreflejos.com.ar\/2021\/murio-un-piloto-que-se-eyecto-de-una-aeronave-de-la-fuerza-aerea-en-cordoba\/#breadcrumb","itemListElement":[{"@type":"ListItem","position":1,"name":"Portada","item":"https:\/\/www.noticiasradioreflejos.com.ar\/2021\/"},{"@type":"ListItem","position":2,"name":"Muri\u00f3 un piloto que se eyect\u00f3 de una aeronave de la Fuerza A\u00e9rea en C\u00f3rdoba"}]},{"@type":"WebSite","@id":"https:\/\/www.noticiasradioreflejos.com.ar\/2021\/#website","url":"https:\/\/www.noticiasradioreflejos.com.ar\/2021\/","name":"Noticias Radio Reflejos","description":"Las noticias de mi comarca","potentialAction":[{"@type":"SearchAction","target":{"@type":"EntryPoint","urlTemplate":"https:\/\/www.noticiasradioreflejos.com.ar\/2021\/?s={search_term_string}"},"query-input":{"@type":"PropertyValueSpecification","valueRequired":true,"valueName":"search_term_string"}}],"inLanguage":"es"},{"@type":"Person","@id":"https:\/\/www.noticiasradioreflejos.com.ar\/2021\/#\/schema\/person\/ad82545263dcc5ec0996818884fd5fb1","name":"Arnaldo Botto","image":{"@type":"ImageObject","inLanguage":"es","@id":"https:\/\/www.noticiasradioreflejos.com.ar\/2021\/#\/schema\/person\/image\/","url":"https:\/\/secure.gravatar.com\/avatar\/55cb5e37c1efa326397366e6974cb338056df65cb50e7d64d1cf314e87504837?s=96&d=mm&r=g","contentUrl":"https:\/\/secure.gravatar.com\/avatar\/55cb5e37c1efa326397366e6974cb338056df65cb50e7d64d1cf314e87504837?s=96&d=mm&r=g","caption":"Arnaldo Botto"},"url":"https:\/\/www.noticiasradioreflejos.com.ar\/2021\/author\/arnaldo\/"}]}},"_links":{"self":[{"href":"https:\/\/www.noticiasradioreflejos.com.ar\/2021\/wp-json\/wp\/v2\/posts\/45372","targetHints":{"allow":["GET"]}}],"collection":[{"href":"https:\/\/www.noticiasradioreflejos.com.ar\/2021\/wp-json\/wp\/v2\/posts"}],"about":[{"href":"https:\/\/www.noticiasradioreflejos.com.ar\/2021\/wp-json\/wp\/v2\/types\/post"}],"author":[{"embeddable":true,"href":"https:\/\/www.noticiasradioreflejos.com.ar\/2021\/wp-json\/wp\/v2\/users\/3"}],"replies":[{"embeddable":true,"href":"https:\/\/www.noticiasradioreflejos.com.ar\/2021\/wp-json\/wp\/v2\/comments?post=45372"}],"version-history":[{"count":0,"href":"https:\/\/www.noticiasradioreflejos.com.ar\/2021\/wp-json\/wp\/v2\/posts\/45372\/revisions"}],"wp:attachment":[{"href":"https:\/\/www.noticiasradioreflejos.com.ar\/2021\/wp-json\/wp\/v2\/media?parent=45372"}],"wp:term":[{"taxonomy":"category","embeddable":true,"href":"https:\/\/www.noticiasradioreflejos.com.ar\/2021\/wp-json\/wp\/v2\/categories?post=45372"},{"taxonomy":"post_tag","embeddable":true,"href":"https:\/\/www.noticiasradioreflejos.com.ar\/2021\/wp-json\/wp\/v2\/tags?post=45372"}],"curies":[{"name":"wp","href":"https:\/\/api.w.org\/{rel}","templated":true}]}}