{"id":45298,"date":"2020-08-03T18:23:29","date_gmt":"2020-08-03T21:23:29","guid":{"rendered":"http:\/\/www.noticiasradioreflejos.com.ar\/noticias\/?p=45298"},"modified":"2020-08-03T18:23:29","modified_gmt":"2020-08-03T21:23:29","slug":"la-confederacion-de-trabajadores-municipales-rechazo-reemplazo-de-municipales-por-monotributistas-y-el-desfinanciamiento-jubilaborio","status":"publish","type":"post","link":"https:\/\/www.noticiasradioreflejos.com.ar\/2021\/la-confederacion-de-trabajadores-municipales-rechazo-reemplazo-de-municipales-por-monotributistas-y-el-desfinanciamiento-jubilaborio\/","title":{"rendered":"La Confederaci\u00f3n de Trabajadores Municipales  rechaz\u00f3 reemplazo de municipales por monotributistas y el desfinanciamiento jubilaborio"},"content":{"rendered":"<p>El secretario general de la Confederaci\u00f3n de Trabajadores Municipales (CTM), Rub\u00e9n Garc\u00eda, denunci\u00f3 hoy que unos 35 mil monotributistas reemplazan en algunos partidos bonaerenses a los empleados comunales y asegur\u00f3 que de esa manera \u00abse desfinancia la Caja de Jubilaciones de la provincia\u00bb.<!--more--><\/p>\n<p>\u00abEn algunas comunas bonaerenses cumplen tareas unos 35 mil monotributistas que facturan y desfinancian la Caja de Jubilaciones provincial, mientras en todo el pa\u00eds hay personal municipal que percibe su salario en negro\u00bb, puntualiz\u00f3.<\/p>\n<p>En un comunicado, Garc\u00eda inst\u00f3 a los intendentes de esas ciudades a \u00abimitar los ejemplos\u00bb del presidente Alberto Fern\u00e1ndez y del gobernador Axel Kicillof, quienes reordenaron \u00ablos salarios en las Fuerzas Armadas y decidieron pasar a planta permanente a 15 mil estatales bonaerenses, respectivamente\u00bb.<\/p>\n<p>El dirigente, quien representa a unos 600 mil municipales en todo el pa\u00eds y a casi 200 mil en la provincia de Buenos Aires, explic\u00f3 que Fern\u00e1ndez anunci\u00f3 \u00abla regularizaci\u00f3n de los salarios de los militares y orden\u00f3 trasladar al b\u00e1sico todas las bonificaciones no remunerativas, poniendo de esa forma fin a un reclamo hist\u00f3rico de las Fuerzas Armadas\u00bb.<\/p>\n<p>El tambi\u00e9n titular de la Federaci\u00f3n de Sindicatos Municipales Bonaerenses (Fesimubo) a\u00f1adi\u00f3 que \u00ablos intendentes deben imitar los ejemplos de Fern\u00e1ndez y Kicillof, porque a\u00fan hay fraude e inestabilidad laboral\u00bb, y expres\u00f3 que \u00abla mayor\u00eda de los municipales no logran cubrir el valor de la canasta b\u00e1sica\u00bb.<\/p>\n<p>\u00abGran n\u00famero de esos trabajadores cobra haberes por debajo de la l\u00ednea de indigencia en muchas comunas del pa\u00eds. Al jubilarse luego de 35 a\u00f1os de aportes, es reemplazado por un monotributista que factura y remite su aporte a la ANSES y no a la Caja de Jubilaciones provincial, lo que desfinancia el sistema y al IOMA\u00bb, asegur\u00f3.<\/p>\n<p>Para Garc\u00eda, ello ocurri\u00f3 en la provincia durante toda la gesti\u00f3n de Cambiemos, y dijo que \u00abno fue casual sino un robo planificado de la exgobernadora Mar\u00eda Eugenia Vidal, pero todav\u00eda pasa en algunas municipalidades\u00bb.<\/p>\n<p>Garc\u00eda respald\u00f3 el proyecto de Reforma Judicial y dijo que Mauricio Macri us\u00f3 a la justicia como \u00abdisciplinadora\u00bb de la oposici\u00f3n, por lo que pidi\u00f3 \u00abuna renovaci\u00f3n en la metodolog\u00eda del sector para que sea m\u00e1s r\u00e1pido y no privilegie \u00fanicamente a los poderosos\u00bb.<br \/>\nImprimir Descargar Copiar Volver<\/p>\n","protected":false},"excerpt":{"rendered":"<p>El secretario general de la Confederaci\u00f3n de Trabajadores Municipales (CTM), Rub\u00e9n Garc\u00eda, denunci\u00f3 hoy que unos 35 mil monotributistas reemplazan en algunos partidos bonaerenses a los empleados comunales y asegur\u00f3 que de esa manera \u00abse desfinancia la Caja de Jubilaciones de la provincia\u00bb.<\/p>\n","protected":false},"author":3,"featured_media":0,"comment_status":"closed","ping_status":"open","sticky":false,"template":"","format":"standard","meta":{"footnotes":""},"categories":[26],"tags":[],"class_list":["post-45298","post","type-post","status-publish","format-standard","hentry","category-sociedad"],"yoast_head":"<!-- This site is optimized with the Yoast SEO plugin v25.9 - https:\/\/yoast.com\/wordpress\/plugins\/seo\/ -->\n<title>La Confederaci\u00f3n de Trabajadores Municipales rechaz\u00f3 reemplazo de municipales por monotributistas y el desfinanciamiento jubilaborio - Noticias Radio Reflejos<\/title>\n<meta name=\"robots\" content=\"index, follow, max-snippet:-1, max-image-preview:large, max-video-preview:-1\" \/>\n<link rel=\"canonical\" href=\"https:\/\/www.noticiasradioreflejos.com.ar\/2021\/la-confederacion-de-trabajadores-municipales-rechazo-reemplazo-de-municipales-por-monotributistas-y-el-desfinanciamiento-jubilaborio\/\" \/>\n<meta property=\"og:locale\" content=\"es_ES\" \/>\n<meta property=\"og:type\" content=\"article\" \/>\n<meta property=\"og:title\" content=\"La Confederaci\u00f3n de Trabajadores Municipales rechaz\u00f3 reemplazo de municipales por monotributistas y el desfinanciamiento jubilaborio - Noticias Radio Reflejos\" \/>\n<meta property=\"og:description\" content=\"El secretario general de la Confederaci\u00f3n de Trabajadores Municipales (CTM), Rub\u00e9n Garc\u00eda, denunci\u00f3 hoy que unos 35 mil monotributistas reemplazan en algunos partidos bonaerenses a los empleados comunales y asegur\u00f3 que de esa manera \u00abse desfinancia la Caja de Jubilaciones de la provincia\u00bb.\" \/>\n<meta property=\"og:url\" content=\"https:\/\/www.noticiasradioreflejos.com.ar\/2021\/la-confederacion-de-trabajadores-municipales-rechazo-reemplazo-de-municipales-por-monotributistas-y-el-desfinanciamiento-jubilaborio\/\" \/>\n<meta property=\"og:site_name\" content=\"Noticias Radio Reflejos\" \/>\n<meta property=\"article:published_time\" content=\"2020-08-03T21:23:29+00:00\" \/>\n<meta property=\"og:image\" content=\"https:\/\/www.noticiasradioreflejos.com.ar\/2021\/wp-content\/uploads\/2021\/07\/logosol300x200.png\" \/>\n\t<meta property=\"og:image:width\" content=\"300\" \/>\n\t<meta property=\"og:image:height\" content=\"200\" \/>\n\t<meta property=\"og:image:type\" content=\"image\/png\" \/>\n<meta name=\"author\" content=\"Arnaldo Botto\" \/>\n<meta name=\"twitter:card\" content=\"summary_large_image\" \/>\n<script type=\"application\/ld+json\" class=\"yoast-schema-graph\">{\"@context\":\"https:\/\/schema.org\",\"@graph\":[{\"@type\":\"WebPage\",\"@id\":\"https:\/\/www.noticiasradioreflejos.com.ar\/2021\/la-confederacion-de-trabajadores-municipales-rechazo-reemplazo-de-municipales-por-monotributistas-y-el-desfinanciamiento-jubilaborio\/\",\"url\":\"https:\/\/www.noticiasradioreflejos.com.ar\/2021\/la-confederacion-de-trabajadores-municipales-rechazo-reemplazo-de-municipales-por-monotributistas-y-el-desfinanciamiento-jubilaborio\/\",\"name\":\"La Confederaci\u00f3n de Trabajadores Municipales rechaz\u00f3 reemplazo de municipales por monotributistas y el desfinanciamiento jubilaborio - Noticias Radio Reflejos\",\"isPartOf\":{\"@id\":\"https:\/\/www.noticiasradioreflejos.com.ar\/2021\/#website\"},\"datePublished\":\"2020-08-03T21:23:29+00:00\",\"author\":{\"@id\":\"https:\/\/www.noticiasradioreflejos.com.ar\/2021\/#\/schema\/person\/ad82545263dcc5ec0996818884fd5fb1\"},\"breadcrumb\":{\"@id\":\"https:\/\/www.noticiasradioreflejos.com.ar\/2021\/la-confederacion-de-trabajadores-municipales-rechazo-reemplazo-de-municipales-por-monotributistas-y-el-desfinanciamiento-jubilaborio\/#breadcrumb\"},\"inLanguage\":\"es\",\"potentialAction\":[{\"@type\":\"ReadAction\",\"target\":[\"https:\/\/www.noticiasradioreflejos.com.ar\/2021\/la-confederacion-de-trabajadores-municipales-rechazo-reemplazo-de-municipales-por-monotributistas-y-el-desfinanciamiento-jubilaborio\/\"]}]},{\"@type\":\"BreadcrumbList\",\"@id\":\"https:\/\/www.noticiasradioreflejos.com.ar\/2021\/la-confederacion-de-trabajadores-municipales-rechazo-reemplazo-de-municipales-por-monotributistas-y-el-desfinanciamiento-jubilaborio\/#breadcrumb\",\"itemListElement\":[{\"@type\":\"ListItem\",\"position\":1,\"name\":\"Portada\",\"item\":\"https:\/\/www.noticiasradioreflejos.com.ar\/2021\/\"},{\"@type\":\"ListItem\",\"position\":2,\"name\":\"La Confederaci\u00f3n de Trabajadores Municipales rechaz\u00f3 reemplazo de municipales por monotributistas y el desfinanciamiento jubilaborio\"}]},{\"@type\":\"WebSite\",\"@id\":\"https:\/\/www.noticiasradioreflejos.com.ar\/2021\/#website\",\"url\":\"https:\/\/www.noticiasradioreflejos.com.ar\/2021\/\",\"name\":\"Noticias Radio Reflejos\",\"description\":\"Las noticias de mi comarca\",\"potentialAction\":[{\"@type\":\"SearchAction\",\"target\":{\"@type\":\"EntryPoint\",\"urlTemplate\":\"https:\/\/www.noticiasradioreflejos.com.ar\/2021\/?s={search_term_string}\"},\"query-input\":{\"@type\":\"PropertyValueSpecification\",\"valueRequired\":true,\"valueName\":\"search_term_string\"}}],\"inLanguage\":\"es\"},{\"@type\":\"Person\",\"@id\":\"https:\/\/www.noticiasradioreflejos.com.ar\/2021\/#\/schema\/person\/ad82545263dcc5ec0996818884fd5fb1\",\"name\":\"Arnaldo Botto\",\"image\":{\"@type\":\"ImageObject\",\"inLanguage\":\"es\",\"@id\":\"https:\/\/www.noticiasradioreflejos.com.ar\/2021\/#\/schema\/person\/image\/\",\"url\":\"https:\/\/secure.gravatar.com\/avatar\/55cb5e37c1efa326397366e6974cb338056df65cb50e7d64d1cf314e87504837?s=96&d=mm&r=g\",\"contentUrl\":\"https:\/\/secure.gravatar.com\/avatar\/55cb5e37c1efa326397366e6974cb338056df65cb50e7d64d1cf314e87504837?s=96&d=mm&r=g\",\"caption\":\"Arnaldo Botto\"},\"url\":\"https:\/\/www.noticiasradioreflejos.com.ar\/2021\/author\/arnaldo\/\"}]}<\/script>\n<!-- \/ Yoast SEO plugin. -->","yoast_head_json":{"title":"La Confederaci\u00f3n de Trabajadores Municipales rechaz\u00f3 reemplazo de municipales por monotributistas y el desfinanciamiento jubilaborio - Noticias Radio Reflejos","robots":{"index":"index","follow":"follow","max-snippet":"max-snippet:-1","max-image-preview":"max-image-preview:large","max-video-preview":"max-video-preview:-1"},"canonical":"https:\/\/www.noticiasradioreflejos.com.ar\/2021\/la-confederacion-de-trabajadores-municipales-rechazo-reemplazo-de-municipales-por-monotributistas-y-el-desfinanciamiento-jubilaborio\/","og_locale":"es_ES","og_type":"article","og_title":"La Confederaci\u00f3n de Trabajadores Municipales rechaz\u00f3 reemplazo de municipales por monotributistas y el desfinanciamiento jubilaborio - Noticias Radio Reflejos","og_description":"El secretario general de la Confederaci\u00f3n de Trabajadores Municipales (CTM), Rub\u00e9n Garc\u00eda, denunci\u00f3 hoy que unos 35 mil monotributistas reemplazan en algunos partidos bonaerenses a los empleados comunales y asegur\u00f3 que de esa manera \u00abse desfinancia la Caja de Jubilaciones de la provincia\u00bb.","og_url":"https:\/\/www.noticiasradioreflejos.com.ar\/2021\/la-confederacion-de-trabajadores-municipales-rechazo-reemplazo-de-municipales-por-monotributistas-y-el-desfinanciamiento-jubilaborio\/","og_site_name":"Noticias Radio Reflejos","article_published_time":"2020-08-03T21:23:29+00:00","og_image":[{"width":300,"height":200,"url":"https:\/\/www.noticiasradioreflejos.com.ar\/2021\/wp-content\/uploads\/2021\/07\/logosol300x200.png","type":"image\/png"}],"author":"Arnaldo Botto","twitter_card":"summary_large_image","schema":{"@context":"https:\/\/schema.org","@graph":[{"@type":"WebPage","@id":"https:\/\/www.noticiasradioreflejos.com.ar\/2021\/la-confederacion-de-trabajadores-municipales-rechazo-reemplazo-de-municipales-por-monotributistas-y-el-desfinanciamiento-jubilaborio\/","url":"https:\/\/www.noticiasradioreflejos.com.ar\/2021\/la-confederacion-de-trabajadores-municipales-rechazo-reemplazo-de-municipales-por-monotributistas-y-el-desfinanciamiento-jubilaborio\/","name":"La Confederaci\u00f3n de Trabajadores Municipales rechaz\u00f3 reemplazo de municipales por monotributistas y el desfinanciamiento jubilaborio - Noticias Radio Reflejos","isPartOf":{"@id":"https:\/\/www.noticiasradioreflejos.com.ar\/2021\/#website"},"datePublished":"2020-08-03T21:23:29+00:00","author":{"@id":"https:\/\/www.noticiasradioreflejos.com.ar\/2021\/#\/schema\/person\/ad82545263dcc5ec0996818884fd5fb1"},"breadcrumb":{"@id":"https:\/\/www.noticiasradioreflejos.com.ar\/2021\/la-confederacion-de-trabajadores-municipales-rechazo-reemplazo-de-municipales-por-monotributistas-y-el-desfinanciamiento-jubilaborio\/#breadcrumb"},"inLanguage":"es","potentialAction":[{"@type":"ReadAction","target":["https:\/\/www.noticiasradioreflejos.com.ar\/2021\/la-confederacion-de-trabajadores-municipales-rechazo-reemplazo-de-municipales-por-monotributistas-y-el-desfinanciamiento-jubilaborio\/"]}]},{"@type":"BreadcrumbList","@id":"https:\/\/www.noticiasradioreflejos.com.ar\/2021\/la-confederacion-de-trabajadores-municipales-rechazo-reemplazo-de-municipales-por-monotributistas-y-el-desfinanciamiento-jubilaborio\/#breadcrumb","itemListElement":[{"@type":"ListItem","position":1,"name":"Portada","item":"https:\/\/www.noticiasradioreflejos.com.ar\/2021\/"},{"@type":"ListItem","position":2,"name":"La Confederaci\u00f3n de Trabajadores Municipales rechaz\u00f3 reemplazo de municipales por monotributistas y el desfinanciamiento jubilaborio"}]},{"@type":"WebSite","@id":"https:\/\/www.noticiasradioreflejos.com.ar\/2021\/#website","url":"https:\/\/www.noticiasradioreflejos.com.ar\/2021\/","name":"Noticias Radio Reflejos","description":"Las noticias de mi comarca","potentialAction":[{"@type":"SearchAction","target":{"@type":"EntryPoint","urlTemplate":"https:\/\/www.noticiasradioreflejos.com.ar\/2021\/?s={search_term_string}"},"query-input":{"@type":"PropertyValueSpecification","valueRequired":true,"valueName":"search_term_string"}}],"inLanguage":"es"},{"@type":"Person","@id":"https:\/\/www.noticiasradioreflejos.com.ar\/2021\/#\/schema\/person\/ad82545263dcc5ec0996818884fd5fb1","name":"Arnaldo Botto","image":{"@type":"ImageObject","inLanguage":"es","@id":"https:\/\/www.noticiasradioreflejos.com.ar\/2021\/#\/schema\/person\/image\/","url":"https:\/\/secure.gravatar.com\/avatar\/55cb5e37c1efa326397366e6974cb338056df65cb50e7d64d1cf314e87504837?s=96&d=mm&r=g","contentUrl":"https:\/\/secure.gravatar.com\/avatar\/55cb5e37c1efa326397366e6974cb338056df65cb50e7d64d1cf314e87504837?s=96&d=mm&r=g","caption":"Arnaldo Botto"},"url":"https:\/\/www.noticiasradioreflejos.com.ar\/2021\/author\/arnaldo\/"}]}},"_links":{"self":[{"href":"https:\/\/www.noticiasradioreflejos.com.ar\/2021\/wp-json\/wp\/v2\/posts\/45298","targetHints":{"allow":["GET"]}}],"collection":[{"href":"https:\/\/www.noticiasradioreflejos.com.ar\/2021\/wp-json\/wp\/v2\/posts"}],"about":[{"href":"https:\/\/www.noticiasradioreflejos.com.ar\/2021\/wp-json\/wp\/v2\/types\/post"}],"author":[{"embeddable":true,"href":"https:\/\/www.noticiasradioreflejos.com.ar\/2021\/wp-json\/wp\/v2\/users\/3"}],"replies":[{"embeddable":true,"href":"https:\/\/www.noticiasradioreflejos.com.ar\/2021\/wp-json\/wp\/v2\/comments?post=45298"}],"version-history":[{"count":0,"href":"https:\/\/www.noticiasradioreflejos.com.ar\/2021\/wp-json\/wp\/v2\/posts\/45298\/revisions"}],"wp:attachment":[{"href":"https:\/\/www.noticiasradioreflejos.com.ar\/2021\/wp-json\/wp\/v2\/media?parent=45298"}],"wp:term":[{"taxonomy":"category","embeddable":true,"href":"https:\/\/www.noticiasradioreflejos.com.ar\/2021\/wp-json\/wp\/v2\/categories?post=45298"},{"taxonomy":"post_tag","embeddable":true,"href":"https:\/\/www.noticiasradioreflejos.com.ar\/2021\/wp-json\/wp\/v2\/tags?post=45298"}],"curies":[{"name":"wp","href":"https:\/\/api.w.org\/{rel}","templated":true}]}}