{"id":45290,"date":"2020-08-03T17:39:19","date_gmt":"2020-08-03T20:39:19","guid":{"rendered":"http:\/\/www.noticiasradioreflejos.com.ar\/noticias\/?p=45290"},"modified":"2020-08-03T17:39:19","modified_gmt":"2020-08-03T20:39:19","slug":"es-el-momento-de-que-la-ucr-le-proponga-a-la-sociedad-algo-diferente-porque-el-gobierno-de-maria-eugenia-vidal-no-cumplio-con-nuestras-expectativas-fabio-abraham","status":"publish","type":"post","link":"https:\/\/www.noticiasradioreflejos.com.ar\/2021\/es-el-momento-de-que-la-ucr-le-proponga-a-la-sociedad-algo-diferente-porque-el-gobierno-de-maria-eugenia-vidal-no-cumplio-con-nuestras-expectativas-fabio-abraham\/","title":{"rendered":"\u00abEs el momento de que la UCR le proponga a la sociedad algo diferente porque el gobierno de Mar\u00eda Eugenia Vidal no cumpli\u00f3 con nuestras expectativas\u00bb. Fabio Abraham"},"content":{"rendered":"<p>Esta ma\u00f1ana conversamos con <strong>Fabio Abraham<\/strong>, Dirigente de la<strong> UCR<\/strong> y ex Concejal y Secretario de Gobierno del Municipio de Lomas de Zamora.\u00a0 De amplia trayectoria como militante, legislador y ejecutivo en el Radicalismo desde Ra\u00fal Alfons\u00edn Abraham abre el juego con propuestas concretas para toda la provincia.\u00a0Nos comparte en esta nota las nuevas propuestas que tiene el partido para las pr\u00f3ximas elecciones, desarrolla su proyecto y emite opini\u00f3n acerca del cambio de bandera de Sergio Bordoni.<\/p>\n<p><!--more--><\/p>\n<p>Le pedimos a Fabio que nos explique la situaci\u00f3n actual de la UCR en Lomas de Zamora, donde se estar\u00eda desarrollando una fracci\u00f3n dentro del partido. \u00abEn principio nuestro grupo se llama \u00abUCR movilizaci\u00f3n partidaria\u00bb. Creemos que despu\u00e9s de 130 a\u00f1os de vida, si la UCR no le propone nada a la sociedad y se sigue escondiendo a trav\u00e9s de las alianzas, tiende a desaparecer\u00bb explic\u00f3. Abraham menciona que la idea de este grupo es, cuando finalice la cuarentena, ir pueblo por pueblo transmitiendo cu\u00e1les son las ideas del partido y qu\u00e9 futuro le ve al pa\u00eds.<\/p>\n<p><a title=\"14724650_1238093452918046_8040381841736282239_n (1)\" href=\"http:\/\/live.staticflickr.com\/65535\/50185973931_c66975225d_s.jpg\" rel=\"\"><img loading=\"lazy\" decoding=\"async\" class=\"alignleft\" style=\"float: left;\" title=\"14724650_1238093452918046_8040381841736282239_n (1)\" src=\"http:\/\/live.staticflickr.com\/65535\/50185973931_c66975225d.jpg\" alt=\"14724650_1238093452918046_8040381841736282239_n (1)\" width=\"500\" height=\"327\" \/><\/a>Cuando le preguntamos si ya han unificado criterios en distintos puntos de la provincia, respondi\u00f3: \u00abHemos hablado con muchos intendentes de la quinta y la cuarta secci\u00f3n electoral, charlamos con militantes de muchos pueblos y muchos concejales se han sumado a esta idea. M\u00e1s all\u00e1 de la interna que se ha creado, nuestro objetivo es de alguna manera dar una pelea a Juntos por el Cambio porque creo que tenemos objetivos diferentes\u00bb.<\/p>\n<p>\u00abMe parece que es el momento de que la UCR le proponga a la sociedad algo diferente porque el gobierno de Mar\u00eda Eugenia Vidal no cumpli\u00f3 con nuestras expectativas. La idea es proponer un proyecto serio y tratar de que la gente no vote con desgano, porque en las elecciones pasadas la gente fue a votar al mal menor\u00bb comparti\u00f3 su opini\u00f3n.<\/p>\n<p>Entre los distritos con quienes dialogaron, se han reunido con Pringles, Bah\u00eda Blanca y Tornquist. \u00abMariana Gotta es nuestra referente en la zona y tratamos de armar a partir de ah\u00ed. Vamos predicando pueblo por pueblo que es el camino m\u00e1s dif\u00edcil\u00bb.<\/p>\n<p>Por \u00faltimo, estuvo compartiendo su punto de vista con respecto al cambio de bandera del Intendente Sergio Bordoni: \u00abLo que pas\u00f3 en Tornquist pas\u00f3 en muchos pueblos. Hubo gente que se sum\u00f3 al proyecto de Mar\u00eda Eugenia Vidal que parec\u00eda ser un buen producto para vender. Creo que fue un gran producto de marketing que despu\u00e9s no cumpli\u00f3 las expectativas que la sociedad esperaba. El tema de saltar de un lado a otro genera una cr\u00edtica generalizada hacia la pol\u00edtica por parte de la gente\u00bb.<\/p>\n<p><strong>Nota completa a continuaci\u00f3n:<\/strong><br \/>\n<iframe loading=\"lazy\" src=\"https:\/\/w.soundcloud.com\/player\/?url=https%3A\/\/api.soundcloud.com\/tracks\/869417788&amp;color=%23ff5500&amp;auto_play=false&amp;hide_related=false&amp;show_comments=true&amp;show_user=true&amp;show_reposts=false&amp;show_teaser=true&amp;visual=true\" width=\"100%\" height=\"300\" frameborder=\"no\" scrolling=\"no\"><\/iframe><\/p>\n<div style=\"font-size: 10px; color: #cccccc; line-break: anywhere; word-break: normal; overflow: hidden; white-space: nowrap; text-overflow: ellipsis; font-family: Interstate,Lucida Grande,Lucida Sans Unicode,Lucida Sans,Garuda,Verdana,Tahoma,sans-serif; font-weight: 100;\"><a style=\"color: #cccccc; text-decoration: none;\" title=\"fmreflejos 103.7\" href=\"https:\/\/soundcloud.com\/fmreflejos-103-7\" target=\"_blank\" rel=\"noopener\">fmreflejos 103.7<\/a> \u00b7 <a style=\"color: #cccccc; text-decoration: none;\" title=\"Fabio Abraham\" href=\"https:\/\/soundcloud.com\/fmreflejos-103-7\/fabio-abraham\" target=\"_blank\" rel=\"noopener\">Fabio Abraham<\/a><\/div>\n","protected":false},"excerpt":{"rendered":"<p>Esta ma\u00f1ana conversamos con Fabio Abraham, Dirigente de la UCR y ex Concejal y Secretario de Gobierno del Municipio de Lomas de Zamora.\u00a0 De amplia trayectoria como militante, legislador y ejecutivo en el Radicalismo desde Ra\u00fal Alfons\u00edn Abraham abre el juego con propuestas concretas para toda la provincia.\u00a0Nos comparte en esta nota las nuevas propuestas [&hellip;]<\/p>\n","protected":false},"author":3,"featured_media":0,"comment_status":"closed","ping_status":"open","sticky":false,"template":"","format":"standard","meta":{"footnotes":""},"categories":[24],"tags":[],"class_list":["post-45290","post","type-post","status-publish","format-standard","hentry","category-politica"],"yoast_head":"<!-- This site is optimized with the Yoast SEO plugin v25.9 - https:\/\/yoast.com\/wordpress\/plugins\/seo\/ -->\n<title>&quot;Es el momento de que la UCR le proponga a la sociedad algo diferente porque el gobierno de Mar\u00eda Eugenia Vidal no cumpli\u00f3 con nuestras expectativas&quot;. Fabio Abraham - Noticias Radio Reflejos<\/title>\n<meta name=\"robots\" content=\"index, follow, max-snippet:-1, max-image-preview:large, max-video-preview:-1\" \/>\n<link rel=\"canonical\" href=\"https:\/\/www.noticiasradioreflejos.com.ar\/2021\/es-el-momento-de-que-la-ucr-le-proponga-a-la-sociedad-algo-diferente-porque-el-gobierno-de-maria-eugenia-vidal-no-cumplio-con-nuestras-expectativas-fabio-abraham\/\" \/>\n<meta property=\"og:locale\" content=\"es_ES\" \/>\n<meta property=\"og:type\" content=\"article\" \/>\n<meta property=\"og:title\" content=\"&quot;Es el momento de que la UCR le proponga a la sociedad algo diferente porque el gobierno de Mar\u00eda Eugenia Vidal no cumpli\u00f3 con nuestras expectativas&quot;. Fabio Abraham - Noticias Radio Reflejos\" \/>\n<meta property=\"og:description\" content=\"Esta ma\u00f1ana conversamos con Fabio Abraham, Dirigente de la UCR y ex Concejal y Secretario de Gobierno del Municipio de Lomas de Zamora.\u00a0 De amplia trayectoria como militante, legislador y ejecutivo en el Radicalismo desde Ra\u00fal Alfons\u00edn Abraham abre el juego con propuestas concretas para toda la provincia.\u00a0Nos comparte en esta nota las nuevas propuestas [&hellip;]\" \/>\n<meta property=\"og:url\" content=\"https:\/\/www.noticiasradioreflejos.com.ar\/2021\/es-el-momento-de-que-la-ucr-le-proponga-a-la-sociedad-algo-diferente-porque-el-gobierno-de-maria-eugenia-vidal-no-cumplio-con-nuestras-expectativas-fabio-abraham\/\" \/>\n<meta property=\"og:site_name\" content=\"Noticias Radio Reflejos\" \/>\n<meta property=\"article:published_time\" content=\"2020-08-03T20:39:19+00:00\" \/>\n<meta property=\"og:image\" content=\"http:\/\/live.staticflickr.com\/65535\/50185973931_c66975225d.jpg\" \/>\n<meta name=\"author\" content=\"Arnaldo Botto\" \/>\n<meta name=\"twitter:card\" content=\"summary_large_image\" \/>\n<script type=\"application\/ld+json\" class=\"yoast-schema-graph\">{\"@context\":\"https:\/\/schema.org\",\"@graph\":[{\"@type\":\"WebPage\",\"@id\":\"https:\/\/www.noticiasradioreflejos.com.ar\/2021\/es-el-momento-de-que-la-ucr-le-proponga-a-la-sociedad-algo-diferente-porque-el-gobierno-de-maria-eugenia-vidal-no-cumplio-con-nuestras-expectativas-fabio-abraham\/\",\"url\":\"https:\/\/www.noticiasradioreflejos.com.ar\/2021\/es-el-momento-de-que-la-ucr-le-proponga-a-la-sociedad-algo-diferente-porque-el-gobierno-de-maria-eugenia-vidal-no-cumplio-con-nuestras-expectativas-fabio-abraham\/\",\"name\":\"\\\"Es el momento de que la UCR le proponga a la sociedad algo diferente porque el gobierno de Mar\u00eda Eugenia Vidal no cumpli\u00f3 con nuestras expectativas\\\". Fabio Abraham - Noticias Radio Reflejos\",\"isPartOf\":{\"@id\":\"https:\/\/www.noticiasradioreflejos.com.ar\/2021\/#website\"},\"primaryImageOfPage\":{\"@id\":\"https:\/\/www.noticiasradioreflejos.com.ar\/2021\/es-el-momento-de-que-la-ucr-le-proponga-a-la-sociedad-algo-diferente-porque-el-gobierno-de-maria-eugenia-vidal-no-cumplio-con-nuestras-expectativas-fabio-abraham\/#primaryimage\"},\"image\":{\"@id\":\"https:\/\/www.noticiasradioreflejos.com.ar\/2021\/es-el-momento-de-que-la-ucr-le-proponga-a-la-sociedad-algo-diferente-porque-el-gobierno-de-maria-eugenia-vidal-no-cumplio-con-nuestras-expectativas-fabio-abraham\/#primaryimage\"},\"thumbnailUrl\":\"http:\/\/live.staticflickr.com\/65535\/50185973931_c66975225d.jpg\",\"datePublished\":\"2020-08-03T20:39:19+00:00\",\"author\":{\"@id\":\"https:\/\/www.noticiasradioreflejos.com.ar\/2021\/#\/schema\/person\/ad82545263dcc5ec0996818884fd5fb1\"},\"breadcrumb\":{\"@id\":\"https:\/\/www.noticiasradioreflejos.com.ar\/2021\/es-el-momento-de-que-la-ucr-le-proponga-a-la-sociedad-algo-diferente-porque-el-gobierno-de-maria-eugenia-vidal-no-cumplio-con-nuestras-expectativas-fabio-abraham\/#breadcrumb\"},\"inLanguage\":\"es\",\"potentialAction\":[{\"@type\":\"ReadAction\",\"target\":[\"https:\/\/www.noticiasradioreflejos.com.ar\/2021\/es-el-momento-de-que-la-ucr-le-proponga-a-la-sociedad-algo-diferente-porque-el-gobierno-de-maria-eugenia-vidal-no-cumplio-con-nuestras-expectativas-fabio-abraham\/\"]}]},{\"@type\":\"ImageObject\",\"inLanguage\":\"es\",\"@id\":\"https:\/\/www.noticiasradioreflejos.com.ar\/2021\/es-el-momento-de-que-la-ucr-le-proponga-a-la-sociedad-algo-diferente-porque-el-gobierno-de-maria-eugenia-vidal-no-cumplio-con-nuestras-expectativas-fabio-abraham\/#primaryimage\",\"url\":\"http:\/\/live.staticflickr.com\/65535\/50185973931_c66975225d.jpg\",\"contentUrl\":\"http:\/\/live.staticflickr.com\/65535\/50185973931_c66975225d.jpg\"},{\"@type\":\"BreadcrumbList\",\"@id\":\"https:\/\/www.noticiasradioreflejos.com.ar\/2021\/es-el-momento-de-que-la-ucr-le-proponga-a-la-sociedad-algo-diferente-porque-el-gobierno-de-maria-eugenia-vidal-no-cumplio-con-nuestras-expectativas-fabio-abraham\/#breadcrumb\",\"itemListElement\":[{\"@type\":\"ListItem\",\"position\":1,\"name\":\"Portada\",\"item\":\"https:\/\/www.noticiasradioreflejos.com.ar\/2021\/\"},{\"@type\":\"ListItem\",\"position\":2,\"name\":\"\u00abEs el momento de que la UCR le proponga a la sociedad algo diferente porque el gobierno de Mar\u00eda Eugenia Vidal no cumpli\u00f3 con nuestras expectativas\u00bb. Fabio Abraham\"}]},{\"@type\":\"WebSite\",\"@id\":\"https:\/\/www.noticiasradioreflejos.com.ar\/2021\/#website\",\"url\":\"https:\/\/www.noticiasradioreflejos.com.ar\/2021\/\",\"name\":\"Noticias Radio Reflejos\",\"description\":\"Las noticias de mi comarca\",\"potentialAction\":[{\"@type\":\"SearchAction\",\"target\":{\"@type\":\"EntryPoint\",\"urlTemplate\":\"https:\/\/www.noticiasradioreflejos.com.ar\/2021\/?s={search_term_string}\"},\"query-input\":{\"@type\":\"PropertyValueSpecification\",\"valueRequired\":true,\"valueName\":\"search_term_string\"}}],\"inLanguage\":\"es\"},{\"@type\":\"Person\",\"@id\":\"https:\/\/www.noticiasradioreflejos.com.ar\/2021\/#\/schema\/person\/ad82545263dcc5ec0996818884fd5fb1\",\"name\":\"Arnaldo Botto\",\"image\":{\"@type\":\"ImageObject\",\"inLanguage\":\"es\",\"@id\":\"https:\/\/www.noticiasradioreflejos.com.ar\/2021\/#\/schema\/person\/image\/\",\"url\":\"https:\/\/secure.gravatar.com\/avatar\/55cb5e37c1efa326397366e6974cb338056df65cb50e7d64d1cf314e87504837?s=96&d=mm&r=g\",\"contentUrl\":\"https:\/\/secure.gravatar.com\/avatar\/55cb5e37c1efa326397366e6974cb338056df65cb50e7d64d1cf314e87504837?s=96&d=mm&r=g\",\"caption\":\"Arnaldo Botto\"},\"url\":\"https:\/\/www.noticiasradioreflejos.com.ar\/2021\/author\/arnaldo\/\"}]}<\/script>\n<!-- \/ Yoast SEO plugin. -->","yoast_head_json":{"title":"\"Es el momento de que la UCR le proponga a la sociedad algo diferente porque el gobierno de Mar\u00eda Eugenia Vidal no cumpli\u00f3 con nuestras expectativas\". Fabio Abraham - Noticias Radio Reflejos","robots":{"index":"index","follow":"follow","max-snippet":"max-snippet:-1","max-image-preview":"max-image-preview:large","max-video-preview":"max-video-preview:-1"},"canonical":"https:\/\/www.noticiasradioreflejos.com.ar\/2021\/es-el-momento-de-que-la-ucr-le-proponga-a-la-sociedad-algo-diferente-porque-el-gobierno-de-maria-eugenia-vidal-no-cumplio-con-nuestras-expectativas-fabio-abraham\/","og_locale":"es_ES","og_type":"article","og_title":"\"Es el momento de que la UCR le proponga a la sociedad algo diferente porque el gobierno de Mar\u00eda Eugenia Vidal no cumpli\u00f3 con nuestras expectativas\". Fabio Abraham - Noticias Radio Reflejos","og_description":"Esta ma\u00f1ana conversamos con Fabio Abraham, Dirigente de la UCR y ex Concejal y Secretario de Gobierno del Municipio de Lomas de Zamora.\u00a0 De amplia trayectoria como militante, legislador y ejecutivo en el Radicalismo desde Ra\u00fal Alfons\u00edn Abraham abre el juego con propuestas concretas para toda la provincia.\u00a0Nos comparte en esta nota las nuevas propuestas [&hellip;]","og_url":"https:\/\/www.noticiasradioreflejos.com.ar\/2021\/es-el-momento-de-que-la-ucr-le-proponga-a-la-sociedad-algo-diferente-porque-el-gobierno-de-maria-eugenia-vidal-no-cumplio-con-nuestras-expectativas-fabio-abraham\/","og_site_name":"Noticias Radio Reflejos","article_published_time":"2020-08-03T20:39:19+00:00","og_image":[{"url":"http:\/\/live.staticflickr.com\/65535\/50185973931_c66975225d.jpg","type":"","width":"","height":""}],"author":"Arnaldo Botto","twitter_card":"summary_large_image","schema":{"@context":"https:\/\/schema.org","@graph":[{"@type":"WebPage","@id":"https:\/\/www.noticiasradioreflejos.com.ar\/2021\/es-el-momento-de-que-la-ucr-le-proponga-a-la-sociedad-algo-diferente-porque-el-gobierno-de-maria-eugenia-vidal-no-cumplio-con-nuestras-expectativas-fabio-abraham\/","url":"https:\/\/www.noticiasradioreflejos.com.ar\/2021\/es-el-momento-de-que-la-ucr-le-proponga-a-la-sociedad-algo-diferente-porque-el-gobierno-de-maria-eugenia-vidal-no-cumplio-con-nuestras-expectativas-fabio-abraham\/","name":"\"Es el momento de que la UCR le proponga a la sociedad algo diferente porque el gobierno de Mar\u00eda Eugenia Vidal no cumpli\u00f3 con nuestras expectativas\". Fabio Abraham - Noticias Radio Reflejos","isPartOf":{"@id":"https:\/\/www.noticiasradioreflejos.com.ar\/2021\/#website"},"primaryImageOfPage":{"@id":"https:\/\/www.noticiasradioreflejos.com.ar\/2021\/es-el-momento-de-que-la-ucr-le-proponga-a-la-sociedad-algo-diferente-porque-el-gobierno-de-maria-eugenia-vidal-no-cumplio-con-nuestras-expectativas-fabio-abraham\/#primaryimage"},"image":{"@id":"https:\/\/www.noticiasradioreflejos.com.ar\/2021\/es-el-momento-de-que-la-ucr-le-proponga-a-la-sociedad-algo-diferente-porque-el-gobierno-de-maria-eugenia-vidal-no-cumplio-con-nuestras-expectativas-fabio-abraham\/#primaryimage"},"thumbnailUrl":"http:\/\/live.staticflickr.com\/65535\/50185973931_c66975225d.jpg","datePublished":"2020-08-03T20:39:19+00:00","author":{"@id":"https:\/\/www.noticiasradioreflejos.com.ar\/2021\/#\/schema\/person\/ad82545263dcc5ec0996818884fd5fb1"},"breadcrumb":{"@id":"https:\/\/www.noticiasradioreflejos.com.ar\/2021\/es-el-momento-de-que-la-ucr-le-proponga-a-la-sociedad-algo-diferente-porque-el-gobierno-de-maria-eugenia-vidal-no-cumplio-con-nuestras-expectativas-fabio-abraham\/#breadcrumb"},"inLanguage":"es","potentialAction":[{"@type":"ReadAction","target":["https:\/\/www.noticiasradioreflejos.com.ar\/2021\/es-el-momento-de-que-la-ucr-le-proponga-a-la-sociedad-algo-diferente-porque-el-gobierno-de-maria-eugenia-vidal-no-cumplio-con-nuestras-expectativas-fabio-abraham\/"]}]},{"@type":"ImageObject","inLanguage":"es","@id":"https:\/\/www.noticiasradioreflejos.com.ar\/2021\/es-el-momento-de-que-la-ucr-le-proponga-a-la-sociedad-algo-diferente-porque-el-gobierno-de-maria-eugenia-vidal-no-cumplio-con-nuestras-expectativas-fabio-abraham\/#primaryimage","url":"http:\/\/live.staticflickr.com\/65535\/50185973931_c66975225d.jpg","contentUrl":"http:\/\/live.staticflickr.com\/65535\/50185973931_c66975225d.jpg"},{"@type":"BreadcrumbList","@id":"https:\/\/www.noticiasradioreflejos.com.ar\/2021\/es-el-momento-de-que-la-ucr-le-proponga-a-la-sociedad-algo-diferente-porque-el-gobierno-de-maria-eugenia-vidal-no-cumplio-con-nuestras-expectativas-fabio-abraham\/#breadcrumb","itemListElement":[{"@type":"ListItem","position":1,"name":"Portada","item":"https:\/\/www.noticiasradioreflejos.com.ar\/2021\/"},{"@type":"ListItem","position":2,"name":"\u00abEs el momento de que la UCR le proponga a la sociedad algo diferente porque el gobierno de Mar\u00eda Eugenia Vidal no cumpli\u00f3 con nuestras expectativas\u00bb. Fabio Abraham"}]},{"@type":"WebSite","@id":"https:\/\/www.noticiasradioreflejos.com.ar\/2021\/#website","url":"https:\/\/www.noticiasradioreflejos.com.ar\/2021\/","name":"Noticias Radio Reflejos","description":"Las noticias de mi comarca","potentialAction":[{"@type":"SearchAction","target":{"@type":"EntryPoint","urlTemplate":"https:\/\/www.noticiasradioreflejos.com.ar\/2021\/?s={search_term_string}"},"query-input":{"@type":"PropertyValueSpecification","valueRequired":true,"valueName":"search_term_string"}}],"inLanguage":"es"},{"@type":"Person","@id":"https:\/\/www.noticiasradioreflejos.com.ar\/2021\/#\/schema\/person\/ad82545263dcc5ec0996818884fd5fb1","name":"Arnaldo Botto","image":{"@type":"ImageObject","inLanguage":"es","@id":"https:\/\/www.noticiasradioreflejos.com.ar\/2021\/#\/schema\/person\/image\/","url":"https:\/\/secure.gravatar.com\/avatar\/55cb5e37c1efa326397366e6974cb338056df65cb50e7d64d1cf314e87504837?s=96&d=mm&r=g","contentUrl":"https:\/\/secure.gravatar.com\/avatar\/55cb5e37c1efa326397366e6974cb338056df65cb50e7d64d1cf314e87504837?s=96&d=mm&r=g","caption":"Arnaldo Botto"},"url":"https:\/\/www.noticiasradioreflejos.com.ar\/2021\/author\/arnaldo\/"}]}},"_links":{"self":[{"href":"https:\/\/www.noticiasradioreflejos.com.ar\/2021\/wp-json\/wp\/v2\/posts\/45290","targetHints":{"allow":["GET"]}}],"collection":[{"href":"https:\/\/www.noticiasradioreflejos.com.ar\/2021\/wp-json\/wp\/v2\/posts"}],"about":[{"href":"https:\/\/www.noticiasradioreflejos.com.ar\/2021\/wp-json\/wp\/v2\/types\/post"}],"author":[{"embeddable":true,"href":"https:\/\/www.noticiasradioreflejos.com.ar\/2021\/wp-json\/wp\/v2\/users\/3"}],"replies":[{"embeddable":true,"href":"https:\/\/www.noticiasradioreflejos.com.ar\/2021\/wp-json\/wp\/v2\/comments?post=45290"}],"version-history":[{"count":0,"href":"https:\/\/www.noticiasradioreflejos.com.ar\/2021\/wp-json\/wp\/v2\/posts\/45290\/revisions"}],"wp:attachment":[{"href":"https:\/\/www.noticiasradioreflejos.com.ar\/2021\/wp-json\/wp\/v2\/media?parent=45290"}],"wp:term":[{"taxonomy":"category","embeddable":true,"href":"https:\/\/www.noticiasradioreflejos.com.ar\/2021\/wp-json\/wp\/v2\/categories?post=45290"},{"taxonomy":"post_tag","embeddable":true,"href":"https:\/\/www.noticiasradioreflejos.com.ar\/2021\/wp-json\/wp\/v2\/tags?post=45290"}],"curies":[{"name":"wp","href":"https:\/\/api.w.org\/{rel}","templated":true}]}}