{"id":45288,"date":"2020-08-03T17:17:10","date_gmt":"2020-08-03T20:17:10","guid":{"rendered":"http:\/\/www.noticiasradioreflejos.com.ar\/noticias\/?p=45288"},"modified":"2020-08-03T17:17:10","modified_gmt":"2020-08-03T20:17:10","slug":"hace-35-anos-nacia-la-salita-de-primeros-auxilios-de-villa-ventana-nota-con-susana-dimilo-la-primer-enfermera","status":"publish","type":"post","link":"https:\/\/www.noticiasradioreflejos.com.ar\/2021\/hace-35-anos-nacia-la-salita-de-primeros-auxilios-de-villa-ventana-nota-con-susana-dimilo-la-primer-enfermera\/","title":{"rendered":"Hace 35 a\u00f1os nac\u00eda la Salita de primeros Auxilios de Villa Ventana &#8211; Nota con Susana Dimilo, la primer enfermera."},"content":{"rendered":"<p>Con el fin de rememorar este 3 de agosto la primer firma de una receta en la Unidad Sanitaria de Villa Ventana y a 35 a\u00f1os de ese hecho, esta ma\u00f1ana conversamos con<strong> Susana Dimilo<\/strong>, primer enfermera de la \u00absalita\u00bb. Nos cuenta c\u00f3mo fueron sus comienzos en el mundo de la enfermer\u00eda y c\u00f3mo se trabajaba en ese entonces.<!--more--><br \/>\nLa unidad sanitaria de Villa Ventana naci\u00f3 un d\u00eda como el de hoy en 1986, durante la gesti\u00f3n de Nestor \u00abBocha Catani\u00bb como intendente de Tornquist. El Doctor Julio Hector Pugliese firm\u00f3 por ent\u00f3nces la primer receta a un paciente de la localidad y esta ma\u00f1ana lo recordamos en FM Reflejos.<\/p>\n<p>\u00abEmpec\u00e9 a trabajar en la Delegaci\u00f3n Municipal en la parte administrativa, pero en seguida me preguntaron si no quer\u00eda ser enfermera porque hac\u00eda falta\u00bb comenz\u00f3 explicando Susana sus inicios en la Unidad Sanitaria de Villa Ventana.<\/p>\n<p>Susana confiesa que en ese momento, ten\u00eda la necesidad de trabajar y por eso accedi\u00f3 a la propuesta. \u00abLos m\u00e9dicos me explicaban algunas cosas, despu\u00e9s hice el curso en Tornquist. En ese momento habr\u00edan 100 habitantes, pero en la sala hab\u00eda mucho movimiento\u00bb record\u00f3.<\/p>\n<p>\u00abEra dif\u00edcil tomar decisiones sola en la sala cuando ven\u00edan turistas con alg\u00fan problema\u00bb admite Susana al rememorar las atenciones que llev\u00f3 a cabo en \u00e9pocas de temporada alta. \u00abCuando entr\u00f3 Mar\u00eda Del Carmen a la sala, era m\u00e1s f\u00e1cil. Pero ten\u00edamos que encargarnos de muchas cosas solas porque ni siquiera hab\u00eda Delegado\u00bb.<\/p>\n<p>Entre los casos m\u00e1s complicados que Susana ha atendido en la Unidad Sanitaria se encontraba alguna persona ahogada o con asma. \u00abVen\u00edan a mi casa a la noche y yo los atend\u00eda\u00bb mencion\u00f3. Adem\u00e1s, nos coment\u00f3 que los casos que requer\u00edan de una atenci\u00f3n m\u00e1s especializada eran derivados a Tornquist o a Bah\u00eda Blanca.<\/p>\n<p>Nota completa a continuaci\u00f3n:<br \/>\n<iframe loading=\"lazy\" src=\"https:\/\/w.soundcloud.com\/player\/?url=https%3A\/\/api.soundcloud.com\/tracks\/869377936&amp;color=%23ff5500&amp;auto_play=false&amp;hide_related=false&amp;show_comments=true&amp;show_user=true&amp;show_reposts=false&amp;show_teaser=true&amp;visual=true\" width=\"100%\" height=\"300\" frameborder=\"no\" scrolling=\"no\"><\/iframe><\/p>\n<div style=\"font-size: 10px; color: #cccccc; line-break: anywhere; word-break: normal; overflow: hidden; white-space: nowrap; text-overflow: ellipsis; font-family: Interstate,Lucida Grande,Lucida Sans Unicode,Lucida Sans,Garuda,Verdana,Tahoma,sans-serif; font-weight: 100;\"><a style=\"color: #cccccc; text-decoration: none;\" title=\"fmreflejos 103.7\" href=\"https:\/\/soundcloud.com\/fmreflejos-103-7\" target=\"_blank\" rel=\"noopener\">fmreflejos 103.7<\/a> \u00b7 <a style=\"color: #cccccc; text-decoration: none;\" title=\"Susana Dimilo - 35 a\u00f1os de la Unidad Sanitaria de Villa Ventana\" href=\"https:\/\/soundcloud.com\/fmreflejos-103-7\/susana-di-milo\" target=\"_blank\" rel=\"noopener\">Susana Dimilo &#8211; 35 a\u00f1os de la Unidad Sanitaria de Villa Ventana<\/a><\/div>\n","protected":false},"excerpt":{"rendered":"<p>Con el fin de rememorar este 3 de agosto la primer firma de una receta en la Unidad Sanitaria de Villa Ventana y a 35 a\u00f1os de ese hecho, esta ma\u00f1ana conversamos con Susana Dimilo, primer enfermera de la \u00absalita\u00bb. Nos cuenta c\u00f3mo fueron sus comienzos en el mundo de la enfermer\u00eda y c\u00f3mo se [&hellip;]<\/p>\n","protected":false},"author":3,"featured_media":28577,"comment_status":"closed","ping_status":"open","sticky":false,"template":"","format":"standard","meta":{"footnotes":""},"categories":[26],"tags":[],"class_list":["post-45288","post","type-post","status-publish","format-standard","has-post-thumbnail","hentry","category-sociedad"],"yoast_head":"<!-- This site is optimized with the Yoast SEO plugin v25.9 - https:\/\/yoast.com\/wordpress\/plugins\/seo\/ -->\n<title>Hace 35 a\u00f1os nac\u00eda la Salita de primeros Auxilios de Villa Ventana - Nota con Susana Dimilo, la primer enfermera. - Noticias Radio Reflejos<\/title>\n<meta name=\"robots\" content=\"index, follow, max-snippet:-1, max-image-preview:large, max-video-preview:-1\" \/>\n<link rel=\"canonical\" href=\"https:\/\/www.noticiasradioreflejos.com.ar\/2021\/hace-35-anos-nacia-la-salita-de-primeros-auxilios-de-villa-ventana-nota-con-susana-dimilo-la-primer-enfermera\/\" \/>\n<meta property=\"og:locale\" content=\"es_ES\" \/>\n<meta property=\"og:type\" content=\"article\" \/>\n<meta property=\"og:title\" content=\"Hace 35 a\u00f1os nac\u00eda la Salita de primeros Auxilios de Villa Ventana - Nota con Susana Dimilo, la primer enfermera. - Noticias Radio Reflejos\" \/>\n<meta property=\"og:description\" content=\"Con el fin de rememorar este 3 de agosto la primer firma de una receta en la Unidad Sanitaria de Villa Ventana y a 35 a\u00f1os de ese hecho, esta ma\u00f1ana conversamos con Susana Dimilo, primer enfermera de la \u00absalita\u00bb. Nos cuenta c\u00f3mo fueron sus comienzos en el mundo de la enfermer\u00eda y c\u00f3mo se [&hellip;]\" \/>\n<meta property=\"og:url\" content=\"https:\/\/www.noticiasradioreflejos.com.ar\/2021\/hace-35-anos-nacia-la-salita-de-primeros-auxilios-de-villa-ventana-nota-con-susana-dimilo-la-primer-enfermera\/\" \/>\n<meta property=\"og:site_name\" content=\"Noticias Radio Reflejos\" \/>\n<meta property=\"article:published_time\" content=\"2020-08-03T20:17:10+00:00\" \/>\n<meta property=\"og:image\" content=\"https:\/\/www.noticiasradioreflejos.com.ar\/2021\/wp-content\/uploads\/2019\/01\/3er-Travesia-CCTVV-2.jpg\" \/>\n\t<meta property=\"og:image:width\" content=\"1024\" \/>\n\t<meta property=\"og:image:height\" content=\"576\" \/>\n\t<meta property=\"og:image:type\" content=\"image\/jpeg\" \/>\n<meta name=\"author\" content=\"Arnaldo Botto\" \/>\n<meta name=\"twitter:card\" content=\"summary_large_image\" \/>\n<script type=\"application\/ld+json\" class=\"yoast-schema-graph\">{\"@context\":\"https:\/\/schema.org\",\"@graph\":[{\"@type\":\"WebPage\",\"@id\":\"https:\/\/www.noticiasradioreflejos.com.ar\/2021\/hace-35-anos-nacia-la-salita-de-primeros-auxilios-de-villa-ventana-nota-con-susana-dimilo-la-primer-enfermera\/\",\"url\":\"https:\/\/www.noticiasradioreflejos.com.ar\/2021\/hace-35-anos-nacia-la-salita-de-primeros-auxilios-de-villa-ventana-nota-con-susana-dimilo-la-primer-enfermera\/\",\"name\":\"Hace 35 a\u00f1os nac\u00eda la Salita de primeros Auxilios de Villa Ventana - Nota con Susana Dimilo, la primer enfermera. - Noticias Radio Reflejos\",\"isPartOf\":{\"@id\":\"https:\/\/www.noticiasradioreflejos.com.ar\/2021\/#website\"},\"primaryImageOfPage\":{\"@id\":\"https:\/\/www.noticiasradioreflejos.com.ar\/2021\/hace-35-anos-nacia-la-salita-de-primeros-auxilios-de-villa-ventana-nota-con-susana-dimilo-la-primer-enfermera\/#primaryimage\"},\"image\":{\"@id\":\"https:\/\/www.noticiasradioreflejos.com.ar\/2021\/hace-35-anos-nacia-la-salita-de-primeros-auxilios-de-villa-ventana-nota-con-susana-dimilo-la-primer-enfermera\/#primaryimage\"},\"thumbnailUrl\":\"https:\/\/www.noticiasradioreflejos.com.ar\/2021\/wp-content\/uploads\/2019\/01\/3er-Travesia-CCTVV-2.jpg\",\"datePublished\":\"2020-08-03T20:17:10+00:00\",\"author\":{\"@id\":\"https:\/\/www.noticiasradioreflejos.com.ar\/2021\/#\/schema\/person\/ad82545263dcc5ec0996818884fd5fb1\"},\"breadcrumb\":{\"@id\":\"https:\/\/www.noticiasradioreflejos.com.ar\/2021\/hace-35-anos-nacia-la-salita-de-primeros-auxilios-de-villa-ventana-nota-con-susana-dimilo-la-primer-enfermera\/#breadcrumb\"},\"inLanguage\":\"es\",\"potentialAction\":[{\"@type\":\"ReadAction\",\"target\":[\"https:\/\/www.noticiasradioreflejos.com.ar\/2021\/hace-35-anos-nacia-la-salita-de-primeros-auxilios-de-villa-ventana-nota-con-susana-dimilo-la-primer-enfermera\/\"]}]},{\"@type\":\"ImageObject\",\"inLanguage\":\"es\",\"@id\":\"https:\/\/www.noticiasradioreflejos.com.ar\/2021\/hace-35-anos-nacia-la-salita-de-primeros-auxilios-de-villa-ventana-nota-con-susana-dimilo-la-primer-enfermera\/#primaryimage\",\"url\":\"https:\/\/www.noticiasradioreflejos.com.ar\/2021\/wp-content\/uploads\/2019\/01\/3er-Travesia-CCTVV-2.jpg\",\"contentUrl\":\"https:\/\/www.noticiasradioreflejos.com.ar\/2021\/wp-content\/uploads\/2019\/01\/3er-Travesia-CCTVV-2.jpg\",\"width\":1024,\"height\":576},{\"@type\":\"BreadcrumbList\",\"@id\":\"https:\/\/www.noticiasradioreflejos.com.ar\/2021\/hace-35-anos-nacia-la-salita-de-primeros-auxilios-de-villa-ventana-nota-con-susana-dimilo-la-primer-enfermera\/#breadcrumb\",\"itemListElement\":[{\"@type\":\"ListItem\",\"position\":1,\"name\":\"Portada\",\"item\":\"https:\/\/www.noticiasradioreflejos.com.ar\/2021\/\"},{\"@type\":\"ListItem\",\"position\":2,\"name\":\"Hace 35 a\u00f1os nac\u00eda la Salita de primeros Auxilios de Villa Ventana &#8211; Nota con Susana Dimilo, la primer enfermera.\"}]},{\"@type\":\"WebSite\",\"@id\":\"https:\/\/www.noticiasradioreflejos.com.ar\/2021\/#website\",\"url\":\"https:\/\/www.noticiasradioreflejos.com.ar\/2021\/\",\"name\":\"Noticias Radio Reflejos\",\"description\":\"Las noticias de mi comarca\",\"potentialAction\":[{\"@type\":\"SearchAction\",\"target\":{\"@type\":\"EntryPoint\",\"urlTemplate\":\"https:\/\/www.noticiasradioreflejos.com.ar\/2021\/?s={search_term_string}\"},\"query-input\":{\"@type\":\"PropertyValueSpecification\",\"valueRequired\":true,\"valueName\":\"search_term_string\"}}],\"inLanguage\":\"es\"},{\"@type\":\"Person\",\"@id\":\"https:\/\/www.noticiasradioreflejos.com.ar\/2021\/#\/schema\/person\/ad82545263dcc5ec0996818884fd5fb1\",\"name\":\"Arnaldo Botto\",\"image\":{\"@type\":\"ImageObject\",\"inLanguage\":\"es\",\"@id\":\"https:\/\/www.noticiasradioreflejos.com.ar\/2021\/#\/schema\/person\/image\/\",\"url\":\"https:\/\/secure.gravatar.com\/avatar\/55cb5e37c1efa326397366e6974cb338056df65cb50e7d64d1cf314e87504837?s=96&d=mm&r=g\",\"contentUrl\":\"https:\/\/secure.gravatar.com\/avatar\/55cb5e37c1efa326397366e6974cb338056df65cb50e7d64d1cf314e87504837?s=96&d=mm&r=g\",\"caption\":\"Arnaldo Botto\"},\"url\":\"https:\/\/www.noticiasradioreflejos.com.ar\/2021\/author\/arnaldo\/\"}]}<\/script>\n<!-- \/ Yoast SEO plugin. -->","yoast_head_json":{"title":"Hace 35 a\u00f1os nac\u00eda la Salita de primeros Auxilios de Villa Ventana - Nota con Susana Dimilo, la primer enfermera. - Noticias Radio Reflejos","robots":{"index":"index","follow":"follow","max-snippet":"max-snippet:-1","max-image-preview":"max-image-preview:large","max-video-preview":"max-video-preview:-1"},"canonical":"https:\/\/www.noticiasradioreflejos.com.ar\/2021\/hace-35-anos-nacia-la-salita-de-primeros-auxilios-de-villa-ventana-nota-con-susana-dimilo-la-primer-enfermera\/","og_locale":"es_ES","og_type":"article","og_title":"Hace 35 a\u00f1os nac\u00eda la Salita de primeros Auxilios de Villa Ventana - Nota con Susana Dimilo, la primer enfermera. - Noticias Radio Reflejos","og_description":"Con el fin de rememorar este 3 de agosto la primer firma de una receta en la Unidad Sanitaria de Villa Ventana y a 35 a\u00f1os de ese hecho, esta ma\u00f1ana conversamos con Susana Dimilo, primer enfermera de la \u00absalita\u00bb. Nos cuenta c\u00f3mo fueron sus comienzos en el mundo de la enfermer\u00eda y c\u00f3mo se [&hellip;]","og_url":"https:\/\/www.noticiasradioreflejos.com.ar\/2021\/hace-35-anos-nacia-la-salita-de-primeros-auxilios-de-villa-ventana-nota-con-susana-dimilo-la-primer-enfermera\/","og_site_name":"Noticias Radio Reflejos","article_published_time":"2020-08-03T20:17:10+00:00","og_image":[{"width":1024,"height":576,"url":"https:\/\/www.noticiasradioreflejos.com.ar\/2021\/wp-content\/uploads\/2019\/01\/3er-Travesia-CCTVV-2.jpg","type":"image\/jpeg"}],"author":"Arnaldo Botto","twitter_card":"summary_large_image","schema":{"@context":"https:\/\/schema.org","@graph":[{"@type":"WebPage","@id":"https:\/\/www.noticiasradioreflejos.com.ar\/2021\/hace-35-anos-nacia-la-salita-de-primeros-auxilios-de-villa-ventana-nota-con-susana-dimilo-la-primer-enfermera\/","url":"https:\/\/www.noticiasradioreflejos.com.ar\/2021\/hace-35-anos-nacia-la-salita-de-primeros-auxilios-de-villa-ventana-nota-con-susana-dimilo-la-primer-enfermera\/","name":"Hace 35 a\u00f1os nac\u00eda la Salita de primeros Auxilios de Villa Ventana - Nota con Susana Dimilo, la primer enfermera. - Noticias Radio Reflejos","isPartOf":{"@id":"https:\/\/www.noticiasradioreflejos.com.ar\/2021\/#website"},"primaryImageOfPage":{"@id":"https:\/\/www.noticiasradioreflejos.com.ar\/2021\/hace-35-anos-nacia-la-salita-de-primeros-auxilios-de-villa-ventana-nota-con-susana-dimilo-la-primer-enfermera\/#primaryimage"},"image":{"@id":"https:\/\/www.noticiasradioreflejos.com.ar\/2021\/hace-35-anos-nacia-la-salita-de-primeros-auxilios-de-villa-ventana-nota-con-susana-dimilo-la-primer-enfermera\/#primaryimage"},"thumbnailUrl":"https:\/\/www.noticiasradioreflejos.com.ar\/2021\/wp-content\/uploads\/2019\/01\/3er-Travesia-CCTVV-2.jpg","datePublished":"2020-08-03T20:17:10+00:00","author":{"@id":"https:\/\/www.noticiasradioreflejos.com.ar\/2021\/#\/schema\/person\/ad82545263dcc5ec0996818884fd5fb1"},"breadcrumb":{"@id":"https:\/\/www.noticiasradioreflejos.com.ar\/2021\/hace-35-anos-nacia-la-salita-de-primeros-auxilios-de-villa-ventana-nota-con-susana-dimilo-la-primer-enfermera\/#breadcrumb"},"inLanguage":"es","potentialAction":[{"@type":"ReadAction","target":["https:\/\/www.noticiasradioreflejos.com.ar\/2021\/hace-35-anos-nacia-la-salita-de-primeros-auxilios-de-villa-ventana-nota-con-susana-dimilo-la-primer-enfermera\/"]}]},{"@type":"ImageObject","inLanguage":"es","@id":"https:\/\/www.noticiasradioreflejos.com.ar\/2021\/hace-35-anos-nacia-la-salita-de-primeros-auxilios-de-villa-ventana-nota-con-susana-dimilo-la-primer-enfermera\/#primaryimage","url":"https:\/\/www.noticiasradioreflejos.com.ar\/2021\/wp-content\/uploads\/2019\/01\/3er-Travesia-CCTVV-2.jpg","contentUrl":"https:\/\/www.noticiasradioreflejos.com.ar\/2021\/wp-content\/uploads\/2019\/01\/3er-Travesia-CCTVV-2.jpg","width":1024,"height":576},{"@type":"BreadcrumbList","@id":"https:\/\/www.noticiasradioreflejos.com.ar\/2021\/hace-35-anos-nacia-la-salita-de-primeros-auxilios-de-villa-ventana-nota-con-susana-dimilo-la-primer-enfermera\/#breadcrumb","itemListElement":[{"@type":"ListItem","position":1,"name":"Portada","item":"https:\/\/www.noticiasradioreflejos.com.ar\/2021\/"},{"@type":"ListItem","position":2,"name":"Hace 35 a\u00f1os nac\u00eda la Salita de primeros Auxilios de Villa Ventana &#8211; Nota con Susana Dimilo, la primer enfermera."}]},{"@type":"WebSite","@id":"https:\/\/www.noticiasradioreflejos.com.ar\/2021\/#website","url":"https:\/\/www.noticiasradioreflejos.com.ar\/2021\/","name":"Noticias Radio Reflejos","description":"Las noticias de mi comarca","potentialAction":[{"@type":"SearchAction","target":{"@type":"EntryPoint","urlTemplate":"https:\/\/www.noticiasradioreflejos.com.ar\/2021\/?s={search_term_string}"},"query-input":{"@type":"PropertyValueSpecification","valueRequired":true,"valueName":"search_term_string"}}],"inLanguage":"es"},{"@type":"Person","@id":"https:\/\/www.noticiasradioreflejos.com.ar\/2021\/#\/schema\/person\/ad82545263dcc5ec0996818884fd5fb1","name":"Arnaldo Botto","image":{"@type":"ImageObject","inLanguage":"es","@id":"https:\/\/www.noticiasradioreflejos.com.ar\/2021\/#\/schema\/person\/image\/","url":"https:\/\/secure.gravatar.com\/avatar\/55cb5e37c1efa326397366e6974cb338056df65cb50e7d64d1cf314e87504837?s=96&d=mm&r=g","contentUrl":"https:\/\/secure.gravatar.com\/avatar\/55cb5e37c1efa326397366e6974cb338056df65cb50e7d64d1cf314e87504837?s=96&d=mm&r=g","caption":"Arnaldo Botto"},"url":"https:\/\/www.noticiasradioreflejos.com.ar\/2021\/author\/arnaldo\/"}]}},"_links":{"self":[{"href":"https:\/\/www.noticiasradioreflejos.com.ar\/2021\/wp-json\/wp\/v2\/posts\/45288","targetHints":{"allow":["GET"]}}],"collection":[{"href":"https:\/\/www.noticiasradioreflejos.com.ar\/2021\/wp-json\/wp\/v2\/posts"}],"about":[{"href":"https:\/\/www.noticiasradioreflejos.com.ar\/2021\/wp-json\/wp\/v2\/types\/post"}],"author":[{"embeddable":true,"href":"https:\/\/www.noticiasradioreflejos.com.ar\/2021\/wp-json\/wp\/v2\/users\/3"}],"replies":[{"embeddable":true,"href":"https:\/\/www.noticiasradioreflejos.com.ar\/2021\/wp-json\/wp\/v2\/comments?post=45288"}],"version-history":[{"count":0,"href":"https:\/\/www.noticiasradioreflejos.com.ar\/2021\/wp-json\/wp\/v2\/posts\/45288\/revisions"}],"wp:featuredmedia":[{"embeddable":true,"href":"https:\/\/www.noticiasradioreflejos.com.ar\/2021\/wp-json\/wp\/v2\/media\/28577"}],"wp:attachment":[{"href":"https:\/\/www.noticiasradioreflejos.com.ar\/2021\/wp-json\/wp\/v2\/media?parent=45288"}],"wp:term":[{"taxonomy":"category","embeddable":true,"href":"https:\/\/www.noticiasradioreflejos.com.ar\/2021\/wp-json\/wp\/v2\/categories?post=45288"},{"taxonomy":"post_tag","embeddable":true,"href":"https:\/\/www.noticiasradioreflejos.com.ar\/2021\/wp-json\/wp\/v2\/tags?post=45288"}],"curies":[{"name":"wp","href":"https:\/\/api.w.org\/{rel}","templated":true}]}}