{"id":45283,"date":"2020-08-03T12:46:42","date_gmt":"2020-08-03T15:46:42","guid":{"rendered":"http:\/\/www.noticiasradioreflejos.com.ar\/noticias\/?p=45283"},"modified":"2020-08-03T12:46:42","modified_gmt":"2020-08-03T15:46:42","slug":"descarrilo-un-tren-con-52-vagones-en-el-partido-bonaerense-de-villarino","status":"publish","type":"post","link":"https:\/\/www.noticiasradioreflejos.com.ar\/2021\/descarrilo-un-tren-con-52-vagones-en-el-partido-bonaerense-de-villarino\/","title":{"rendered":"Descarril\u00f3 un tren con 52 vagones en el partido bonaerense de Villarino"},"content":{"rendered":"<p>Un tren que transportaba 52 vagones descarril\u00f3 en un tramo de las v\u00edas ubicado en un sector del partido bonaerense de Villarino, sin que se registraran v\u00edctimas, informaron hoy fuentes policiales y de bomberos.<!--more--><\/p>\n<p>El episodio ocurri\u00f3 anoche pasadas las 20.15 cuando la formaci\u00f3n de la empresa Ferrosur Roca, compuesta de 52 vagones, se trasladaba por las v\u00edas a la altura del kil\u00f3metro 711 de la ruta nacional 3, en el distrito de Villarino, al sur de Bah\u00eda Blanca.<\/p>\n<p>La formaci\u00f3n hab\u00eda partido desde la ciudad de Neuqu\u00e9n y su destino final era Bah\u00eda Blanca.<\/p>\n<p>Fuentes policiales indicaron hoy a T\u00e9lam que \u00abunos 20 vagones de la formaci\u00f3n que transportaba piedras y algunos vagones vac\u00edos descarrillaron en un sector de las v\u00edas\u00bb.<\/p>\n<p>\u00abA ra\u00edz de la situaci\u00f3n, se produjo un incendio de pastizales en el lugar que fue sofocado por dos dotaciones del cuartel de bomberos voluntarios de M\u00e9danos\u00bb, agregaron.<\/p>\n<p>En tanto, desde el cuartel de bomberos se indic\u00f3 que, \u00abal parecer, el tren descarril\u00f3 por un desperfecto de la v\u00eda, por lo que se registr\u00f3 un incendio de pastos naturales que fue sofocado por dos dotaciones\u00bb.<\/p>\n<p>Las fuentes agregaron que \u00abno hubo heridos\u00bb y que se trabajaba en el lugar para determinar las causas del descarrilamiento.<\/p>\n","protected":false},"excerpt":{"rendered":"<p>Un tren que transportaba 52 vagones descarril\u00f3 en un tramo de las v\u00edas ubicado en un sector del partido bonaerense de Villarino, sin que se registraran v\u00edctimas, informaron hoy fuentes policiales y de bomberos.<\/p>\n","protected":false},"author":3,"featured_media":0,"comment_status":"closed","ping_status":"open","sticky":false,"template":"","format":"standard","meta":{"footnotes":""},"categories":[29],"tags":[],"class_list":["post-45283","post","type-post","status-publish","format-standard","hentry","category-policiales"],"yoast_head":"<!-- This site is optimized with the Yoast SEO plugin v25.9 - https:\/\/yoast.com\/wordpress\/plugins\/seo\/ -->\n<title>Descarril\u00f3 un tren con 52 vagones en el partido bonaerense de Villarino - Noticias Radio Reflejos<\/title>\n<meta name=\"robots\" content=\"index, follow, max-snippet:-1, max-image-preview:large, max-video-preview:-1\" \/>\n<link rel=\"canonical\" href=\"https:\/\/www.noticiasradioreflejos.com.ar\/2021\/descarrilo-un-tren-con-52-vagones-en-el-partido-bonaerense-de-villarino\/\" \/>\n<meta property=\"og:locale\" content=\"es_ES\" \/>\n<meta property=\"og:type\" content=\"article\" \/>\n<meta property=\"og:title\" content=\"Descarril\u00f3 un tren con 52 vagones en el partido bonaerense de Villarino - Noticias Radio Reflejos\" \/>\n<meta property=\"og:description\" content=\"Un tren que transportaba 52 vagones descarril\u00f3 en un tramo de las v\u00edas ubicado en un sector del partido bonaerense de Villarino, sin que se registraran v\u00edctimas, informaron hoy fuentes policiales y de bomberos.\" \/>\n<meta property=\"og:url\" content=\"https:\/\/www.noticiasradioreflejos.com.ar\/2021\/descarrilo-un-tren-con-52-vagones-en-el-partido-bonaerense-de-villarino\/\" \/>\n<meta property=\"og:site_name\" content=\"Noticias Radio Reflejos\" \/>\n<meta property=\"article:published_time\" content=\"2020-08-03T15:46:42+00:00\" \/>\n<meta property=\"og:image\" content=\"https:\/\/www.noticiasradioreflejos.com.ar\/2021\/wp-content\/uploads\/2021\/07\/logosol300x200.png\" \/>\n\t<meta property=\"og:image:width\" content=\"300\" \/>\n\t<meta property=\"og:image:height\" content=\"200\" \/>\n\t<meta property=\"og:image:type\" content=\"image\/png\" \/>\n<meta name=\"author\" content=\"Arnaldo Botto\" \/>\n<meta name=\"twitter:card\" content=\"summary_large_image\" \/>\n<script type=\"application\/ld+json\" class=\"yoast-schema-graph\">{\"@context\":\"https:\/\/schema.org\",\"@graph\":[{\"@type\":\"WebPage\",\"@id\":\"https:\/\/www.noticiasradioreflejos.com.ar\/2021\/descarrilo-un-tren-con-52-vagones-en-el-partido-bonaerense-de-villarino\/\",\"url\":\"https:\/\/www.noticiasradioreflejos.com.ar\/2021\/descarrilo-un-tren-con-52-vagones-en-el-partido-bonaerense-de-villarino\/\",\"name\":\"Descarril\u00f3 un tren con 52 vagones en el partido bonaerense de Villarino - Noticias Radio Reflejos\",\"isPartOf\":{\"@id\":\"https:\/\/www.noticiasradioreflejos.com.ar\/2021\/#website\"},\"datePublished\":\"2020-08-03T15:46:42+00:00\",\"author\":{\"@id\":\"https:\/\/www.noticiasradioreflejos.com.ar\/2021\/#\/schema\/person\/ad82545263dcc5ec0996818884fd5fb1\"},\"breadcrumb\":{\"@id\":\"https:\/\/www.noticiasradioreflejos.com.ar\/2021\/descarrilo-un-tren-con-52-vagones-en-el-partido-bonaerense-de-villarino\/#breadcrumb\"},\"inLanguage\":\"es\",\"potentialAction\":[{\"@type\":\"ReadAction\",\"target\":[\"https:\/\/www.noticiasradioreflejos.com.ar\/2021\/descarrilo-un-tren-con-52-vagones-en-el-partido-bonaerense-de-villarino\/\"]}]},{\"@type\":\"BreadcrumbList\",\"@id\":\"https:\/\/www.noticiasradioreflejos.com.ar\/2021\/descarrilo-un-tren-con-52-vagones-en-el-partido-bonaerense-de-villarino\/#breadcrumb\",\"itemListElement\":[{\"@type\":\"ListItem\",\"position\":1,\"name\":\"Portada\",\"item\":\"https:\/\/www.noticiasradioreflejos.com.ar\/2021\/\"},{\"@type\":\"ListItem\",\"position\":2,\"name\":\"Descarril\u00f3 un tren con 52 vagones en el partido bonaerense de Villarino\"}]},{\"@type\":\"WebSite\",\"@id\":\"https:\/\/www.noticiasradioreflejos.com.ar\/2021\/#website\",\"url\":\"https:\/\/www.noticiasradioreflejos.com.ar\/2021\/\",\"name\":\"Noticias Radio Reflejos\",\"description\":\"Las noticias de mi comarca\",\"potentialAction\":[{\"@type\":\"SearchAction\",\"target\":{\"@type\":\"EntryPoint\",\"urlTemplate\":\"https:\/\/www.noticiasradioreflejos.com.ar\/2021\/?s={search_term_string}\"},\"query-input\":{\"@type\":\"PropertyValueSpecification\",\"valueRequired\":true,\"valueName\":\"search_term_string\"}}],\"inLanguage\":\"es\"},{\"@type\":\"Person\",\"@id\":\"https:\/\/www.noticiasradioreflejos.com.ar\/2021\/#\/schema\/person\/ad82545263dcc5ec0996818884fd5fb1\",\"name\":\"Arnaldo Botto\",\"image\":{\"@type\":\"ImageObject\",\"inLanguage\":\"es\",\"@id\":\"https:\/\/www.noticiasradioreflejos.com.ar\/2021\/#\/schema\/person\/image\/\",\"url\":\"https:\/\/secure.gravatar.com\/avatar\/55cb5e37c1efa326397366e6974cb338056df65cb50e7d64d1cf314e87504837?s=96&d=mm&r=g\",\"contentUrl\":\"https:\/\/secure.gravatar.com\/avatar\/55cb5e37c1efa326397366e6974cb338056df65cb50e7d64d1cf314e87504837?s=96&d=mm&r=g\",\"caption\":\"Arnaldo Botto\"},\"url\":\"https:\/\/www.noticiasradioreflejos.com.ar\/2021\/author\/arnaldo\/\"}]}<\/script>\n<!-- \/ Yoast SEO plugin. -->","yoast_head_json":{"title":"Descarril\u00f3 un tren con 52 vagones en el partido bonaerense de Villarino - Noticias Radio Reflejos","robots":{"index":"index","follow":"follow","max-snippet":"max-snippet:-1","max-image-preview":"max-image-preview:large","max-video-preview":"max-video-preview:-1"},"canonical":"https:\/\/www.noticiasradioreflejos.com.ar\/2021\/descarrilo-un-tren-con-52-vagones-en-el-partido-bonaerense-de-villarino\/","og_locale":"es_ES","og_type":"article","og_title":"Descarril\u00f3 un tren con 52 vagones en el partido bonaerense de Villarino - Noticias Radio Reflejos","og_description":"Un tren que transportaba 52 vagones descarril\u00f3 en un tramo de las v\u00edas ubicado en un sector del partido bonaerense de Villarino, sin que se registraran v\u00edctimas, informaron hoy fuentes policiales y de bomberos.","og_url":"https:\/\/www.noticiasradioreflejos.com.ar\/2021\/descarrilo-un-tren-con-52-vagones-en-el-partido-bonaerense-de-villarino\/","og_site_name":"Noticias Radio Reflejos","article_published_time":"2020-08-03T15:46:42+00:00","og_image":[{"width":300,"height":200,"url":"https:\/\/www.noticiasradioreflejos.com.ar\/2021\/wp-content\/uploads\/2021\/07\/logosol300x200.png","type":"image\/png"}],"author":"Arnaldo Botto","twitter_card":"summary_large_image","schema":{"@context":"https:\/\/schema.org","@graph":[{"@type":"WebPage","@id":"https:\/\/www.noticiasradioreflejos.com.ar\/2021\/descarrilo-un-tren-con-52-vagones-en-el-partido-bonaerense-de-villarino\/","url":"https:\/\/www.noticiasradioreflejos.com.ar\/2021\/descarrilo-un-tren-con-52-vagones-en-el-partido-bonaerense-de-villarino\/","name":"Descarril\u00f3 un tren con 52 vagones en el partido bonaerense de Villarino - Noticias Radio Reflejos","isPartOf":{"@id":"https:\/\/www.noticiasradioreflejos.com.ar\/2021\/#website"},"datePublished":"2020-08-03T15:46:42+00:00","author":{"@id":"https:\/\/www.noticiasradioreflejos.com.ar\/2021\/#\/schema\/person\/ad82545263dcc5ec0996818884fd5fb1"},"breadcrumb":{"@id":"https:\/\/www.noticiasradioreflejos.com.ar\/2021\/descarrilo-un-tren-con-52-vagones-en-el-partido-bonaerense-de-villarino\/#breadcrumb"},"inLanguage":"es","potentialAction":[{"@type":"ReadAction","target":["https:\/\/www.noticiasradioreflejos.com.ar\/2021\/descarrilo-un-tren-con-52-vagones-en-el-partido-bonaerense-de-villarino\/"]}]},{"@type":"BreadcrumbList","@id":"https:\/\/www.noticiasradioreflejos.com.ar\/2021\/descarrilo-un-tren-con-52-vagones-en-el-partido-bonaerense-de-villarino\/#breadcrumb","itemListElement":[{"@type":"ListItem","position":1,"name":"Portada","item":"https:\/\/www.noticiasradioreflejos.com.ar\/2021\/"},{"@type":"ListItem","position":2,"name":"Descarril\u00f3 un tren con 52 vagones en el partido bonaerense de Villarino"}]},{"@type":"WebSite","@id":"https:\/\/www.noticiasradioreflejos.com.ar\/2021\/#website","url":"https:\/\/www.noticiasradioreflejos.com.ar\/2021\/","name":"Noticias Radio Reflejos","description":"Las noticias de mi comarca","potentialAction":[{"@type":"SearchAction","target":{"@type":"EntryPoint","urlTemplate":"https:\/\/www.noticiasradioreflejos.com.ar\/2021\/?s={search_term_string}"},"query-input":{"@type":"PropertyValueSpecification","valueRequired":true,"valueName":"search_term_string"}}],"inLanguage":"es"},{"@type":"Person","@id":"https:\/\/www.noticiasradioreflejos.com.ar\/2021\/#\/schema\/person\/ad82545263dcc5ec0996818884fd5fb1","name":"Arnaldo Botto","image":{"@type":"ImageObject","inLanguage":"es","@id":"https:\/\/www.noticiasradioreflejos.com.ar\/2021\/#\/schema\/person\/image\/","url":"https:\/\/secure.gravatar.com\/avatar\/55cb5e37c1efa326397366e6974cb338056df65cb50e7d64d1cf314e87504837?s=96&d=mm&r=g","contentUrl":"https:\/\/secure.gravatar.com\/avatar\/55cb5e37c1efa326397366e6974cb338056df65cb50e7d64d1cf314e87504837?s=96&d=mm&r=g","caption":"Arnaldo Botto"},"url":"https:\/\/www.noticiasradioreflejos.com.ar\/2021\/author\/arnaldo\/"}]}},"_links":{"self":[{"href":"https:\/\/www.noticiasradioreflejos.com.ar\/2021\/wp-json\/wp\/v2\/posts\/45283","targetHints":{"allow":["GET"]}}],"collection":[{"href":"https:\/\/www.noticiasradioreflejos.com.ar\/2021\/wp-json\/wp\/v2\/posts"}],"about":[{"href":"https:\/\/www.noticiasradioreflejos.com.ar\/2021\/wp-json\/wp\/v2\/types\/post"}],"author":[{"embeddable":true,"href":"https:\/\/www.noticiasradioreflejos.com.ar\/2021\/wp-json\/wp\/v2\/users\/3"}],"replies":[{"embeddable":true,"href":"https:\/\/www.noticiasradioreflejos.com.ar\/2021\/wp-json\/wp\/v2\/comments?post=45283"}],"version-history":[{"count":0,"href":"https:\/\/www.noticiasradioreflejos.com.ar\/2021\/wp-json\/wp\/v2\/posts\/45283\/revisions"}],"wp:attachment":[{"href":"https:\/\/www.noticiasradioreflejos.com.ar\/2021\/wp-json\/wp\/v2\/media?parent=45283"}],"wp:term":[{"taxonomy":"category","embeddable":true,"href":"https:\/\/www.noticiasradioreflejos.com.ar\/2021\/wp-json\/wp\/v2\/categories?post=45283"},{"taxonomy":"post_tag","embeddable":true,"href":"https:\/\/www.noticiasradioreflejos.com.ar\/2021\/wp-json\/wp\/v2\/tags?post=45283"}],"curies":[{"name":"wp","href":"https:\/\/api.w.org\/{rel}","templated":true}]}}