{"id":45268,"date":"2020-08-03T10:04:42","date_gmt":"2020-08-03T13:04:42","guid":{"rendered":"http:\/\/www.noticiasradioreflejos.com.ar\/noticias\/?p=45268"},"modified":"2020-08-03T10:04:42","modified_gmt":"2020-08-03T13:04:42","slug":"la-anses-brinda-cobertura-durante-el-embarazo","status":"publish","type":"post","link":"https:\/\/www.noticiasradioreflejos.com.ar\/2021\/la-anses-brinda-cobertura-durante-el-embarazo\/","title":{"rendered":"La ANSES brinda cobertura durante el embarazo."},"content":{"rendered":"<p>A trav\u00e9s de la Asignaci\u00f3n por Embarazo para Protecci\u00f3n Social y la Asignaci\u00f3n Familiar por Prenatal, la ANSES acompa\u00f1a a las familias con un pago mensual que se realiza, en el caso de la Asignaci\u00f3n por Embarazo, desde las 12 semanas de gestaci\u00f3n y hasta el nacimiento; para la Asignaci\u00f3n Familiar por Prenatal, a partir del inicio del embarazo y hasta el nacimiento.<!--more--><br \/>\nLa Asignaci\u00f3n por Embarazo la perciben mujeres desocupadas, trabajadoras informales con ingresos iguales o inferiores al Salario M\u00ednimo, Vital y M\u00f3vil (SMVM), Monotributistas sociales, trabajadoras de servicio dom\u00e9stico registradas y las que se encuentren inscriptas en alguno de los programas Hacemos Futuro (Argentina Trabaja y Ellas Hacen), Manos a la Obra o Programas del Ministerio de Trabajo, siempre que su c\u00f3nyuge o conviviente se encuentre bajo la misma situaci\u00f3n.<\/p>\n<p>En tanto, la Asignaci\u00f3n Familiar por Prenatal es para trabajadores en relaci\u00f3n de dependencia, Monotributistas (entre categor\u00edas A y H), titulares de la Prestaci\u00f3n por Desempleo, quienes se encuentren cobrando por una Aseguradora de Riesgos del Trabajo (ART) o beneficiarios de la Pensi\u00f3n Honor\u00edfica de Veteranos de Guerra del Atl\u00e1ntico Sur.<\/p>\n<p>Seg\u00fan el caso, se podr\u00e1 acceder al pago completo de una de estas dos asignaciones antes mencionadas presentando ante la ANSES el Formulario PS 2.67, Solicitud Asignaci\u00f3n por Embarazo para Protecci\u00f3n Social (Embarazo), o bien, el Formulario PS 2.55, DDJJ Novedades Unificadas SUAF (Prenatal). Para ambas prestaciones, el rubro de los datos m\u00e9dicos puede ser reemplazado por el certificado m\u00e9dico donde conste nombre, apellido y DNI de la embarazada, fecha probable de parto y tiempo de gestaci\u00f3n, fecha de emisi\u00f3n con nombre, apellido y sello del m\u00e9dico o Licenciada\/o en Obstetricia.<\/p>\n<p>Para percibir la Asignaci\u00f3n por Embarazo la documentaci\u00f3n debe ser presentada desde la semana 12 de gestaci\u00f3n y con anterioridad al nacimiento o interrupci\u00f3n del embarazo. Para la Asignaci\u00f3n Familiar por Prenatal, la documentaci\u00f3n debe presentarse entre el tercer y sexto mes cumplido de gestaci\u00f3n, ya que si se realiza con posterioridad solo se cobrar\u00e1n los meses que resten, y si se presenta despu\u00e9s de producido el nacimiento no corresponder\u00e1 percibir ning\u00fan mes.<\/p>\n<p>Es importante tener en cuenta que, si el cobro lo solicita la pareja de la mujer embarazada, deber\u00e1 acreditar la relaci\u00f3n presentando tambi\u00e9n el acta de matrimonio, uni\u00f3n civil o certificado de convivencia.<\/p>\n<p>Durante el Aislamiento Social, Preventivo y Obligatorio (ASPO), ambos tr\u00e1mites pueden llevarse a cabo mediante la modalidad de Atenci\u00f3n Virtual en www.anses.gob.ar.<\/p>\n","protected":false},"excerpt":{"rendered":"<p>A trav\u00e9s de la Asignaci\u00f3n por Embarazo para Protecci\u00f3n Social y la Asignaci\u00f3n Familiar por Prenatal, la ANSES acompa\u00f1a a las familias con un pago mensual que se realiza, en el caso de la Asignaci\u00f3n por Embarazo, desde las 12 semanas de gestaci\u00f3n y hasta el nacimiento; para la Asignaci\u00f3n Familiar por Prenatal, a partir [&hellip;]<\/p>\n","protected":false},"author":3,"featured_media":0,"comment_status":"closed","ping_status":"open","sticky":false,"template":"","format":"standard","meta":{"footnotes":""},"categories":[26],"tags":[],"class_list":["post-45268","post","type-post","status-publish","format-standard","hentry","category-sociedad"],"yoast_head":"<!-- This site is optimized with the Yoast SEO plugin v25.9 - https:\/\/yoast.com\/wordpress\/plugins\/seo\/ -->\n<title>La ANSES brinda cobertura durante el embarazo. - Noticias Radio Reflejos<\/title>\n<meta name=\"robots\" content=\"index, follow, max-snippet:-1, max-image-preview:large, max-video-preview:-1\" \/>\n<link rel=\"canonical\" href=\"https:\/\/www.noticiasradioreflejos.com.ar\/2021\/la-anses-brinda-cobertura-durante-el-embarazo\/\" \/>\n<meta property=\"og:locale\" content=\"es_ES\" \/>\n<meta property=\"og:type\" content=\"article\" \/>\n<meta property=\"og:title\" content=\"La ANSES brinda cobertura durante el embarazo. - Noticias Radio Reflejos\" \/>\n<meta property=\"og:description\" content=\"A trav\u00e9s de la Asignaci\u00f3n por Embarazo para Protecci\u00f3n Social y la Asignaci\u00f3n Familiar por Prenatal, la ANSES acompa\u00f1a a las familias con un pago mensual que se realiza, en el caso de la Asignaci\u00f3n por Embarazo, desde las 12 semanas de gestaci\u00f3n y hasta el nacimiento; para la Asignaci\u00f3n Familiar por Prenatal, a partir [&hellip;]\" \/>\n<meta property=\"og:url\" content=\"https:\/\/www.noticiasradioreflejos.com.ar\/2021\/la-anses-brinda-cobertura-durante-el-embarazo\/\" \/>\n<meta property=\"og:site_name\" content=\"Noticias Radio Reflejos\" \/>\n<meta property=\"article:published_time\" content=\"2020-08-03T13:04:42+00:00\" \/>\n<meta property=\"og:image\" content=\"https:\/\/www.noticiasradioreflejos.com.ar\/2021\/wp-content\/uploads\/2021\/07\/logosol300x200.png\" \/>\n\t<meta property=\"og:image:width\" content=\"300\" \/>\n\t<meta property=\"og:image:height\" content=\"200\" \/>\n\t<meta property=\"og:image:type\" content=\"image\/png\" \/>\n<meta name=\"author\" content=\"Arnaldo Botto\" \/>\n<meta name=\"twitter:card\" content=\"summary_large_image\" \/>\n<script type=\"application\/ld+json\" class=\"yoast-schema-graph\">{\"@context\":\"https:\/\/schema.org\",\"@graph\":[{\"@type\":\"WebPage\",\"@id\":\"https:\/\/www.noticiasradioreflejos.com.ar\/2021\/la-anses-brinda-cobertura-durante-el-embarazo\/\",\"url\":\"https:\/\/www.noticiasradioreflejos.com.ar\/2021\/la-anses-brinda-cobertura-durante-el-embarazo\/\",\"name\":\"La ANSES brinda cobertura durante el embarazo. - Noticias Radio Reflejos\",\"isPartOf\":{\"@id\":\"https:\/\/www.noticiasradioreflejos.com.ar\/2021\/#website\"},\"datePublished\":\"2020-08-03T13:04:42+00:00\",\"author\":{\"@id\":\"https:\/\/www.noticiasradioreflejos.com.ar\/2021\/#\/schema\/person\/ad82545263dcc5ec0996818884fd5fb1\"},\"breadcrumb\":{\"@id\":\"https:\/\/www.noticiasradioreflejos.com.ar\/2021\/la-anses-brinda-cobertura-durante-el-embarazo\/#breadcrumb\"},\"inLanguage\":\"es\",\"potentialAction\":[{\"@type\":\"ReadAction\",\"target\":[\"https:\/\/www.noticiasradioreflejos.com.ar\/2021\/la-anses-brinda-cobertura-durante-el-embarazo\/\"]}]},{\"@type\":\"BreadcrumbList\",\"@id\":\"https:\/\/www.noticiasradioreflejos.com.ar\/2021\/la-anses-brinda-cobertura-durante-el-embarazo\/#breadcrumb\",\"itemListElement\":[{\"@type\":\"ListItem\",\"position\":1,\"name\":\"Portada\",\"item\":\"https:\/\/www.noticiasradioreflejos.com.ar\/2021\/\"},{\"@type\":\"ListItem\",\"position\":2,\"name\":\"La ANSES brinda cobertura durante el embarazo.\"}]},{\"@type\":\"WebSite\",\"@id\":\"https:\/\/www.noticiasradioreflejos.com.ar\/2021\/#website\",\"url\":\"https:\/\/www.noticiasradioreflejos.com.ar\/2021\/\",\"name\":\"Noticias Radio Reflejos\",\"description\":\"Las noticias de mi comarca\",\"potentialAction\":[{\"@type\":\"SearchAction\",\"target\":{\"@type\":\"EntryPoint\",\"urlTemplate\":\"https:\/\/www.noticiasradioreflejos.com.ar\/2021\/?s={search_term_string}\"},\"query-input\":{\"@type\":\"PropertyValueSpecification\",\"valueRequired\":true,\"valueName\":\"search_term_string\"}}],\"inLanguage\":\"es\"},{\"@type\":\"Person\",\"@id\":\"https:\/\/www.noticiasradioreflejos.com.ar\/2021\/#\/schema\/person\/ad82545263dcc5ec0996818884fd5fb1\",\"name\":\"Arnaldo Botto\",\"image\":{\"@type\":\"ImageObject\",\"inLanguage\":\"es\",\"@id\":\"https:\/\/www.noticiasradioreflejos.com.ar\/2021\/#\/schema\/person\/image\/\",\"url\":\"https:\/\/secure.gravatar.com\/avatar\/55cb5e37c1efa326397366e6974cb338056df65cb50e7d64d1cf314e87504837?s=96&d=mm&r=g\",\"contentUrl\":\"https:\/\/secure.gravatar.com\/avatar\/55cb5e37c1efa326397366e6974cb338056df65cb50e7d64d1cf314e87504837?s=96&d=mm&r=g\",\"caption\":\"Arnaldo Botto\"},\"url\":\"https:\/\/www.noticiasradioreflejos.com.ar\/2021\/author\/arnaldo\/\"}]}<\/script>\n<!-- \/ Yoast SEO plugin. -->","yoast_head_json":{"title":"La ANSES brinda cobertura durante el embarazo. - Noticias Radio Reflejos","robots":{"index":"index","follow":"follow","max-snippet":"max-snippet:-1","max-image-preview":"max-image-preview:large","max-video-preview":"max-video-preview:-1"},"canonical":"https:\/\/www.noticiasradioreflejos.com.ar\/2021\/la-anses-brinda-cobertura-durante-el-embarazo\/","og_locale":"es_ES","og_type":"article","og_title":"La ANSES brinda cobertura durante el embarazo. - Noticias Radio Reflejos","og_description":"A trav\u00e9s de la Asignaci\u00f3n por Embarazo para Protecci\u00f3n Social y la Asignaci\u00f3n Familiar por Prenatal, la ANSES acompa\u00f1a a las familias con un pago mensual que se realiza, en el caso de la Asignaci\u00f3n por Embarazo, desde las 12 semanas de gestaci\u00f3n y hasta el nacimiento; para la Asignaci\u00f3n Familiar por Prenatal, a partir [&hellip;]","og_url":"https:\/\/www.noticiasradioreflejos.com.ar\/2021\/la-anses-brinda-cobertura-durante-el-embarazo\/","og_site_name":"Noticias Radio Reflejos","article_published_time":"2020-08-03T13:04:42+00:00","og_image":[{"width":300,"height":200,"url":"https:\/\/www.noticiasradioreflejos.com.ar\/2021\/wp-content\/uploads\/2021\/07\/logosol300x200.png","type":"image\/png"}],"author":"Arnaldo Botto","twitter_card":"summary_large_image","schema":{"@context":"https:\/\/schema.org","@graph":[{"@type":"WebPage","@id":"https:\/\/www.noticiasradioreflejos.com.ar\/2021\/la-anses-brinda-cobertura-durante-el-embarazo\/","url":"https:\/\/www.noticiasradioreflejos.com.ar\/2021\/la-anses-brinda-cobertura-durante-el-embarazo\/","name":"La ANSES brinda cobertura durante el embarazo. - Noticias Radio Reflejos","isPartOf":{"@id":"https:\/\/www.noticiasradioreflejos.com.ar\/2021\/#website"},"datePublished":"2020-08-03T13:04:42+00:00","author":{"@id":"https:\/\/www.noticiasradioreflejos.com.ar\/2021\/#\/schema\/person\/ad82545263dcc5ec0996818884fd5fb1"},"breadcrumb":{"@id":"https:\/\/www.noticiasradioreflejos.com.ar\/2021\/la-anses-brinda-cobertura-durante-el-embarazo\/#breadcrumb"},"inLanguage":"es","potentialAction":[{"@type":"ReadAction","target":["https:\/\/www.noticiasradioreflejos.com.ar\/2021\/la-anses-brinda-cobertura-durante-el-embarazo\/"]}]},{"@type":"BreadcrumbList","@id":"https:\/\/www.noticiasradioreflejos.com.ar\/2021\/la-anses-brinda-cobertura-durante-el-embarazo\/#breadcrumb","itemListElement":[{"@type":"ListItem","position":1,"name":"Portada","item":"https:\/\/www.noticiasradioreflejos.com.ar\/2021\/"},{"@type":"ListItem","position":2,"name":"La ANSES brinda cobertura durante el embarazo."}]},{"@type":"WebSite","@id":"https:\/\/www.noticiasradioreflejos.com.ar\/2021\/#website","url":"https:\/\/www.noticiasradioreflejos.com.ar\/2021\/","name":"Noticias Radio Reflejos","description":"Las noticias de mi comarca","potentialAction":[{"@type":"SearchAction","target":{"@type":"EntryPoint","urlTemplate":"https:\/\/www.noticiasradioreflejos.com.ar\/2021\/?s={search_term_string}"},"query-input":{"@type":"PropertyValueSpecification","valueRequired":true,"valueName":"search_term_string"}}],"inLanguage":"es"},{"@type":"Person","@id":"https:\/\/www.noticiasradioreflejos.com.ar\/2021\/#\/schema\/person\/ad82545263dcc5ec0996818884fd5fb1","name":"Arnaldo Botto","image":{"@type":"ImageObject","inLanguage":"es","@id":"https:\/\/www.noticiasradioreflejos.com.ar\/2021\/#\/schema\/person\/image\/","url":"https:\/\/secure.gravatar.com\/avatar\/55cb5e37c1efa326397366e6974cb338056df65cb50e7d64d1cf314e87504837?s=96&d=mm&r=g","contentUrl":"https:\/\/secure.gravatar.com\/avatar\/55cb5e37c1efa326397366e6974cb338056df65cb50e7d64d1cf314e87504837?s=96&d=mm&r=g","caption":"Arnaldo Botto"},"url":"https:\/\/www.noticiasradioreflejos.com.ar\/2021\/author\/arnaldo\/"}]}},"_links":{"self":[{"href":"https:\/\/www.noticiasradioreflejos.com.ar\/2021\/wp-json\/wp\/v2\/posts\/45268","targetHints":{"allow":["GET"]}}],"collection":[{"href":"https:\/\/www.noticiasradioreflejos.com.ar\/2021\/wp-json\/wp\/v2\/posts"}],"about":[{"href":"https:\/\/www.noticiasradioreflejos.com.ar\/2021\/wp-json\/wp\/v2\/types\/post"}],"author":[{"embeddable":true,"href":"https:\/\/www.noticiasradioreflejos.com.ar\/2021\/wp-json\/wp\/v2\/users\/3"}],"replies":[{"embeddable":true,"href":"https:\/\/www.noticiasradioreflejos.com.ar\/2021\/wp-json\/wp\/v2\/comments?post=45268"}],"version-history":[{"count":0,"href":"https:\/\/www.noticiasradioreflejos.com.ar\/2021\/wp-json\/wp\/v2\/posts\/45268\/revisions"}],"wp:attachment":[{"href":"https:\/\/www.noticiasradioreflejos.com.ar\/2021\/wp-json\/wp\/v2\/media?parent=45268"}],"wp:term":[{"taxonomy":"category","embeddable":true,"href":"https:\/\/www.noticiasradioreflejos.com.ar\/2021\/wp-json\/wp\/v2\/categories?post=45268"},{"taxonomy":"post_tag","embeddable":true,"href":"https:\/\/www.noticiasradioreflejos.com.ar\/2021\/wp-json\/wp\/v2\/tags?post=45268"}],"curies":[{"name":"wp","href":"https:\/\/api.w.org\/{rel}","templated":true}]}}