{"id":45228,"date":"2020-07-31T17:55:20","date_gmt":"2020-07-31T20:55:20","guid":{"rendered":"http:\/\/www.noticiasradioreflejos.com.ar\/noticias\/?p=45228"},"modified":"2020-07-31T17:55:20","modified_gmt":"2020-07-31T20:55:20","slug":"45228","status":"publish","type":"post","link":"https:\/\/www.noticiasradioreflejos.com.ar\/2021\/45228\/","title":{"rendered":"\u00abLo indispensable es trabajar para el pueblo y escuchar a la gente.\u00bb Gerardo \u00abTiyo\u00bb Rohlmann."},"content":{"rendered":"<p>Luego de haber atravesado su primer semana como Delegado Municipal de la localidad de Saldungaray, el Contador Gerardo Rohlmann conversa con nosotros coment\u00e1ndonos c\u00f3mo transit\u00f3 sus primeros d\u00edas de trabajo. Adem\u00e1s, nos comparte sus anhelos para seguir desarrollando al pueblo y las inquietudes con las que entr\u00f3.<!--more--><\/p>\n<p>Al comenzar la nota, Gerardo quiso agradecer al Intendente Sergio Bordoni la oportunidad de poder tomar el puesto. \u00abLe quiero agradecer la confianza que me ha brindado y la libertad para decidir e interactuar\u00bb.<\/p>\n<p>Adem\u00e1s, nos cont\u00f3 que Saldungaray es un pueblo bastante ordenado. \u00abCuento con los equipos de trabajo ya aceitados, me lo han hecho bastante f\u00e1cil. Hay muy buena predisposici\u00f3n de todos los sectores. Estoy adapt\u00e1ndome, gestionando algunas cosas que ya estaban armadas\u00bb.<\/p>\n<p>Gerardo nos inform\u00f3 que m\u00e1s del 50% del personal de la Delegaci\u00f3n de Saldungaray est\u00e1 trabajando bajo la situaci\u00f3n de cuarentena. \u00abEstamos restringidos en todas las \u00e1reas (por la cuarentena), pero se v\u00e9 la disposici\u00f3n de todos los muchachos y chicas que est\u00e1n trabajando. Tengo un equipo que se ha puesto esto al hombro, trabajamos con el comisario para ayudar a la comunidad\u00bb. Nos confes\u00f3 que la parte operativa y de Servicios Urbanos es la que se encuentra m\u00e1s limitada.<\/p>\n<p>Cuando le preguntamos sobre las inquietudes que ten\u00eda \u00e9l al momento de asumir, nos contest\u00f3: \u00abAdem\u00e1s de las problem\u00e1ticas cotidianas, hay una necesidad de apoyar a la gente bajo la pandemia. Siempre hay familias que necesitan ayuda pero esto lo potenci\u00f3. El tema del turismo tambi\u00e9n se par\u00f3 y tener trabajo es fundamental. Se est\u00e1 haciendo hincapi\u00e9 en lo social\u00bb.<\/p>\n<p>Gerardo afirma que, de parte de la Intendencia, ya le han resuelto las primeras necesidades. \u00abMaquinarias, equipamiento, asistencia en parte de Desarrollo Social, son las cosas que me han solucionado primero. Estamos ahora coordinando para controlar el ingreso a Saldungaray que es de lo que dependemos para seguir en fase 5\u00bb.<\/p>\n<p>Entre los anhelos que tiene el Delegado para su pueblo, Gerardo destac\u00f3 \u00aben este momento tan at\u00edpico, la proyecci\u00f3n y trabajar en equipo. Invito a todos los concejales a trabajar en conjunto por la comunidad y sumar mi parte. Lo indispensable es trabajar para el pueblo y escuchar a la gente. Solucionar los problemas siempre que est\u00e9 a nuestro alcance\u00bb.<\/p>\n<p>\u00abTe digo la verdad, ac\u00e1 en el pueblo he tenido una gran bienvenida y se me han acercado para brindarme su apoyo y felicitarme. Esto me anima y me alegra porque tambi\u00e9n es un crecimiento a nivel local. Esto de los partidos pol\u00edticos quiz\u00e1s se pueda palpar en otro nivel, pero en lo particular, nadie se me ha manifestado de manera no grata\u00bb expres\u00f3 finalmente Gerardo cuando le preguntamos si sent\u00eda el rechazo de los vecinos por el repentino cambio de bandera pol\u00edtica del Intendente.<\/p>\n<p>Nota completa a continuaci\u00f3n:<br \/>\n<iframe loading=\"lazy\" src=\"https:\/\/w.soundcloud.com\/player\/?url=https%3A\/\/api.soundcloud.com\/tracks\/867850060&amp;color=%23ff5500&amp;auto_play=false&amp;hide_related=false&amp;show_comments=true&amp;show_user=true&amp;show_reposts=false&amp;show_teaser=true&amp;visual=true\" width=\"100%\" height=\"300\" frameborder=\"no\" scrolling=\"no\"><\/iframe><\/p>\n<div style=\"font-size: 10px; color: #cccccc; line-break: anywhere; word-break: normal; overflow: hidden; white-space: nowrap; text-overflow: ellipsis; font-family: Interstate,Lucida Grande,Lucida Sans Unicode,Lucida Sans,Garuda,Verdana,Tahoma,sans-serif; font-weight: 100;\"><a style=\"color: #cccccc; text-decoration: none;\" title=\"fmreflejos 103.7\" href=\"https:\/\/soundcloud.com\/fmreflejos-103-7\" target=\"_blank\" rel=\"noopener\">fmreflejos 103.7<\/a> \u00b7 <a style=\"color: #cccccc; text-decoration: none;\" title=\"nota Gerardo Rohlmann\" href=\"https:\/\/soundcloud.com\/fmreflejos-103-7\/gerardo-rohlmann\" target=\"_blank\" rel=\"noopener\">nota Gerardo Rohlmann<\/a><\/div>\n","protected":false},"excerpt":{"rendered":"<p>Luego de haber atravesado su primer semana como Delegado Municipal de la localidad de Saldungaray, el Contador Gerardo Rohlmann conversa con nosotros coment\u00e1ndonos c\u00f3mo transit\u00f3 sus primeros d\u00edas de trabajo. Adem\u00e1s, nos comparte sus anhelos para seguir desarrollando al pueblo y las inquietudes con las que entr\u00f3.<\/p>\n","protected":false},"author":3,"featured_media":0,"comment_status":"closed","ping_status":"open","sticky":false,"template":"","format":"standard","meta":{"footnotes":""},"categories":[24,26],"tags":[],"class_list":["post-45228","post","type-post","status-publish","format-standard","hentry","category-politica","category-sociedad"],"yoast_head":"<!-- This site is optimized with the Yoast SEO plugin v25.9 - https:\/\/yoast.com\/wordpress\/plugins\/seo\/ -->\n<title>&quot;Lo indispensable es trabajar para el pueblo y escuchar a la gente.&quot; Gerardo &quot;Tiyo&quot; Rohlmann. - Noticias Radio Reflejos<\/title>\n<meta name=\"robots\" content=\"index, follow, max-snippet:-1, max-image-preview:large, max-video-preview:-1\" \/>\n<link rel=\"canonical\" href=\"https:\/\/www.noticiasradioreflejos.com.ar\/2021\/45228\/\" \/>\n<meta property=\"og:locale\" content=\"es_ES\" \/>\n<meta property=\"og:type\" content=\"article\" \/>\n<meta property=\"og:title\" content=\"&quot;Lo indispensable es trabajar para el pueblo y escuchar a la gente.&quot; Gerardo &quot;Tiyo&quot; Rohlmann. - Noticias Radio Reflejos\" \/>\n<meta property=\"og:description\" content=\"Luego de haber atravesado su primer semana como Delegado Municipal de la localidad de Saldungaray, el Contador Gerardo Rohlmann conversa con nosotros coment\u00e1ndonos c\u00f3mo transit\u00f3 sus primeros d\u00edas de trabajo. Adem\u00e1s, nos comparte sus anhelos para seguir desarrollando al pueblo y las inquietudes con las que entr\u00f3.\" \/>\n<meta property=\"og:url\" content=\"https:\/\/www.noticiasradioreflejos.com.ar\/2021\/45228\/\" \/>\n<meta property=\"og:site_name\" content=\"Noticias Radio Reflejos\" \/>\n<meta property=\"article:published_time\" content=\"2020-07-31T20:55:20+00:00\" \/>\n<meta property=\"og:image\" content=\"https:\/\/www.noticiasradioreflejos.com.ar\/2021\/wp-content\/uploads\/2021\/07\/logosol300x200.png\" \/>\n\t<meta property=\"og:image:width\" content=\"300\" \/>\n\t<meta property=\"og:image:height\" content=\"200\" \/>\n\t<meta property=\"og:image:type\" content=\"image\/png\" \/>\n<meta name=\"author\" content=\"Arnaldo Botto\" \/>\n<meta name=\"twitter:card\" content=\"summary_large_image\" \/>\n<script type=\"application\/ld+json\" class=\"yoast-schema-graph\">{\"@context\":\"https:\/\/schema.org\",\"@graph\":[{\"@type\":\"WebPage\",\"@id\":\"https:\/\/www.noticiasradioreflejos.com.ar\/2021\/45228\/\",\"url\":\"https:\/\/www.noticiasradioreflejos.com.ar\/2021\/45228\/\",\"name\":\"\\\"Lo indispensable es trabajar para el pueblo y escuchar a la gente.\\\" Gerardo \\\"Tiyo\\\" Rohlmann. - Noticias Radio Reflejos\",\"isPartOf\":{\"@id\":\"https:\/\/www.noticiasradioreflejos.com.ar\/2021\/#website\"},\"datePublished\":\"2020-07-31T20:55:20+00:00\",\"author\":{\"@id\":\"https:\/\/www.noticiasradioreflejos.com.ar\/2021\/#\/schema\/person\/ad82545263dcc5ec0996818884fd5fb1\"},\"breadcrumb\":{\"@id\":\"https:\/\/www.noticiasradioreflejos.com.ar\/2021\/45228\/#breadcrumb\"},\"inLanguage\":\"es\",\"potentialAction\":[{\"@type\":\"ReadAction\",\"target\":[\"https:\/\/www.noticiasradioreflejos.com.ar\/2021\/45228\/\"]}]},{\"@type\":\"BreadcrumbList\",\"@id\":\"https:\/\/www.noticiasradioreflejos.com.ar\/2021\/45228\/#breadcrumb\",\"itemListElement\":[{\"@type\":\"ListItem\",\"position\":1,\"name\":\"Portada\",\"item\":\"https:\/\/www.noticiasradioreflejos.com.ar\/2021\/\"},{\"@type\":\"ListItem\",\"position\":2,\"name\":\"\u00abLo indispensable es trabajar para el pueblo y escuchar a la gente.\u00bb Gerardo \u00abTiyo\u00bb Rohlmann.\"}]},{\"@type\":\"WebSite\",\"@id\":\"https:\/\/www.noticiasradioreflejos.com.ar\/2021\/#website\",\"url\":\"https:\/\/www.noticiasradioreflejos.com.ar\/2021\/\",\"name\":\"Noticias Radio Reflejos\",\"description\":\"Las noticias de mi comarca\",\"potentialAction\":[{\"@type\":\"SearchAction\",\"target\":{\"@type\":\"EntryPoint\",\"urlTemplate\":\"https:\/\/www.noticiasradioreflejos.com.ar\/2021\/?s={search_term_string}\"},\"query-input\":{\"@type\":\"PropertyValueSpecification\",\"valueRequired\":true,\"valueName\":\"search_term_string\"}}],\"inLanguage\":\"es\"},{\"@type\":\"Person\",\"@id\":\"https:\/\/www.noticiasradioreflejos.com.ar\/2021\/#\/schema\/person\/ad82545263dcc5ec0996818884fd5fb1\",\"name\":\"Arnaldo Botto\",\"image\":{\"@type\":\"ImageObject\",\"inLanguage\":\"es\",\"@id\":\"https:\/\/www.noticiasradioreflejos.com.ar\/2021\/#\/schema\/person\/image\/\",\"url\":\"https:\/\/secure.gravatar.com\/avatar\/55cb5e37c1efa326397366e6974cb338056df65cb50e7d64d1cf314e87504837?s=96&d=mm&r=g\",\"contentUrl\":\"https:\/\/secure.gravatar.com\/avatar\/55cb5e37c1efa326397366e6974cb338056df65cb50e7d64d1cf314e87504837?s=96&d=mm&r=g\",\"caption\":\"Arnaldo Botto\"},\"url\":\"https:\/\/www.noticiasradioreflejos.com.ar\/2021\/author\/arnaldo\/\"}]}<\/script>\n<!-- \/ Yoast SEO plugin. -->","yoast_head_json":{"title":"\"Lo indispensable es trabajar para el pueblo y escuchar a la gente.\" Gerardo \"Tiyo\" Rohlmann. - Noticias Radio Reflejos","robots":{"index":"index","follow":"follow","max-snippet":"max-snippet:-1","max-image-preview":"max-image-preview:large","max-video-preview":"max-video-preview:-1"},"canonical":"https:\/\/www.noticiasradioreflejos.com.ar\/2021\/45228\/","og_locale":"es_ES","og_type":"article","og_title":"\"Lo indispensable es trabajar para el pueblo y escuchar a la gente.\" Gerardo \"Tiyo\" Rohlmann. - Noticias Radio Reflejos","og_description":"Luego de haber atravesado su primer semana como Delegado Municipal de la localidad de Saldungaray, el Contador Gerardo Rohlmann conversa con nosotros coment\u00e1ndonos c\u00f3mo transit\u00f3 sus primeros d\u00edas de trabajo. Adem\u00e1s, nos comparte sus anhelos para seguir desarrollando al pueblo y las inquietudes con las que entr\u00f3.","og_url":"https:\/\/www.noticiasradioreflejos.com.ar\/2021\/45228\/","og_site_name":"Noticias Radio Reflejos","article_published_time":"2020-07-31T20:55:20+00:00","og_image":[{"width":300,"height":200,"url":"https:\/\/www.noticiasradioreflejos.com.ar\/2021\/wp-content\/uploads\/2021\/07\/logosol300x200.png","type":"image\/png"}],"author":"Arnaldo Botto","twitter_card":"summary_large_image","schema":{"@context":"https:\/\/schema.org","@graph":[{"@type":"WebPage","@id":"https:\/\/www.noticiasradioreflejos.com.ar\/2021\/45228\/","url":"https:\/\/www.noticiasradioreflejos.com.ar\/2021\/45228\/","name":"\"Lo indispensable es trabajar para el pueblo y escuchar a la gente.\" Gerardo \"Tiyo\" Rohlmann. - Noticias Radio Reflejos","isPartOf":{"@id":"https:\/\/www.noticiasradioreflejos.com.ar\/2021\/#website"},"datePublished":"2020-07-31T20:55:20+00:00","author":{"@id":"https:\/\/www.noticiasradioreflejos.com.ar\/2021\/#\/schema\/person\/ad82545263dcc5ec0996818884fd5fb1"},"breadcrumb":{"@id":"https:\/\/www.noticiasradioreflejos.com.ar\/2021\/45228\/#breadcrumb"},"inLanguage":"es","potentialAction":[{"@type":"ReadAction","target":["https:\/\/www.noticiasradioreflejos.com.ar\/2021\/45228\/"]}]},{"@type":"BreadcrumbList","@id":"https:\/\/www.noticiasradioreflejos.com.ar\/2021\/45228\/#breadcrumb","itemListElement":[{"@type":"ListItem","position":1,"name":"Portada","item":"https:\/\/www.noticiasradioreflejos.com.ar\/2021\/"},{"@type":"ListItem","position":2,"name":"\u00abLo indispensable es trabajar para el pueblo y escuchar a la gente.\u00bb Gerardo \u00abTiyo\u00bb Rohlmann."}]},{"@type":"WebSite","@id":"https:\/\/www.noticiasradioreflejos.com.ar\/2021\/#website","url":"https:\/\/www.noticiasradioreflejos.com.ar\/2021\/","name":"Noticias Radio Reflejos","description":"Las noticias de mi comarca","potentialAction":[{"@type":"SearchAction","target":{"@type":"EntryPoint","urlTemplate":"https:\/\/www.noticiasradioreflejos.com.ar\/2021\/?s={search_term_string}"},"query-input":{"@type":"PropertyValueSpecification","valueRequired":true,"valueName":"search_term_string"}}],"inLanguage":"es"},{"@type":"Person","@id":"https:\/\/www.noticiasradioreflejos.com.ar\/2021\/#\/schema\/person\/ad82545263dcc5ec0996818884fd5fb1","name":"Arnaldo Botto","image":{"@type":"ImageObject","inLanguage":"es","@id":"https:\/\/www.noticiasradioreflejos.com.ar\/2021\/#\/schema\/person\/image\/","url":"https:\/\/secure.gravatar.com\/avatar\/55cb5e37c1efa326397366e6974cb338056df65cb50e7d64d1cf314e87504837?s=96&d=mm&r=g","contentUrl":"https:\/\/secure.gravatar.com\/avatar\/55cb5e37c1efa326397366e6974cb338056df65cb50e7d64d1cf314e87504837?s=96&d=mm&r=g","caption":"Arnaldo Botto"},"url":"https:\/\/www.noticiasradioreflejos.com.ar\/2021\/author\/arnaldo\/"}]}},"_links":{"self":[{"href":"https:\/\/www.noticiasradioreflejos.com.ar\/2021\/wp-json\/wp\/v2\/posts\/45228","targetHints":{"allow":["GET"]}}],"collection":[{"href":"https:\/\/www.noticiasradioreflejos.com.ar\/2021\/wp-json\/wp\/v2\/posts"}],"about":[{"href":"https:\/\/www.noticiasradioreflejos.com.ar\/2021\/wp-json\/wp\/v2\/types\/post"}],"author":[{"embeddable":true,"href":"https:\/\/www.noticiasradioreflejos.com.ar\/2021\/wp-json\/wp\/v2\/users\/3"}],"replies":[{"embeddable":true,"href":"https:\/\/www.noticiasradioreflejos.com.ar\/2021\/wp-json\/wp\/v2\/comments?post=45228"}],"version-history":[{"count":0,"href":"https:\/\/www.noticiasradioreflejos.com.ar\/2021\/wp-json\/wp\/v2\/posts\/45228\/revisions"}],"wp:attachment":[{"href":"https:\/\/www.noticiasradioreflejos.com.ar\/2021\/wp-json\/wp\/v2\/media?parent=45228"}],"wp:term":[{"taxonomy":"category","embeddable":true,"href":"https:\/\/www.noticiasradioreflejos.com.ar\/2021\/wp-json\/wp\/v2\/categories?post=45228"},{"taxonomy":"post_tag","embeddable":true,"href":"https:\/\/www.noticiasradioreflejos.com.ar\/2021\/wp-json\/wp\/v2\/tags?post=45228"}],"curies":[{"name":"wp","href":"https:\/\/api.w.org\/{rel}","templated":true}]}}