{"id":45220,"date":"2020-07-31T12:19:42","date_gmt":"2020-07-31T15:19:42","guid":{"rendered":"http:\/\/www.noticiasradioreflejos.com.ar\/noticias\/?p=45220"},"modified":"2020-07-31T12:19:42","modified_gmt":"2020-07-31T15:19:42","slug":"segundo-caso-positivo-de-covid19-en-coronel-pringles","status":"publish","type":"post","link":"https:\/\/www.noticiasradioreflejos.com.ar\/2021\/segundo-caso-positivo-de-covid19-en-coronel-pringles\/","title":{"rendered":"Segundo caso positivo de Covid19 en Coronel Pringles."},"content":{"rendered":"<p>Se trata del segundo caso de coronavirus desde que dio inicio la cuarentena. De esta manera, Coronel Pringles cuenta con un caso positivo recuperado y uno activo. Este \u00faltimo, se desprendi\u00f3 de uno de los dos hisopados realizados en la jornada del mi\u00e9rcoles 29 de julio, donde el otro dio resultado negativo.EL INTENDENTE<strong> Lisandro Matzkin<\/strong> confirm\u00f3 un nuevo caso de Covid-19 en Coronel Pringles<!--more--><\/p>\n<p><a title=\"Lisandro Matzquin\" href=\"http:\/\/live.staticflickr.com\/65535\/50173578531_1d0d7818b2_s.jpg\" rel=\"\"><img loading=\"lazy\" decoding=\"async\" class=\"alignleft\" style=\"float: left;\" title=\"Lisandro Matzquin\" src=\"http:\/\/live.staticflickr.com\/65535\/50173578531_1d0d7818b2.jpg\" alt=\"Lisandro Matzquin\" width=\"500\" height=\"402\" \/><\/a>Anoche a las 21 horas, el Intendente Municipal Lisandro Matzkin a trav\u00e9s de un breve video, que se public\u00f3 en la p\u00e1gina oficial del Municipio de Coronel Pringles, dio a conocer el resultado de los dos hisopados que se hab\u00edan realizado en nuestra ciudad a dos personasen la jornada del mi\u00e9rcoles 29 de-julio, indicando que uno de ellos dio resultado negativo, mientras que el restante fue positivo. \u00abHemos recibido los resultados de los \u00faltimos dos casos que ten\u00edamos sospechosos. Uno de ellos dio negativo y el otro positivo. Con respecto al caso positivo, se est\u00e1 trabajando en los nexos epidemiol\u00f3gicos, mientras tanto vamos a continuar con las actividades habilitadas, tal como est\u00e1n hasta este momento. Ma\u00f1ana (por hoy) vamos a brindar m\u00e1s informaci\u00f3n de acuerdo a si hay alg\u00fan tipo de restricci\u00f3n o no, tras analizar c\u00f3mo se presenta la situaci\u00f3n\u00bb, expres\u00f3 el Jefe Comunal Lisandro Matzkin. De esta manera, hoy podr\u00edan surgir novedades con respecto a este tema, por lo cual estaremos informando como siempre a trav\u00e9s de todas las plataformas de \u00abMultimedio Pringles\u00bb.<\/p>\n<p>\u00bfPOR QU\u00c9 NO SE PUEDE REVELAR LA IDENTIDAD DE LOS INFECTADOS CON CORONAVIRUS?<\/p>\n<p>La identidad de las personas que padecen coronavirus no puede ser revelada, excepto que se cuente con el consentimiento expl\u00edcito del paciente, dado que de lo contrario, se incurre en un delito grave. Ayer tras conocerse el segundo caso de coronavirus en el partido de Coronel Pringles en lo que va de esta cuarentena, muchos vecinos se comunicaron con la redacci\u00f3n de\u00abEl Diario de Pringles\u00bb consultando por la identidad de la persona,cuyo hisopado hab\u00eda dado positivo.<\/p>\n<p>Lo mismo sucedi\u00f3 a trav\u00e9s delas redes sociales. Los ciudadanos indicaban que quer\u00edan saberla identidad de la persona para quedarse tranquilos por si hab\u00edan estado interactuando con la misma en los \u00faltimos d\u00edas e incluso para evitar un acercamiento.<\/p>\n<p>Es por ello que es bueno siempre aclarar que en este tipo de situaciones, no se puede brindar ning\u00fan tipo de datos de este estilo, a no ser que se cuente con el consentimiento del paciente en cuesti\u00f3n.<\/p>\n<p>Se trata de una pol\u00edtica que por ahora se ha replicado en todo el mundo, donde cada naci\u00f3n ha res-guardado la identidad de estas personas, siguiendo protocolos internos o conforme a un acuerdo de los pa\u00edses pertenecientes a la Organizaci\u00f3n Mundial de la Salud (OMS), que impide a las autoridades de sus pa\u00edses miembros, publicar el nombre de pacientes, en este caso, afectados por corona-virus. Se trata del segundo caso de coronavirus en nuestro partido desde que dio inicio la cuarentena.<\/p>\n<p>De esta manera, Coronel Pringles cuenta con un caso positivo recuperado y uno activo. Este \u00faltimo, se desprendi\u00f3 de uno de los dos hisopados realizados en la jornada del mi\u00e9rcoles 29 de julio, donde el otro dio resultado negativo.<\/p>\n<p><iframe loading=\"lazy\" width=\"560\" height=\"315\" src=\"https:\/\/www.youtube.com\/embed\/c35HQmn0ZnE\" frameborder=\"0\" allow=\"accelerometer; autoplay; encrypted-media; gyroscope; picture-in-picture\" allowfullscreen><\/iframe><\/p>\n","protected":false},"excerpt":{"rendered":"<p>Se trata del segundo caso de coronavirus desde que dio inicio la cuarentena. De esta manera, Coronel Pringles cuenta con un caso positivo recuperado y uno activo. Este \u00faltimo, se desprendi\u00f3 de uno de los dos hisopados realizados en la jornada del mi\u00e9rcoles 29 de julio, donde el otro dio resultado negativo.EL INTENDENTE Lisandro Matzkin [&hellip;]<\/p>\n","protected":false},"author":3,"featured_media":0,"comment_status":"closed","ping_status":"open","sticky":false,"template":"","format":"standard","meta":{"footnotes":""},"categories":[30],"tags":[],"class_list":["post-45220","post","type-post","status-publish","format-standard","hentry","category-salud"],"yoast_head":"<!-- This site is optimized with the Yoast SEO plugin v25.9 - https:\/\/yoast.com\/wordpress\/plugins\/seo\/ -->\n<title>Segundo caso positivo de Covid19 en Coronel Pringles. - Noticias Radio Reflejos<\/title>\n<meta name=\"robots\" content=\"index, follow, max-snippet:-1, max-image-preview:large, max-video-preview:-1\" \/>\n<link rel=\"canonical\" href=\"https:\/\/www.noticiasradioreflejos.com.ar\/2021\/segundo-caso-positivo-de-covid19-en-coronel-pringles\/\" \/>\n<meta property=\"og:locale\" content=\"es_ES\" \/>\n<meta property=\"og:type\" content=\"article\" \/>\n<meta property=\"og:title\" content=\"Segundo caso positivo de Covid19 en Coronel Pringles. - Noticias Radio Reflejos\" \/>\n<meta property=\"og:description\" content=\"Se trata del segundo caso de coronavirus desde que dio inicio la cuarentena. De esta manera, Coronel Pringles cuenta con un caso positivo recuperado y uno activo. Este \u00faltimo, se desprendi\u00f3 de uno de los dos hisopados realizados en la jornada del mi\u00e9rcoles 29 de julio, donde el otro dio resultado negativo.EL INTENDENTE Lisandro Matzkin [&hellip;]\" \/>\n<meta property=\"og:url\" content=\"https:\/\/www.noticiasradioreflejos.com.ar\/2021\/segundo-caso-positivo-de-covid19-en-coronel-pringles\/\" \/>\n<meta property=\"og:site_name\" content=\"Noticias Radio Reflejos\" \/>\n<meta property=\"article:published_time\" content=\"2020-07-31T15:19:42+00:00\" \/>\n<meta property=\"og:image\" content=\"http:\/\/live.staticflickr.com\/65535\/50173578531_1d0d7818b2.jpg\" \/>\n<meta name=\"author\" content=\"Arnaldo Botto\" \/>\n<meta name=\"twitter:card\" content=\"summary_large_image\" \/>\n<script type=\"application\/ld+json\" class=\"yoast-schema-graph\">{\"@context\":\"https:\/\/schema.org\",\"@graph\":[{\"@type\":\"WebPage\",\"@id\":\"https:\/\/www.noticiasradioreflejos.com.ar\/2021\/segundo-caso-positivo-de-covid19-en-coronel-pringles\/\",\"url\":\"https:\/\/www.noticiasradioreflejos.com.ar\/2021\/segundo-caso-positivo-de-covid19-en-coronel-pringles\/\",\"name\":\"Segundo caso positivo de Covid19 en Coronel Pringles. - Noticias Radio Reflejos\",\"isPartOf\":{\"@id\":\"https:\/\/www.noticiasradioreflejos.com.ar\/2021\/#website\"},\"primaryImageOfPage\":{\"@id\":\"https:\/\/www.noticiasradioreflejos.com.ar\/2021\/segundo-caso-positivo-de-covid19-en-coronel-pringles\/#primaryimage\"},\"image\":{\"@id\":\"https:\/\/www.noticiasradioreflejos.com.ar\/2021\/segundo-caso-positivo-de-covid19-en-coronel-pringles\/#primaryimage\"},\"thumbnailUrl\":\"http:\/\/live.staticflickr.com\/65535\/50173578531_1d0d7818b2.jpg\",\"datePublished\":\"2020-07-31T15:19:42+00:00\",\"author\":{\"@id\":\"https:\/\/www.noticiasradioreflejos.com.ar\/2021\/#\/schema\/person\/ad82545263dcc5ec0996818884fd5fb1\"},\"breadcrumb\":{\"@id\":\"https:\/\/www.noticiasradioreflejos.com.ar\/2021\/segundo-caso-positivo-de-covid19-en-coronel-pringles\/#breadcrumb\"},\"inLanguage\":\"es\",\"potentialAction\":[{\"@type\":\"ReadAction\",\"target\":[\"https:\/\/www.noticiasradioreflejos.com.ar\/2021\/segundo-caso-positivo-de-covid19-en-coronel-pringles\/\"]}]},{\"@type\":\"ImageObject\",\"inLanguage\":\"es\",\"@id\":\"https:\/\/www.noticiasradioreflejos.com.ar\/2021\/segundo-caso-positivo-de-covid19-en-coronel-pringles\/#primaryimage\",\"url\":\"http:\/\/live.staticflickr.com\/65535\/50173578531_1d0d7818b2.jpg\",\"contentUrl\":\"http:\/\/live.staticflickr.com\/65535\/50173578531_1d0d7818b2.jpg\"},{\"@type\":\"BreadcrumbList\",\"@id\":\"https:\/\/www.noticiasradioreflejos.com.ar\/2021\/segundo-caso-positivo-de-covid19-en-coronel-pringles\/#breadcrumb\",\"itemListElement\":[{\"@type\":\"ListItem\",\"position\":1,\"name\":\"Portada\",\"item\":\"https:\/\/www.noticiasradioreflejos.com.ar\/2021\/\"},{\"@type\":\"ListItem\",\"position\":2,\"name\":\"Segundo caso positivo de Covid19 en Coronel Pringles.\"}]},{\"@type\":\"WebSite\",\"@id\":\"https:\/\/www.noticiasradioreflejos.com.ar\/2021\/#website\",\"url\":\"https:\/\/www.noticiasradioreflejos.com.ar\/2021\/\",\"name\":\"Noticias Radio Reflejos\",\"description\":\"Las noticias de mi comarca\",\"potentialAction\":[{\"@type\":\"SearchAction\",\"target\":{\"@type\":\"EntryPoint\",\"urlTemplate\":\"https:\/\/www.noticiasradioreflejos.com.ar\/2021\/?s={search_term_string}\"},\"query-input\":{\"@type\":\"PropertyValueSpecification\",\"valueRequired\":true,\"valueName\":\"search_term_string\"}}],\"inLanguage\":\"es\"},{\"@type\":\"Person\",\"@id\":\"https:\/\/www.noticiasradioreflejos.com.ar\/2021\/#\/schema\/person\/ad82545263dcc5ec0996818884fd5fb1\",\"name\":\"Arnaldo Botto\",\"image\":{\"@type\":\"ImageObject\",\"inLanguage\":\"es\",\"@id\":\"https:\/\/www.noticiasradioreflejos.com.ar\/2021\/#\/schema\/person\/image\/\",\"url\":\"https:\/\/secure.gravatar.com\/avatar\/55cb5e37c1efa326397366e6974cb338056df65cb50e7d64d1cf314e87504837?s=96&d=mm&r=g\",\"contentUrl\":\"https:\/\/secure.gravatar.com\/avatar\/55cb5e37c1efa326397366e6974cb338056df65cb50e7d64d1cf314e87504837?s=96&d=mm&r=g\",\"caption\":\"Arnaldo Botto\"},\"url\":\"https:\/\/www.noticiasradioreflejos.com.ar\/2021\/author\/arnaldo\/\"}]}<\/script>\n<!-- \/ Yoast SEO plugin. -->","yoast_head_json":{"title":"Segundo caso positivo de Covid19 en Coronel Pringles. - Noticias Radio Reflejos","robots":{"index":"index","follow":"follow","max-snippet":"max-snippet:-1","max-image-preview":"max-image-preview:large","max-video-preview":"max-video-preview:-1"},"canonical":"https:\/\/www.noticiasradioreflejos.com.ar\/2021\/segundo-caso-positivo-de-covid19-en-coronel-pringles\/","og_locale":"es_ES","og_type":"article","og_title":"Segundo caso positivo de Covid19 en Coronel Pringles. - Noticias Radio Reflejos","og_description":"Se trata del segundo caso de coronavirus desde que dio inicio la cuarentena. De esta manera, Coronel Pringles cuenta con un caso positivo recuperado y uno activo. Este \u00faltimo, se desprendi\u00f3 de uno de los dos hisopados realizados en la jornada del mi\u00e9rcoles 29 de julio, donde el otro dio resultado negativo.EL INTENDENTE Lisandro Matzkin [&hellip;]","og_url":"https:\/\/www.noticiasradioreflejos.com.ar\/2021\/segundo-caso-positivo-de-covid19-en-coronel-pringles\/","og_site_name":"Noticias Radio Reflejos","article_published_time":"2020-07-31T15:19:42+00:00","og_image":[{"url":"http:\/\/live.staticflickr.com\/65535\/50173578531_1d0d7818b2.jpg","type":"","width":"","height":""}],"author":"Arnaldo Botto","twitter_card":"summary_large_image","schema":{"@context":"https:\/\/schema.org","@graph":[{"@type":"WebPage","@id":"https:\/\/www.noticiasradioreflejos.com.ar\/2021\/segundo-caso-positivo-de-covid19-en-coronel-pringles\/","url":"https:\/\/www.noticiasradioreflejos.com.ar\/2021\/segundo-caso-positivo-de-covid19-en-coronel-pringles\/","name":"Segundo caso positivo de Covid19 en Coronel Pringles. - Noticias Radio Reflejos","isPartOf":{"@id":"https:\/\/www.noticiasradioreflejos.com.ar\/2021\/#website"},"primaryImageOfPage":{"@id":"https:\/\/www.noticiasradioreflejos.com.ar\/2021\/segundo-caso-positivo-de-covid19-en-coronel-pringles\/#primaryimage"},"image":{"@id":"https:\/\/www.noticiasradioreflejos.com.ar\/2021\/segundo-caso-positivo-de-covid19-en-coronel-pringles\/#primaryimage"},"thumbnailUrl":"http:\/\/live.staticflickr.com\/65535\/50173578531_1d0d7818b2.jpg","datePublished":"2020-07-31T15:19:42+00:00","author":{"@id":"https:\/\/www.noticiasradioreflejos.com.ar\/2021\/#\/schema\/person\/ad82545263dcc5ec0996818884fd5fb1"},"breadcrumb":{"@id":"https:\/\/www.noticiasradioreflejos.com.ar\/2021\/segundo-caso-positivo-de-covid19-en-coronel-pringles\/#breadcrumb"},"inLanguage":"es","potentialAction":[{"@type":"ReadAction","target":["https:\/\/www.noticiasradioreflejos.com.ar\/2021\/segundo-caso-positivo-de-covid19-en-coronel-pringles\/"]}]},{"@type":"ImageObject","inLanguage":"es","@id":"https:\/\/www.noticiasradioreflejos.com.ar\/2021\/segundo-caso-positivo-de-covid19-en-coronel-pringles\/#primaryimage","url":"http:\/\/live.staticflickr.com\/65535\/50173578531_1d0d7818b2.jpg","contentUrl":"http:\/\/live.staticflickr.com\/65535\/50173578531_1d0d7818b2.jpg"},{"@type":"BreadcrumbList","@id":"https:\/\/www.noticiasradioreflejos.com.ar\/2021\/segundo-caso-positivo-de-covid19-en-coronel-pringles\/#breadcrumb","itemListElement":[{"@type":"ListItem","position":1,"name":"Portada","item":"https:\/\/www.noticiasradioreflejos.com.ar\/2021\/"},{"@type":"ListItem","position":2,"name":"Segundo caso positivo de Covid19 en Coronel Pringles."}]},{"@type":"WebSite","@id":"https:\/\/www.noticiasradioreflejos.com.ar\/2021\/#website","url":"https:\/\/www.noticiasradioreflejos.com.ar\/2021\/","name":"Noticias Radio Reflejos","description":"Las noticias de mi comarca","potentialAction":[{"@type":"SearchAction","target":{"@type":"EntryPoint","urlTemplate":"https:\/\/www.noticiasradioreflejos.com.ar\/2021\/?s={search_term_string}"},"query-input":{"@type":"PropertyValueSpecification","valueRequired":true,"valueName":"search_term_string"}}],"inLanguage":"es"},{"@type":"Person","@id":"https:\/\/www.noticiasradioreflejos.com.ar\/2021\/#\/schema\/person\/ad82545263dcc5ec0996818884fd5fb1","name":"Arnaldo Botto","image":{"@type":"ImageObject","inLanguage":"es","@id":"https:\/\/www.noticiasradioreflejos.com.ar\/2021\/#\/schema\/person\/image\/","url":"https:\/\/secure.gravatar.com\/avatar\/55cb5e37c1efa326397366e6974cb338056df65cb50e7d64d1cf314e87504837?s=96&d=mm&r=g","contentUrl":"https:\/\/secure.gravatar.com\/avatar\/55cb5e37c1efa326397366e6974cb338056df65cb50e7d64d1cf314e87504837?s=96&d=mm&r=g","caption":"Arnaldo Botto"},"url":"https:\/\/www.noticiasradioreflejos.com.ar\/2021\/author\/arnaldo\/"}]}},"_links":{"self":[{"href":"https:\/\/www.noticiasradioreflejos.com.ar\/2021\/wp-json\/wp\/v2\/posts\/45220","targetHints":{"allow":["GET"]}}],"collection":[{"href":"https:\/\/www.noticiasradioreflejos.com.ar\/2021\/wp-json\/wp\/v2\/posts"}],"about":[{"href":"https:\/\/www.noticiasradioreflejos.com.ar\/2021\/wp-json\/wp\/v2\/types\/post"}],"author":[{"embeddable":true,"href":"https:\/\/www.noticiasradioreflejos.com.ar\/2021\/wp-json\/wp\/v2\/users\/3"}],"replies":[{"embeddable":true,"href":"https:\/\/www.noticiasradioreflejos.com.ar\/2021\/wp-json\/wp\/v2\/comments?post=45220"}],"version-history":[{"count":0,"href":"https:\/\/www.noticiasradioreflejos.com.ar\/2021\/wp-json\/wp\/v2\/posts\/45220\/revisions"}],"wp:attachment":[{"href":"https:\/\/www.noticiasradioreflejos.com.ar\/2021\/wp-json\/wp\/v2\/media?parent=45220"}],"wp:term":[{"taxonomy":"category","embeddable":true,"href":"https:\/\/www.noticiasradioreflejos.com.ar\/2021\/wp-json\/wp\/v2\/categories?post=45220"},{"taxonomy":"post_tag","embeddable":true,"href":"https:\/\/www.noticiasradioreflejos.com.ar\/2021\/wp-json\/wp\/v2\/tags?post=45220"}],"curies":[{"name":"wp","href":"https:\/\/api.w.org\/{rel}","templated":true}]}}