{"id":45217,"date":"2020-07-31T11:46:49","date_gmt":"2020-07-31T14:46:49","guid":{"rendered":"http:\/\/www.noticiasradioreflejos.com.ar\/noticias\/?p=45217"},"modified":"2020-07-31T11:46:49","modified_gmt":"2020-07-31T14:46:49","slug":"atencion-virtual-la-anses-suma-nuevos-tramites","status":"publish","type":"post","link":"https:\/\/www.noticiasradioreflejos.com.ar\/2021\/atencion-virtual-la-anses-suma-nuevos-tramites\/","title":{"rendered":"Atenci\u00f3n virtual: La ANSES suma nuevos tr\u00e1mites."},"content":{"rendered":"<p>En el marco de la Resoluci\u00f3n 273\/2020 publicada hoy en el Bolet\u00edn Oficial, la ANSES ampli\u00f3 los tr\u00e1mites que se pueden realizar a trav\u00e9s de su modalidad de Atenci\u00f3n Virtual: Subsidio de Contenci\u00f3n Familiar o sepelio, actualizaci\u00f3n de datos y autorizaci\u00f3n para el cobro de la Asignaci\u00f3n por Hijo con Discapacidad.<!--more--><br \/>\nHasta este momento, entre algunos de los que ya pod\u00edan realizarse por esta v\u00eda se encuentran las asignaciones por Prenatal, Embarazo y Maternidad, Prestaci\u00f3n por Desempleo, inicio de jubilaciones y pensiones y el poder para el cobro de las prestaciones.<\/p>\n<p>Adem\u00e1s, mediante esta plataforma, la ANSES lleva a cabo asesoramiento sobre jubilaciones y pensiones, designaci\u00f3n de apoderados, actualizaci\u00f3n de datos personales o familiares, Asignaci\u00f3n Universal y Familiar por Hijo, Pensi\u00f3n No Contributiva para Madre de 7 hijos, etc.<\/p>\n<p>La modalidad de Atenci\u00f3n Virtual, que funciona todos los d\u00edas de 0 a 20 horas, permite canalizar 60.000 gestiones diarias. Asimismo, es importante mantener actualizados los datos de contacto, ya que la ANSES responder\u00e1 la consulta por correo electr\u00f3nico. Para m\u00e1s informaci\u00f3n, los interesados pueden ingresar a anses.gob.ar\/informacion\/atencion-virtual.<\/p>\n","protected":false},"excerpt":{"rendered":"<p>En el marco de la Resoluci\u00f3n 273\/2020 publicada hoy en el Bolet\u00edn Oficial, la ANSES ampli\u00f3 los tr\u00e1mites que se pueden realizar a trav\u00e9s de su modalidad de Atenci\u00f3n Virtual: Subsidio de Contenci\u00f3n Familiar o sepelio, actualizaci\u00f3n de datos y autorizaci\u00f3n para el cobro de la Asignaci\u00f3n por Hijo con Discapacidad.<\/p>\n","protected":false},"author":3,"featured_media":0,"comment_status":"closed","ping_status":"open","sticky":false,"template":"","format":"standard","meta":{"footnotes":""},"categories":[26],"tags":[],"class_list":["post-45217","post","type-post","status-publish","format-standard","hentry","category-sociedad"],"yoast_head":"<!-- This site is optimized with the Yoast SEO plugin v25.9 - https:\/\/yoast.com\/wordpress\/plugins\/seo\/ -->\n<title>Atenci\u00f3n virtual: La ANSES suma nuevos tr\u00e1mites. - Noticias Radio Reflejos<\/title>\n<meta name=\"robots\" content=\"index, follow, max-snippet:-1, max-image-preview:large, max-video-preview:-1\" \/>\n<link rel=\"canonical\" href=\"https:\/\/www.noticiasradioreflejos.com.ar\/2021\/atencion-virtual-la-anses-suma-nuevos-tramites\/\" \/>\n<meta property=\"og:locale\" content=\"es_ES\" \/>\n<meta property=\"og:type\" content=\"article\" \/>\n<meta property=\"og:title\" content=\"Atenci\u00f3n virtual: La ANSES suma nuevos tr\u00e1mites. - Noticias Radio Reflejos\" \/>\n<meta property=\"og:description\" content=\"En el marco de la Resoluci\u00f3n 273\/2020 publicada hoy en el Bolet\u00edn Oficial, la ANSES ampli\u00f3 los tr\u00e1mites que se pueden realizar a trav\u00e9s de su modalidad de Atenci\u00f3n Virtual: Subsidio de Contenci\u00f3n Familiar o sepelio, actualizaci\u00f3n de datos y autorizaci\u00f3n para el cobro de la Asignaci\u00f3n por Hijo con Discapacidad.\" \/>\n<meta property=\"og:url\" content=\"https:\/\/www.noticiasradioreflejos.com.ar\/2021\/atencion-virtual-la-anses-suma-nuevos-tramites\/\" \/>\n<meta property=\"og:site_name\" content=\"Noticias Radio Reflejos\" \/>\n<meta property=\"article:published_time\" content=\"2020-07-31T14:46:49+00:00\" \/>\n<meta property=\"og:image\" content=\"https:\/\/www.noticiasradioreflejos.com.ar\/2021\/wp-content\/uploads\/2021\/07\/logosol300x200.png\" \/>\n\t<meta property=\"og:image:width\" content=\"300\" \/>\n\t<meta property=\"og:image:height\" content=\"200\" \/>\n\t<meta property=\"og:image:type\" content=\"image\/png\" \/>\n<meta name=\"author\" content=\"Arnaldo Botto\" \/>\n<meta name=\"twitter:card\" content=\"summary_large_image\" \/>\n<script type=\"application\/ld+json\" class=\"yoast-schema-graph\">{\"@context\":\"https:\/\/schema.org\",\"@graph\":[{\"@type\":\"WebPage\",\"@id\":\"https:\/\/www.noticiasradioreflejos.com.ar\/2021\/atencion-virtual-la-anses-suma-nuevos-tramites\/\",\"url\":\"https:\/\/www.noticiasradioreflejos.com.ar\/2021\/atencion-virtual-la-anses-suma-nuevos-tramites\/\",\"name\":\"Atenci\u00f3n virtual: La ANSES suma nuevos tr\u00e1mites. - Noticias Radio Reflejos\",\"isPartOf\":{\"@id\":\"https:\/\/www.noticiasradioreflejos.com.ar\/2021\/#website\"},\"datePublished\":\"2020-07-31T14:46:49+00:00\",\"author\":{\"@id\":\"https:\/\/www.noticiasradioreflejos.com.ar\/2021\/#\/schema\/person\/ad82545263dcc5ec0996818884fd5fb1\"},\"breadcrumb\":{\"@id\":\"https:\/\/www.noticiasradioreflejos.com.ar\/2021\/atencion-virtual-la-anses-suma-nuevos-tramites\/#breadcrumb\"},\"inLanguage\":\"es\",\"potentialAction\":[{\"@type\":\"ReadAction\",\"target\":[\"https:\/\/www.noticiasradioreflejos.com.ar\/2021\/atencion-virtual-la-anses-suma-nuevos-tramites\/\"]}]},{\"@type\":\"BreadcrumbList\",\"@id\":\"https:\/\/www.noticiasradioreflejos.com.ar\/2021\/atencion-virtual-la-anses-suma-nuevos-tramites\/#breadcrumb\",\"itemListElement\":[{\"@type\":\"ListItem\",\"position\":1,\"name\":\"Portada\",\"item\":\"https:\/\/www.noticiasradioreflejos.com.ar\/2021\/\"},{\"@type\":\"ListItem\",\"position\":2,\"name\":\"Atenci\u00f3n virtual: La ANSES suma nuevos tr\u00e1mites.\"}]},{\"@type\":\"WebSite\",\"@id\":\"https:\/\/www.noticiasradioreflejos.com.ar\/2021\/#website\",\"url\":\"https:\/\/www.noticiasradioreflejos.com.ar\/2021\/\",\"name\":\"Noticias Radio Reflejos\",\"description\":\"Las noticias de mi comarca\",\"potentialAction\":[{\"@type\":\"SearchAction\",\"target\":{\"@type\":\"EntryPoint\",\"urlTemplate\":\"https:\/\/www.noticiasradioreflejos.com.ar\/2021\/?s={search_term_string}\"},\"query-input\":{\"@type\":\"PropertyValueSpecification\",\"valueRequired\":true,\"valueName\":\"search_term_string\"}}],\"inLanguage\":\"es\"},{\"@type\":\"Person\",\"@id\":\"https:\/\/www.noticiasradioreflejos.com.ar\/2021\/#\/schema\/person\/ad82545263dcc5ec0996818884fd5fb1\",\"name\":\"Arnaldo Botto\",\"image\":{\"@type\":\"ImageObject\",\"inLanguage\":\"es\",\"@id\":\"https:\/\/www.noticiasradioreflejos.com.ar\/2021\/#\/schema\/person\/image\/\",\"url\":\"https:\/\/secure.gravatar.com\/avatar\/55cb5e37c1efa326397366e6974cb338056df65cb50e7d64d1cf314e87504837?s=96&d=mm&r=g\",\"contentUrl\":\"https:\/\/secure.gravatar.com\/avatar\/55cb5e37c1efa326397366e6974cb338056df65cb50e7d64d1cf314e87504837?s=96&d=mm&r=g\",\"caption\":\"Arnaldo Botto\"},\"url\":\"https:\/\/www.noticiasradioreflejos.com.ar\/2021\/author\/arnaldo\/\"}]}<\/script>\n<!-- \/ Yoast SEO plugin. -->","yoast_head_json":{"title":"Atenci\u00f3n virtual: La ANSES suma nuevos tr\u00e1mites. - Noticias Radio Reflejos","robots":{"index":"index","follow":"follow","max-snippet":"max-snippet:-1","max-image-preview":"max-image-preview:large","max-video-preview":"max-video-preview:-1"},"canonical":"https:\/\/www.noticiasradioreflejos.com.ar\/2021\/atencion-virtual-la-anses-suma-nuevos-tramites\/","og_locale":"es_ES","og_type":"article","og_title":"Atenci\u00f3n virtual: La ANSES suma nuevos tr\u00e1mites. - Noticias Radio Reflejos","og_description":"En el marco de la Resoluci\u00f3n 273\/2020 publicada hoy en el Bolet\u00edn Oficial, la ANSES ampli\u00f3 los tr\u00e1mites que se pueden realizar a trav\u00e9s de su modalidad de Atenci\u00f3n Virtual: Subsidio de Contenci\u00f3n Familiar o sepelio, actualizaci\u00f3n de datos y autorizaci\u00f3n para el cobro de la Asignaci\u00f3n por Hijo con Discapacidad.","og_url":"https:\/\/www.noticiasradioreflejos.com.ar\/2021\/atencion-virtual-la-anses-suma-nuevos-tramites\/","og_site_name":"Noticias Radio Reflejos","article_published_time":"2020-07-31T14:46:49+00:00","og_image":[{"width":300,"height":200,"url":"https:\/\/www.noticiasradioreflejos.com.ar\/2021\/wp-content\/uploads\/2021\/07\/logosol300x200.png","type":"image\/png"}],"author":"Arnaldo Botto","twitter_card":"summary_large_image","schema":{"@context":"https:\/\/schema.org","@graph":[{"@type":"WebPage","@id":"https:\/\/www.noticiasradioreflejos.com.ar\/2021\/atencion-virtual-la-anses-suma-nuevos-tramites\/","url":"https:\/\/www.noticiasradioreflejos.com.ar\/2021\/atencion-virtual-la-anses-suma-nuevos-tramites\/","name":"Atenci\u00f3n virtual: La ANSES suma nuevos tr\u00e1mites. - Noticias Radio Reflejos","isPartOf":{"@id":"https:\/\/www.noticiasradioreflejos.com.ar\/2021\/#website"},"datePublished":"2020-07-31T14:46:49+00:00","author":{"@id":"https:\/\/www.noticiasradioreflejos.com.ar\/2021\/#\/schema\/person\/ad82545263dcc5ec0996818884fd5fb1"},"breadcrumb":{"@id":"https:\/\/www.noticiasradioreflejos.com.ar\/2021\/atencion-virtual-la-anses-suma-nuevos-tramites\/#breadcrumb"},"inLanguage":"es","potentialAction":[{"@type":"ReadAction","target":["https:\/\/www.noticiasradioreflejos.com.ar\/2021\/atencion-virtual-la-anses-suma-nuevos-tramites\/"]}]},{"@type":"BreadcrumbList","@id":"https:\/\/www.noticiasradioreflejos.com.ar\/2021\/atencion-virtual-la-anses-suma-nuevos-tramites\/#breadcrumb","itemListElement":[{"@type":"ListItem","position":1,"name":"Portada","item":"https:\/\/www.noticiasradioreflejos.com.ar\/2021\/"},{"@type":"ListItem","position":2,"name":"Atenci\u00f3n virtual: La ANSES suma nuevos tr\u00e1mites."}]},{"@type":"WebSite","@id":"https:\/\/www.noticiasradioreflejos.com.ar\/2021\/#website","url":"https:\/\/www.noticiasradioreflejos.com.ar\/2021\/","name":"Noticias Radio Reflejos","description":"Las noticias de mi comarca","potentialAction":[{"@type":"SearchAction","target":{"@type":"EntryPoint","urlTemplate":"https:\/\/www.noticiasradioreflejos.com.ar\/2021\/?s={search_term_string}"},"query-input":{"@type":"PropertyValueSpecification","valueRequired":true,"valueName":"search_term_string"}}],"inLanguage":"es"},{"@type":"Person","@id":"https:\/\/www.noticiasradioreflejos.com.ar\/2021\/#\/schema\/person\/ad82545263dcc5ec0996818884fd5fb1","name":"Arnaldo Botto","image":{"@type":"ImageObject","inLanguage":"es","@id":"https:\/\/www.noticiasradioreflejos.com.ar\/2021\/#\/schema\/person\/image\/","url":"https:\/\/secure.gravatar.com\/avatar\/55cb5e37c1efa326397366e6974cb338056df65cb50e7d64d1cf314e87504837?s=96&d=mm&r=g","contentUrl":"https:\/\/secure.gravatar.com\/avatar\/55cb5e37c1efa326397366e6974cb338056df65cb50e7d64d1cf314e87504837?s=96&d=mm&r=g","caption":"Arnaldo Botto"},"url":"https:\/\/www.noticiasradioreflejos.com.ar\/2021\/author\/arnaldo\/"}]}},"_links":{"self":[{"href":"https:\/\/www.noticiasradioreflejos.com.ar\/2021\/wp-json\/wp\/v2\/posts\/45217","targetHints":{"allow":["GET"]}}],"collection":[{"href":"https:\/\/www.noticiasradioreflejos.com.ar\/2021\/wp-json\/wp\/v2\/posts"}],"about":[{"href":"https:\/\/www.noticiasradioreflejos.com.ar\/2021\/wp-json\/wp\/v2\/types\/post"}],"author":[{"embeddable":true,"href":"https:\/\/www.noticiasradioreflejos.com.ar\/2021\/wp-json\/wp\/v2\/users\/3"}],"replies":[{"embeddable":true,"href":"https:\/\/www.noticiasradioreflejos.com.ar\/2021\/wp-json\/wp\/v2\/comments?post=45217"}],"version-history":[{"count":0,"href":"https:\/\/www.noticiasradioreflejos.com.ar\/2021\/wp-json\/wp\/v2\/posts\/45217\/revisions"}],"wp:attachment":[{"href":"https:\/\/www.noticiasradioreflejos.com.ar\/2021\/wp-json\/wp\/v2\/media?parent=45217"}],"wp:term":[{"taxonomy":"category","embeddable":true,"href":"https:\/\/www.noticiasradioreflejos.com.ar\/2021\/wp-json\/wp\/v2\/categories?post=45217"},{"taxonomy":"post_tag","embeddable":true,"href":"https:\/\/www.noticiasradioreflejos.com.ar\/2021\/wp-json\/wp\/v2\/tags?post=45217"}],"curies":[{"name":"wp","href":"https:\/\/api.w.org\/{rel}","templated":true}]}}