{"id":45215,"date":"2020-07-31T11:44:07","date_gmt":"2020-07-31T14:44:07","guid":{"rendered":"http:\/\/www.noticiasradioreflejos.com.ar\/noticias\/?p=45215"},"modified":"2020-07-31T11:44:07","modified_gmt":"2020-07-31T14:44:07","slug":"charla-cebar-evolucion-del-cultivo-de-cebada-en-la-argentina","status":"publish","type":"post","link":"https:\/\/www.noticiasradioreflejos.com.ar\/2021\/charla-cebar-evolucion-del-cultivo-de-cebada-en-la-argentina\/","title":{"rendered":"Charla CEBAR: Evoluci\u00f3n del cultivo de cebada en la Argentina."},"content":{"rendered":"<p>El jueves 6 de agosto a las 18 horas habr\u00e1 una nueva charla del ciclo CEBAR a cargo del Ing. Agr. Mario Catt\u00e1neo.<!--more--><br \/>\n\u00a1Agendala!<\/p>\n<p>No requiere inscripci\u00f3n previa. Para ingresar hac\u00e9 click <a href=\"https:\/\/us02web.zoom.us\/j\/82289487882#success\" target=\"_blank\" rel=\"noopener\"><strong>Aqu\u00ed<\/strong><\/a><\/p>\n<p><a title=\"unnamed\" href=\"http:\/\/live.staticflickr.com\/65535\/50173392316_d2e6b27793_s.jpg\" rel=\"\"><img loading=\"lazy\" decoding=\"async\" class=\"aligncenter\" title=\"unnamed\" src=\"http:\/\/live.staticflickr.com\/65535\/50173392316_d2e6b27793_z.jpg\" alt=\"unnamed\" width=\"640\" height=\"640\" \/><\/a><\/p>\n<p><strong>Bolsa de Cereales y Productos de Bah\u00eda Blanca<\/strong><br \/>\n54-291-4702297 &#8211; capacitacion@bcp.org.ar<br \/>\nSaavedra 636 &#8211; (B8000DDN) Bah\u00eda Blanca<br \/>\nhttp:\/\/www.bcp.org.ar<\/p>\n<p>&nbsp;<\/p>\n","protected":false},"excerpt":{"rendered":"<p>El jueves 6 de agosto a las 18 horas habr\u00e1 una nueva charla del ciclo CEBAR a cargo del Ing. Agr. Mario Catt\u00e1neo.<\/p>\n","protected":false},"author":3,"featured_media":0,"comment_status":"closed","ping_status":"open","sticky":false,"template":"","format":"standard","meta":{"footnotes":""},"categories":[36],"tags":[],"class_list":["post-45215","post","type-post","status-publish","format-standard","hentry","category-economia"],"yoast_head":"<!-- This site is optimized with the Yoast SEO plugin v25.9 - https:\/\/yoast.com\/wordpress\/plugins\/seo\/ -->\n<title>Charla CEBAR: Evoluci\u00f3n del cultivo de cebada en la Argentina. - Noticias Radio Reflejos<\/title>\n<meta name=\"robots\" content=\"index, follow, max-snippet:-1, max-image-preview:large, max-video-preview:-1\" \/>\n<link rel=\"canonical\" href=\"https:\/\/www.noticiasradioreflejos.com.ar\/2021\/charla-cebar-evolucion-del-cultivo-de-cebada-en-la-argentina\/\" \/>\n<meta property=\"og:locale\" content=\"es_ES\" \/>\n<meta property=\"og:type\" content=\"article\" \/>\n<meta property=\"og:title\" content=\"Charla CEBAR: Evoluci\u00f3n del cultivo de cebada en la Argentina. - Noticias Radio Reflejos\" \/>\n<meta property=\"og:description\" content=\"El jueves 6 de agosto a las 18 horas habr\u00e1 una nueva charla del ciclo CEBAR a cargo del Ing. Agr. Mario Catt\u00e1neo.\" \/>\n<meta property=\"og:url\" content=\"https:\/\/www.noticiasradioreflejos.com.ar\/2021\/charla-cebar-evolucion-del-cultivo-de-cebada-en-la-argentina\/\" \/>\n<meta property=\"og:site_name\" content=\"Noticias Radio Reflejos\" \/>\n<meta property=\"article:published_time\" content=\"2020-07-31T14:44:07+00:00\" \/>\n<meta property=\"og:image\" content=\"http:\/\/live.staticflickr.com\/65535\/50173392316_d2e6b27793_z.jpg\" \/>\n<meta name=\"author\" content=\"Arnaldo Botto\" \/>\n<meta name=\"twitter:card\" content=\"summary_large_image\" \/>\n<script type=\"application\/ld+json\" class=\"yoast-schema-graph\">{\"@context\":\"https:\/\/schema.org\",\"@graph\":[{\"@type\":\"WebPage\",\"@id\":\"https:\/\/www.noticiasradioreflejos.com.ar\/2021\/charla-cebar-evolucion-del-cultivo-de-cebada-en-la-argentina\/\",\"url\":\"https:\/\/www.noticiasradioreflejos.com.ar\/2021\/charla-cebar-evolucion-del-cultivo-de-cebada-en-la-argentina\/\",\"name\":\"Charla CEBAR: Evoluci\u00f3n del cultivo de cebada en la Argentina. - Noticias Radio Reflejos\",\"isPartOf\":{\"@id\":\"https:\/\/www.noticiasradioreflejos.com.ar\/2021\/#website\"},\"primaryImageOfPage\":{\"@id\":\"https:\/\/www.noticiasradioreflejos.com.ar\/2021\/charla-cebar-evolucion-del-cultivo-de-cebada-en-la-argentina\/#primaryimage\"},\"image\":{\"@id\":\"https:\/\/www.noticiasradioreflejos.com.ar\/2021\/charla-cebar-evolucion-del-cultivo-de-cebada-en-la-argentina\/#primaryimage\"},\"thumbnailUrl\":\"http:\/\/live.staticflickr.com\/65535\/50173392316_d2e6b27793_z.jpg\",\"datePublished\":\"2020-07-31T14:44:07+00:00\",\"author\":{\"@id\":\"https:\/\/www.noticiasradioreflejos.com.ar\/2021\/#\/schema\/person\/ad82545263dcc5ec0996818884fd5fb1\"},\"breadcrumb\":{\"@id\":\"https:\/\/www.noticiasradioreflejos.com.ar\/2021\/charla-cebar-evolucion-del-cultivo-de-cebada-en-la-argentina\/#breadcrumb\"},\"inLanguage\":\"es\",\"potentialAction\":[{\"@type\":\"ReadAction\",\"target\":[\"https:\/\/www.noticiasradioreflejos.com.ar\/2021\/charla-cebar-evolucion-del-cultivo-de-cebada-en-la-argentina\/\"]}]},{\"@type\":\"ImageObject\",\"inLanguage\":\"es\",\"@id\":\"https:\/\/www.noticiasradioreflejos.com.ar\/2021\/charla-cebar-evolucion-del-cultivo-de-cebada-en-la-argentina\/#primaryimage\",\"url\":\"http:\/\/live.staticflickr.com\/65535\/50173392316_d2e6b27793_z.jpg\",\"contentUrl\":\"http:\/\/live.staticflickr.com\/65535\/50173392316_d2e6b27793_z.jpg\"},{\"@type\":\"BreadcrumbList\",\"@id\":\"https:\/\/www.noticiasradioreflejos.com.ar\/2021\/charla-cebar-evolucion-del-cultivo-de-cebada-en-la-argentina\/#breadcrumb\",\"itemListElement\":[{\"@type\":\"ListItem\",\"position\":1,\"name\":\"Portada\",\"item\":\"https:\/\/www.noticiasradioreflejos.com.ar\/2021\/\"},{\"@type\":\"ListItem\",\"position\":2,\"name\":\"Charla CEBAR: Evoluci\u00f3n del cultivo de cebada en la Argentina.\"}]},{\"@type\":\"WebSite\",\"@id\":\"https:\/\/www.noticiasradioreflejos.com.ar\/2021\/#website\",\"url\":\"https:\/\/www.noticiasradioreflejos.com.ar\/2021\/\",\"name\":\"Noticias Radio Reflejos\",\"description\":\"Las noticias de mi comarca\",\"potentialAction\":[{\"@type\":\"SearchAction\",\"target\":{\"@type\":\"EntryPoint\",\"urlTemplate\":\"https:\/\/www.noticiasradioreflejos.com.ar\/2021\/?s={search_term_string}\"},\"query-input\":{\"@type\":\"PropertyValueSpecification\",\"valueRequired\":true,\"valueName\":\"search_term_string\"}}],\"inLanguage\":\"es\"},{\"@type\":\"Person\",\"@id\":\"https:\/\/www.noticiasradioreflejos.com.ar\/2021\/#\/schema\/person\/ad82545263dcc5ec0996818884fd5fb1\",\"name\":\"Arnaldo Botto\",\"image\":{\"@type\":\"ImageObject\",\"inLanguage\":\"es\",\"@id\":\"https:\/\/www.noticiasradioreflejos.com.ar\/2021\/#\/schema\/person\/image\/\",\"url\":\"https:\/\/secure.gravatar.com\/avatar\/55cb5e37c1efa326397366e6974cb338056df65cb50e7d64d1cf314e87504837?s=96&d=mm&r=g\",\"contentUrl\":\"https:\/\/secure.gravatar.com\/avatar\/55cb5e37c1efa326397366e6974cb338056df65cb50e7d64d1cf314e87504837?s=96&d=mm&r=g\",\"caption\":\"Arnaldo Botto\"},\"url\":\"https:\/\/www.noticiasradioreflejos.com.ar\/2021\/author\/arnaldo\/\"}]}<\/script>\n<!-- \/ Yoast SEO plugin. -->","yoast_head_json":{"title":"Charla CEBAR: Evoluci\u00f3n del cultivo de cebada en la Argentina. - Noticias Radio Reflejos","robots":{"index":"index","follow":"follow","max-snippet":"max-snippet:-1","max-image-preview":"max-image-preview:large","max-video-preview":"max-video-preview:-1"},"canonical":"https:\/\/www.noticiasradioreflejos.com.ar\/2021\/charla-cebar-evolucion-del-cultivo-de-cebada-en-la-argentina\/","og_locale":"es_ES","og_type":"article","og_title":"Charla CEBAR: Evoluci\u00f3n del cultivo de cebada en la Argentina. - Noticias Radio Reflejos","og_description":"El jueves 6 de agosto a las 18 horas habr\u00e1 una nueva charla del ciclo CEBAR a cargo del Ing. Agr. Mario Catt\u00e1neo.","og_url":"https:\/\/www.noticiasradioreflejos.com.ar\/2021\/charla-cebar-evolucion-del-cultivo-de-cebada-en-la-argentina\/","og_site_name":"Noticias Radio Reflejos","article_published_time":"2020-07-31T14:44:07+00:00","og_image":[{"url":"http:\/\/live.staticflickr.com\/65535\/50173392316_d2e6b27793_z.jpg","type":"","width":"","height":""}],"author":"Arnaldo Botto","twitter_card":"summary_large_image","schema":{"@context":"https:\/\/schema.org","@graph":[{"@type":"WebPage","@id":"https:\/\/www.noticiasradioreflejos.com.ar\/2021\/charla-cebar-evolucion-del-cultivo-de-cebada-en-la-argentina\/","url":"https:\/\/www.noticiasradioreflejos.com.ar\/2021\/charla-cebar-evolucion-del-cultivo-de-cebada-en-la-argentina\/","name":"Charla CEBAR: Evoluci\u00f3n del cultivo de cebada en la Argentina. - Noticias Radio Reflejos","isPartOf":{"@id":"https:\/\/www.noticiasradioreflejos.com.ar\/2021\/#website"},"primaryImageOfPage":{"@id":"https:\/\/www.noticiasradioreflejos.com.ar\/2021\/charla-cebar-evolucion-del-cultivo-de-cebada-en-la-argentina\/#primaryimage"},"image":{"@id":"https:\/\/www.noticiasradioreflejos.com.ar\/2021\/charla-cebar-evolucion-del-cultivo-de-cebada-en-la-argentina\/#primaryimage"},"thumbnailUrl":"http:\/\/live.staticflickr.com\/65535\/50173392316_d2e6b27793_z.jpg","datePublished":"2020-07-31T14:44:07+00:00","author":{"@id":"https:\/\/www.noticiasradioreflejos.com.ar\/2021\/#\/schema\/person\/ad82545263dcc5ec0996818884fd5fb1"},"breadcrumb":{"@id":"https:\/\/www.noticiasradioreflejos.com.ar\/2021\/charla-cebar-evolucion-del-cultivo-de-cebada-en-la-argentina\/#breadcrumb"},"inLanguage":"es","potentialAction":[{"@type":"ReadAction","target":["https:\/\/www.noticiasradioreflejos.com.ar\/2021\/charla-cebar-evolucion-del-cultivo-de-cebada-en-la-argentina\/"]}]},{"@type":"ImageObject","inLanguage":"es","@id":"https:\/\/www.noticiasradioreflejos.com.ar\/2021\/charla-cebar-evolucion-del-cultivo-de-cebada-en-la-argentina\/#primaryimage","url":"http:\/\/live.staticflickr.com\/65535\/50173392316_d2e6b27793_z.jpg","contentUrl":"http:\/\/live.staticflickr.com\/65535\/50173392316_d2e6b27793_z.jpg"},{"@type":"BreadcrumbList","@id":"https:\/\/www.noticiasradioreflejos.com.ar\/2021\/charla-cebar-evolucion-del-cultivo-de-cebada-en-la-argentina\/#breadcrumb","itemListElement":[{"@type":"ListItem","position":1,"name":"Portada","item":"https:\/\/www.noticiasradioreflejos.com.ar\/2021\/"},{"@type":"ListItem","position":2,"name":"Charla CEBAR: Evoluci\u00f3n del cultivo de cebada en la Argentina."}]},{"@type":"WebSite","@id":"https:\/\/www.noticiasradioreflejos.com.ar\/2021\/#website","url":"https:\/\/www.noticiasradioreflejos.com.ar\/2021\/","name":"Noticias Radio Reflejos","description":"Las noticias de mi comarca","potentialAction":[{"@type":"SearchAction","target":{"@type":"EntryPoint","urlTemplate":"https:\/\/www.noticiasradioreflejos.com.ar\/2021\/?s={search_term_string}"},"query-input":{"@type":"PropertyValueSpecification","valueRequired":true,"valueName":"search_term_string"}}],"inLanguage":"es"},{"@type":"Person","@id":"https:\/\/www.noticiasradioreflejos.com.ar\/2021\/#\/schema\/person\/ad82545263dcc5ec0996818884fd5fb1","name":"Arnaldo Botto","image":{"@type":"ImageObject","inLanguage":"es","@id":"https:\/\/www.noticiasradioreflejos.com.ar\/2021\/#\/schema\/person\/image\/","url":"https:\/\/secure.gravatar.com\/avatar\/55cb5e37c1efa326397366e6974cb338056df65cb50e7d64d1cf314e87504837?s=96&d=mm&r=g","contentUrl":"https:\/\/secure.gravatar.com\/avatar\/55cb5e37c1efa326397366e6974cb338056df65cb50e7d64d1cf314e87504837?s=96&d=mm&r=g","caption":"Arnaldo Botto"},"url":"https:\/\/www.noticiasradioreflejos.com.ar\/2021\/author\/arnaldo\/"}]}},"_links":{"self":[{"href":"https:\/\/www.noticiasradioreflejos.com.ar\/2021\/wp-json\/wp\/v2\/posts\/45215","targetHints":{"allow":["GET"]}}],"collection":[{"href":"https:\/\/www.noticiasradioreflejos.com.ar\/2021\/wp-json\/wp\/v2\/posts"}],"about":[{"href":"https:\/\/www.noticiasradioreflejos.com.ar\/2021\/wp-json\/wp\/v2\/types\/post"}],"author":[{"embeddable":true,"href":"https:\/\/www.noticiasradioreflejos.com.ar\/2021\/wp-json\/wp\/v2\/users\/3"}],"replies":[{"embeddable":true,"href":"https:\/\/www.noticiasradioreflejos.com.ar\/2021\/wp-json\/wp\/v2\/comments?post=45215"}],"version-history":[{"count":0,"href":"https:\/\/www.noticiasradioreflejos.com.ar\/2021\/wp-json\/wp\/v2\/posts\/45215\/revisions"}],"wp:attachment":[{"href":"https:\/\/www.noticiasradioreflejos.com.ar\/2021\/wp-json\/wp\/v2\/media?parent=45215"}],"wp:term":[{"taxonomy":"category","embeddable":true,"href":"https:\/\/www.noticiasradioreflejos.com.ar\/2021\/wp-json\/wp\/v2\/categories?post=45215"},{"taxonomy":"post_tag","embeddable":true,"href":"https:\/\/www.noticiasradioreflejos.com.ar\/2021\/wp-json\/wp\/v2\/tags?post=45215"}],"curies":[{"name":"wp","href":"https:\/\/api.w.org\/{rel}","templated":true}]}}