{"id":45206,"date":"2020-07-31T10:34:40","date_gmt":"2020-07-31T13:34:40","guid":{"rendered":"http:\/\/www.noticiasradioreflejos.com.ar\/noticias\/?p=45206"},"modified":"2020-07-31T10:34:40","modified_gmt":"2020-07-31T13:34:40","slug":"volco-un-camion-hoy-a-la-altura-de-la-papelera","status":"publish","type":"post","link":"https:\/\/www.noticiasradioreflejos.com.ar\/2021\/volco-un-camion-hoy-a-la-altura-de-la-papelera\/","title":{"rendered":"Volc\u00f3 un cami\u00f3n hoy a la altura de la papelera"},"content":{"rendered":"<p>En el sector de la peligrosa d\u00e1rsena de la rotonda. Ocurri\u00f3 0.20 hs.<!--more--><br \/>\nLa sirena de los bomberos voluntarios alert\u00f3 pasada la medianoche, el vuelco del acoplado de un cami\u00f3n en el sector de la peligrosa d\u00e1rsena que desemboca en la rotonda de ruta 33 y acceso a la ruta provincial 76.<br \/>\nEn ese lugar trabajaron los bomberos voluntarios desde la hora 0.20 como as\u00ed tambi\u00e9n la polic\u00eda y servicio de emergencias de salud.<br \/>\nEl chofer no sufri\u00f3 lesiones y fue identificado como Marcos Gast\u00f3n Milla(31) con domicilio en Huanguelen, el transportista cerealero de la empresa Besaganil, estaba al mando del Mercedes 1114 dominio RPH9T3 con acoplado montenegro dominio UZN 697.<br \/>\n<a title=\"9a45f9ab6e75489a8c663d9123c3f93e.jpg_1280\" href=\"http:\/\/live.staticflickr.com\/65535\/50173245237_05e5124c28_s.jpg\" rel=\"\"><img loading=\"lazy\" decoding=\"async\" class=\"aligncenter\" title=\"9a45f9ab6e75489a8c663d9123c3f93e.jpg_1280\" src=\"http:\/\/live.staticflickr.com\/65535\/50173245237_05e5124c28_c.jpg\" alt=\"9a45f9ab6e75489a8c663d9123c3f93e.jpg_1280\" width=\"800\" height=\"600\" \/><\/a><\/p>\n<p><a title=\"7037166c5f6c46e7952f3d00d736dfb5.jpg_1280\" href=\"http:\/\/live.staticflickr.com\/65535\/50173245157_ae6262e588_s.jpg\" rel=\"\"><img loading=\"lazy\" decoding=\"async\" class=\"aligncenter\" title=\"7037166c5f6c46e7952f3d00d736dfb5.jpg_1280\" src=\"http:\/\/live.staticflickr.com\/65535\/50173245157_ae6262e588_z.jpg\" alt=\"7037166c5f6c46e7952f3d00d736dfb5.jpg_1280\" width=\"640\" height=\"480\" \/><\/a><a title=\"47e365b2c9c0437fa20f97ec2a01db7c.jpg_1280\" href=\"http:\/\/live.staticflickr.com\/65535\/50172990621_9944e42f19_s.jpg\" rel=\"\"><br \/>\n<\/a><a title=\"47e365b2c9c0437fa20f97ec2a01db7c.jpg_1280\" href=\"http:\/\/live.staticflickr.com\/65535\/50172990621_9944e42f19_s.jpg\" rel=\"\"><img loading=\"lazy\" decoding=\"async\" class=\"aligncenter\" title=\"47e365b2c9c0437fa20f97ec2a01db7c.jpg_1280\" src=\"http:\/\/live.staticflickr.com\/65535\/50172990621_9944e42f19_c.jpg\" alt=\"47e365b2c9c0437fa20f97ec2a01db7c.jpg_1280\" width=\"800\" height=\"600\" \/><\/a><\/p>\n<p>Fotos:Bomberos Tornquist<\/p>\n","protected":false},"excerpt":{"rendered":"<p>En el sector de la peligrosa d\u00e1rsena de la rotonda. Ocurri\u00f3 0.20 hs.<\/p>\n","protected":false},"author":3,"featured_media":0,"comment_status":"closed","ping_status":"open","sticky":false,"template":"","format":"standard","meta":{"footnotes":""},"categories":[29],"tags":[],"class_list":["post-45206","post","type-post","status-publish","format-standard","hentry","category-policiales"],"yoast_head":"<!-- This site is optimized with the Yoast SEO plugin v25.9 - https:\/\/yoast.com\/wordpress\/plugins\/seo\/ -->\n<title>Volc\u00f3 un cami\u00f3n hoy a la altura de la papelera - Noticias Radio Reflejos<\/title>\n<meta name=\"robots\" content=\"index, follow, max-snippet:-1, max-image-preview:large, max-video-preview:-1\" \/>\n<link rel=\"canonical\" href=\"https:\/\/www.noticiasradioreflejos.com.ar\/2021\/volco-un-camion-hoy-a-la-altura-de-la-papelera\/\" \/>\n<meta property=\"og:locale\" content=\"es_ES\" \/>\n<meta property=\"og:type\" content=\"article\" \/>\n<meta property=\"og:title\" content=\"Volc\u00f3 un cami\u00f3n hoy a la altura de la papelera - Noticias Radio Reflejos\" \/>\n<meta property=\"og:description\" content=\"En el sector de la peligrosa d\u00e1rsena de la rotonda. Ocurri\u00f3 0.20 hs.\" \/>\n<meta property=\"og:url\" content=\"https:\/\/www.noticiasradioreflejos.com.ar\/2021\/volco-un-camion-hoy-a-la-altura-de-la-papelera\/\" \/>\n<meta property=\"og:site_name\" content=\"Noticias Radio Reflejos\" \/>\n<meta property=\"article:published_time\" content=\"2020-07-31T13:34:40+00:00\" \/>\n<meta property=\"og:image\" content=\"http:\/\/live.staticflickr.com\/65535\/50173245237_05e5124c28_c.jpg\" \/>\n<meta name=\"author\" content=\"Arnaldo Botto\" \/>\n<meta name=\"twitter:card\" content=\"summary_large_image\" \/>\n<script type=\"application\/ld+json\" class=\"yoast-schema-graph\">{\"@context\":\"https:\/\/schema.org\",\"@graph\":[{\"@type\":\"WebPage\",\"@id\":\"https:\/\/www.noticiasradioreflejos.com.ar\/2021\/volco-un-camion-hoy-a-la-altura-de-la-papelera\/\",\"url\":\"https:\/\/www.noticiasradioreflejos.com.ar\/2021\/volco-un-camion-hoy-a-la-altura-de-la-papelera\/\",\"name\":\"Volc\u00f3 un cami\u00f3n hoy a la altura de la papelera - Noticias Radio Reflejos\",\"isPartOf\":{\"@id\":\"https:\/\/www.noticiasradioreflejos.com.ar\/2021\/#website\"},\"primaryImageOfPage\":{\"@id\":\"https:\/\/www.noticiasradioreflejos.com.ar\/2021\/volco-un-camion-hoy-a-la-altura-de-la-papelera\/#primaryimage\"},\"image\":{\"@id\":\"https:\/\/www.noticiasradioreflejos.com.ar\/2021\/volco-un-camion-hoy-a-la-altura-de-la-papelera\/#primaryimage\"},\"thumbnailUrl\":\"http:\/\/live.staticflickr.com\/65535\/50173245237_05e5124c28_c.jpg\",\"datePublished\":\"2020-07-31T13:34:40+00:00\",\"author\":{\"@id\":\"https:\/\/www.noticiasradioreflejos.com.ar\/2021\/#\/schema\/person\/ad82545263dcc5ec0996818884fd5fb1\"},\"breadcrumb\":{\"@id\":\"https:\/\/www.noticiasradioreflejos.com.ar\/2021\/volco-un-camion-hoy-a-la-altura-de-la-papelera\/#breadcrumb\"},\"inLanguage\":\"es\",\"potentialAction\":[{\"@type\":\"ReadAction\",\"target\":[\"https:\/\/www.noticiasradioreflejos.com.ar\/2021\/volco-un-camion-hoy-a-la-altura-de-la-papelera\/\"]}]},{\"@type\":\"ImageObject\",\"inLanguage\":\"es\",\"@id\":\"https:\/\/www.noticiasradioreflejos.com.ar\/2021\/volco-un-camion-hoy-a-la-altura-de-la-papelera\/#primaryimage\",\"url\":\"http:\/\/live.staticflickr.com\/65535\/50173245237_05e5124c28_c.jpg\",\"contentUrl\":\"http:\/\/live.staticflickr.com\/65535\/50173245237_05e5124c28_c.jpg\"},{\"@type\":\"BreadcrumbList\",\"@id\":\"https:\/\/www.noticiasradioreflejos.com.ar\/2021\/volco-un-camion-hoy-a-la-altura-de-la-papelera\/#breadcrumb\",\"itemListElement\":[{\"@type\":\"ListItem\",\"position\":1,\"name\":\"Portada\",\"item\":\"https:\/\/www.noticiasradioreflejos.com.ar\/2021\/\"},{\"@type\":\"ListItem\",\"position\":2,\"name\":\"Volc\u00f3 un cami\u00f3n hoy a la altura de la papelera\"}]},{\"@type\":\"WebSite\",\"@id\":\"https:\/\/www.noticiasradioreflejos.com.ar\/2021\/#website\",\"url\":\"https:\/\/www.noticiasradioreflejos.com.ar\/2021\/\",\"name\":\"Noticias Radio Reflejos\",\"description\":\"Las noticias de mi comarca\",\"potentialAction\":[{\"@type\":\"SearchAction\",\"target\":{\"@type\":\"EntryPoint\",\"urlTemplate\":\"https:\/\/www.noticiasradioreflejos.com.ar\/2021\/?s={search_term_string}\"},\"query-input\":{\"@type\":\"PropertyValueSpecification\",\"valueRequired\":true,\"valueName\":\"search_term_string\"}}],\"inLanguage\":\"es\"},{\"@type\":\"Person\",\"@id\":\"https:\/\/www.noticiasradioreflejos.com.ar\/2021\/#\/schema\/person\/ad82545263dcc5ec0996818884fd5fb1\",\"name\":\"Arnaldo Botto\",\"image\":{\"@type\":\"ImageObject\",\"inLanguage\":\"es\",\"@id\":\"https:\/\/www.noticiasradioreflejos.com.ar\/2021\/#\/schema\/person\/image\/\",\"url\":\"https:\/\/secure.gravatar.com\/avatar\/55cb5e37c1efa326397366e6974cb338056df65cb50e7d64d1cf314e87504837?s=96&d=mm&r=g\",\"contentUrl\":\"https:\/\/secure.gravatar.com\/avatar\/55cb5e37c1efa326397366e6974cb338056df65cb50e7d64d1cf314e87504837?s=96&d=mm&r=g\",\"caption\":\"Arnaldo Botto\"},\"url\":\"https:\/\/www.noticiasradioreflejos.com.ar\/2021\/author\/arnaldo\/\"}]}<\/script>\n<!-- \/ Yoast SEO plugin. -->","yoast_head_json":{"title":"Volc\u00f3 un cami\u00f3n hoy a la altura de la papelera - Noticias Radio Reflejos","robots":{"index":"index","follow":"follow","max-snippet":"max-snippet:-1","max-image-preview":"max-image-preview:large","max-video-preview":"max-video-preview:-1"},"canonical":"https:\/\/www.noticiasradioreflejos.com.ar\/2021\/volco-un-camion-hoy-a-la-altura-de-la-papelera\/","og_locale":"es_ES","og_type":"article","og_title":"Volc\u00f3 un cami\u00f3n hoy a la altura de la papelera - Noticias Radio Reflejos","og_description":"En el sector de la peligrosa d\u00e1rsena de la rotonda. Ocurri\u00f3 0.20 hs.","og_url":"https:\/\/www.noticiasradioreflejos.com.ar\/2021\/volco-un-camion-hoy-a-la-altura-de-la-papelera\/","og_site_name":"Noticias Radio Reflejos","article_published_time":"2020-07-31T13:34:40+00:00","og_image":[{"url":"http:\/\/live.staticflickr.com\/65535\/50173245237_05e5124c28_c.jpg","type":"","width":"","height":""}],"author":"Arnaldo Botto","twitter_card":"summary_large_image","schema":{"@context":"https:\/\/schema.org","@graph":[{"@type":"WebPage","@id":"https:\/\/www.noticiasradioreflejos.com.ar\/2021\/volco-un-camion-hoy-a-la-altura-de-la-papelera\/","url":"https:\/\/www.noticiasradioreflejos.com.ar\/2021\/volco-un-camion-hoy-a-la-altura-de-la-papelera\/","name":"Volc\u00f3 un cami\u00f3n hoy a la altura de la papelera - Noticias Radio Reflejos","isPartOf":{"@id":"https:\/\/www.noticiasradioreflejos.com.ar\/2021\/#website"},"primaryImageOfPage":{"@id":"https:\/\/www.noticiasradioreflejos.com.ar\/2021\/volco-un-camion-hoy-a-la-altura-de-la-papelera\/#primaryimage"},"image":{"@id":"https:\/\/www.noticiasradioreflejos.com.ar\/2021\/volco-un-camion-hoy-a-la-altura-de-la-papelera\/#primaryimage"},"thumbnailUrl":"http:\/\/live.staticflickr.com\/65535\/50173245237_05e5124c28_c.jpg","datePublished":"2020-07-31T13:34:40+00:00","author":{"@id":"https:\/\/www.noticiasradioreflejos.com.ar\/2021\/#\/schema\/person\/ad82545263dcc5ec0996818884fd5fb1"},"breadcrumb":{"@id":"https:\/\/www.noticiasradioreflejos.com.ar\/2021\/volco-un-camion-hoy-a-la-altura-de-la-papelera\/#breadcrumb"},"inLanguage":"es","potentialAction":[{"@type":"ReadAction","target":["https:\/\/www.noticiasradioreflejos.com.ar\/2021\/volco-un-camion-hoy-a-la-altura-de-la-papelera\/"]}]},{"@type":"ImageObject","inLanguage":"es","@id":"https:\/\/www.noticiasradioreflejos.com.ar\/2021\/volco-un-camion-hoy-a-la-altura-de-la-papelera\/#primaryimage","url":"http:\/\/live.staticflickr.com\/65535\/50173245237_05e5124c28_c.jpg","contentUrl":"http:\/\/live.staticflickr.com\/65535\/50173245237_05e5124c28_c.jpg"},{"@type":"BreadcrumbList","@id":"https:\/\/www.noticiasradioreflejos.com.ar\/2021\/volco-un-camion-hoy-a-la-altura-de-la-papelera\/#breadcrumb","itemListElement":[{"@type":"ListItem","position":1,"name":"Portada","item":"https:\/\/www.noticiasradioreflejos.com.ar\/2021\/"},{"@type":"ListItem","position":2,"name":"Volc\u00f3 un cami\u00f3n hoy a la altura de la papelera"}]},{"@type":"WebSite","@id":"https:\/\/www.noticiasradioreflejos.com.ar\/2021\/#website","url":"https:\/\/www.noticiasradioreflejos.com.ar\/2021\/","name":"Noticias Radio Reflejos","description":"Las noticias de mi comarca","potentialAction":[{"@type":"SearchAction","target":{"@type":"EntryPoint","urlTemplate":"https:\/\/www.noticiasradioreflejos.com.ar\/2021\/?s={search_term_string}"},"query-input":{"@type":"PropertyValueSpecification","valueRequired":true,"valueName":"search_term_string"}}],"inLanguage":"es"},{"@type":"Person","@id":"https:\/\/www.noticiasradioreflejos.com.ar\/2021\/#\/schema\/person\/ad82545263dcc5ec0996818884fd5fb1","name":"Arnaldo Botto","image":{"@type":"ImageObject","inLanguage":"es","@id":"https:\/\/www.noticiasradioreflejos.com.ar\/2021\/#\/schema\/person\/image\/","url":"https:\/\/secure.gravatar.com\/avatar\/55cb5e37c1efa326397366e6974cb338056df65cb50e7d64d1cf314e87504837?s=96&d=mm&r=g","contentUrl":"https:\/\/secure.gravatar.com\/avatar\/55cb5e37c1efa326397366e6974cb338056df65cb50e7d64d1cf314e87504837?s=96&d=mm&r=g","caption":"Arnaldo Botto"},"url":"https:\/\/www.noticiasradioreflejos.com.ar\/2021\/author\/arnaldo\/"}]}},"_links":{"self":[{"href":"https:\/\/www.noticiasradioreflejos.com.ar\/2021\/wp-json\/wp\/v2\/posts\/45206","targetHints":{"allow":["GET"]}}],"collection":[{"href":"https:\/\/www.noticiasradioreflejos.com.ar\/2021\/wp-json\/wp\/v2\/posts"}],"about":[{"href":"https:\/\/www.noticiasradioreflejos.com.ar\/2021\/wp-json\/wp\/v2\/types\/post"}],"author":[{"embeddable":true,"href":"https:\/\/www.noticiasradioreflejos.com.ar\/2021\/wp-json\/wp\/v2\/users\/3"}],"replies":[{"embeddable":true,"href":"https:\/\/www.noticiasradioreflejos.com.ar\/2021\/wp-json\/wp\/v2\/comments?post=45206"}],"version-history":[{"count":0,"href":"https:\/\/www.noticiasradioreflejos.com.ar\/2021\/wp-json\/wp\/v2\/posts\/45206\/revisions"}],"wp:attachment":[{"href":"https:\/\/www.noticiasradioreflejos.com.ar\/2021\/wp-json\/wp\/v2\/media?parent=45206"}],"wp:term":[{"taxonomy":"category","embeddable":true,"href":"https:\/\/www.noticiasradioreflejos.com.ar\/2021\/wp-json\/wp\/v2\/categories?post=45206"},{"taxonomy":"post_tag","embeddable":true,"href":"https:\/\/www.noticiasradioreflejos.com.ar\/2021\/wp-json\/wp\/v2\/tags?post=45206"}],"curies":[{"name":"wp","href":"https:\/\/api.w.org\/{rel}","templated":true}]}}