{"id":45181,"date":"2020-07-30T15:15:24","date_gmt":"2020-07-30T18:15:24","guid":{"rendered":"http:\/\/www.noticiasradioreflejos.com.ar\/noticias\/?p=45181"},"modified":"2020-07-30T15:15:24","modified_gmt":"2020-07-30T18:15:24","slug":"consideraciones-generales-para-el-ingreso-al-distrito-de-tornquist-de-visitantes-provenientes-de-distritos-en-fase-5","status":"publish","type":"post","link":"https:\/\/www.noticiasradioreflejos.com.ar\/2021\/consideraciones-generales-para-el-ingreso-al-distrito-de-tornquist-de-visitantes-provenientes-de-distritos-en-fase-5\/","title":{"rendered":"Consideraciones generales para el ingreso al Distrito de Tornquist de visitantes provenientes de Distritos en Fase 5."},"content":{"rendered":"<p>Finalizan las vacaciones de invierno, pero el acceso a la comarca sigue vigente para Municipios en fase 5 con estrictos controles al ingreso.<!--more--><\/p>\n<p>1) Podr\u00e1n ingresar tantas personas por veh\u00edculo como cinturones de seguridad  tenga disponibles el mismo. <\/p>\n<p>2) Los visitantes deber\u00e1n acreditar (sin excepci\u00f3n) tener domicilio en alguno de los Distritos que figuran en el presente listado: <\/p>\n<p>Adolfo Alsina<br \/>\nAdolfo GonzalezChavez<br \/>\nBenito Ju\u00e1rez<br \/>\nCoronel Pringles<br \/>\nCoronel Su\u00e1rez<br \/>\nDaireaux<br \/>\nGeneral Lamadrid<br \/>\nGuamin\u00ed<br \/>\nLaprida<br \/>\nPatagones<br \/>\nPu\u00e1n<br \/>\nSaavedra<br \/>\nSalliquell\u00f3<br \/>\nTres Arroyos<br \/>\nTres Lomas<br \/>\nVillarino <\/p>\n<p>3) Se les recomendar\u00e1 a los visitantes que durante su estad\u00eda cumplan con el distanciamiento social, uso de tapabocas mientras est\u00e9n en cercan\u00eda de otras personas distintas a sus acompa\u00f1antes o transiten por lugares p\u00fablicos como as\u00ed tambi\u00e9n el lavado frecuente de manos con agua y jab\u00f3n o el uso de alcohol para desinfectar. <\/p>\n<p>4) Se har\u00e1 control de temperatura y\/o prueba de olfato al ingreso. <\/p>\n<p>5) Al ingresar, se anotar\u00e1n en una planilla especial que se les suministrar\u00e1, los datos de los ingresantes a los fines de elaborar una estad\u00edstica. <\/p>\n<p>6) Las personas que ingresen tendr\u00e1n permitido pernoctar en cualquiera de las localidades del Distrito. <\/p>\n<p>7) Se permite a los ingresantes circular en el Distrito como as\u00ed tambi\u00e9n ir a comprar a comercios o consumir en locales gastron\u00f3micos.  <\/p>\n<p>8) No hay l\u00edmite de permanencia, aclarando que durante su estad\u00eda no podr\u00e1n salir del Distrito de Tornquist y luego volver a ingresar, con excepci\u00f3n de que sea al Distrito de Coronel Su\u00e1rez. <\/p>\n<p>9) No estar\u00e1n abiertas las oficinas de informes tur\u00edsticos. <\/p>\n<p>10) No estar\u00e1 abierto el Parque Provincial Ernesto Tornquist. <\/p>\n<p>11) Por consultas de alojamientos o actividades para realizar, comunicarse directamente con el prestador o dirigirse al complejo o local comercial. <\/p>\n","protected":false},"excerpt":{"rendered":"<p>Finalizan las vacaciones de invierno, pero el acceso a la comarca sigue vigente para Municipios en fase 5 con estrictos controles al ingreso.<\/p>\n","protected":false},"author":3,"featured_media":0,"comment_status":"closed","ping_status":"open","sticky":false,"template":"","format":"standard","meta":{"footnotes":""},"categories":[33],"tags":[],"class_list":["post-45181","post","type-post","status-publish","format-standard","hentry","category-turismo"],"yoast_head":"<!-- This site is optimized with the Yoast SEO plugin v25.9 - https:\/\/yoast.com\/wordpress\/plugins\/seo\/ -->\n<title>Consideraciones generales para el ingreso al Distrito de Tornquist de visitantes provenientes de Distritos en Fase 5. - Noticias Radio Reflejos<\/title>\n<meta name=\"robots\" content=\"index, follow, max-snippet:-1, max-image-preview:large, max-video-preview:-1\" \/>\n<link rel=\"canonical\" href=\"https:\/\/www.noticiasradioreflejos.com.ar\/2021\/consideraciones-generales-para-el-ingreso-al-distrito-de-tornquist-de-visitantes-provenientes-de-distritos-en-fase-5\/\" \/>\n<meta property=\"og:locale\" content=\"es_ES\" \/>\n<meta property=\"og:type\" content=\"article\" \/>\n<meta property=\"og:title\" content=\"Consideraciones generales para el ingreso al Distrito de Tornquist de visitantes provenientes de Distritos en Fase 5. - Noticias Radio Reflejos\" \/>\n<meta property=\"og:description\" content=\"Finalizan las vacaciones de invierno, pero el acceso a la comarca sigue vigente para Municipios en fase 5 con estrictos controles al ingreso.\" \/>\n<meta property=\"og:url\" content=\"https:\/\/www.noticiasradioreflejos.com.ar\/2021\/consideraciones-generales-para-el-ingreso-al-distrito-de-tornquist-de-visitantes-provenientes-de-distritos-en-fase-5\/\" \/>\n<meta property=\"og:site_name\" content=\"Noticias Radio Reflejos\" \/>\n<meta property=\"article:published_time\" content=\"2020-07-30T18:15:24+00:00\" \/>\n<meta property=\"og:image\" content=\"https:\/\/www.noticiasradioreflejos.com.ar\/2021\/wp-content\/uploads\/2021\/07\/logosol300x200.png\" \/>\n\t<meta property=\"og:image:width\" content=\"300\" \/>\n\t<meta property=\"og:image:height\" content=\"200\" \/>\n\t<meta property=\"og:image:type\" content=\"image\/png\" \/>\n<meta name=\"author\" content=\"Arnaldo Botto\" \/>\n<meta name=\"twitter:card\" content=\"summary_large_image\" \/>\n<script type=\"application\/ld+json\" class=\"yoast-schema-graph\">{\"@context\":\"https:\/\/schema.org\",\"@graph\":[{\"@type\":\"WebPage\",\"@id\":\"https:\/\/www.noticiasradioreflejos.com.ar\/2021\/consideraciones-generales-para-el-ingreso-al-distrito-de-tornquist-de-visitantes-provenientes-de-distritos-en-fase-5\/\",\"url\":\"https:\/\/www.noticiasradioreflejos.com.ar\/2021\/consideraciones-generales-para-el-ingreso-al-distrito-de-tornquist-de-visitantes-provenientes-de-distritos-en-fase-5\/\",\"name\":\"Consideraciones generales para el ingreso al Distrito de Tornquist de visitantes provenientes de Distritos en Fase 5. - Noticias Radio Reflejos\",\"isPartOf\":{\"@id\":\"https:\/\/www.noticiasradioreflejos.com.ar\/2021\/#website\"},\"datePublished\":\"2020-07-30T18:15:24+00:00\",\"author\":{\"@id\":\"https:\/\/www.noticiasradioreflejos.com.ar\/2021\/#\/schema\/person\/ad82545263dcc5ec0996818884fd5fb1\"},\"breadcrumb\":{\"@id\":\"https:\/\/www.noticiasradioreflejos.com.ar\/2021\/consideraciones-generales-para-el-ingreso-al-distrito-de-tornquist-de-visitantes-provenientes-de-distritos-en-fase-5\/#breadcrumb\"},\"inLanguage\":\"es\",\"potentialAction\":[{\"@type\":\"ReadAction\",\"target\":[\"https:\/\/www.noticiasradioreflejos.com.ar\/2021\/consideraciones-generales-para-el-ingreso-al-distrito-de-tornquist-de-visitantes-provenientes-de-distritos-en-fase-5\/\"]}]},{\"@type\":\"BreadcrumbList\",\"@id\":\"https:\/\/www.noticiasradioreflejos.com.ar\/2021\/consideraciones-generales-para-el-ingreso-al-distrito-de-tornquist-de-visitantes-provenientes-de-distritos-en-fase-5\/#breadcrumb\",\"itemListElement\":[{\"@type\":\"ListItem\",\"position\":1,\"name\":\"Portada\",\"item\":\"https:\/\/www.noticiasradioreflejos.com.ar\/2021\/\"},{\"@type\":\"ListItem\",\"position\":2,\"name\":\"Consideraciones generales para el ingreso al Distrito de Tornquist de visitantes provenientes de Distritos en Fase 5.\"}]},{\"@type\":\"WebSite\",\"@id\":\"https:\/\/www.noticiasradioreflejos.com.ar\/2021\/#website\",\"url\":\"https:\/\/www.noticiasradioreflejos.com.ar\/2021\/\",\"name\":\"Noticias Radio Reflejos\",\"description\":\"Las noticias de mi comarca\",\"potentialAction\":[{\"@type\":\"SearchAction\",\"target\":{\"@type\":\"EntryPoint\",\"urlTemplate\":\"https:\/\/www.noticiasradioreflejos.com.ar\/2021\/?s={search_term_string}\"},\"query-input\":{\"@type\":\"PropertyValueSpecification\",\"valueRequired\":true,\"valueName\":\"search_term_string\"}}],\"inLanguage\":\"es\"},{\"@type\":\"Person\",\"@id\":\"https:\/\/www.noticiasradioreflejos.com.ar\/2021\/#\/schema\/person\/ad82545263dcc5ec0996818884fd5fb1\",\"name\":\"Arnaldo Botto\",\"image\":{\"@type\":\"ImageObject\",\"inLanguage\":\"es\",\"@id\":\"https:\/\/www.noticiasradioreflejos.com.ar\/2021\/#\/schema\/person\/image\/\",\"url\":\"https:\/\/secure.gravatar.com\/avatar\/55cb5e37c1efa326397366e6974cb338056df65cb50e7d64d1cf314e87504837?s=96&d=mm&r=g\",\"contentUrl\":\"https:\/\/secure.gravatar.com\/avatar\/55cb5e37c1efa326397366e6974cb338056df65cb50e7d64d1cf314e87504837?s=96&d=mm&r=g\",\"caption\":\"Arnaldo Botto\"},\"url\":\"https:\/\/www.noticiasradioreflejos.com.ar\/2021\/author\/arnaldo\/\"}]}<\/script>\n<!-- \/ Yoast SEO plugin. -->","yoast_head_json":{"title":"Consideraciones generales para el ingreso al Distrito de Tornquist de visitantes provenientes de Distritos en Fase 5. - Noticias Radio Reflejos","robots":{"index":"index","follow":"follow","max-snippet":"max-snippet:-1","max-image-preview":"max-image-preview:large","max-video-preview":"max-video-preview:-1"},"canonical":"https:\/\/www.noticiasradioreflejos.com.ar\/2021\/consideraciones-generales-para-el-ingreso-al-distrito-de-tornquist-de-visitantes-provenientes-de-distritos-en-fase-5\/","og_locale":"es_ES","og_type":"article","og_title":"Consideraciones generales para el ingreso al Distrito de Tornquist de visitantes provenientes de Distritos en Fase 5. - Noticias Radio Reflejos","og_description":"Finalizan las vacaciones de invierno, pero el acceso a la comarca sigue vigente para Municipios en fase 5 con estrictos controles al ingreso.","og_url":"https:\/\/www.noticiasradioreflejos.com.ar\/2021\/consideraciones-generales-para-el-ingreso-al-distrito-de-tornquist-de-visitantes-provenientes-de-distritos-en-fase-5\/","og_site_name":"Noticias Radio Reflejos","article_published_time":"2020-07-30T18:15:24+00:00","og_image":[{"width":300,"height":200,"url":"https:\/\/www.noticiasradioreflejos.com.ar\/2021\/wp-content\/uploads\/2021\/07\/logosol300x200.png","type":"image\/png"}],"author":"Arnaldo Botto","twitter_card":"summary_large_image","schema":{"@context":"https:\/\/schema.org","@graph":[{"@type":"WebPage","@id":"https:\/\/www.noticiasradioreflejos.com.ar\/2021\/consideraciones-generales-para-el-ingreso-al-distrito-de-tornquist-de-visitantes-provenientes-de-distritos-en-fase-5\/","url":"https:\/\/www.noticiasradioreflejos.com.ar\/2021\/consideraciones-generales-para-el-ingreso-al-distrito-de-tornquist-de-visitantes-provenientes-de-distritos-en-fase-5\/","name":"Consideraciones generales para el ingreso al Distrito de Tornquist de visitantes provenientes de Distritos en Fase 5. - Noticias Radio Reflejos","isPartOf":{"@id":"https:\/\/www.noticiasradioreflejos.com.ar\/2021\/#website"},"datePublished":"2020-07-30T18:15:24+00:00","author":{"@id":"https:\/\/www.noticiasradioreflejos.com.ar\/2021\/#\/schema\/person\/ad82545263dcc5ec0996818884fd5fb1"},"breadcrumb":{"@id":"https:\/\/www.noticiasradioreflejos.com.ar\/2021\/consideraciones-generales-para-el-ingreso-al-distrito-de-tornquist-de-visitantes-provenientes-de-distritos-en-fase-5\/#breadcrumb"},"inLanguage":"es","potentialAction":[{"@type":"ReadAction","target":["https:\/\/www.noticiasradioreflejos.com.ar\/2021\/consideraciones-generales-para-el-ingreso-al-distrito-de-tornquist-de-visitantes-provenientes-de-distritos-en-fase-5\/"]}]},{"@type":"BreadcrumbList","@id":"https:\/\/www.noticiasradioreflejos.com.ar\/2021\/consideraciones-generales-para-el-ingreso-al-distrito-de-tornquist-de-visitantes-provenientes-de-distritos-en-fase-5\/#breadcrumb","itemListElement":[{"@type":"ListItem","position":1,"name":"Portada","item":"https:\/\/www.noticiasradioreflejos.com.ar\/2021\/"},{"@type":"ListItem","position":2,"name":"Consideraciones generales para el ingreso al Distrito de Tornquist de visitantes provenientes de Distritos en Fase 5."}]},{"@type":"WebSite","@id":"https:\/\/www.noticiasradioreflejos.com.ar\/2021\/#website","url":"https:\/\/www.noticiasradioreflejos.com.ar\/2021\/","name":"Noticias Radio Reflejos","description":"Las noticias de mi comarca","potentialAction":[{"@type":"SearchAction","target":{"@type":"EntryPoint","urlTemplate":"https:\/\/www.noticiasradioreflejos.com.ar\/2021\/?s={search_term_string}"},"query-input":{"@type":"PropertyValueSpecification","valueRequired":true,"valueName":"search_term_string"}}],"inLanguage":"es"},{"@type":"Person","@id":"https:\/\/www.noticiasradioreflejos.com.ar\/2021\/#\/schema\/person\/ad82545263dcc5ec0996818884fd5fb1","name":"Arnaldo Botto","image":{"@type":"ImageObject","inLanguage":"es","@id":"https:\/\/www.noticiasradioreflejos.com.ar\/2021\/#\/schema\/person\/image\/","url":"https:\/\/secure.gravatar.com\/avatar\/55cb5e37c1efa326397366e6974cb338056df65cb50e7d64d1cf314e87504837?s=96&d=mm&r=g","contentUrl":"https:\/\/secure.gravatar.com\/avatar\/55cb5e37c1efa326397366e6974cb338056df65cb50e7d64d1cf314e87504837?s=96&d=mm&r=g","caption":"Arnaldo Botto"},"url":"https:\/\/www.noticiasradioreflejos.com.ar\/2021\/author\/arnaldo\/"}]}},"_links":{"self":[{"href":"https:\/\/www.noticiasradioreflejos.com.ar\/2021\/wp-json\/wp\/v2\/posts\/45181","targetHints":{"allow":["GET"]}}],"collection":[{"href":"https:\/\/www.noticiasradioreflejos.com.ar\/2021\/wp-json\/wp\/v2\/posts"}],"about":[{"href":"https:\/\/www.noticiasradioreflejos.com.ar\/2021\/wp-json\/wp\/v2\/types\/post"}],"author":[{"embeddable":true,"href":"https:\/\/www.noticiasradioreflejos.com.ar\/2021\/wp-json\/wp\/v2\/users\/3"}],"replies":[{"embeddable":true,"href":"https:\/\/www.noticiasradioreflejos.com.ar\/2021\/wp-json\/wp\/v2\/comments?post=45181"}],"version-history":[{"count":0,"href":"https:\/\/www.noticiasradioreflejos.com.ar\/2021\/wp-json\/wp\/v2\/posts\/45181\/revisions"}],"wp:attachment":[{"href":"https:\/\/www.noticiasradioreflejos.com.ar\/2021\/wp-json\/wp\/v2\/media?parent=45181"}],"wp:term":[{"taxonomy":"category","embeddable":true,"href":"https:\/\/www.noticiasradioreflejos.com.ar\/2021\/wp-json\/wp\/v2\/categories?post=45181"},{"taxonomy":"post_tag","embeddable":true,"href":"https:\/\/www.noticiasradioreflejos.com.ar\/2021\/wp-json\/wp\/v2\/tags?post=45181"}],"curies":[{"name":"wp","href":"https:\/\/api.w.org\/{rel}","templated":true}]}}