{"id":45177,"date":"2020-07-30T14:36:04","date_gmt":"2020-07-30T17:36:04","guid":{"rendered":"http:\/\/www.noticiasradioreflejos.com.ar\/noticias\/?p=45177"},"modified":"2020-07-30T14:36:04","modified_gmt":"2020-07-30T17:36:04","slug":"procedimiento-para-la-inscripcion-de-docentes-en-los-actos-publicos-no-presenciales","status":"publish","type":"post","link":"https:\/\/www.noticiasradioreflejos.com.ar\/2021\/procedimiento-para-la-inscripcion-de-docentes-en-los-actos-publicos-no-presenciales\/","title":{"rendered":"Procedimiento para la Inscripci\u00f3n de docentes en los Actos p\u00fablicos No Presenciales."},"content":{"rendered":"<p>Secretar\u00eda de Asuntos Docentes de Tornquist informa sobre el Procedimiento para la Inscripci\u00f3n de docentes en los Actos p\u00fablicos No Presenciales, para la cobertura de cargos provisionales y suplentes de todos los niveles &#8211; modalidades, emanado de la DGAD.<\/p>\n<p>Por consultas enviar mail a <strong><a href=\"http:\/\/sad105@abc.gob.ar\" target=\"_blank\" rel=\"noopener\">http:\/\/sad105@abc.gob.ar<\/a> <\/strong><\/p>\n<p>Atentamente:<br \/>\nSilvana Vittori<br \/>\nSAD<\/p>\n","protected":false},"excerpt":{"rendered":"<p>Secretar\u00eda de Asuntos Docentes de Tornquist informa sobre el Procedimiento para la Inscripci\u00f3n de docentes en los Actos p\u00fablicos No Presenciales, para la cobertura de cargos provisionales y suplentes de todos los niveles &#8211; modalidades, emanado de la DGAD. Por consultas enviar mail a http:\/\/sad105@abc.gob.ar Atentamente: Silvana Vittori SAD<\/p>\n","protected":false},"author":3,"featured_media":0,"comment_status":"closed","ping_status":"open","sticky":false,"template":"","format":"standard","meta":{"footnotes":""},"categories":[34],"tags":[],"class_list":["post-45177","post","type-post","status-publish","format-standard","hentry","category-educacion"],"yoast_head":"<!-- This site is optimized with the Yoast SEO plugin v25.9 - https:\/\/yoast.com\/wordpress\/plugins\/seo\/ -->\n<title>Procedimiento para la Inscripci\u00f3n de docentes en los Actos p\u00fablicos No Presenciales. - Noticias Radio Reflejos<\/title>\n<meta name=\"robots\" content=\"index, follow, max-snippet:-1, max-image-preview:large, max-video-preview:-1\" \/>\n<link rel=\"canonical\" href=\"https:\/\/www.noticiasradioreflejos.com.ar\/2021\/procedimiento-para-la-inscripcion-de-docentes-en-los-actos-publicos-no-presenciales\/\" \/>\n<meta property=\"og:locale\" content=\"es_ES\" \/>\n<meta property=\"og:type\" content=\"article\" \/>\n<meta property=\"og:title\" content=\"Procedimiento para la Inscripci\u00f3n de docentes en los Actos p\u00fablicos No Presenciales. - Noticias Radio Reflejos\" \/>\n<meta property=\"og:description\" content=\"Secretar\u00eda de Asuntos Docentes de Tornquist informa sobre el Procedimiento para la Inscripci\u00f3n de docentes en los Actos p\u00fablicos No Presenciales, para la cobertura de cargos provisionales y suplentes de todos los niveles &#8211; modalidades, emanado de la DGAD. Por consultas enviar mail a http:\/\/sad105@abc.gob.ar Atentamente: Silvana Vittori SAD\" \/>\n<meta property=\"og:url\" content=\"https:\/\/www.noticiasradioreflejos.com.ar\/2021\/procedimiento-para-la-inscripcion-de-docentes-en-los-actos-publicos-no-presenciales\/\" \/>\n<meta property=\"og:site_name\" content=\"Noticias Radio Reflejos\" \/>\n<meta property=\"article:published_time\" content=\"2020-07-30T17:36:04+00:00\" \/>\n<meta property=\"og:image\" content=\"https:\/\/www.noticiasradioreflejos.com.ar\/2021\/wp-content\/uploads\/2021\/07\/logosol300x200.png\" \/>\n\t<meta property=\"og:image:width\" content=\"300\" \/>\n\t<meta property=\"og:image:height\" content=\"200\" \/>\n\t<meta property=\"og:image:type\" content=\"image\/png\" \/>\n<meta name=\"author\" content=\"Arnaldo Botto\" \/>\n<meta name=\"twitter:card\" content=\"summary_large_image\" \/>\n<script type=\"application\/ld+json\" class=\"yoast-schema-graph\">{\"@context\":\"https:\/\/schema.org\",\"@graph\":[{\"@type\":\"WebPage\",\"@id\":\"https:\/\/www.noticiasradioreflejos.com.ar\/2021\/procedimiento-para-la-inscripcion-de-docentes-en-los-actos-publicos-no-presenciales\/\",\"url\":\"https:\/\/www.noticiasradioreflejos.com.ar\/2021\/procedimiento-para-la-inscripcion-de-docentes-en-los-actos-publicos-no-presenciales\/\",\"name\":\"Procedimiento para la Inscripci\u00f3n de docentes en los Actos p\u00fablicos No Presenciales. - Noticias Radio Reflejos\",\"isPartOf\":{\"@id\":\"https:\/\/www.noticiasradioreflejos.com.ar\/2021\/#website\"},\"datePublished\":\"2020-07-30T17:36:04+00:00\",\"author\":{\"@id\":\"https:\/\/www.noticiasradioreflejos.com.ar\/2021\/#\/schema\/person\/ad82545263dcc5ec0996818884fd5fb1\"},\"breadcrumb\":{\"@id\":\"https:\/\/www.noticiasradioreflejos.com.ar\/2021\/procedimiento-para-la-inscripcion-de-docentes-en-los-actos-publicos-no-presenciales\/#breadcrumb\"},\"inLanguage\":\"es\",\"potentialAction\":[{\"@type\":\"ReadAction\",\"target\":[\"https:\/\/www.noticiasradioreflejos.com.ar\/2021\/procedimiento-para-la-inscripcion-de-docentes-en-los-actos-publicos-no-presenciales\/\"]}]},{\"@type\":\"BreadcrumbList\",\"@id\":\"https:\/\/www.noticiasradioreflejos.com.ar\/2021\/procedimiento-para-la-inscripcion-de-docentes-en-los-actos-publicos-no-presenciales\/#breadcrumb\",\"itemListElement\":[{\"@type\":\"ListItem\",\"position\":1,\"name\":\"Portada\",\"item\":\"https:\/\/www.noticiasradioreflejos.com.ar\/2021\/\"},{\"@type\":\"ListItem\",\"position\":2,\"name\":\"Procedimiento para la Inscripci\u00f3n de docentes en los Actos p\u00fablicos No Presenciales.\"}]},{\"@type\":\"WebSite\",\"@id\":\"https:\/\/www.noticiasradioreflejos.com.ar\/2021\/#website\",\"url\":\"https:\/\/www.noticiasradioreflejos.com.ar\/2021\/\",\"name\":\"Noticias Radio Reflejos\",\"description\":\"Las noticias de mi comarca\",\"potentialAction\":[{\"@type\":\"SearchAction\",\"target\":{\"@type\":\"EntryPoint\",\"urlTemplate\":\"https:\/\/www.noticiasradioreflejos.com.ar\/2021\/?s={search_term_string}\"},\"query-input\":{\"@type\":\"PropertyValueSpecification\",\"valueRequired\":true,\"valueName\":\"search_term_string\"}}],\"inLanguage\":\"es\"},{\"@type\":\"Person\",\"@id\":\"https:\/\/www.noticiasradioreflejos.com.ar\/2021\/#\/schema\/person\/ad82545263dcc5ec0996818884fd5fb1\",\"name\":\"Arnaldo Botto\",\"image\":{\"@type\":\"ImageObject\",\"inLanguage\":\"es\",\"@id\":\"https:\/\/www.noticiasradioreflejos.com.ar\/2021\/#\/schema\/person\/image\/\",\"url\":\"https:\/\/secure.gravatar.com\/avatar\/55cb5e37c1efa326397366e6974cb338056df65cb50e7d64d1cf314e87504837?s=96&d=mm&r=g\",\"contentUrl\":\"https:\/\/secure.gravatar.com\/avatar\/55cb5e37c1efa326397366e6974cb338056df65cb50e7d64d1cf314e87504837?s=96&d=mm&r=g\",\"caption\":\"Arnaldo Botto\"},\"url\":\"https:\/\/www.noticiasradioreflejos.com.ar\/2021\/author\/arnaldo\/\"}]}<\/script>\n<!-- \/ Yoast SEO plugin. -->","yoast_head_json":{"title":"Procedimiento para la Inscripci\u00f3n de docentes en los Actos p\u00fablicos No Presenciales. - Noticias Radio Reflejos","robots":{"index":"index","follow":"follow","max-snippet":"max-snippet:-1","max-image-preview":"max-image-preview:large","max-video-preview":"max-video-preview:-1"},"canonical":"https:\/\/www.noticiasradioreflejos.com.ar\/2021\/procedimiento-para-la-inscripcion-de-docentes-en-los-actos-publicos-no-presenciales\/","og_locale":"es_ES","og_type":"article","og_title":"Procedimiento para la Inscripci\u00f3n de docentes en los Actos p\u00fablicos No Presenciales. - Noticias Radio Reflejos","og_description":"Secretar\u00eda de Asuntos Docentes de Tornquist informa sobre el Procedimiento para la Inscripci\u00f3n de docentes en los Actos p\u00fablicos No Presenciales, para la cobertura de cargos provisionales y suplentes de todos los niveles &#8211; modalidades, emanado de la DGAD. Por consultas enviar mail a http:\/\/sad105@abc.gob.ar Atentamente: Silvana Vittori SAD","og_url":"https:\/\/www.noticiasradioreflejos.com.ar\/2021\/procedimiento-para-la-inscripcion-de-docentes-en-los-actos-publicos-no-presenciales\/","og_site_name":"Noticias Radio Reflejos","article_published_time":"2020-07-30T17:36:04+00:00","og_image":[{"width":300,"height":200,"url":"https:\/\/www.noticiasradioreflejos.com.ar\/2021\/wp-content\/uploads\/2021\/07\/logosol300x200.png","type":"image\/png"}],"author":"Arnaldo Botto","twitter_card":"summary_large_image","schema":{"@context":"https:\/\/schema.org","@graph":[{"@type":"WebPage","@id":"https:\/\/www.noticiasradioreflejos.com.ar\/2021\/procedimiento-para-la-inscripcion-de-docentes-en-los-actos-publicos-no-presenciales\/","url":"https:\/\/www.noticiasradioreflejos.com.ar\/2021\/procedimiento-para-la-inscripcion-de-docentes-en-los-actos-publicos-no-presenciales\/","name":"Procedimiento para la Inscripci\u00f3n de docentes en los Actos p\u00fablicos No Presenciales. - Noticias Radio Reflejos","isPartOf":{"@id":"https:\/\/www.noticiasradioreflejos.com.ar\/2021\/#website"},"datePublished":"2020-07-30T17:36:04+00:00","author":{"@id":"https:\/\/www.noticiasradioreflejos.com.ar\/2021\/#\/schema\/person\/ad82545263dcc5ec0996818884fd5fb1"},"breadcrumb":{"@id":"https:\/\/www.noticiasradioreflejos.com.ar\/2021\/procedimiento-para-la-inscripcion-de-docentes-en-los-actos-publicos-no-presenciales\/#breadcrumb"},"inLanguage":"es","potentialAction":[{"@type":"ReadAction","target":["https:\/\/www.noticiasradioreflejos.com.ar\/2021\/procedimiento-para-la-inscripcion-de-docentes-en-los-actos-publicos-no-presenciales\/"]}]},{"@type":"BreadcrumbList","@id":"https:\/\/www.noticiasradioreflejos.com.ar\/2021\/procedimiento-para-la-inscripcion-de-docentes-en-los-actos-publicos-no-presenciales\/#breadcrumb","itemListElement":[{"@type":"ListItem","position":1,"name":"Portada","item":"https:\/\/www.noticiasradioreflejos.com.ar\/2021\/"},{"@type":"ListItem","position":2,"name":"Procedimiento para la Inscripci\u00f3n de docentes en los Actos p\u00fablicos No Presenciales."}]},{"@type":"WebSite","@id":"https:\/\/www.noticiasradioreflejos.com.ar\/2021\/#website","url":"https:\/\/www.noticiasradioreflejos.com.ar\/2021\/","name":"Noticias Radio Reflejos","description":"Las noticias de mi comarca","potentialAction":[{"@type":"SearchAction","target":{"@type":"EntryPoint","urlTemplate":"https:\/\/www.noticiasradioreflejos.com.ar\/2021\/?s={search_term_string}"},"query-input":{"@type":"PropertyValueSpecification","valueRequired":true,"valueName":"search_term_string"}}],"inLanguage":"es"},{"@type":"Person","@id":"https:\/\/www.noticiasradioreflejos.com.ar\/2021\/#\/schema\/person\/ad82545263dcc5ec0996818884fd5fb1","name":"Arnaldo Botto","image":{"@type":"ImageObject","inLanguage":"es","@id":"https:\/\/www.noticiasradioreflejos.com.ar\/2021\/#\/schema\/person\/image\/","url":"https:\/\/secure.gravatar.com\/avatar\/55cb5e37c1efa326397366e6974cb338056df65cb50e7d64d1cf314e87504837?s=96&d=mm&r=g","contentUrl":"https:\/\/secure.gravatar.com\/avatar\/55cb5e37c1efa326397366e6974cb338056df65cb50e7d64d1cf314e87504837?s=96&d=mm&r=g","caption":"Arnaldo Botto"},"url":"https:\/\/www.noticiasradioreflejos.com.ar\/2021\/author\/arnaldo\/"}]}},"_links":{"self":[{"href":"https:\/\/www.noticiasradioreflejos.com.ar\/2021\/wp-json\/wp\/v2\/posts\/45177","targetHints":{"allow":["GET"]}}],"collection":[{"href":"https:\/\/www.noticiasradioreflejos.com.ar\/2021\/wp-json\/wp\/v2\/posts"}],"about":[{"href":"https:\/\/www.noticiasradioreflejos.com.ar\/2021\/wp-json\/wp\/v2\/types\/post"}],"author":[{"embeddable":true,"href":"https:\/\/www.noticiasradioreflejos.com.ar\/2021\/wp-json\/wp\/v2\/users\/3"}],"replies":[{"embeddable":true,"href":"https:\/\/www.noticiasradioreflejos.com.ar\/2021\/wp-json\/wp\/v2\/comments?post=45177"}],"version-history":[{"count":0,"href":"https:\/\/www.noticiasradioreflejos.com.ar\/2021\/wp-json\/wp\/v2\/posts\/45177\/revisions"}],"wp:attachment":[{"href":"https:\/\/www.noticiasradioreflejos.com.ar\/2021\/wp-json\/wp\/v2\/media?parent=45177"}],"wp:term":[{"taxonomy":"category","embeddable":true,"href":"https:\/\/www.noticiasradioreflejos.com.ar\/2021\/wp-json\/wp\/v2\/categories?post=45177"},{"taxonomy":"post_tag","embeddable":true,"href":"https:\/\/www.noticiasradioreflejos.com.ar\/2021\/wp-json\/wp\/v2\/tags?post=45177"}],"curies":[{"name":"wp","href":"https:\/\/api.w.org\/{rel}","templated":true}]}}