{"id":45170,"date":"2020-07-30T12:07:50","date_gmt":"2020-07-30T15:07:50","guid":{"rendered":"http:\/\/www.noticiasradioreflejos.com.ar\/noticias\/?p=45170"},"modified":"2020-07-30T12:07:50","modified_gmt":"2020-07-30T15:07:50","slug":"cadena-de-favores-en-beneficio-del-jardin-903-de-sierra-de-la-ventana","status":"publish","type":"post","link":"https:\/\/www.noticiasradioreflejos.com.ar\/2021\/cadena-de-favores-en-beneficio-del-jardin-903-de-sierra-de-la-ventana\/","title":{"rendered":"\u00abCadena de favores\u00bb en beneficio del Jard\u00edn 903 de Sierra de la Ventana."},"content":{"rendered":"<p><a title=\"WhatsApp Image 2020-07-30 at 11.49.09\" href=\"http:\/\/live.staticflickr.com\/65535\/50169579183_45158ee3e3_s.jpg\" rel=\"\"><img loading=\"lazy\" decoding=\"async\" class=\"alignleft\" style=\"float: left;\" title=\"WhatsApp Image 2020-07-30 at 11.49.09\" src=\"http:\/\/live.staticflickr.com\/65535\/50169579183_45158ee3e3.jpg\" alt=\"WhatsApp Image 2020-07-30 at 11.49.09\" width=\"500\" height=\"281\" \/><\/a>Comunicado de la Asoc. Cooperadora del Jard\u00edn N\u00b0 903 \u00abMartha Salloti\u00bb:\u00a0<!--more-->La ampliaci\u00f3n y reforma del patio trasero del jard\u00edn comenz\u00f3 hace unos 4 a\u00f1os atr\u00e1s cuando a\u00fan estaba en la direcci\u00f3n del jard\u00edn A<strong>driana Nielsen<\/strong>, por aquel entonces se ve\u00eda ya la necesidad de contar con mayor espacio tanto para juegos y aire libre como para la construcci\u00f3n de una aula futura, idea sostenida por <strong>Virginia Cetolini<\/strong> (actual directora) ya que la matr\u00edcula del jard\u00edn va aumentando a\u00f1o tras a\u00f1o.<\/p>\n<p>Se env\u00edo una nota al municipio plasmando esta problem\u00e1tica y logrando muy buen eco la municipalidad y toda su gente nos brindaron todo su apoyo y gesti\u00f3n para el relleno del terreno y cerrarlo con cerco recuperable (el terreno es gigante y el desnivel realmente asustaba) a partir de all\u00ed la cooperadora construy\u00f3 el arenero nuevo los portones pintura y actualmente trabajando en los juegos para que ese sector quede precioso como los ni\u00f1os del jard\u00edn se merecen.<\/p>\n<p>Tenemos que destacar qu\u00e9 est\u00e1 pasando algo muy lindo una cadena de favores surgi\u00f3 espont\u00e1neamente la colaboraci\u00f3n desinteresada de mucha gente de nuestra querida sierra de la ventana hace posible lo que a\u00f1os atr\u00e1s parec\u00eda s\u00f3lo un anhelo. Gracias mil gracias a todos ellos!!!!<\/p>\n<p>&nbsp;<\/p>\n<p><a title=\"WhatsApp Image 2020-07-29 at 14.13.20 (1)\" href=\"http:\/\/live.staticflickr.com\/65535\/50170256107_227966beca_s.jpg\" rel=\"\"><img loading=\"lazy\" decoding=\"async\" class=\"aligncenter\" title=\"WhatsApp Image 2020-07-29 at 14.13.20 (1)\" src=\"http:\/\/live.staticflickr.com\/65535\/50170256107_227966beca_c.jpg\" alt=\"WhatsApp Image 2020-07-29 at 14.13.20 (1)\" width=\"800\" height=\"800\" \/><\/a><\/p>\n<p><a title=\"WhatsApp Image 2020-07-29 at 14.13.20\" href=\"http:\/\/live.staticflickr.com\/65535\/50170256037_ccf1b342be_s.jpg\" rel=\"\"><img loading=\"lazy\" decoding=\"async\" class=\"aligncenter\" title=\"WhatsApp Image 2020-07-29 at 14.13.20\" src=\"http:\/\/live.staticflickr.com\/65535\/50170256037_ccf1b342be_c.jpg\" alt=\"WhatsApp Image 2020-07-29 at 14.13.20\" width=\"800\" height=\"800\" \/><\/a><\/p>\n<p>&nbsp;<\/p>\n","protected":false},"excerpt":{"rendered":"<p>Comunicado de la Asoc. Cooperadora del Jard\u00edn N\u00b0 903 \u00abMartha Salloti\u00bb:\u00a0<\/p>\n","protected":false},"author":3,"featured_media":0,"comment_status":"closed","ping_status":"open","sticky":false,"template":"","format":"standard","meta":{"footnotes":""},"categories":[26],"tags":[],"class_list":["post-45170","post","type-post","status-publish","format-standard","hentry","category-sociedad"],"yoast_head":"<!-- This site is optimized with the Yoast SEO plugin v25.9 - https:\/\/yoast.com\/wordpress\/plugins\/seo\/ -->\n<title>&quot;Cadena de favores&quot; en beneficio del Jard\u00edn 903 de Sierra de la Ventana. - Noticias Radio Reflejos<\/title>\n<meta name=\"robots\" content=\"index, follow, max-snippet:-1, max-image-preview:large, max-video-preview:-1\" \/>\n<link rel=\"canonical\" href=\"https:\/\/www.noticiasradioreflejos.com.ar\/2021\/cadena-de-favores-en-beneficio-del-jardin-903-de-sierra-de-la-ventana\/\" \/>\n<meta property=\"og:locale\" content=\"es_ES\" \/>\n<meta property=\"og:type\" content=\"article\" \/>\n<meta property=\"og:title\" content=\"&quot;Cadena de favores&quot; en beneficio del Jard\u00edn 903 de Sierra de la Ventana. - Noticias Radio Reflejos\" \/>\n<meta property=\"og:description\" content=\"Comunicado de la Asoc. Cooperadora del Jard\u00edn N\u00b0 903 \u00abMartha Salloti\u00bb:\u00a0\" \/>\n<meta property=\"og:url\" content=\"https:\/\/www.noticiasradioreflejos.com.ar\/2021\/cadena-de-favores-en-beneficio-del-jardin-903-de-sierra-de-la-ventana\/\" \/>\n<meta property=\"og:site_name\" content=\"Noticias Radio Reflejos\" \/>\n<meta property=\"article:published_time\" content=\"2020-07-30T15:07:50+00:00\" \/>\n<meta property=\"og:image\" content=\"http:\/\/live.staticflickr.com\/65535\/50169579183_45158ee3e3.jpg\" \/>\n<meta name=\"author\" content=\"Arnaldo Botto\" \/>\n<meta name=\"twitter:card\" content=\"summary_large_image\" \/>\n<script type=\"application\/ld+json\" class=\"yoast-schema-graph\">{\"@context\":\"https:\/\/schema.org\",\"@graph\":[{\"@type\":\"WebPage\",\"@id\":\"https:\/\/www.noticiasradioreflejos.com.ar\/2021\/cadena-de-favores-en-beneficio-del-jardin-903-de-sierra-de-la-ventana\/\",\"url\":\"https:\/\/www.noticiasradioreflejos.com.ar\/2021\/cadena-de-favores-en-beneficio-del-jardin-903-de-sierra-de-la-ventana\/\",\"name\":\"\\\"Cadena de favores\\\" en beneficio del Jard\u00edn 903 de Sierra de la Ventana. - Noticias Radio Reflejos\",\"isPartOf\":{\"@id\":\"https:\/\/www.noticiasradioreflejos.com.ar\/2021\/#website\"},\"primaryImageOfPage\":{\"@id\":\"https:\/\/www.noticiasradioreflejos.com.ar\/2021\/cadena-de-favores-en-beneficio-del-jardin-903-de-sierra-de-la-ventana\/#primaryimage\"},\"image\":{\"@id\":\"https:\/\/www.noticiasradioreflejos.com.ar\/2021\/cadena-de-favores-en-beneficio-del-jardin-903-de-sierra-de-la-ventana\/#primaryimage\"},\"thumbnailUrl\":\"http:\/\/live.staticflickr.com\/65535\/50169579183_45158ee3e3.jpg\",\"datePublished\":\"2020-07-30T15:07:50+00:00\",\"author\":{\"@id\":\"https:\/\/www.noticiasradioreflejos.com.ar\/2021\/#\/schema\/person\/ad82545263dcc5ec0996818884fd5fb1\"},\"breadcrumb\":{\"@id\":\"https:\/\/www.noticiasradioreflejos.com.ar\/2021\/cadena-de-favores-en-beneficio-del-jardin-903-de-sierra-de-la-ventana\/#breadcrumb\"},\"inLanguage\":\"es\",\"potentialAction\":[{\"@type\":\"ReadAction\",\"target\":[\"https:\/\/www.noticiasradioreflejos.com.ar\/2021\/cadena-de-favores-en-beneficio-del-jardin-903-de-sierra-de-la-ventana\/\"]}]},{\"@type\":\"ImageObject\",\"inLanguage\":\"es\",\"@id\":\"https:\/\/www.noticiasradioreflejos.com.ar\/2021\/cadena-de-favores-en-beneficio-del-jardin-903-de-sierra-de-la-ventana\/#primaryimage\",\"url\":\"http:\/\/live.staticflickr.com\/65535\/50169579183_45158ee3e3.jpg\",\"contentUrl\":\"http:\/\/live.staticflickr.com\/65535\/50169579183_45158ee3e3.jpg\"},{\"@type\":\"BreadcrumbList\",\"@id\":\"https:\/\/www.noticiasradioreflejos.com.ar\/2021\/cadena-de-favores-en-beneficio-del-jardin-903-de-sierra-de-la-ventana\/#breadcrumb\",\"itemListElement\":[{\"@type\":\"ListItem\",\"position\":1,\"name\":\"Portada\",\"item\":\"https:\/\/www.noticiasradioreflejos.com.ar\/2021\/\"},{\"@type\":\"ListItem\",\"position\":2,\"name\":\"\u00abCadena de favores\u00bb en beneficio del Jard\u00edn 903 de Sierra de la Ventana.\"}]},{\"@type\":\"WebSite\",\"@id\":\"https:\/\/www.noticiasradioreflejos.com.ar\/2021\/#website\",\"url\":\"https:\/\/www.noticiasradioreflejos.com.ar\/2021\/\",\"name\":\"Noticias Radio Reflejos\",\"description\":\"Las noticias de mi comarca\",\"potentialAction\":[{\"@type\":\"SearchAction\",\"target\":{\"@type\":\"EntryPoint\",\"urlTemplate\":\"https:\/\/www.noticiasradioreflejos.com.ar\/2021\/?s={search_term_string}\"},\"query-input\":{\"@type\":\"PropertyValueSpecification\",\"valueRequired\":true,\"valueName\":\"search_term_string\"}}],\"inLanguage\":\"es\"},{\"@type\":\"Person\",\"@id\":\"https:\/\/www.noticiasradioreflejos.com.ar\/2021\/#\/schema\/person\/ad82545263dcc5ec0996818884fd5fb1\",\"name\":\"Arnaldo Botto\",\"image\":{\"@type\":\"ImageObject\",\"inLanguage\":\"es\",\"@id\":\"https:\/\/www.noticiasradioreflejos.com.ar\/2021\/#\/schema\/person\/image\/\",\"url\":\"https:\/\/secure.gravatar.com\/avatar\/55cb5e37c1efa326397366e6974cb338056df65cb50e7d64d1cf314e87504837?s=96&d=mm&r=g\",\"contentUrl\":\"https:\/\/secure.gravatar.com\/avatar\/55cb5e37c1efa326397366e6974cb338056df65cb50e7d64d1cf314e87504837?s=96&d=mm&r=g\",\"caption\":\"Arnaldo Botto\"},\"url\":\"https:\/\/www.noticiasradioreflejos.com.ar\/2021\/author\/arnaldo\/\"}]}<\/script>\n<!-- \/ Yoast SEO plugin. -->","yoast_head_json":{"title":"\"Cadena de favores\" en beneficio del Jard\u00edn 903 de Sierra de la Ventana. - Noticias Radio Reflejos","robots":{"index":"index","follow":"follow","max-snippet":"max-snippet:-1","max-image-preview":"max-image-preview:large","max-video-preview":"max-video-preview:-1"},"canonical":"https:\/\/www.noticiasradioreflejos.com.ar\/2021\/cadena-de-favores-en-beneficio-del-jardin-903-de-sierra-de-la-ventana\/","og_locale":"es_ES","og_type":"article","og_title":"\"Cadena de favores\" en beneficio del Jard\u00edn 903 de Sierra de la Ventana. - Noticias Radio Reflejos","og_description":"Comunicado de la Asoc. Cooperadora del Jard\u00edn N\u00b0 903 \u00abMartha Salloti\u00bb:\u00a0","og_url":"https:\/\/www.noticiasradioreflejos.com.ar\/2021\/cadena-de-favores-en-beneficio-del-jardin-903-de-sierra-de-la-ventana\/","og_site_name":"Noticias Radio Reflejos","article_published_time":"2020-07-30T15:07:50+00:00","og_image":[{"url":"http:\/\/live.staticflickr.com\/65535\/50169579183_45158ee3e3.jpg","type":"","width":"","height":""}],"author":"Arnaldo Botto","twitter_card":"summary_large_image","schema":{"@context":"https:\/\/schema.org","@graph":[{"@type":"WebPage","@id":"https:\/\/www.noticiasradioreflejos.com.ar\/2021\/cadena-de-favores-en-beneficio-del-jardin-903-de-sierra-de-la-ventana\/","url":"https:\/\/www.noticiasradioreflejos.com.ar\/2021\/cadena-de-favores-en-beneficio-del-jardin-903-de-sierra-de-la-ventana\/","name":"\"Cadena de favores\" en beneficio del Jard\u00edn 903 de Sierra de la Ventana. - Noticias Radio Reflejos","isPartOf":{"@id":"https:\/\/www.noticiasradioreflejos.com.ar\/2021\/#website"},"primaryImageOfPage":{"@id":"https:\/\/www.noticiasradioreflejos.com.ar\/2021\/cadena-de-favores-en-beneficio-del-jardin-903-de-sierra-de-la-ventana\/#primaryimage"},"image":{"@id":"https:\/\/www.noticiasradioreflejos.com.ar\/2021\/cadena-de-favores-en-beneficio-del-jardin-903-de-sierra-de-la-ventana\/#primaryimage"},"thumbnailUrl":"http:\/\/live.staticflickr.com\/65535\/50169579183_45158ee3e3.jpg","datePublished":"2020-07-30T15:07:50+00:00","author":{"@id":"https:\/\/www.noticiasradioreflejos.com.ar\/2021\/#\/schema\/person\/ad82545263dcc5ec0996818884fd5fb1"},"breadcrumb":{"@id":"https:\/\/www.noticiasradioreflejos.com.ar\/2021\/cadena-de-favores-en-beneficio-del-jardin-903-de-sierra-de-la-ventana\/#breadcrumb"},"inLanguage":"es","potentialAction":[{"@type":"ReadAction","target":["https:\/\/www.noticiasradioreflejos.com.ar\/2021\/cadena-de-favores-en-beneficio-del-jardin-903-de-sierra-de-la-ventana\/"]}]},{"@type":"ImageObject","inLanguage":"es","@id":"https:\/\/www.noticiasradioreflejos.com.ar\/2021\/cadena-de-favores-en-beneficio-del-jardin-903-de-sierra-de-la-ventana\/#primaryimage","url":"http:\/\/live.staticflickr.com\/65535\/50169579183_45158ee3e3.jpg","contentUrl":"http:\/\/live.staticflickr.com\/65535\/50169579183_45158ee3e3.jpg"},{"@type":"BreadcrumbList","@id":"https:\/\/www.noticiasradioreflejos.com.ar\/2021\/cadena-de-favores-en-beneficio-del-jardin-903-de-sierra-de-la-ventana\/#breadcrumb","itemListElement":[{"@type":"ListItem","position":1,"name":"Portada","item":"https:\/\/www.noticiasradioreflejos.com.ar\/2021\/"},{"@type":"ListItem","position":2,"name":"\u00abCadena de favores\u00bb en beneficio del Jard\u00edn 903 de Sierra de la Ventana."}]},{"@type":"WebSite","@id":"https:\/\/www.noticiasradioreflejos.com.ar\/2021\/#website","url":"https:\/\/www.noticiasradioreflejos.com.ar\/2021\/","name":"Noticias Radio Reflejos","description":"Las noticias de mi comarca","potentialAction":[{"@type":"SearchAction","target":{"@type":"EntryPoint","urlTemplate":"https:\/\/www.noticiasradioreflejos.com.ar\/2021\/?s={search_term_string}"},"query-input":{"@type":"PropertyValueSpecification","valueRequired":true,"valueName":"search_term_string"}}],"inLanguage":"es"},{"@type":"Person","@id":"https:\/\/www.noticiasradioreflejos.com.ar\/2021\/#\/schema\/person\/ad82545263dcc5ec0996818884fd5fb1","name":"Arnaldo Botto","image":{"@type":"ImageObject","inLanguage":"es","@id":"https:\/\/www.noticiasradioreflejos.com.ar\/2021\/#\/schema\/person\/image\/","url":"https:\/\/secure.gravatar.com\/avatar\/55cb5e37c1efa326397366e6974cb338056df65cb50e7d64d1cf314e87504837?s=96&d=mm&r=g","contentUrl":"https:\/\/secure.gravatar.com\/avatar\/55cb5e37c1efa326397366e6974cb338056df65cb50e7d64d1cf314e87504837?s=96&d=mm&r=g","caption":"Arnaldo Botto"},"url":"https:\/\/www.noticiasradioreflejos.com.ar\/2021\/author\/arnaldo\/"}]}},"_links":{"self":[{"href":"https:\/\/www.noticiasradioreflejos.com.ar\/2021\/wp-json\/wp\/v2\/posts\/45170","targetHints":{"allow":["GET"]}}],"collection":[{"href":"https:\/\/www.noticiasradioreflejos.com.ar\/2021\/wp-json\/wp\/v2\/posts"}],"about":[{"href":"https:\/\/www.noticiasradioreflejos.com.ar\/2021\/wp-json\/wp\/v2\/types\/post"}],"author":[{"embeddable":true,"href":"https:\/\/www.noticiasradioreflejos.com.ar\/2021\/wp-json\/wp\/v2\/users\/3"}],"replies":[{"embeddable":true,"href":"https:\/\/www.noticiasradioreflejos.com.ar\/2021\/wp-json\/wp\/v2\/comments?post=45170"}],"version-history":[{"count":0,"href":"https:\/\/www.noticiasradioreflejos.com.ar\/2021\/wp-json\/wp\/v2\/posts\/45170\/revisions"}],"wp:attachment":[{"href":"https:\/\/www.noticiasradioreflejos.com.ar\/2021\/wp-json\/wp\/v2\/media?parent=45170"}],"wp:term":[{"taxonomy":"category","embeddable":true,"href":"https:\/\/www.noticiasradioreflejos.com.ar\/2021\/wp-json\/wp\/v2\/categories?post=45170"},{"taxonomy":"post_tag","embeddable":true,"href":"https:\/\/www.noticiasradioreflejos.com.ar\/2021\/wp-json\/wp\/v2\/tags?post=45170"}],"curies":[{"name":"wp","href":"https:\/\/api.w.org\/{rel}","templated":true}]}}