{"id":45162,"date":"2020-07-30T09:14:16","date_gmt":"2020-07-30T12:14:16","guid":{"rendered":"http:\/\/www.noticiasradioreflejos.com.ar\/noticias\/?p=45162"},"modified":"2020-07-30T09:14:16","modified_gmt":"2020-07-30T12:14:16","slug":"un-ingeniero-argentino-controlara-instrumental-cientifico-de-la-mision-de-la-nasa-a-marte","status":"publish","type":"post","link":"https:\/\/www.noticiasradioreflejos.com.ar\/2021\/un-ingeniero-argentino-controlara-instrumental-cientifico-de-la-mision-de-la-nasa-a-marte\/","title":{"rendered":"Un ingeniero argentino controlar\u00e1 instrumental cient\u00edfico de la misi\u00f3n de la NASA a Marte"},"content":{"rendered":"<p><a title=\"buenos-aires-el-ingenier_689093\" href=\"http:\/\/live.staticflickr.com\/65535\/50169068248_42a8c3db73_s.jpg\" rel=\"\"><img loading=\"lazy\" decoding=\"async\" class=\"alignleft\" style=\"float: left;\" title=\"buenos-aires-el-ingenier_689093\" src=\"http:\/\/live.staticflickr.com\/65535\/50169068248_42a8c3db73.jpg\" alt=\"buenos-aires-el-ingenier_689093\" width=\"375\" height=\"500\" \/><\/a>Un ingeniero argentino controla el instrumental cient\u00edfico que llevar\u00e1 la NASA a Marte en la Misi\u00f3n \u00abMars 2020\u00bb ,que enviar\u00e1 el rover Perseverance, un robot que recorrer\u00e1 el suelo marciano para analizarlo a trav\u00e9s de rayos l\u00e1ser y que funcionar\u00e1 como si llevar\u00e1 ge\u00f3logos a bordo.<!--more--><br \/>\nEl lanzamiento del \u00abPerseverance Mars Rover\u00bb se har\u00e1 a las 8.50 hora de Buenos Aires desde Cabo Ca\u00f1averal, Estados Unidos, y para celebrarlo \u00abla red social Twitter se asoci\u00f3 con la NASA para llevar a cada hogar esta experiencia sin precedentes\u00bb, detallaron los organizadores.<\/p>\n<p>El ingeniero rosarino Ra\u00fal Romero es el encargado de controlar el instrumental cient\u00edfico que llevar\u00e1 el robot espacial, cuya misi\u00f3n principal ser\u00e1 buscar la existencia de agua y vestigios de alguna forma de vida microsc\u00f3pica.<\/p>\n<p>\u00abSiempre en estas misiones buscamos agua, aterrizaremos en un cr\u00e1ter donde su supone que pas\u00f3 un r\u00edo y veremos si hay componentes qu\u00edmicos que permitan saber si existi\u00f3. Y si hubo agua tambi\u00e9n pudieron haber existido otros organismos o clase de vida\u00bb, coment\u00f3 Romero al canal 10 de Tucum\u00e1n en una reciente entrevista<\/p>\n<p>Agreg\u00f3 adem\u00e1s que el instrumental incorporado para hacer ox\u00edgeno \u00abbuscar\u00e1 crear las condiciones para que en el futuro, tal vez en diez a\u00f1os o m\u00e1s, puedan enviar astronautas al planeta rojo\u00bb.<br \/>\n<a title=\"buenos-aires-el-ingenier_689094\" href=\"http:\/\/live.staticflickr.com\/65535\/50169866777_c6bd4ba60d_s.jpg\" rel=\"\"><img loading=\"lazy\" decoding=\"async\" class=\"aligncenter\" title=\"buenos-aires-el-ingenier_689094\" src=\"http:\/\/live.staticflickr.com\/65535\/50169866777_c6bd4ba60d_c.jpg\" alt=\"buenos-aires-el-ingenier_689094\" width=\"800\" height=\"590\" \/><\/a>&gt;El ingeniero viajo el a\u00f1o pasado al sur argentino para dictar charlas motivacionales a j\u00f3venes del secundario y de carreras universitarias.<\/p>\n<p>Alrededor de 5 de la ma\u00f1ana en California (9 horas de la Argentina) la misi\u00f3n partir\u00e1 en un cohete, el Atlas V del Space Launch Complex 41, desde la Estaci\u00f3n de la Fuerza A\u00e9rea de Cabo Ca\u00f1averal en Florida, Estados Unidos.<\/p>\n<p>El rover a Marte levar\u00e1 tres instrumentos esenciales, Moxie que tendr\u00e1 como misi\u00f3n fabricar ox\u00edgeno, Sherloc que estudiar\u00e1 si hay materia org\u00e1nica en la superficie y el PIXL que estudiar\u00e1 la qu\u00edmica en la superficie.<\/p>\n<p>Los profesionales, encabezados por Romero dise\u00f1aron esos instrumentos y monitorearon las 23 c\u00e1maras instaladas en el veh\u00edculo.<\/p>\n<p>El ingeniero explic\u00f3 a Canal 10 que el Perseverance llevar\u00e1 un instrumento, el PIXL, que medir\u00e1 la composici\u00f3n qu\u00edmica de las rocas a una escala muy fina.<\/p>\n<p>Indic\u00f3 adem\u00e1s que una de los grandes despliegues planificados por la NASA ser\u00e1 el lanzamiento de un helic\u00f3ptero que saldr\u00e1 de la panza del rover\u00bb<\/p>\n<p>Por su funci\u00f3n \u00abser\u00e1 similar a un dron, pero en este caso fue dise\u00f1ado especialmente para soportar y recorrer la atm\u00f3sfera marciana\u00bb.<\/p>\n<p>Esye helic\u00f3ptero \u00abpodr\u00e1 observar y recorrer previamente los lugares donde luego se desplazar\u00e1 el \u00abPerseverance\u00bb. Del brazo del rover saldr\u00e1n los instrumentos que permitir\u00e1n analizar las rocas y el polvo de Marte y hasta ser\u00e1 posible recolectar muestras para traer a la tierra\u00bb.<\/p>\n<p>La fecha elegida para enviar el rover a Marte coincide con el momento en que la Tierra se encuentra m\u00e1s cerca del planeta rojo (ocurre cada dos a\u00f1os) y, por lo tanto el viaje ser\u00e1 m\u00e1s corto y requerir\u00e1 menos combustible.<\/p>\n<p>No obstante demandar\u00e1 unos siete meses arribar a destino, es decir, que aterrizar\u00e1 en febrero de 2021.<\/p>\n<p>En la Argentina se podr\u00e1 seguir el lanzamiento por Twitter con el hashtag #CountdownToMars que incluir\u00e1 un emoji especial y un Q&amp;A en vivo.<\/p>\n<p>Adem\u00e1s habr\u00e1 una conversaci\u00f3n entre @Twitter y @NASAPersevere, donde asistir\u00e1 Mae Jemison (@maejemison), quien se ha convertido en la primera mujer de color en viajar al espacio en 1992, y la astronauta Jasmin Moghbeli.<\/p>\n<p>Esta conversaci\u00f3n comenzar\u00e1 a las 8 y las dos expertas twitear\u00e1n mientras ven la transmisi\u00f3n oficial.<\/p>\n<p><a title=\"buenos-aires-un-ingenier_689087\" href=\"http:\/\/live.staticflickr.com\/65535\/50169607201_f4a04b52a3_s.jpg\" rel=\"\"><img loading=\"lazy\" decoding=\"async\" class=\"aligncenter\" title=\"buenos-aires-un-ingenier_689087\" src=\"http:\/\/live.staticflickr.com\/65535\/50169607201_f4a04b52a3_c.jpg\" alt=\"buenos-aires-un-ingenier_689087\" width=\"533\" height=\"800\" \/><\/a><\/p>\n","protected":false},"excerpt":{"rendered":"<p>Un ingeniero argentino controla el instrumental cient\u00edfico que llevar\u00e1 la NASA a Marte en la Misi\u00f3n \u00abMars 2020\u00bb ,que enviar\u00e1 el rover Perseverance, un robot que recorrer\u00e1 el suelo marciano para analizarlo a trav\u00e9s de rayos l\u00e1ser y que funcionar\u00e1 como si llevar\u00e1 ge\u00f3logos a bordo.<\/p>\n","protected":false},"author":3,"featured_media":0,"comment_status":"closed","ping_status":"open","sticky":false,"template":"","format":"standard","meta":{"footnotes":""},"categories":[26],"tags":[],"class_list":["post-45162","post","type-post","status-publish","format-standard","hentry","category-sociedad"],"yoast_head":"<!-- This site is optimized with the Yoast SEO plugin v25.9 - https:\/\/yoast.com\/wordpress\/plugins\/seo\/ -->\n<title>Un ingeniero argentino controlar\u00e1 instrumental cient\u00edfico de la misi\u00f3n de la NASA a Marte - Noticias Radio Reflejos<\/title>\n<meta name=\"robots\" content=\"index, follow, max-snippet:-1, max-image-preview:large, max-video-preview:-1\" \/>\n<link rel=\"canonical\" href=\"https:\/\/www.noticiasradioreflejos.com.ar\/2021\/un-ingeniero-argentino-controlara-instrumental-cientifico-de-la-mision-de-la-nasa-a-marte\/\" \/>\n<meta property=\"og:locale\" content=\"es_ES\" \/>\n<meta property=\"og:type\" content=\"article\" \/>\n<meta property=\"og:title\" content=\"Un ingeniero argentino controlar\u00e1 instrumental cient\u00edfico de la misi\u00f3n de la NASA a Marte - Noticias Radio Reflejos\" \/>\n<meta property=\"og:description\" content=\"Un ingeniero argentino controla el instrumental cient\u00edfico que llevar\u00e1 la NASA a Marte en la Misi\u00f3n \u00abMars 2020\u00bb ,que enviar\u00e1 el rover Perseverance, un robot que recorrer\u00e1 el suelo marciano para analizarlo a trav\u00e9s de rayos l\u00e1ser y que funcionar\u00e1 como si llevar\u00e1 ge\u00f3logos a bordo.\" \/>\n<meta property=\"og:url\" content=\"https:\/\/www.noticiasradioreflejos.com.ar\/2021\/un-ingeniero-argentino-controlara-instrumental-cientifico-de-la-mision-de-la-nasa-a-marte\/\" \/>\n<meta property=\"og:site_name\" content=\"Noticias Radio Reflejos\" \/>\n<meta property=\"article:published_time\" content=\"2020-07-30T12:14:16+00:00\" \/>\n<meta property=\"og:image\" content=\"http:\/\/live.staticflickr.com\/65535\/50169068248_42a8c3db73.jpg\" \/>\n<meta name=\"author\" content=\"Arnaldo Botto\" \/>\n<meta name=\"twitter:card\" content=\"summary_large_image\" \/>\n<script type=\"application\/ld+json\" class=\"yoast-schema-graph\">{\"@context\":\"https:\/\/schema.org\",\"@graph\":[{\"@type\":\"WebPage\",\"@id\":\"https:\/\/www.noticiasradioreflejos.com.ar\/2021\/un-ingeniero-argentino-controlara-instrumental-cientifico-de-la-mision-de-la-nasa-a-marte\/\",\"url\":\"https:\/\/www.noticiasradioreflejos.com.ar\/2021\/un-ingeniero-argentino-controlara-instrumental-cientifico-de-la-mision-de-la-nasa-a-marte\/\",\"name\":\"Un ingeniero argentino controlar\u00e1 instrumental cient\u00edfico de la misi\u00f3n de la NASA a Marte - Noticias Radio Reflejos\",\"isPartOf\":{\"@id\":\"https:\/\/www.noticiasradioreflejos.com.ar\/2021\/#website\"},\"primaryImageOfPage\":{\"@id\":\"https:\/\/www.noticiasradioreflejos.com.ar\/2021\/un-ingeniero-argentino-controlara-instrumental-cientifico-de-la-mision-de-la-nasa-a-marte\/#primaryimage\"},\"image\":{\"@id\":\"https:\/\/www.noticiasradioreflejos.com.ar\/2021\/un-ingeniero-argentino-controlara-instrumental-cientifico-de-la-mision-de-la-nasa-a-marte\/#primaryimage\"},\"thumbnailUrl\":\"http:\/\/live.staticflickr.com\/65535\/50169068248_42a8c3db73.jpg\",\"datePublished\":\"2020-07-30T12:14:16+00:00\",\"author\":{\"@id\":\"https:\/\/www.noticiasradioreflejos.com.ar\/2021\/#\/schema\/person\/ad82545263dcc5ec0996818884fd5fb1\"},\"breadcrumb\":{\"@id\":\"https:\/\/www.noticiasradioreflejos.com.ar\/2021\/un-ingeniero-argentino-controlara-instrumental-cientifico-de-la-mision-de-la-nasa-a-marte\/#breadcrumb\"},\"inLanguage\":\"es\",\"potentialAction\":[{\"@type\":\"ReadAction\",\"target\":[\"https:\/\/www.noticiasradioreflejos.com.ar\/2021\/un-ingeniero-argentino-controlara-instrumental-cientifico-de-la-mision-de-la-nasa-a-marte\/\"]}]},{\"@type\":\"ImageObject\",\"inLanguage\":\"es\",\"@id\":\"https:\/\/www.noticiasradioreflejos.com.ar\/2021\/un-ingeniero-argentino-controlara-instrumental-cientifico-de-la-mision-de-la-nasa-a-marte\/#primaryimage\",\"url\":\"http:\/\/live.staticflickr.com\/65535\/50169068248_42a8c3db73.jpg\",\"contentUrl\":\"http:\/\/live.staticflickr.com\/65535\/50169068248_42a8c3db73.jpg\"},{\"@type\":\"BreadcrumbList\",\"@id\":\"https:\/\/www.noticiasradioreflejos.com.ar\/2021\/un-ingeniero-argentino-controlara-instrumental-cientifico-de-la-mision-de-la-nasa-a-marte\/#breadcrumb\",\"itemListElement\":[{\"@type\":\"ListItem\",\"position\":1,\"name\":\"Portada\",\"item\":\"https:\/\/www.noticiasradioreflejos.com.ar\/2021\/\"},{\"@type\":\"ListItem\",\"position\":2,\"name\":\"Un ingeniero argentino controlar\u00e1 instrumental cient\u00edfico de la misi\u00f3n de la NASA a Marte\"}]},{\"@type\":\"WebSite\",\"@id\":\"https:\/\/www.noticiasradioreflejos.com.ar\/2021\/#website\",\"url\":\"https:\/\/www.noticiasradioreflejos.com.ar\/2021\/\",\"name\":\"Noticias Radio Reflejos\",\"description\":\"Las noticias de mi comarca\",\"potentialAction\":[{\"@type\":\"SearchAction\",\"target\":{\"@type\":\"EntryPoint\",\"urlTemplate\":\"https:\/\/www.noticiasradioreflejos.com.ar\/2021\/?s={search_term_string}\"},\"query-input\":{\"@type\":\"PropertyValueSpecification\",\"valueRequired\":true,\"valueName\":\"search_term_string\"}}],\"inLanguage\":\"es\"},{\"@type\":\"Person\",\"@id\":\"https:\/\/www.noticiasradioreflejos.com.ar\/2021\/#\/schema\/person\/ad82545263dcc5ec0996818884fd5fb1\",\"name\":\"Arnaldo Botto\",\"image\":{\"@type\":\"ImageObject\",\"inLanguage\":\"es\",\"@id\":\"https:\/\/www.noticiasradioreflejos.com.ar\/2021\/#\/schema\/person\/image\/\",\"url\":\"https:\/\/secure.gravatar.com\/avatar\/55cb5e37c1efa326397366e6974cb338056df65cb50e7d64d1cf314e87504837?s=96&d=mm&r=g\",\"contentUrl\":\"https:\/\/secure.gravatar.com\/avatar\/55cb5e37c1efa326397366e6974cb338056df65cb50e7d64d1cf314e87504837?s=96&d=mm&r=g\",\"caption\":\"Arnaldo Botto\"},\"url\":\"https:\/\/www.noticiasradioreflejos.com.ar\/2021\/author\/arnaldo\/\"}]}<\/script>\n<!-- \/ Yoast SEO plugin. -->","yoast_head_json":{"title":"Un ingeniero argentino controlar\u00e1 instrumental cient\u00edfico de la misi\u00f3n de la NASA a Marte - Noticias Radio Reflejos","robots":{"index":"index","follow":"follow","max-snippet":"max-snippet:-1","max-image-preview":"max-image-preview:large","max-video-preview":"max-video-preview:-1"},"canonical":"https:\/\/www.noticiasradioreflejos.com.ar\/2021\/un-ingeniero-argentino-controlara-instrumental-cientifico-de-la-mision-de-la-nasa-a-marte\/","og_locale":"es_ES","og_type":"article","og_title":"Un ingeniero argentino controlar\u00e1 instrumental cient\u00edfico de la misi\u00f3n de la NASA a Marte - Noticias Radio Reflejos","og_description":"Un ingeniero argentino controla el instrumental cient\u00edfico que llevar\u00e1 la NASA a Marte en la Misi\u00f3n \u00abMars 2020\u00bb ,que enviar\u00e1 el rover Perseverance, un robot que recorrer\u00e1 el suelo marciano para analizarlo a trav\u00e9s de rayos l\u00e1ser y que funcionar\u00e1 como si llevar\u00e1 ge\u00f3logos a bordo.","og_url":"https:\/\/www.noticiasradioreflejos.com.ar\/2021\/un-ingeniero-argentino-controlara-instrumental-cientifico-de-la-mision-de-la-nasa-a-marte\/","og_site_name":"Noticias Radio Reflejos","article_published_time":"2020-07-30T12:14:16+00:00","og_image":[{"url":"http:\/\/live.staticflickr.com\/65535\/50169068248_42a8c3db73.jpg","type":"","width":"","height":""}],"author":"Arnaldo Botto","twitter_card":"summary_large_image","schema":{"@context":"https:\/\/schema.org","@graph":[{"@type":"WebPage","@id":"https:\/\/www.noticiasradioreflejos.com.ar\/2021\/un-ingeniero-argentino-controlara-instrumental-cientifico-de-la-mision-de-la-nasa-a-marte\/","url":"https:\/\/www.noticiasradioreflejos.com.ar\/2021\/un-ingeniero-argentino-controlara-instrumental-cientifico-de-la-mision-de-la-nasa-a-marte\/","name":"Un ingeniero argentino controlar\u00e1 instrumental cient\u00edfico de la misi\u00f3n de la NASA a Marte - Noticias Radio Reflejos","isPartOf":{"@id":"https:\/\/www.noticiasradioreflejos.com.ar\/2021\/#website"},"primaryImageOfPage":{"@id":"https:\/\/www.noticiasradioreflejos.com.ar\/2021\/un-ingeniero-argentino-controlara-instrumental-cientifico-de-la-mision-de-la-nasa-a-marte\/#primaryimage"},"image":{"@id":"https:\/\/www.noticiasradioreflejos.com.ar\/2021\/un-ingeniero-argentino-controlara-instrumental-cientifico-de-la-mision-de-la-nasa-a-marte\/#primaryimage"},"thumbnailUrl":"http:\/\/live.staticflickr.com\/65535\/50169068248_42a8c3db73.jpg","datePublished":"2020-07-30T12:14:16+00:00","author":{"@id":"https:\/\/www.noticiasradioreflejos.com.ar\/2021\/#\/schema\/person\/ad82545263dcc5ec0996818884fd5fb1"},"breadcrumb":{"@id":"https:\/\/www.noticiasradioreflejos.com.ar\/2021\/un-ingeniero-argentino-controlara-instrumental-cientifico-de-la-mision-de-la-nasa-a-marte\/#breadcrumb"},"inLanguage":"es","potentialAction":[{"@type":"ReadAction","target":["https:\/\/www.noticiasradioreflejos.com.ar\/2021\/un-ingeniero-argentino-controlara-instrumental-cientifico-de-la-mision-de-la-nasa-a-marte\/"]}]},{"@type":"ImageObject","inLanguage":"es","@id":"https:\/\/www.noticiasradioreflejos.com.ar\/2021\/un-ingeniero-argentino-controlara-instrumental-cientifico-de-la-mision-de-la-nasa-a-marte\/#primaryimage","url":"http:\/\/live.staticflickr.com\/65535\/50169068248_42a8c3db73.jpg","contentUrl":"http:\/\/live.staticflickr.com\/65535\/50169068248_42a8c3db73.jpg"},{"@type":"BreadcrumbList","@id":"https:\/\/www.noticiasradioreflejos.com.ar\/2021\/un-ingeniero-argentino-controlara-instrumental-cientifico-de-la-mision-de-la-nasa-a-marte\/#breadcrumb","itemListElement":[{"@type":"ListItem","position":1,"name":"Portada","item":"https:\/\/www.noticiasradioreflejos.com.ar\/2021\/"},{"@type":"ListItem","position":2,"name":"Un ingeniero argentino controlar\u00e1 instrumental cient\u00edfico de la misi\u00f3n de la NASA a Marte"}]},{"@type":"WebSite","@id":"https:\/\/www.noticiasradioreflejos.com.ar\/2021\/#website","url":"https:\/\/www.noticiasradioreflejos.com.ar\/2021\/","name":"Noticias Radio Reflejos","description":"Las noticias de mi comarca","potentialAction":[{"@type":"SearchAction","target":{"@type":"EntryPoint","urlTemplate":"https:\/\/www.noticiasradioreflejos.com.ar\/2021\/?s={search_term_string}"},"query-input":{"@type":"PropertyValueSpecification","valueRequired":true,"valueName":"search_term_string"}}],"inLanguage":"es"},{"@type":"Person","@id":"https:\/\/www.noticiasradioreflejos.com.ar\/2021\/#\/schema\/person\/ad82545263dcc5ec0996818884fd5fb1","name":"Arnaldo Botto","image":{"@type":"ImageObject","inLanguage":"es","@id":"https:\/\/www.noticiasradioreflejos.com.ar\/2021\/#\/schema\/person\/image\/","url":"https:\/\/secure.gravatar.com\/avatar\/55cb5e37c1efa326397366e6974cb338056df65cb50e7d64d1cf314e87504837?s=96&d=mm&r=g","contentUrl":"https:\/\/secure.gravatar.com\/avatar\/55cb5e37c1efa326397366e6974cb338056df65cb50e7d64d1cf314e87504837?s=96&d=mm&r=g","caption":"Arnaldo Botto"},"url":"https:\/\/www.noticiasradioreflejos.com.ar\/2021\/author\/arnaldo\/"}]}},"_links":{"self":[{"href":"https:\/\/www.noticiasradioreflejos.com.ar\/2021\/wp-json\/wp\/v2\/posts\/45162","targetHints":{"allow":["GET"]}}],"collection":[{"href":"https:\/\/www.noticiasradioreflejos.com.ar\/2021\/wp-json\/wp\/v2\/posts"}],"about":[{"href":"https:\/\/www.noticiasradioreflejos.com.ar\/2021\/wp-json\/wp\/v2\/types\/post"}],"author":[{"embeddable":true,"href":"https:\/\/www.noticiasradioreflejos.com.ar\/2021\/wp-json\/wp\/v2\/users\/3"}],"replies":[{"embeddable":true,"href":"https:\/\/www.noticiasradioreflejos.com.ar\/2021\/wp-json\/wp\/v2\/comments?post=45162"}],"version-history":[{"count":0,"href":"https:\/\/www.noticiasradioreflejos.com.ar\/2021\/wp-json\/wp\/v2\/posts\/45162\/revisions"}],"wp:attachment":[{"href":"https:\/\/www.noticiasradioreflejos.com.ar\/2021\/wp-json\/wp\/v2\/media?parent=45162"}],"wp:term":[{"taxonomy":"category","embeddable":true,"href":"https:\/\/www.noticiasradioreflejos.com.ar\/2021\/wp-json\/wp\/v2\/categories?post=45162"},{"taxonomy":"post_tag","embeddable":true,"href":"https:\/\/www.noticiasradioreflejos.com.ar\/2021\/wp-json\/wp\/v2\/tags?post=45162"}],"curies":[{"name":"wp","href":"https:\/\/api.w.org\/{rel}","templated":true}]}}