{"id":45160,"date":"2020-07-30T08:52:38","date_gmt":"2020-07-30T11:52:38","guid":{"rendered":"http:\/\/www.noticiasradioreflejos.com.ar\/noticias\/?p=45160"},"modified":"2020-07-30T08:52:38","modified_gmt":"2020-07-30T11:52:38","slug":"el-gobierno-de-kicillof-creo-un-fondo-para-la-reactivacion-de-la-cultura-y-el-turismo","status":"publish","type":"post","link":"https:\/\/www.noticiasradioreflejos.com.ar\/2021\/el-gobierno-de-kicillof-creo-un-fondo-para-la-reactivacion-de-la-cultura-y-el-turismo\/","title":{"rendered":"El Gobierno de Kicillof cre\u00f3 un fondo para la reactivaci\u00f3n de la cultura y el turismo"},"content":{"rendered":"<p>El gobierno bonaerense cre\u00f3 el \u201cFondo Especial Municipal para la Reactivaci\u00f3n Cultural y Tur\u00edstica\u00bb, el que se destinar\u00e1, exclusivamente, a prestar asistencia financiera para la reactivaci\u00f3n de las actividades culturales y tur\u00edsticas afectadas por la pandemia de coronavirus, a trav\u00e9s de los municipios en cuya jurisdicci\u00f3n se desarrollen tales actividades.<!--more--><br \/>\nEl Fondo -creado mediante el decreto 644 publicado hoy en el Bolet\u00edn Oficial del distrito- se conformar\u00e1 con recursos de Rentas Generales de la Provincia, Aportes del Tesoro Nacional y\/o cualquier otra fuente que al efecto determine el Ministerio de Hacienda y Finanzas.<\/p>\n<p>Los aportes que se realicen tendr\u00e1n el car\u00e1cter de no reintegrables y el Ministerio de Producci\u00f3n determinar\u00e1 los requisitos, procedimiento y modalidades para su otorgamiento, as\u00ed como los montos a distribuir para cada municipio.<\/p>\n<p>Adem\u00e1s, en el decreto se establece que se otorgar\u00e1 un subsidio de $1.044 desde hoy y hasta el 31 de diciembre a las prestadoras de servicios tur\u00edsticos que se inscriban y\/o renueven su inscripci\u00f3n en el Registro creado por Ley 14.209.<\/p>\n<p>En los fundamentos de la medida se record\u00f3 que mientras reg\u00eda la emergencia p\u00fablica en materia econ\u00f3mica, financiera, fiscal, administrativa, previsional, tarifaria, energ\u00e9tica, sanitaria y social, debi\u00f3 ampliarse en el pa\u00eds la emergencia p\u00fablica en materia sanitaria por un a\u00f1o en virtud de la pandemia de coronavirus.<\/p>\n<p>En ese contexto, la medida de aislamiento social, preventivo y obligatorio incluye el turismo y las pr\u00e1cticas y eventos culturales entre las actividades prohibidas durante su vigencia.<\/p>\n<p>\u00abCon el objeto de asistir a los sectores m\u00e1s afectados por esta situaci\u00f3n y sostener las fuentes y puestos de trabajo, resulta de fundamental importancia establecer medidas extraordinarias tendientes a su reactivaci\u00f3n\u00bb, se explic\u00f3.<\/p>\n<p>Adem\u00e1s, se a\u00f1adi\u00f3 que \u00abresulta indispensable que la totalidad de los municipios que integran la provincia de Buenos Aires, lleven adelante acciones en pos de paliar y atender la emergencia\u00bb.<\/p>\n","protected":false},"excerpt":{"rendered":"<p>El gobierno bonaerense cre\u00f3 el \u201cFondo Especial Municipal para la Reactivaci\u00f3n Cultural y Tur\u00edstica\u00bb, el que se destinar\u00e1, exclusivamente, a prestar asistencia financiera para la reactivaci\u00f3n de las actividades culturales y tur\u00edsticas afectadas por la pandemia de coronavirus, a trav\u00e9s de los municipios en cuya jurisdicci\u00f3n se desarrollen tales actividades.<\/p>\n","protected":false},"author":3,"featured_media":1895,"comment_status":"closed","ping_status":"open","sticky":false,"template":"","format":"standard","meta":{"footnotes":""},"categories":[36],"tags":[],"class_list":["post-45160","post","type-post","status-publish","format-standard","has-post-thumbnail","hentry","category-economia"],"yoast_head":"<!-- This site is optimized with the Yoast SEO plugin v25.9 - https:\/\/yoast.com\/wordpress\/plugins\/seo\/ -->\n<title>El Gobierno de Kicillof cre\u00f3 un fondo para la reactivaci\u00f3n de la cultura y el turismo - Noticias Radio Reflejos<\/title>\n<meta name=\"robots\" content=\"index, follow, max-snippet:-1, max-image-preview:large, max-video-preview:-1\" \/>\n<link rel=\"canonical\" href=\"https:\/\/www.noticiasradioreflejos.com.ar\/2021\/el-gobierno-de-kicillof-creo-un-fondo-para-la-reactivacion-de-la-cultura-y-el-turismo\/\" \/>\n<meta property=\"og:locale\" content=\"es_ES\" \/>\n<meta property=\"og:type\" content=\"article\" \/>\n<meta property=\"og:title\" content=\"El Gobierno de Kicillof cre\u00f3 un fondo para la reactivaci\u00f3n de la cultura y el turismo - Noticias Radio Reflejos\" \/>\n<meta property=\"og:description\" content=\"El gobierno bonaerense cre\u00f3 el \u201cFondo Especial Municipal para la Reactivaci\u00f3n Cultural y Tur\u00edstica\u00bb, el que se destinar\u00e1, exclusivamente, a prestar asistencia financiera para la reactivaci\u00f3n de las actividades culturales y tur\u00edsticas afectadas por la pandemia de coronavirus, a trav\u00e9s de los municipios en cuya jurisdicci\u00f3n se desarrollen tales actividades.\" \/>\n<meta property=\"og:url\" content=\"https:\/\/www.noticiasradioreflejos.com.ar\/2021\/el-gobierno-de-kicillof-creo-un-fondo-para-la-reactivacion-de-la-cultura-y-el-turismo\/\" \/>\n<meta property=\"og:site_name\" content=\"Noticias Radio Reflejos\" \/>\n<meta property=\"article:published_time\" content=\"2020-07-30T11:52:38+00:00\" \/>\n<meta property=\"og:image\" content=\"https:\/\/www.noticiasradioreflejos.com.ar\/2021\/wp-content\/uploads\/2016\/10\/545776_411527758865935_100000261420779_1582443_1822966790_n-1.jpg\" \/>\n\t<meta property=\"og:image:width\" content=\"960\" \/>\n\t<meta property=\"og:image:height\" content=\"540\" \/>\n\t<meta property=\"og:image:type\" content=\"image\/jpeg\" \/>\n<meta name=\"author\" content=\"Arnaldo Botto\" \/>\n<meta name=\"twitter:card\" content=\"summary_large_image\" \/>\n<script type=\"application\/ld+json\" class=\"yoast-schema-graph\">{\"@context\":\"https:\/\/schema.org\",\"@graph\":[{\"@type\":\"WebPage\",\"@id\":\"https:\/\/www.noticiasradioreflejos.com.ar\/2021\/el-gobierno-de-kicillof-creo-un-fondo-para-la-reactivacion-de-la-cultura-y-el-turismo\/\",\"url\":\"https:\/\/www.noticiasradioreflejos.com.ar\/2021\/el-gobierno-de-kicillof-creo-un-fondo-para-la-reactivacion-de-la-cultura-y-el-turismo\/\",\"name\":\"El Gobierno de Kicillof cre\u00f3 un fondo para la reactivaci\u00f3n de la cultura y el turismo - Noticias Radio Reflejos\",\"isPartOf\":{\"@id\":\"https:\/\/www.noticiasradioreflejos.com.ar\/2021\/#website\"},\"primaryImageOfPage\":{\"@id\":\"https:\/\/www.noticiasradioreflejos.com.ar\/2021\/el-gobierno-de-kicillof-creo-un-fondo-para-la-reactivacion-de-la-cultura-y-el-turismo\/#primaryimage\"},\"image\":{\"@id\":\"https:\/\/www.noticiasradioreflejos.com.ar\/2021\/el-gobierno-de-kicillof-creo-un-fondo-para-la-reactivacion-de-la-cultura-y-el-turismo\/#primaryimage\"},\"thumbnailUrl\":\"https:\/\/www.noticiasradioreflejos.com.ar\/2021\/wp-content\/uploads\/2016\/10\/545776_411527758865935_100000261420779_1582443_1822966790_n-1.jpg\",\"datePublished\":\"2020-07-30T11:52:38+00:00\",\"author\":{\"@id\":\"https:\/\/www.noticiasradioreflejos.com.ar\/2021\/#\/schema\/person\/ad82545263dcc5ec0996818884fd5fb1\"},\"breadcrumb\":{\"@id\":\"https:\/\/www.noticiasradioreflejos.com.ar\/2021\/el-gobierno-de-kicillof-creo-un-fondo-para-la-reactivacion-de-la-cultura-y-el-turismo\/#breadcrumb\"},\"inLanguage\":\"es\",\"potentialAction\":[{\"@type\":\"ReadAction\",\"target\":[\"https:\/\/www.noticiasradioreflejos.com.ar\/2021\/el-gobierno-de-kicillof-creo-un-fondo-para-la-reactivacion-de-la-cultura-y-el-turismo\/\"]}]},{\"@type\":\"ImageObject\",\"inLanguage\":\"es\",\"@id\":\"https:\/\/www.noticiasradioreflejos.com.ar\/2021\/el-gobierno-de-kicillof-creo-un-fondo-para-la-reactivacion-de-la-cultura-y-el-turismo\/#primaryimage\",\"url\":\"https:\/\/www.noticiasradioreflejos.com.ar\/2021\/wp-content\/uploads\/2016\/10\/545776_411527758865935_100000261420779_1582443_1822966790_n-1.jpg\",\"contentUrl\":\"https:\/\/www.noticiasradioreflejos.com.ar\/2021\/wp-content\/uploads\/2016\/10\/545776_411527758865935_100000261420779_1582443_1822966790_n-1.jpg\",\"width\":960,\"height\":540},{\"@type\":\"BreadcrumbList\",\"@id\":\"https:\/\/www.noticiasradioreflejos.com.ar\/2021\/el-gobierno-de-kicillof-creo-un-fondo-para-la-reactivacion-de-la-cultura-y-el-turismo\/#breadcrumb\",\"itemListElement\":[{\"@type\":\"ListItem\",\"position\":1,\"name\":\"Portada\",\"item\":\"https:\/\/www.noticiasradioreflejos.com.ar\/2021\/\"},{\"@type\":\"ListItem\",\"position\":2,\"name\":\"El Gobierno de Kicillof cre\u00f3 un fondo para la reactivaci\u00f3n de la cultura y el turismo\"}]},{\"@type\":\"WebSite\",\"@id\":\"https:\/\/www.noticiasradioreflejos.com.ar\/2021\/#website\",\"url\":\"https:\/\/www.noticiasradioreflejos.com.ar\/2021\/\",\"name\":\"Noticias Radio Reflejos\",\"description\":\"Las noticias de mi comarca\",\"potentialAction\":[{\"@type\":\"SearchAction\",\"target\":{\"@type\":\"EntryPoint\",\"urlTemplate\":\"https:\/\/www.noticiasradioreflejos.com.ar\/2021\/?s={search_term_string}\"},\"query-input\":{\"@type\":\"PropertyValueSpecification\",\"valueRequired\":true,\"valueName\":\"search_term_string\"}}],\"inLanguage\":\"es\"},{\"@type\":\"Person\",\"@id\":\"https:\/\/www.noticiasradioreflejos.com.ar\/2021\/#\/schema\/person\/ad82545263dcc5ec0996818884fd5fb1\",\"name\":\"Arnaldo Botto\",\"image\":{\"@type\":\"ImageObject\",\"inLanguage\":\"es\",\"@id\":\"https:\/\/www.noticiasradioreflejos.com.ar\/2021\/#\/schema\/person\/image\/\",\"url\":\"https:\/\/secure.gravatar.com\/avatar\/55cb5e37c1efa326397366e6974cb338056df65cb50e7d64d1cf314e87504837?s=96&d=mm&r=g\",\"contentUrl\":\"https:\/\/secure.gravatar.com\/avatar\/55cb5e37c1efa326397366e6974cb338056df65cb50e7d64d1cf314e87504837?s=96&d=mm&r=g\",\"caption\":\"Arnaldo Botto\"},\"url\":\"https:\/\/www.noticiasradioreflejos.com.ar\/2021\/author\/arnaldo\/\"}]}<\/script>\n<!-- \/ Yoast SEO plugin. -->","yoast_head_json":{"title":"El Gobierno de Kicillof cre\u00f3 un fondo para la reactivaci\u00f3n de la cultura y el turismo - Noticias Radio Reflejos","robots":{"index":"index","follow":"follow","max-snippet":"max-snippet:-1","max-image-preview":"max-image-preview:large","max-video-preview":"max-video-preview:-1"},"canonical":"https:\/\/www.noticiasradioreflejos.com.ar\/2021\/el-gobierno-de-kicillof-creo-un-fondo-para-la-reactivacion-de-la-cultura-y-el-turismo\/","og_locale":"es_ES","og_type":"article","og_title":"El Gobierno de Kicillof cre\u00f3 un fondo para la reactivaci\u00f3n de la cultura y el turismo - Noticias Radio Reflejos","og_description":"El gobierno bonaerense cre\u00f3 el \u201cFondo Especial Municipal para la Reactivaci\u00f3n Cultural y Tur\u00edstica\u00bb, el que se destinar\u00e1, exclusivamente, a prestar asistencia financiera para la reactivaci\u00f3n de las actividades culturales y tur\u00edsticas afectadas por la pandemia de coronavirus, a trav\u00e9s de los municipios en cuya jurisdicci\u00f3n se desarrollen tales actividades.","og_url":"https:\/\/www.noticiasradioreflejos.com.ar\/2021\/el-gobierno-de-kicillof-creo-un-fondo-para-la-reactivacion-de-la-cultura-y-el-turismo\/","og_site_name":"Noticias Radio Reflejos","article_published_time":"2020-07-30T11:52:38+00:00","og_image":[{"width":960,"height":540,"url":"https:\/\/www.noticiasradioreflejos.com.ar\/2021\/wp-content\/uploads\/2016\/10\/545776_411527758865935_100000261420779_1582443_1822966790_n-1.jpg","type":"image\/jpeg"}],"author":"Arnaldo Botto","twitter_card":"summary_large_image","schema":{"@context":"https:\/\/schema.org","@graph":[{"@type":"WebPage","@id":"https:\/\/www.noticiasradioreflejos.com.ar\/2021\/el-gobierno-de-kicillof-creo-un-fondo-para-la-reactivacion-de-la-cultura-y-el-turismo\/","url":"https:\/\/www.noticiasradioreflejos.com.ar\/2021\/el-gobierno-de-kicillof-creo-un-fondo-para-la-reactivacion-de-la-cultura-y-el-turismo\/","name":"El Gobierno de Kicillof cre\u00f3 un fondo para la reactivaci\u00f3n de la cultura y el turismo - Noticias Radio Reflejos","isPartOf":{"@id":"https:\/\/www.noticiasradioreflejos.com.ar\/2021\/#website"},"primaryImageOfPage":{"@id":"https:\/\/www.noticiasradioreflejos.com.ar\/2021\/el-gobierno-de-kicillof-creo-un-fondo-para-la-reactivacion-de-la-cultura-y-el-turismo\/#primaryimage"},"image":{"@id":"https:\/\/www.noticiasradioreflejos.com.ar\/2021\/el-gobierno-de-kicillof-creo-un-fondo-para-la-reactivacion-de-la-cultura-y-el-turismo\/#primaryimage"},"thumbnailUrl":"https:\/\/www.noticiasradioreflejos.com.ar\/2021\/wp-content\/uploads\/2016\/10\/545776_411527758865935_100000261420779_1582443_1822966790_n-1.jpg","datePublished":"2020-07-30T11:52:38+00:00","author":{"@id":"https:\/\/www.noticiasradioreflejos.com.ar\/2021\/#\/schema\/person\/ad82545263dcc5ec0996818884fd5fb1"},"breadcrumb":{"@id":"https:\/\/www.noticiasradioreflejos.com.ar\/2021\/el-gobierno-de-kicillof-creo-un-fondo-para-la-reactivacion-de-la-cultura-y-el-turismo\/#breadcrumb"},"inLanguage":"es","potentialAction":[{"@type":"ReadAction","target":["https:\/\/www.noticiasradioreflejos.com.ar\/2021\/el-gobierno-de-kicillof-creo-un-fondo-para-la-reactivacion-de-la-cultura-y-el-turismo\/"]}]},{"@type":"ImageObject","inLanguage":"es","@id":"https:\/\/www.noticiasradioreflejos.com.ar\/2021\/el-gobierno-de-kicillof-creo-un-fondo-para-la-reactivacion-de-la-cultura-y-el-turismo\/#primaryimage","url":"https:\/\/www.noticiasradioreflejos.com.ar\/2021\/wp-content\/uploads\/2016\/10\/545776_411527758865935_100000261420779_1582443_1822966790_n-1.jpg","contentUrl":"https:\/\/www.noticiasradioreflejos.com.ar\/2021\/wp-content\/uploads\/2016\/10\/545776_411527758865935_100000261420779_1582443_1822966790_n-1.jpg","width":960,"height":540},{"@type":"BreadcrumbList","@id":"https:\/\/www.noticiasradioreflejos.com.ar\/2021\/el-gobierno-de-kicillof-creo-un-fondo-para-la-reactivacion-de-la-cultura-y-el-turismo\/#breadcrumb","itemListElement":[{"@type":"ListItem","position":1,"name":"Portada","item":"https:\/\/www.noticiasradioreflejos.com.ar\/2021\/"},{"@type":"ListItem","position":2,"name":"El Gobierno de Kicillof cre\u00f3 un fondo para la reactivaci\u00f3n de la cultura y el turismo"}]},{"@type":"WebSite","@id":"https:\/\/www.noticiasradioreflejos.com.ar\/2021\/#website","url":"https:\/\/www.noticiasradioreflejos.com.ar\/2021\/","name":"Noticias Radio Reflejos","description":"Las noticias de mi comarca","potentialAction":[{"@type":"SearchAction","target":{"@type":"EntryPoint","urlTemplate":"https:\/\/www.noticiasradioreflejos.com.ar\/2021\/?s={search_term_string}"},"query-input":{"@type":"PropertyValueSpecification","valueRequired":true,"valueName":"search_term_string"}}],"inLanguage":"es"},{"@type":"Person","@id":"https:\/\/www.noticiasradioreflejos.com.ar\/2021\/#\/schema\/person\/ad82545263dcc5ec0996818884fd5fb1","name":"Arnaldo Botto","image":{"@type":"ImageObject","inLanguage":"es","@id":"https:\/\/www.noticiasradioreflejos.com.ar\/2021\/#\/schema\/person\/image\/","url":"https:\/\/secure.gravatar.com\/avatar\/55cb5e37c1efa326397366e6974cb338056df65cb50e7d64d1cf314e87504837?s=96&d=mm&r=g","contentUrl":"https:\/\/secure.gravatar.com\/avatar\/55cb5e37c1efa326397366e6974cb338056df65cb50e7d64d1cf314e87504837?s=96&d=mm&r=g","caption":"Arnaldo Botto"},"url":"https:\/\/www.noticiasradioreflejos.com.ar\/2021\/author\/arnaldo\/"}]}},"_links":{"self":[{"href":"https:\/\/www.noticiasradioreflejos.com.ar\/2021\/wp-json\/wp\/v2\/posts\/45160","targetHints":{"allow":["GET"]}}],"collection":[{"href":"https:\/\/www.noticiasradioreflejos.com.ar\/2021\/wp-json\/wp\/v2\/posts"}],"about":[{"href":"https:\/\/www.noticiasradioreflejos.com.ar\/2021\/wp-json\/wp\/v2\/types\/post"}],"author":[{"embeddable":true,"href":"https:\/\/www.noticiasradioreflejos.com.ar\/2021\/wp-json\/wp\/v2\/users\/3"}],"replies":[{"embeddable":true,"href":"https:\/\/www.noticiasradioreflejos.com.ar\/2021\/wp-json\/wp\/v2\/comments?post=45160"}],"version-history":[{"count":0,"href":"https:\/\/www.noticiasradioreflejos.com.ar\/2021\/wp-json\/wp\/v2\/posts\/45160\/revisions"}],"wp:featuredmedia":[{"embeddable":true,"href":"https:\/\/www.noticiasradioreflejos.com.ar\/2021\/wp-json\/wp\/v2\/media\/1895"}],"wp:attachment":[{"href":"https:\/\/www.noticiasradioreflejos.com.ar\/2021\/wp-json\/wp\/v2\/media?parent=45160"}],"wp:term":[{"taxonomy":"category","embeddable":true,"href":"https:\/\/www.noticiasradioreflejos.com.ar\/2021\/wp-json\/wp\/v2\/categories?post=45160"},{"taxonomy":"post_tag","embeddable":true,"href":"https:\/\/www.noticiasradioreflejos.com.ar\/2021\/wp-json\/wp\/v2\/tags?post=45160"}],"curies":[{"name":"wp","href":"https:\/\/api.w.org\/{rel}","templated":true}]}}