{"id":45158,"date":"2020-07-30T08:28:18","date_gmt":"2020-07-30T11:28:18","guid":{"rendered":"http:\/\/www.noticiasradioreflejos.com.ar\/noticias\/?p=45158"},"modified":"2020-07-30T08:28:18","modified_gmt":"2020-07-30T11:28:18","slug":"gobierno-prorroga-hasta-fin-de-agosto-el-plazo-para-adherir-a-la-moratoria","status":"publish","type":"post","link":"https:\/\/www.noticiasradioreflejos.com.ar\/2021\/gobierno-prorroga-hasta-fin-de-agosto-el-plazo-para-adherir-a-la-moratoria\/","title":{"rendered":"Gobierno prorroga hasta fin de agosto el plazo para adherir a la moratoria"},"content":{"rendered":"<p>El Gobierno prorrog\u00f3 hasta el 31 de agosto pr\u00f3ximo el plazo para que peque\u00f1as y medianas empresas, monotributistas, aut\u00f3nomos y entidades civiles sin fines de lucro como cooperativas, consorcios de propietarios, obras sociales, universidades p\u00fablicas y clubes de barrio adhieran a la moratoria impositiva, aduanera y de seguridad social.<!--more--><br \/>\nLo hizo a trav\u00e9s del decreto 634\/2020 publicado hoy en el Bolet\u00edn Oficial, que vuelve a extender el plazo m\u00e1ximo de adhesi\u00f3n, previsto originalmente hasta el 30 de abril y prorrogado dos veces, hasta el 30 de junio y el 31 de julio, respectivamente.<br \/>\nAdem\u00e1s estableci\u00f3 que la primera cuota de los planes de facilidades de pago que se presenten desde el 1 y hasta el 31 de agosto, vencer\u00e1 el 16 de setiembre pr\u00f3ximo.<br \/>\nLa deuda que puede incluirse en la moratoria es aquella vencida hasta el 30 de noviembre de 2019 y los planes de pago vigentes o caducos, hasta el 23 de diciembre de 2019.<br \/>\nLa moratoria es una de las herramientas previstas en la ley de Solidaridad Social y Reactivaci\u00f3n Productiva para \u00abatender la dif\u00edcil situaci\u00f3n que atravesaban el entramado productivo a finales del a\u00f1o pasado como consecuencia de la pol\u00edtica econ\u00f3mica del gobierno anterior\u00bb.<br \/>\nLa herramienta que permite refinanciar en plazos de hasta 10 a\u00f1os toda la deuda impositiva, aduanera y de la seguridad social que tengan los contribuyentes, recobra relevancia en el actual escenario de emergencia sanitaria.<br \/>\nEl decreto se\u00f1al\u00f3 que \u201ccon fundamento en la funci\u00f3n esencial del Estado de generar las condiciones necesarias para lograr la recuperaci\u00f3n de la actividad y preservar las fuentes de trabajo ante la grave situaci\u00f3n que atraviesa la econom\u00eda como consecuencia de la pandemia de coronavirus, el Poder Ejecutivo remiti\u00f3 al Congreso un proyecto de ley ampliatorio del r\u00e9gimen de regularizaci\u00f3n de obligaciones tributarias, de la seguridad social y aduaneras\u201d.<br \/>\nAl respecto indic\u00f3 que \u201cal momento del dictado del presente decreto, el anteproyecto de ley se encuentra en pleno tr\u00e1mite parlamentario\u201d.<br \/>\n\u201cCon el objeto de continuar posibilitando la adhesi\u00f3n al r\u00e9gimen de regularizaci\u00f3n hasta tanto el Congreso debata la oportunidad, m\u00e9rito y conveniencia de sancionar la ley que extiende y ampl\u00eda sus condiciones, se estima necesario prorrogar hasta el 31 de agosto de 2020, inclusive, el plazo para la adhesi\u00f3n al r\u00e9gimen\u201d, explic\u00f3 la medida.<\/p>\n","protected":false},"excerpt":{"rendered":"<p>El Gobierno prorrog\u00f3 hasta el 31 de agosto pr\u00f3ximo el plazo para que peque\u00f1as y medianas empresas, monotributistas, aut\u00f3nomos y entidades civiles sin fines de lucro como cooperativas, consorcios de propietarios, obras sociales, universidades p\u00fablicas y clubes de barrio adhieran a la moratoria impositiva, aduanera y de seguridad social.<\/p>\n","protected":false},"author":3,"featured_media":0,"comment_status":"closed","ping_status":"open","sticky":false,"template":"","format":"standard","meta":{"footnotes":""},"categories":[36],"tags":[],"class_list":["post-45158","post","type-post","status-publish","format-standard","hentry","category-economia"],"yoast_head":"<!-- This site is optimized with the Yoast SEO plugin v25.9 - https:\/\/yoast.com\/wordpress\/plugins\/seo\/ -->\n<title>Gobierno prorroga hasta fin de agosto el plazo para adherir a la moratoria - Noticias Radio Reflejos<\/title>\n<meta name=\"robots\" content=\"index, follow, max-snippet:-1, max-image-preview:large, max-video-preview:-1\" \/>\n<link rel=\"canonical\" href=\"https:\/\/www.noticiasradioreflejos.com.ar\/2021\/gobierno-prorroga-hasta-fin-de-agosto-el-plazo-para-adherir-a-la-moratoria\/\" \/>\n<meta property=\"og:locale\" content=\"es_ES\" \/>\n<meta property=\"og:type\" content=\"article\" \/>\n<meta property=\"og:title\" content=\"Gobierno prorroga hasta fin de agosto el plazo para adherir a la moratoria - Noticias Radio Reflejos\" \/>\n<meta property=\"og:description\" content=\"El Gobierno prorrog\u00f3 hasta el 31 de agosto pr\u00f3ximo el plazo para que peque\u00f1as y medianas empresas, monotributistas, aut\u00f3nomos y entidades civiles sin fines de lucro como cooperativas, consorcios de propietarios, obras sociales, universidades p\u00fablicas y clubes de barrio adhieran a la moratoria impositiva, aduanera y de seguridad social.\" \/>\n<meta property=\"og:url\" content=\"https:\/\/www.noticiasradioreflejos.com.ar\/2021\/gobierno-prorroga-hasta-fin-de-agosto-el-plazo-para-adherir-a-la-moratoria\/\" \/>\n<meta property=\"og:site_name\" content=\"Noticias Radio Reflejos\" \/>\n<meta property=\"article:published_time\" content=\"2020-07-30T11:28:18+00:00\" \/>\n<meta property=\"og:image\" content=\"https:\/\/www.noticiasradioreflejos.com.ar\/2021\/wp-content\/uploads\/2021\/07\/logosol300x200.png\" \/>\n\t<meta property=\"og:image:width\" content=\"300\" \/>\n\t<meta property=\"og:image:height\" content=\"200\" \/>\n\t<meta property=\"og:image:type\" content=\"image\/png\" \/>\n<meta name=\"author\" content=\"Arnaldo Botto\" \/>\n<meta name=\"twitter:card\" content=\"summary_large_image\" \/>\n<script type=\"application\/ld+json\" class=\"yoast-schema-graph\">{\"@context\":\"https:\/\/schema.org\",\"@graph\":[{\"@type\":\"WebPage\",\"@id\":\"https:\/\/www.noticiasradioreflejos.com.ar\/2021\/gobierno-prorroga-hasta-fin-de-agosto-el-plazo-para-adherir-a-la-moratoria\/\",\"url\":\"https:\/\/www.noticiasradioreflejos.com.ar\/2021\/gobierno-prorroga-hasta-fin-de-agosto-el-plazo-para-adherir-a-la-moratoria\/\",\"name\":\"Gobierno prorroga hasta fin de agosto el plazo para adherir a la moratoria - Noticias Radio Reflejos\",\"isPartOf\":{\"@id\":\"https:\/\/www.noticiasradioreflejos.com.ar\/2021\/#website\"},\"datePublished\":\"2020-07-30T11:28:18+00:00\",\"author\":{\"@id\":\"https:\/\/www.noticiasradioreflejos.com.ar\/2021\/#\/schema\/person\/ad82545263dcc5ec0996818884fd5fb1\"},\"breadcrumb\":{\"@id\":\"https:\/\/www.noticiasradioreflejos.com.ar\/2021\/gobierno-prorroga-hasta-fin-de-agosto-el-plazo-para-adherir-a-la-moratoria\/#breadcrumb\"},\"inLanguage\":\"es\",\"potentialAction\":[{\"@type\":\"ReadAction\",\"target\":[\"https:\/\/www.noticiasradioreflejos.com.ar\/2021\/gobierno-prorroga-hasta-fin-de-agosto-el-plazo-para-adherir-a-la-moratoria\/\"]}]},{\"@type\":\"BreadcrumbList\",\"@id\":\"https:\/\/www.noticiasradioreflejos.com.ar\/2021\/gobierno-prorroga-hasta-fin-de-agosto-el-plazo-para-adherir-a-la-moratoria\/#breadcrumb\",\"itemListElement\":[{\"@type\":\"ListItem\",\"position\":1,\"name\":\"Portada\",\"item\":\"https:\/\/www.noticiasradioreflejos.com.ar\/2021\/\"},{\"@type\":\"ListItem\",\"position\":2,\"name\":\"Gobierno prorroga hasta fin de agosto el plazo para adherir a la moratoria\"}]},{\"@type\":\"WebSite\",\"@id\":\"https:\/\/www.noticiasradioreflejos.com.ar\/2021\/#website\",\"url\":\"https:\/\/www.noticiasradioreflejos.com.ar\/2021\/\",\"name\":\"Noticias Radio Reflejos\",\"description\":\"Las noticias de mi comarca\",\"potentialAction\":[{\"@type\":\"SearchAction\",\"target\":{\"@type\":\"EntryPoint\",\"urlTemplate\":\"https:\/\/www.noticiasradioreflejos.com.ar\/2021\/?s={search_term_string}\"},\"query-input\":{\"@type\":\"PropertyValueSpecification\",\"valueRequired\":true,\"valueName\":\"search_term_string\"}}],\"inLanguage\":\"es\"},{\"@type\":\"Person\",\"@id\":\"https:\/\/www.noticiasradioreflejos.com.ar\/2021\/#\/schema\/person\/ad82545263dcc5ec0996818884fd5fb1\",\"name\":\"Arnaldo Botto\",\"image\":{\"@type\":\"ImageObject\",\"inLanguage\":\"es\",\"@id\":\"https:\/\/www.noticiasradioreflejos.com.ar\/2021\/#\/schema\/person\/image\/\",\"url\":\"https:\/\/secure.gravatar.com\/avatar\/55cb5e37c1efa326397366e6974cb338056df65cb50e7d64d1cf314e87504837?s=96&d=mm&r=g\",\"contentUrl\":\"https:\/\/secure.gravatar.com\/avatar\/55cb5e37c1efa326397366e6974cb338056df65cb50e7d64d1cf314e87504837?s=96&d=mm&r=g\",\"caption\":\"Arnaldo Botto\"},\"url\":\"https:\/\/www.noticiasradioreflejos.com.ar\/2021\/author\/arnaldo\/\"}]}<\/script>\n<!-- \/ Yoast SEO plugin. -->","yoast_head_json":{"title":"Gobierno prorroga hasta fin de agosto el plazo para adherir a la moratoria - Noticias Radio Reflejos","robots":{"index":"index","follow":"follow","max-snippet":"max-snippet:-1","max-image-preview":"max-image-preview:large","max-video-preview":"max-video-preview:-1"},"canonical":"https:\/\/www.noticiasradioreflejos.com.ar\/2021\/gobierno-prorroga-hasta-fin-de-agosto-el-plazo-para-adherir-a-la-moratoria\/","og_locale":"es_ES","og_type":"article","og_title":"Gobierno prorroga hasta fin de agosto el plazo para adherir a la moratoria - Noticias Radio Reflejos","og_description":"El Gobierno prorrog\u00f3 hasta el 31 de agosto pr\u00f3ximo el plazo para que peque\u00f1as y medianas empresas, monotributistas, aut\u00f3nomos y entidades civiles sin fines de lucro como cooperativas, consorcios de propietarios, obras sociales, universidades p\u00fablicas y clubes de barrio adhieran a la moratoria impositiva, aduanera y de seguridad social.","og_url":"https:\/\/www.noticiasradioreflejos.com.ar\/2021\/gobierno-prorroga-hasta-fin-de-agosto-el-plazo-para-adherir-a-la-moratoria\/","og_site_name":"Noticias Radio Reflejos","article_published_time":"2020-07-30T11:28:18+00:00","og_image":[{"width":300,"height":200,"url":"https:\/\/www.noticiasradioreflejos.com.ar\/2021\/wp-content\/uploads\/2021\/07\/logosol300x200.png","type":"image\/png"}],"author":"Arnaldo Botto","twitter_card":"summary_large_image","schema":{"@context":"https:\/\/schema.org","@graph":[{"@type":"WebPage","@id":"https:\/\/www.noticiasradioreflejos.com.ar\/2021\/gobierno-prorroga-hasta-fin-de-agosto-el-plazo-para-adherir-a-la-moratoria\/","url":"https:\/\/www.noticiasradioreflejos.com.ar\/2021\/gobierno-prorroga-hasta-fin-de-agosto-el-plazo-para-adherir-a-la-moratoria\/","name":"Gobierno prorroga hasta fin de agosto el plazo para adherir a la moratoria - Noticias Radio Reflejos","isPartOf":{"@id":"https:\/\/www.noticiasradioreflejos.com.ar\/2021\/#website"},"datePublished":"2020-07-30T11:28:18+00:00","author":{"@id":"https:\/\/www.noticiasradioreflejos.com.ar\/2021\/#\/schema\/person\/ad82545263dcc5ec0996818884fd5fb1"},"breadcrumb":{"@id":"https:\/\/www.noticiasradioreflejos.com.ar\/2021\/gobierno-prorroga-hasta-fin-de-agosto-el-plazo-para-adherir-a-la-moratoria\/#breadcrumb"},"inLanguage":"es","potentialAction":[{"@type":"ReadAction","target":["https:\/\/www.noticiasradioreflejos.com.ar\/2021\/gobierno-prorroga-hasta-fin-de-agosto-el-plazo-para-adherir-a-la-moratoria\/"]}]},{"@type":"BreadcrumbList","@id":"https:\/\/www.noticiasradioreflejos.com.ar\/2021\/gobierno-prorroga-hasta-fin-de-agosto-el-plazo-para-adherir-a-la-moratoria\/#breadcrumb","itemListElement":[{"@type":"ListItem","position":1,"name":"Portada","item":"https:\/\/www.noticiasradioreflejos.com.ar\/2021\/"},{"@type":"ListItem","position":2,"name":"Gobierno prorroga hasta fin de agosto el plazo para adherir a la moratoria"}]},{"@type":"WebSite","@id":"https:\/\/www.noticiasradioreflejos.com.ar\/2021\/#website","url":"https:\/\/www.noticiasradioreflejos.com.ar\/2021\/","name":"Noticias Radio Reflejos","description":"Las noticias de mi comarca","potentialAction":[{"@type":"SearchAction","target":{"@type":"EntryPoint","urlTemplate":"https:\/\/www.noticiasradioreflejos.com.ar\/2021\/?s={search_term_string}"},"query-input":{"@type":"PropertyValueSpecification","valueRequired":true,"valueName":"search_term_string"}}],"inLanguage":"es"},{"@type":"Person","@id":"https:\/\/www.noticiasradioreflejos.com.ar\/2021\/#\/schema\/person\/ad82545263dcc5ec0996818884fd5fb1","name":"Arnaldo Botto","image":{"@type":"ImageObject","inLanguage":"es","@id":"https:\/\/www.noticiasradioreflejos.com.ar\/2021\/#\/schema\/person\/image\/","url":"https:\/\/secure.gravatar.com\/avatar\/55cb5e37c1efa326397366e6974cb338056df65cb50e7d64d1cf314e87504837?s=96&d=mm&r=g","contentUrl":"https:\/\/secure.gravatar.com\/avatar\/55cb5e37c1efa326397366e6974cb338056df65cb50e7d64d1cf314e87504837?s=96&d=mm&r=g","caption":"Arnaldo Botto"},"url":"https:\/\/www.noticiasradioreflejos.com.ar\/2021\/author\/arnaldo\/"}]}},"_links":{"self":[{"href":"https:\/\/www.noticiasradioreflejos.com.ar\/2021\/wp-json\/wp\/v2\/posts\/45158","targetHints":{"allow":["GET"]}}],"collection":[{"href":"https:\/\/www.noticiasradioreflejos.com.ar\/2021\/wp-json\/wp\/v2\/posts"}],"about":[{"href":"https:\/\/www.noticiasradioreflejos.com.ar\/2021\/wp-json\/wp\/v2\/types\/post"}],"author":[{"embeddable":true,"href":"https:\/\/www.noticiasradioreflejos.com.ar\/2021\/wp-json\/wp\/v2\/users\/3"}],"replies":[{"embeddable":true,"href":"https:\/\/www.noticiasradioreflejos.com.ar\/2021\/wp-json\/wp\/v2\/comments?post=45158"}],"version-history":[{"count":0,"href":"https:\/\/www.noticiasradioreflejos.com.ar\/2021\/wp-json\/wp\/v2\/posts\/45158\/revisions"}],"wp:attachment":[{"href":"https:\/\/www.noticiasradioreflejos.com.ar\/2021\/wp-json\/wp\/v2\/media?parent=45158"}],"wp:term":[{"taxonomy":"category","embeddable":true,"href":"https:\/\/www.noticiasradioreflejos.com.ar\/2021\/wp-json\/wp\/v2\/categories?post=45158"},{"taxonomy":"post_tag","embeddable":true,"href":"https:\/\/www.noticiasradioreflejos.com.ar\/2021\/wp-json\/wp\/v2\/tags?post=45158"}],"curies":[{"name":"wp","href":"https:\/\/api.w.org\/{rel}","templated":true}]}}