{"id":45156,"date":"2020-07-30T08:18:50","date_gmt":"2020-07-30T11:18:50","guid":{"rendered":"http:\/\/www.noticiasradioreflejos.com.ar\/noticias\/?p=45156"},"modified":"2020-07-30T08:18:50","modified_gmt":"2020-07-30T11:18:50","slug":"a-tres-meses-de-la-desaparicion-de-facundo-astudillo-castro-continua-la-investigacion-para-hallar-al-joven","status":"publish","type":"post","link":"https:\/\/www.noticiasradioreflejos.com.ar\/2021\/a-tres-meses-de-la-desaparicion-de-facundo-astudillo-castro-continua-la-investigacion-para-hallar-al-joven\/","title":{"rendered":"A tres meses de la desaparici\u00f3n de Facundo Astudillo Castro, contin\u00faa la investigaci\u00f3n para hallar al joven"},"content":{"rendered":"<p>Fue visto por \u00faltima vez el 30 de abril en un ret\u00e9n policial, donde le labraron un acta por haber violado la cuarentena<!--more--><\/p>\n<p>Este jueves se cumplen tres meses de la desaparici\u00f3n de Facundo Astudillo Castro, el joven que fue visto por \u00faltima vez en un ret\u00e9n policial, donde las fuerzas de seguridad le labraron un acta por haber violado la cuarentena.<\/p>\n<p>Tras una serie de rastrillajes en la zona entre la localidad de Cerri y Villarino sobre la Ruta 3, contin\u00faa la investigaci\u00f3n para dar con el paradero de Castro. Por pedido de la Procuradur\u00eda de Violencia Institucional (Procuvin), la fiscal\u00eda solicit\u00f3 a la Divisi\u00f3n de Tecnolog\u00edas Aplicadas de la Polic\u00eda Federal Argentina (PFA) que realice un trabajo integral que cruce toda la prueba recolectada hasta el momento.<\/p>\n<p>En tanto, se requiri\u00f3 al Ministerio de Seguridad de la Provincia de Buenos Aires que informe de manera urgente las modulaciones de radios de los patrulleros de la localidad de Teniente Origone, de la comisar\u00eda de Mayor Buratovich y de la Patrulla Rural de Villarino, que fueron efectuadas el d\u00eda en que el joven de 22 a\u00f1os fue visto por \u00faltima vez.<\/p>\n<p>Lo \u00faltimo que se supo de Facundo es que sali\u00f3 de su casa de Pedro Luro el 30 de abril para ir a ver a su novia en Bah\u00eda Blanca, en plena cuarentena estricta, y fue detenido en un ret\u00e9n policial en el que le labraron un acta por haber violado el aislamiento social. \u201cMam\u00e1, vos no ten\u00e9s idea d\u00f3nde estoy, no me vas a volver a ver m\u00e1s\u201d, le dijo a su madre poco despu\u00e9s de las 13 horas de aquel d\u00eda, en la \u00faltima comunicaci\u00f3n que se conoce de Castro.<\/p>\n<p><a title=\"buscan a facundo\" href=\"http:\/\/live.staticflickr.com\/65535\/50169756212_280de708d4_s.jpg\" rel=\"\"><img loading=\"lazy\" decoding=\"async\" class=\"alignleft\" style=\"float: left;\" title=\"buscan a facundo\" src=\"http:\/\/live.staticflickr.com\/65535\/50169756212_280de708d4_c.jpg\" alt=\"buscan a facundo\" width=\"768\" height=\"432\" \/><\/a><br \/>\nFuerzas federales rastrillaron la zona donde el joven de 22 a\u00f1os fue visto por \u00faltima vez.<br \/>\nSu familia est\u00e1 convencida de que el joven fue v\u00edctima de una \u201cdesaparici\u00f3n forzada\u201d y que al menos nueves oficiales de la Polic\u00eda bonaerese desplegaron un plan de encubrimiento que incluye \u201cdemoras en los rastrillajes, pistas falsas y testigos truchos\u201d a la causa, seg\u00fan denunci\u00f3 el abogado Leandro Aparicio.<\/p>\n<p>La justicia federal de Bah\u00eda Blanca rechaz\u00f3 este mi\u00e9rcoles un pedido de recusaci\u00f3n contra el fiscal a cargo del caso y afirm\u00f3 que la investigaci\u00f3n no presenta \u201cninguna irregularidad\u201d, informaron fuentes judiciales a T\u00e9lam.<\/p>\n<p>As\u00ed lo resolvi\u00f3 la jueza Federal 2 de Bah\u00eda Blanca, Mar\u00eda Gabriela Marr\u00f3n, quien rechaz\u00f3 la solicitud efectuada por la madre del joven para apartar del caso al fiscal Federal subrogante 1 Santiago Ulpiano Mart\u00ednez.<\/p>\n<p>Cristina Castro, madre de Facundo, hab\u00eda pedido la semana pasada que el fiscal fuera recusado por \u201ctemor de parcialidad\u201d en la causa. Marr\u00f3n rechaz\u00f3 el pedido por \u201cimprocedente\u201d, al tiempo que dispuso tambi\u00e9n \u201cno hacer lugar a la solicitud del fiscal de imposici\u00f3n de multa y comunicaci\u00f3n al Colegio de Abogados de Bah\u00eda Blanca a los fines disciplinarios respecto de los abogados de la querella particular\u201d.<\/p>\n<p>\u201dLa investigaci\u00f3n no presenta ninguna irregularidad\u201d expres\u00f3 la jueza, al se\u00f1alar que los datos que cuenta para \u201crealizar tal afirmaci\u00f3n son que, luego de recibir su denuncia por la desaparici\u00f3n forzada de Facundo, inici\u00f3 una investigaci\u00f3n preliminar y tambi\u00e9n que convoc\u00f3 a varios organismos estatales para colaborar con la b\u00fasqueda y averiguaci\u00f3n de lo sucedido\u201d.<\/p>\n<p>\u201dEl representante de la fiscal\u00eda est\u00e1 tratando de responder varias preguntas, porque es su obligaci\u00f3n realizar una investigaci\u00f3n exhaustiva, completa, entre las que se encuentran: \u00bfd\u00f3nde est\u00e1 Facundo?, \u00bfqu\u00e9 le pas\u00f3?, \u00bfpor qu\u00e9 sus familiares y amigos perdieron contacto con \u00e9l?, \u00bfpor qu\u00e9 no lo podemos ubicar?, \u00bfalgo malo le ocurri\u00f3? y, en su caso, \u00bfqui\u00e9nes son los responsables de lo que le pas\u00f3?\u201d, agreg\u00f3.<\/p>\n<p>Adem\u00e1s, Marr\u00f3n sostuvo: \u201cUna respuesta posible a esta \u00faltima pregunta tiene que ver con una presunta actuaci\u00f3n irregular e ilegal de la polic\u00eda de la Provincia de Buenos Aires, pero a\u00fan en este caso hace falta averiguar m\u00e1s cosas, reunir la evidencia que determine qu\u00e9 personas son responsables de que Facundo no aparezca y d\u00f3nde est\u00e1\u201d.<\/p>\n<p><a title=\"Familia de Facundo\" href=\"http:\/\/live.staticflickr.com\/65535\/50169756197_398ccda858_s.jpg\" rel=\"\"><img loading=\"lazy\" decoding=\"async\" class=\"aligncenter\" title=\"Familia de Facundo\" src=\"http:\/\/live.staticflickr.com\/65535\/50169756197_398ccda858_c.jpg\" alt=\"Familia de Facundo\" width=\"768\" height=\"432\" \/><\/a><br \/>\n\u201cMam\u00e1, vos no ten\u00e9s idea d\u00f3nde estoy, no me vas a volver a ver m\u00e1s\u201d, le dijo Facundo a su madre, en la \u00fatima comunicaci\u00f3n que se conoci\u00f3.<br \/>\nEl pasado fin de semana, el presidente Alberto Fern\u00e1ndez y el gobernador de Buenos Aires, Axel Kicillof, se comunicaron con la madre de Castro para ponerse a disposici\u00f3n. \u201cHabl\u00f3 personalmente con ella y le dijo que lo llame con lo que le quiera pedir\u201d, confirm\u00f3 el abogado de la familia sobre la comunicaci\u00f3n con el Jefe de Estado.<\/p>\n<p>M\u00e1s all\u00e1 del contacto con las autoridades nacionales y provinciales, Aparicio cuestion\u00f3 el accionar de las fuerzas de seguridad y apunt\u00f3 contra el titular de la cartera bonaerense, Sergio Berni: \u201cSi no descubri\u00f3 nada, es un incompetente. Si descubri\u00f3 algo y no lo denunci\u00f3, es un encubridor\u201d.<\/p>\n<p>En principio, Aparicio asegur\u00f3 que se trat\u00f3 de un encubrimiento policial dividido en varias fases. \u201cNosotros tenemos tres testimonios que dicen que Facundo fue metido entre las 15.30 y las 16 a una camioneta de la polic\u00eda. Y desde ah\u00ed no hay ning\u00fan testimonio concreto que desvirt\u00fae esos tres testimonios\u201d, afirm\u00f3.<\/p>\n","protected":false},"excerpt":{"rendered":"<p>Fue visto por \u00faltima vez el 30 de abril en un ret\u00e9n policial, donde le labraron un acta por haber violado la cuarentena<\/p>\n","protected":false},"author":3,"featured_media":0,"comment_status":"closed","ping_status":"open","sticky":false,"template":"","format":"standard","meta":{"footnotes":""},"categories":[29],"tags":[],"class_list":["post-45156","post","type-post","status-publish","format-standard","hentry","category-policiales"],"yoast_head":"<!-- This site is optimized with the Yoast SEO plugin v25.9 - https:\/\/yoast.com\/wordpress\/plugins\/seo\/ -->\n<title>A tres meses de la desaparici\u00f3n de Facundo Astudillo Castro, contin\u00faa la investigaci\u00f3n para hallar al joven - Noticias Radio Reflejos<\/title>\n<meta name=\"robots\" content=\"index, follow, max-snippet:-1, max-image-preview:large, max-video-preview:-1\" \/>\n<link rel=\"canonical\" href=\"https:\/\/www.noticiasradioreflejos.com.ar\/2021\/a-tres-meses-de-la-desaparicion-de-facundo-astudillo-castro-continua-la-investigacion-para-hallar-al-joven\/\" \/>\n<meta property=\"og:locale\" content=\"es_ES\" \/>\n<meta property=\"og:type\" content=\"article\" \/>\n<meta property=\"og:title\" content=\"A tres meses de la desaparici\u00f3n de Facundo Astudillo Castro, contin\u00faa la investigaci\u00f3n para hallar al joven - Noticias Radio Reflejos\" \/>\n<meta property=\"og:description\" content=\"Fue visto por \u00faltima vez el 30 de abril en un ret\u00e9n policial, donde le labraron un acta por haber violado la cuarentena\" \/>\n<meta property=\"og:url\" content=\"https:\/\/www.noticiasradioreflejos.com.ar\/2021\/a-tres-meses-de-la-desaparicion-de-facundo-astudillo-castro-continua-la-investigacion-para-hallar-al-joven\/\" \/>\n<meta property=\"og:site_name\" content=\"Noticias Radio Reflejos\" \/>\n<meta property=\"article:published_time\" content=\"2020-07-30T11:18:50+00:00\" \/>\n<meta property=\"og:image\" content=\"http:\/\/live.staticflickr.com\/65535\/50169756212_280de708d4_c.jpg\" \/>\n<meta name=\"author\" content=\"Arnaldo Botto\" \/>\n<meta name=\"twitter:card\" content=\"summary_large_image\" \/>\n<script type=\"application\/ld+json\" class=\"yoast-schema-graph\">{\"@context\":\"https:\/\/schema.org\",\"@graph\":[{\"@type\":\"WebPage\",\"@id\":\"https:\/\/www.noticiasradioreflejos.com.ar\/2021\/a-tres-meses-de-la-desaparicion-de-facundo-astudillo-castro-continua-la-investigacion-para-hallar-al-joven\/\",\"url\":\"https:\/\/www.noticiasradioreflejos.com.ar\/2021\/a-tres-meses-de-la-desaparicion-de-facundo-astudillo-castro-continua-la-investigacion-para-hallar-al-joven\/\",\"name\":\"A tres meses de la desaparici\u00f3n de Facundo Astudillo Castro, contin\u00faa la investigaci\u00f3n para hallar al joven - Noticias Radio Reflejos\",\"isPartOf\":{\"@id\":\"https:\/\/www.noticiasradioreflejos.com.ar\/2021\/#website\"},\"primaryImageOfPage\":{\"@id\":\"https:\/\/www.noticiasradioreflejos.com.ar\/2021\/a-tres-meses-de-la-desaparicion-de-facundo-astudillo-castro-continua-la-investigacion-para-hallar-al-joven\/#primaryimage\"},\"image\":{\"@id\":\"https:\/\/www.noticiasradioreflejos.com.ar\/2021\/a-tres-meses-de-la-desaparicion-de-facundo-astudillo-castro-continua-la-investigacion-para-hallar-al-joven\/#primaryimage\"},\"thumbnailUrl\":\"http:\/\/live.staticflickr.com\/65535\/50169756212_280de708d4_c.jpg\",\"datePublished\":\"2020-07-30T11:18:50+00:00\",\"author\":{\"@id\":\"https:\/\/www.noticiasradioreflejos.com.ar\/2021\/#\/schema\/person\/ad82545263dcc5ec0996818884fd5fb1\"},\"breadcrumb\":{\"@id\":\"https:\/\/www.noticiasradioreflejos.com.ar\/2021\/a-tres-meses-de-la-desaparicion-de-facundo-astudillo-castro-continua-la-investigacion-para-hallar-al-joven\/#breadcrumb\"},\"inLanguage\":\"es\",\"potentialAction\":[{\"@type\":\"ReadAction\",\"target\":[\"https:\/\/www.noticiasradioreflejos.com.ar\/2021\/a-tres-meses-de-la-desaparicion-de-facundo-astudillo-castro-continua-la-investigacion-para-hallar-al-joven\/\"]}]},{\"@type\":\"ImageObject\",\"inLanguage\":\"es\",\"@id\":\"https:\/\/www.noticiasradioreflejos.com.ar\/2021\/a-tres-meses-de-la-desaparicion-de-facundo-astudillo-castro-continua-la-investigacion-para-hallar-al-joven\/#primaryimage\",\"url\":\"http:\/\/live.staticflickr.com\/65535\/50169756212_280de708d4_c.jpg\",\"contentUrl\":\"http:\/\/live.staticflickr.com\/65535\/50169756212_280de708d4_c.jpg\"},{\"@type\":\"BreadcrumbList\",\"@id\":\"https:\/\/www.noticiasradioreflejos.com.ar\/2021\/a-tres-meses-de-la-desaparicion-de-facundo-astudillo-castro-continua-la-investigacion-para-hallar-al-joven\/#breadcrumb\",\"itemListElement\":[{\"@type\":\"ListItem\",\"position\":1,\"name\":\"Portada\",\"item\":\"https:\/\/www.noticiasradioreflejos.com.ar\/2021\/\"},{\"@type\":\"ListItem\",\"position\":2,\"name\":\"A tres meses de la desaparici\u00f3n de Facundo Astudillo Castro, contin\u00faa la investigaci\u00f3n para hallar al joven\"}]},{\"@type\":\"WebSite\",\"@id\":\"https:\/\/www.noticiasradioreflejos.com.ar\/2021\/#website\",\"url\":\"https:\/\/www.noticiasradioreflejos.com.ar\/2021\/\",\"name\":\"Noticias Radio Reflejos\",\"description\":\"Las noticias de mi comarca\",\"potentialAction\":[{\"@type\":\"SearchAction\",\"target\":{\"@type\":\"EntryPoint\",\"urlTemplate\":\"https:\/\/www.noticiasradioreflejos.com.ar\/2021\/?s={search_term_string}\"},\"query-input\":{\"@type\":\"PropertyValueSpecification\",\"valueRequired\":true,\"valueName\":\"search_term_string\"}}],\"inLanguage\":\"es\"},{\"@type\":\"Person\",\"@id\":\"https:\/\/www.noticiasradioreflejos.com.ar\/2021\/#\/schema\/person\/ad82545263dcc5ec0996818884fd5fb1\",\"name\":\"Arnaldo Botto\",\"image\":{\"@type\":\"ImageObject\",\"inLanguage\":\"es\",\"@id\":\"https:\/\/www.noticiasradioreflejos.com.ar\/2021\/#\/schema\/person\/image\/\",\"url\":\"https:\/\/secure.gravatar.com\/avatar\/55cb5e37c1efa326397366e6974cb338056df65cb50e7d64d1cf314e87504837?s=96&d=mm&r=g\",\"contentUrl\":\"https:\/\/secure.gravatar.com\/avatar\/55cb5e37c1efa326397366e6974cb338056df65cb50e7d64d1cf314e87504837?s=96&d=mm&r=g\",\"caption\":\"Arnaldo Botto\"},\"url\":\"https:\/\/www.noticiasradioreflejos.com.ar\/2021\/author\/arnaldo\/\"}]}<\/script>\n<!-- \/ Yoast SEO plugin. -->","yoast_head_json":{"title":"A tres meses de la desaparici\u00f3n de Facundo Astudillo Castro, contin\u00faa la investigaci\u00f3n para hallar al joven - Noticias Radio Reflejos","robots":{"index":"index","follow":"follow","max-snippet":"max-snippet:-1","max-image-preview":"max-image-preview:large","max-video-preview":"max-video-preview:-1"},"canonical":"https:\/\/www.noticiasradioreflejos.com.ar\/2021\/a-tres-meses-de-la-desaparicion-de-facundo-astudillo-castro-continua-la-investigacion-para-hallar-al-joven\/","og_locale":"es_ES","og_type":"article","og_title":"A tres meses de la desaparici\u00f3n de Facundo Astudillo Castro, contin\u00faa la investigaci\u00f3n para hallar al joven - Noticias Radio Reflejos","og_description":"Fue visto por \u00faltima vez el 30 de abril en un ret\u00e9n policial, donde le labraron un acta por haber violado la cuarentena","og_url":"https:\/\/www.noticiasradioreflejos.com.ar\/2021\/a-tres-meses-de-la-desaparicion-de-facundo-astudillo-castro-continua-la-investigacion-para-hallar-al-joven\/","og_site_name":"Noticias Radio Reflejos","article_published_time":"2020-07-30T11:18:50+00:00","og_image":[{"url":"http:\/\/live.staticflickr.com\/65535\/50169756212_280de708d4_c.jpg","type":"","width":"","height":""}],"author":"Arnaldo Botto","twitter_card":"summary_large_image","schema":{"@context":"https:\/\/schema.org","@graph":[{"@type":"WebPage","@id":"https:\/\/www.noticiasradioreflejos.com.ar\/2021\/a-tres-meses-de-la-desaparicion-de-facundo-astudillo-castro-continua-la-investigacion-para-hallar-al-joven\/","url":"https:\/\/www.noticiasradioreflejos.com.ar\/2021\/a-tres-meses-de-la-desaparicion-de-facundo-astudillo-castro-continua-la-investigacion-para-hallar-al-joven\/","name":"A tres meses de la desaparici\u00f3n de Facundo Astudillo Castro, contin\u00faa la investigaci\u00f3n para hallar al joven - Noticias Radio Reflejos","isPartOf":{"@id":"https:\/\/www.noticiasradioreflejos.com.ar\/2021\/#website"},"primaryImageOfPage":{"@id":"https:\/\/www.noticiasradioreflejos.com.ar\/2021\/a-tres-meses-de-la-desaparicion-de-facundo-astudillo-castro-continua-la-investigacion-para-hallar-al-joven\/#primaryimage"},"image":{"@id":"https:\/\/www.noticiasradioreflejos.com.ar\/2021\/a-tres-meses-de-la-desaparicion-de-facundo-astudillo-castro-continua-la-investigacion-para-hallar-al-joven\/#primaryimage"},"thumbnailUrl":"http:\/\/live.staticflickr.com\/65535\/50169756212_280de708d4_c.jpg","datePublished":"2020-07-30T11:18:50+00:00","author":{"@id":"https:\/\/www.noticiasradioreflejos.com.ar\/2021\/#\/schema\/person\/ad82545263dcc5ec0996818884fd5fb1"},"breadcrumb":{"@id":"https:\/\/www.noticiasradioreflejos.com.ar\/2021\/a-tres-meses-de-la-desaparicion-de-facundo-astudillo-castro-continua-la-investigacion-para-hallar-al-joven\/#breadcrumb"},"inLanguage":"es","potentialAction":[{"@type":"ReadAction","target":["https:\/\/www.noticiasradioreflejos.com.ar\/2021\/a-tres-meses-de-la-desaparicion-de-facundo-astudillo-castro-continua-la-investigacion-para-hallar-al-joven\/"]}]},{"@type":"ImageObject","inLanguage":"es","@id":"https:\/\/www.noticiasradioreflejos.com.ar\/2021\/a-tres-meses-de-la-desaparicion-de-facundo-astudillo-castro-continua-la-investigacion-para-hallar-al-joven\/#primaryimage","url":"http:\/\/live.staticflickr.com\/65535\/50169756212_280de708d4_c.jpg","contentUrl":"http:\/\/live.staticflickr.com\/65535\/50169756212_280de708d4_c.jpg"},{"@type":"BreadcrumbList","@id":"https:\/\/www.noticiasradioreflejos.com.ar\/2021\/a-tres-meses-de-la-desaparicion-de-facundo-astudillo-castro-continua-la-investigacion-para-hallar-al-joven\/#breadcrumb","itemListElement":[{"@type":"ListItem","position":1,"name":"Portada","item":"https:\/\/www.noticiasradioreflejos.com.ar\/2021\/"},{"@type":"ListItem","position":2,"name":"A tres meses de la desaparici\u00f3n de Facundo Astudillo Castro, contin\u00faa la investigaci\u00f3n para hallar al joven"}]},{"@type":"WebSite","@id":"https:\/\/www.noticiasradioreflejos.com.ar\/2021\/#website","url":"https:\/\/www.noticiasradioreflejos.com.ar\/2021\/","name":"Noticias Radio Reflejos","description":"Las noticias de mi comarca","potentialAction":[{"@type":"SearchAction","target":{"@type":"EntryPoint","urlTemplate":"https:\/\/www.noticiasradioreflejos.com.ar\/2021\/?s={search_term_string}"},"query-input":{"@type":"PropertyValueSpecification","valueRequired":true,"valueName":"search_term_string"}}],"inLanguage":"es"},{"@type":"Person","@id":"https:\/\/www.noticiasradioreflejos.com.ar\/2021\/#\/schema\/person\/ad82545263dcc5ec0996818884fd5fb1","name":"Arnaldo Botto","image":{"@type":"ImageObject","inLanguage":"es","@id":"https:\/\/www.noticiasradioreflejos.com.ar\/2021\/#\/schema\/person\/image\/","url":"https:\/\/secure.gravatar.com\/avatar\/55cb5e37c1efa326397366e6974cb338056df65cb50e7d64d1cf314e87504837?s=96&d=mm&r=g","contentUrl":"https:\/\/secure.gravatar.com\/avatar\/55cb5e37c1efa326397366e6974cb338056df65cb50e7d64d1cf314e87504837?s=96&d=mm&r=g","caption":"Arnaldo Botto"},"url":"https:\/\/www.noticiasradioreflejos.com.ar\/2021\/author\/arnaldo\/"}]}},"_links":{"self":[{"href":"https:\/\/www.noticiasradioreflejos.com.ar\/2021\/wp-json\/wp\/v2\/posts\/45156","targetHints":{"allow":["GET"]}}],"collection":[{"href":"https:\/\/www.noticiasradioreflejos.com.ar\/2021\/wp-json\/wp\/v2\/posts"}],"about":[{"href":"https:\/\/www.noticiasradioreflejos.com.ar\/2021\/wp-json\/wp\/v2\/types\/post"}],"author":[{"embeddable":true,"href":"https:\/\/www.noticiasradioreflejos.com.ar\/2021\/wp-json\/wp\/v2\/users\/3"}],"replies":[{"embeddable":true,"href":"https:\/\/www.noticiasradioreflejos.com.ar\/2021\/wp-json\/wp\/v2\/comments?post=45156"}],"version-history":[{"count":0,"href":"https:\/\/www.noticiasradioreflejos.com.ar\/2021\/wp-json\/wp\/v2\/posts\/45156\/revisions"}],"wp:attachment":[{"href":"https:\/\/www.noticiasradioreflejos.com.ar\/2021\/wp-json\/wp\/v2\/media?parent=45156"}],"wp:term":[{"taxonomy":"category","embeddable":true,"href":"https:\/\/www.noticiasradioreflejos.com.ar\/2021\/wp-json\/wp\/v2\/categories?post=45156"},{"taxonomy":"post_tag","embeddable":true,"href":"https:\/\/www.noticiasradioreflejos.com.ar\/2021\/wp-json\/wp\/v2\/tags?post=45156"}],"curies":[{"name":"wp","href":"https:\/\/api.w.org\/{rel}","templated":true}]}}