{"id":45146,"date":"2020-07-29T18:09:05","date_gmt":"2020-07-29T21:09:05","guid":{"rendered":"http:\/\/www.noticiasradioreflejos.com.ar\/noticias\/?p=45146"},"modified":"2020-07-29T18:09:05","modified_gmt":"2020-07-29T21:09:05","slug":"a-partir-del-viernes-los-docentes-pueden-gestionar-el-prestamo-para-comprar-computadoras","status":"publish","type":"post","link":"https:\/\/www.noticiasradioreflejos.com.ar\/2021\/a-partir-del-viernes-los-docentes-pueden-gestionar-el-prestamo-para-comprar-computadoras\/","title":{"rendered":"A partir del viernes, los docentes pueden gestionar el pr\u00e9stamo para comprar computadoras"},"content":{"rendered":"<p>A partir del pr\u00f3ximo viernes 31 de julio, los docentes beneficiarios del Fonid podr\u00e1n comenzar la gesti\u00f3n del pr\u00e9stamo para la adquisici\u00f3n de equipamiento inform\u00e1tico a trav\u00e9s de la p\u00e1gina web del Banco Naci\u00f3n, inform\u00f3 la entidad en un comunicado.<!--more--><br \/>\nAyer el ministerio de Educaci\u00f3n anunci\u00f3 que docentes y profesores podr\u00e1n acceder a cr\u00e9ditos de hasta 100 mil pesos que podr\u00e1n pagar en 36 cuotas para acceder a computadoras.<\/p>\n<p>\u00abEl tr\u00e1mite se inicia en la web de la entidad, www.bna.com.ar. Una vez que accede a la p\u00e1gina, deber\u00e1 seleccionar el banner \u00abPrograma PC Docentes\u00bb, ingresar el CUIL y el correo electr\u00f3nico y posteriormente se proceder\u00e1 a la validaci\u00f3n de la identidad\u00bb, explic\u00f3 un comunicado de prensa del Banco Naci\u00f3n.<\/p>\n<p>Desde el sitio web se mostrar\u00e1 \u00abel MarketPlace para seleccionar la computadora o equipamiento inform\u00e1tico de su preferencia\u00bb.<\/p>\n<p>Finalmente recibir\u00e1 el contacto desde el Banco Naci\u00f3n para asignarle un turno para la firma de la documentaci\u00f3n, reconfirmar el producto seleccionado que recibir\u00e1 en su domicilio.<\/p>\n<p>La inversi\u00f3n inicial que realizar\u00e1 la cartera educativa para subsidiar la tasa de inter\u00e9s ser\u00e1 de 50 millones de pesos, se inform\u00f3.<\/p>\n<p>\u00abLas y los docentes cuyo ingreso equivale hasta cuatro salarios m\u00ednimos, vitales y m\u00f3viles, podr\u00e1n acceder a cr\u00e9ditos de hasta 100 mil pesos, con una tasa de inter\u00e9s del 12%, con 36 cuotas de $1700 (promedio) para equipos de hasta $50.000, $2500 para aquellos de hasta $75.000 y $3400 para los que alcancen los $100.000\u00bb, explicaron.<\/p>\n","protected":false},"excerpt":{"rendered":"<p>A partir del pr\u00f3ximo viernes 31 de julio, los docentes beneficiarios del Fonid podr\u00e1n comenzar la gesti\u00f3n del pr\u00e9stamo para la adquisici\u00f3n de equipamiento inform\u00e1tico a trav\u00e9s de la p\u00e1gina web del Banco Naci\u00f3n, inform\u00f3 la entidad en un comunicado.<\/p>\n","protected":false},"author":3,"featured_media":0,"comment_status":"closed","ping_status":"open","sticky":false,"template":"","format":"standard","meta":{"footnotes":""},"categories":[34],"tags":[],"class_list":["post-45146","post","type-post","status-publish","format-standard","hentry","category-educacion"],"yoast_head":"<!-- This site is optimized with the Yoast SEO plugin v25.9 - https:\/\/yoast.com\/wordpress\/plugins\/seo\/ -->\n<title>A partir del viernes, los docentes pueden gestionar el pr\u00e9stamo para comprar computadoras - Noticias Radio Reflejos<\/title>\n<meta name=\"robots\" content=\"index, follow, max-snippet:-1, max-image-preview:large, max-video-preview:-1\" \/>\n<link rel=\"canonical\" href=\"https:\/\/www.noticiasradioreflejos.com.ar\/2021\/a-partir-del-viernes-los-docentes-pueden-gestionar-el-prestamo-para-comprar-computadoras\/\" \/>\n<meta property=\"og:locale\" content=\"es_ES\" \/>\n<meta property=\"og:type\" content=\"article\" \/>\n<meta property=\"og:title\" content=\"A partir del viernes, los docentes pueden gestionar el pr\u00e9stamo para comprar computadoras - Noticias Radio Reflejos\" \/>\n<meta property=\"og:description\" content=\"A partir del pr\u00f3ximo viernes 31 de julio, los docentes beneficiarios del Fonid podr\u00e1n comenzar la gesti\u00f3n del pr\u00e9stamo para la adquisici\u00f3n de equipamiento inform\u00e1tico a trav\u00e9s de la p\u00e1gina web del Banco Naci\u00f3n, inform\u00f3 la entidad en un comunicado.\" \/>\n<meta property=\"og:url\" content=\"https:\/\/www.noticiasradioreflejos.com.ar\/2021\/a-partir-del-viernes-los-docentes-pueden-gestionar-el-prestamo-para-comprar-computadoras\/\" \/>\n<meta property=\"og:site_name\" content=\"Noticias Radio Reflejos\" \/>\n<meta property=\"article:published_time\" content=\"2020-07-29T21:09:05+00:00\" \/>\n<meta property=\"og:image\" content=\"https:\/\/www.noticiasradioreflejos.com.ar\/2021\/wp-content\/uploads\/2021\/07\/logosol300x200.png\" \/>\n\t<meta property=\"og:image:width\" content=\"300\" \/>\n\t<meta property=\"og:image:height\" content=\"200\" \/>\n\t<meta property=\"og:image:type\" content=\"image\/png\" \/>\n<meta name=\"author\" content=\"Arnaldo Botto\" \/>\n<meta name=\"twitter:card\" content=\"summary_large_image\" \/>\n<script type=\"application\/ld+json\" class=\"yoast-schema-graph\">{\"@context\":\"https:\/\/schema.org\",\"@graph\":[{\"@type\":\"WebPage\",\"@id\":\"https:\/\/www.noticiasradioreflejos.com.ar\/2021\/a-partir-del-viernes-los-docentes-pueden-gestionar-el-prestamo-para-comprar-computadoras\/\",\"url\":\"https:\/\/www.noticiasradioreflejos.com.ar\/2021\/a-partir-del-viernes-los-docentes-pueden-gestionar-el-prestamo-para-comprar-computadoras\/\",\"name\":\"A partir del viernes, los docentes pueden gestionar el pr\u00e9stamo para comprar computadoras - Noticias Radio Reflejos\",\"isPartOf\":{\"@id\":\"https:\/\/www.noticiasradioreflejos.com.ar\/2021\/#website\"},\"datePublished\":\"2020-07-29T21:09:05+00:00\",\"author\":{\"@id\":\"https:\/\/www.noticiasradioreflejos.com.ar\/2021\/#\/schema\/person\/ad82545263dcc5ec0996818884fd5fb1\"},\"breadcrumb\":{\"@id\":\"https:\/\/www.noticiasradioreflejos.com.ar\/2021\/a-partir-del-viernes-los-docentes-pueden-gestionar-el-prestamo-para-comprar-computadoras\/#breadcrumb\"},\"inLanguage\":\"es\",\"potentialAction\":[{\"@type\":\"ReadAction\",\"target\":[\"https:\/\/www.noticiasradioreflejos.com.ar\/2021\/a-partir-del-viernes-los-docentes-pueden-gestionar-el-prestamo-para-comprar-computadoras\/\"]}]},{\"@type\":\"BreadcrumbList\",\"@id\":\"https:\/\/www.noticiasradioreflejos.com.ar\/2021\/a-partir-del-viernes-los-docentes-pueden-gestionar-el-prestamo-para-comprar-computadoras\/#breadcrumb\",\"itemListElement\":[{\"@type\":\"ListItem\",\"position\":1,\"name\":\"Portada\",\"item\":\"https:\/\/www.noticiasradioreflejos.com.ar\/2021\/\"},{\"@type\":\"ListItem\",\"position\":2,\"name\":\"A partir del viernes, los docentes pueden gestionar el pr\u00e9stamo para comprar computadoras\"}]},{\"@type\":\"WebSite\",\"@id\":\"https:\/\/www.noticiasradioreflejos.com.ar\/2021\/#website\",\"url\":\"https:\/\/www.noticiasradioreflejos.com.ar\/2021\/\",\"name\":\"Noticias Radio Reflejos\",\"description\":\"Las noticias de mi comarca\",\"potentialAction\":[{\"@type\":\"SearchAction\",\"target\":{\"@type\":\"EntryPoint\",\"urlTemplate\":\"https:\/\/www.noticiasradioreflejos.com.ar\/2021\/?s={search_term_string}\"},\"query-input\":{\"@type\":\"PropertyValueSpecification\",\"valueRequired\":true,\"valueName\":\"search_term_string\"}}],\"inLanguage\":\"es\"},{\"@type\":\"Person\",\"@id\":\"https:\/\/www.noticiasradioreflejos.com.ar\/2021\/#\/schema\/person\/ad82545263dcc5ec0996818884fd5fb1\",\"name\":\"Arnaldo Botto\",\"image\":{\"@type\":\"ImageObject\",\"inLanguage\":\"es\",\"@id\":\"https:\/\/www.noticiasradioreflejos.com.ar\/2021\/#\/schema\/person\/image\/\",\"url\":\"https:\/\/secure.gravatar.com\/avatar\/55cb5e37c1efa326397366e6974cb338056df65cb50e7d64d1cf314e87504837?s=96&d=mm&r=g\",\"contentUrl\":\"https:\/\/secure.gravatar.com\/avatar\/55cb5e37c1efa326397366e6974cb338056df65cb50e7d64d1cf314e87504837?s=96&d=mm&r=g\",\"caption\":\"Arnaldo Botto\"},\"url\":\"https:\/\/www.noticiasradioreflejos.com.ar\/2021\/author\/arnaldo\/\"}]}<\/script>\n<!-- \/ Yoast SEO plugin. -->","yoast_head_json":{"title":"A partir del viernes, los docentes pueden gestionar el pr\u00e9stamo para comprar computadoras - Noticias Radio Reflejos","robots":{"index":"index","follow":"follow","max-snippet":"max-snippet:-1","max-image-preview":"max-image-preview:large","max-video-preview":"max-video-preview:-1"},"canonical":"https:\/\/www.noticiasradioreflejos.com.ar\/2021\/a-partir-del-viernes-los-docentes-pueden-gestionar-el-prestamo-para-comprar-computadoras\/","og_locale":"es_ES","og_type":"article","og_title":"A partir del viernes, los docentes pueden gestionar el pr\u00e9stamo para comprar computadoras - Noticias Radio Reflejos","og_description":"A partir del pr\u00f3ximo viernes 31 de julio, los docentes beneficiarios del Fonid podr\u00e1n comenzar la gesti\u00f3n del pr\u00e9stamo para la adquisici\u00f3n de equipamiento inform\u00e1tico a trav\u00e9s de la p\u00e1gina web del Banco Naci\u00f3n, inform\u00f3 la entidad en un comunicado.","og_url":"https:\/\/www.noticiasradioreflejos.com.ar\/2021\/a-partir-del-viernes-los-docentes-pueden-gestionar-el-prestamo-para-comprar-computadoras\/","og_site_name":"Noticias Radio Reflejos","article_published_time":"2020-07-29T21:09:05+00:00","og_image":[{"width":300,"height":200,"url":"https:\/\/www.noticiasradioreflejos.com.ar\/2021\/wp-content\/uploads\/2021\/07\/logosol300x200.png","type":"image\/png"}],"author":"Arnaldo Botto","twitter_card":"summary_large_image","schema":{"@context":"https:\/\/schema.org","@graph":[{"@type":"WebPage","@id":"https:\/\/www.noticiasradioreflejos.com.ar\/2021\/a-partir-del-viernes-los-docentes-pueden-gestionar-el-prestamo-para-comprar-computadoras\/","url":"https:\/\/www.noticiasradioreflejos.com.ar\/2021\/a-partir-del-viernes-los-docentes-pueden-gestionar-el-prestamo-para-comprar-computadoras\/","name":"A partir del viernes, los docentes pueden gestionar el pr\u00e9stamo para comprar computadoras - Noticias Radio Reflejos","isPartOf":{"@id":"https:\/\/www.noticiasradioreflejos.com.ar\/2021\/#website"},"datePublished":"2020-07-29T21:09:05+00:00","author":{"@id":"https:\/\/www.noticiasradioreflejos.com.ar\/2021\/#\/schema\/person\/ad82545263dcc5ec0996818884fd5fb1"},"breadcrumb":{"@id":"https:\/\/www.noticiasradioreflejos.com.ar\/2021\/a-partir-del-viernes-los-docentes-pueden-gestionar-el-prestamo-para-comprar-computadoras\/#breadcrumb"},"inLanguage":"es","potentialAction":[{"@type":"ReadAction","target":["https:\/\/www.noticiasradioreflejos.com.ar\/2021\/a-partir-del-viernes-los-docentes-pueden-gestionar-el-prestamo-para-comprar-computadoras\/"]}]},{"@type":"BreadcrumbList","@id":"https:\/\/www.noticiasradioreflejos.com.ar\/2021\/a-partir-del-viernes-los-docentes-pueden-gestionar-el-prestamo-para-comprar-computadoras\/#breadcrumb","itemListElement":[{"@type":"ListItem","position":1,"name":"Portada","item":"https:\/\/www.noticiasradioreflejos.com.ar\/2021\/"},{"@type":"ListItem","position":2,"name":"A partir del viernes, los docentes pueden gestionar el pr\u00e9stamo para comprar computadoras"}]},{"@type":"WebSite","@id":"https:\/\/www.noticiasradioreflejos.com.ar\/2021\/#website","url":"https:\/\/www.noticiasradioreflejos.com.ar\/2021\/","name":"Noticias Radio Reflejos","description":"Las noticias de mi comarca","potentialAction":[{"@type":"SearchAction","target":{"@type":"EntryPoint","urlTemplate":"https:\/\/www.noticiasradioreflejos.com.ar\/2021\/?s={search_term_string}"},"query-input":{"@type":"PropertyValueSpecification","valueRequired":true,"valueName":"search_term_string"}}],"inLanguage":"es"},{"@type":"Person","@id":"https:\/\/www.noticiasradioreflejos.com.ar\/2021\/#\/schema\/person\/ad82545263dcc5ec0996818884fd5fb1","name":"Arnaldo Botto","image":{"@type":"ImageObject","inLanguage":"es","@id":"https:\/\/www.noticiasradioreflejos.com.ar\/2021\/#\/schema\/person\/image\/","url":"https:\/\/secure.gravatar.com\/avatar\/55cb5e37c1efa326397366e6974cb338056df65cb50e7d64d1cf314e87504837?s=96&d=mm&r=g","contentUrl":"https:\/\/secure.gravatar.com\/avatar\/55cb5e37c1efa326397366e6974cb338056df65cb50e7d64d1cf314e87504837?s=96&d=mm&r=g","caption":"Arnaldo Botto"},"url":"https:\/\/www.noticiasradioreflejos.com.ar\/2021\/author\/arnaldo\/"}]}},"_links":{"self":[{"href":"https:\/\/www.noticiasradioreflejos.com.ar\/2021\/wp-json\/wp\/v2\/posts\/45146","targetHints":{"allow":["GET"]}}],"collection":[{"href":"https:\/\/www.noticiasradioreflejos.com.ar\/2021\/wp-json\/wp\/v2\/posts"}],"about":[{"href":"https:\/\/www.noticiasradioreflejos.com.ar\/2021\/wp-json\/wp\/v2\/types\/post"}],"author":[{"embeddable":true,"href":"https:\/\/www.noticiasradioreflejos.com.ar\/2021\/wp-json\/wp\/v2\/users\/3"}],"replies":[{"embeddable":true,"href":"https:\/\/www.noticiasradioreflejos.com.ar\/2021\/wp-json\/wp\/v2\/comments?post=45146"}],"version-history":[{"count":0,"href":"https:\/\/www.noticiasradioreflejos.com.ar\/2021\/wp-json\/wp\/v2\/posts\/45146\/revisions"}],"wp:attachment":[{"href":"https:\/\/www.noticiasradioreflejos.com.ar\/2021\/wp-json\/wp\/v2\/media?parent=45146"}],"wp:term":[{"taxonomy":"category","embeddable":true,"href":"https:\/\/www.noticiasradioreflejos.com.ar\/2021\/wp-json\/wp\/v2\/categories?post=45146"},{"taxonomy":"post_tag","embeddable":true,"href":"https:\/\/www.noticiasradioreflejos.com.ar\/2021\/wp-json\/wp\/v2\/tags?post=45146"}],"curies":[{"name":"wp","href":"https:\/\/api.w.org\/{rel}","templated":true}]}}