{"id":45141,"date":"2020-07-29T18:01:41","date_gmt":"2020-07-29T21:01:41","guid":{"rendered":"http:\/\/www.noticiasradioreflejos.com.ar\/noticias\/?p=45141"},"modified":"2020-07-29T18:01:41","modified_gmt":"2020-07-29T21:01:41","slug":"la-salida-de-esta-crisis-es-colectiva-y-creo-que-sergio-bordoni-dio-un-paso-muy-importante-para-saltar-la-grieta-y-salir-entre-todos-sin-importar-las-banderas-politicas-bruno-zacconi","status":"publish","type":"post","link":"https:\/\/www.noticiasradioreflejos.com.ar\/2021\/la-salida-de-esta-crisis-es-colectiva-y-creo-que-sergio-bordoni-dio-un-paso-muy-importante-para-saltar-la-grieta-y-salir-entre-todos-sin-importar-las-banderas-politicas-bruno-zacconi\/","title":{"rendered":"\u00abLa salida de esta crisis es colectiva y creo que Sergio Bordoni dio un paso muy importante para saltar la grieta y salir entre todos sin importar las banderas pol\u00edticas\u201d. &#8211; Bruno Zacconi"},"content":{"rendered":"<p>El flamante Director de Juventud, G\u00e9nero y Diversidad Sexual habl\u00f3 de su nueva funci\u00f3n dentro del gabinete de Bordoni y de los proyectos dentro de su \u00e1rea a cargo, destacando las pol\u00edticas de los gobiernos Nacional y Provincial. Este lunes, el joven Bruno Zacconi asumi\u00f3 como Director de Juventud, G\u00e9nero y Diversidad Sexual de la Municipalidad de Tornquist, luego de la salida del Dr. Gerardo Bucchi tras el alejamiento del intendente Sergio Bordoni de Juntos por el Cambio.<!--more--><\/p>\n<p>Bruno es Licenciado en Ciencias Pol\u00edticas recibido en la Universidad Cat\u00f3lica Argentina (UCA), y este mi\u00e9rcoles dialog\u00f3 con nuestro medio para referirse a la convocatoria a formar parte del gabinete comunal y para brindar detalles de los proyectos que se llevar\u00e1n a cabo desde el \u00e1rea que conduce.<\/p>\n<p>\u201cCuando era m\u00e1s chico militaba en el PJ, despu\u00e9s me fui a estudiar a Buenos Aires, me recib\u00ed en febrero de este a\u00f1o y ahora, el tema de la pandemia, me encontr\u00f3 en Tornquist de vuelta\u201d, coment\u00f3 y a\u00f1adi\u00f3: \u201cMe tom\u00f3 de sorpresa la convocatoria de Sergio; me llam\u00f3 por tel\u00e9fono, nos juntamos a charlar, me propuso darle un nuevo enfoque a la direcci\u00f3n e incorporar nuevos temas como el g\u00e9nero y la diversidad sexual, y acept\u00e9\u201d.<\/p>\n<p>En cuanto a su predecesor, indic\u00f3 que \u201cCoie fue profesor m\u00edo; este martes tuvimos una reuni\u00f3n s\u00faper productiva, donde me expres\u00f3 las ideas que \u00e9l ten\u00eda, y vamos a trabajar en la misma l\u00ednea; las cosas que est\u00e1n bien hechas hay que dejarlas y, en otras, vamos a tratar de darle nuestra impronta\u201d.<\/p>\n<p>En el \u00e1rea de Juventud, \u201cla idea es seguir con los programas que se est\u00e1n llevando a cabo, como el \u2018Elige tu propia aventura\u2019, por el cual los chicos del \u00faltimo a\u00f1o del secundario ten\u00edan su pr\u00e1ctica profesional en el mundo laboral; vamos a ver c\u00f3mo lo podemos reversionar. Y tenemos ganas de relanzar el programa \u2018Sanitos\u2019, que tiene que ver con las sanidad de los adolescentes, impuls\u00e1ndolo desde los clubes\u201d.<\/p>\n<p>\u201cEn G\u00e9nero, en tanto, estamos trabajando con muchas propuestas \u2013continu\u00f3-, poniendo el foco muy importante en la violencia de g\u00e9nero\u201d.<\/p>\n<p>En ese sentido, subray\u00f3 las pol\u00edticas respectivas del gobierno Nacional y Provincial: \u201cCreo que un Estado que no recoge los cambios sociales y culturales, es un Estado amorfo y no le sirve a nadie. Con todo lo que viene pasando hace unos cinco a\u00f1os con las marchas del \u2018Ni una menos\u2019, con el movimiento feminista y el de la diversidad sexual, la Argentina ha impulsado pol\u00edticas p\u00fablicas que favorezcan estos cambios sociales, que no son m\u00e1s que la adquisici\u00f3n de las personas que no quitan derechos para los dem\u00e1s\u201d.<\/p>\n<p>\u201cA corto plazo, estamos programando reuniones con diversos actores sociales, como el Consejo Municipal de Mujeres y el Colectivo del LGTB, y adem\u00e1s de trabajar con las becas y las casas de estudio\u201d, dijo m\u00e1s adelante.<\/p>\n<p>Por \u00faltimo, expres\u00f3, \u201cComo dice el presidente Alberto Fern\u00e1ndez, la salida de esta crisis es colectiva y creo que Sergio Bordoni dio un paso muy importante para saltar la grieta y salir entre todos sin importar las banderas pol\u00edticas\u201d.<\/p>\n<p><iframe loading=\"lazy\" width=\"100%\" height=\"300\" scrolling=\"no\" frameborder=\"no\" allow=\"autoplay\" src=\"https:\/\/w.soundcloud.com\/player\/?url=https%3A\/\/api.soundcloud.com\/tracks\/866635969&#038;color=%23ff5500&#038;auto_play=false&#038;hide_related=false&#038;show_comments=true&#038;show_user=true&#038;show_reposts=false&#038;show_teaser=true&#038;visual=true\"><\/iframe><\/p>\n<div style=\"font-size: 10px; color: #cccccc;line-break: anywhere;word-break: normal;overflow: hidden;white-space: nowrap;text-overflow: ellipsis; font-family: Interstate,Lucida Grande,Lucida Sans Unicode,Lucida Sans,Garuda,Verdana,Tahoma,sans-serif;font-weight: 100;\"><a href=\"https:\/\/soundcloud.com\/fmreflejos-103-7\" title=\"fmreflejos 103.7\" target=\"_blank\" style=\"color: #cccccc; text-decoration: none;\" rel=\"noopener\">fmreflejos 103.7<\/a> \u00b7 <a href=\"https:\/\/soundcloud.com\/fmreflejos-103-7\/nota-bruno-zaconni\" title=\"Nota Bruno Zaconni\" target=\"_blank\" style=\"color: #cccccc; text-decoration: none;\" rel=\"noopener\">Nota Bruno Zaconni<\/a><\/div>\n","protected":false},"excerpt":{"rendered":"<p>El flamante Director de Juventud, G\u00e9nero y Diversidad Sexual habl\u00f3 de su nueva funci\u00f3n dentro del gabinete de Bordoni y de los proyectos dentro de su \u00e1rea a cargo, destacando las pol\u00edticas de los gobiernos Nacional y Provincial. Este lunes, el joven Bruno Zacconi asumi\u00f3 como Director de Juventud, G\u00e9nero y Diversidad Sexual de la [&hellip;]<\/p>\n","protected":false},"author":3,"featured_media":0,"comment_status":"closed","ping_status":"open","sticky":false,"template":"","format":"standard","meta":{"footnotes":""},"categories":[24],"tags":[],"class_list":["post-45141","post","type-post","status-publish","format-standard","hentry","category-politica"],"yoast_head":"<!-- This site is optimized with the Yoast SEO plugin v25.9 - https:\/\/yoast.com\/wordpress\/plugins\/seo\/ -->\n<title>&quot;La salida de esta crisis es colectiva y creo que Sergio Bordoni dio un paso muy importante para saltar la grieta y salir entre todos sin importar las banderas pol\u00edticas\u201d. - Bruno Zacconi - Noticias Radio Reflejos<\/title>\n<meta name=\"robots\" content=\"index, follow, max-snippet:-1, max-image-preview:large, max-video-preview:-1\" \/>\n<link rel=\"canonical\" href=\"https:\/\/www.noticiasradioreflejos.com.ar\/2021\/la-salida-de-esta-crisis-es-colectiva-y-creo-que-sergio-bordoni-dio-un-paso-muy-importante-para-saltar-la-grieta-y-salir-entre-todos-sin-importar-las-banderas-politicas-bruno-zacconi\/\" \/>\n<meta property=\"og:locale\" content=\"es_ES\" \/>\n<meta property=\"og:type\" content=\"article\" \/>\n<meta property=\"og:title\" content=\"&quot;La salida de esta crisis es colectiva y creo que Sergio Bordoni dio un paso muy importante para saltar la grieta y salir entre todos sin importar las banderas pol\u00edticas\u201d. - Bruno Zacconi - Noticias Radio Reflejos\" \/>\n<meta property=\"og:description\" content=\"El flamante Director de Juventud, G\u00e9nero y Diversidad Sexual habl\u00f3 de su nueva funci\u00f3n dentro del gabinete de Bordoni y de los proyectos dentro de su \u00e1rea a cargo, destacando las pol\u00edticas de los gobiernos Nacional y Provincial. Este lunes, el joven Bruno Zacconi asumi\u00f3 como Director de Juventud, G\u00e9nero y Diversidad Sexual de la [&hellip;]\" \/>\n<meta property=\"og:url\" content=\"https:\/\/www.noticiasradioreflejos.com.ar\/2021\/la-salida-de-esta-crisis-es-colectiva-y-creo-que-sergio-bordoni-dio-un-paso-muy-importante-para-saltar-la-grieta-y-salir-entre-todos-sin-importar-las-banderas-politicas-bruno-zacconi\/\" \/>\n<meta property=\"og:site_name\" content=\"Noticias Radio Reflejos\" \/>\n<meta property=\"article:published_time\" content=\"2020-07-29T21:01:41+00:00\" \/>\n<meta property=\"og:image\" content=\"https:\/\/www.noticiasradioreflejos.com.ar\/2021\/wp-content\/uploads\/2021\/07\/logosol300x200.png\" \/>\n\t<meta property=\"og:image:width\" content=\"300\" \/>\n\t<meta property=\"og:image:height\" content=\"200\" \/>\n\t<meta property=\"og:image:type\" content=\"image\/png\" \/>\n<meta name=\"author\" content=\"Arnaldo Botto\" \/>\n<meta name=\"twitter:card\" content=\"summary_large_image\" \/>\n<script type=\"application\/ld+json\" class=\"yoast-schema-graph\">{\"@context\":\"https:\/\/schema.org\",\"@graph\":[{\"@type\":\"WebPage\",\"@id\":\"https:\/\/www.noticiasradioreflejos.com.ar\/2021\/la-salida-de-esta-crisis-es-colectiva-y-creo-que-sergio-bordoni-dio-un-paso-muy-importante-para-saltar-la-grieta-y-salir-entre-todos-sin-importar-las-banderas-politicas-bruno-zacconi\/\",\"url\":\"https:\/\/www.noticiasradioreflejos.com.ar\/2021\/la-salida-de-esta-crisis-es-colectiva-y-creo-que-sergio-bordoni-dio-un-paso-muy-importante-para-saltar-la-grieta-y-salir-entre-todos-sin-importar-las-banderas-politicas-bruno-zacconi\/\",\"name\":\"\\\"La salida de esta crisis es colectiva y creo que Sergio Bordoni dio un paso muy importante para saltar la grieta y salir entre todos sin importar las banderas pol\u00edticas\u201d. - Bruno Zacconi - Noticias Radio Reflejos\",\"isPartOf\":{\"@id\":\"https:\/\/www.noticiasradioreflejos.com.ar\/2021\/#website\"},\"datePublished\":\"2020-07-29T21:01:41+00:00\",\"author\":{\"@id\":\"https:\/\/www.noticiasradioreflejos.com.ar\/2021\/#\/schema\/person\/ad82545263dcc5ec0996818884fd5fb1\"},\"breadcrumb\":{\"@id\":\"https:\/\/www.noticiasradioreflejos.com.ar\/2021\/la-salida-de-esta-crisis-es-colectiva-y-creo-que-sergio-bordoni-dio-un-paso-muy-importante-para-saltar-la-grieta-y-salir-entre-todos-sin-importar-las-banderas-politicas-bruno-zacconi\/#breadcrumb\"},\"inLanguage\":\"es\",\"potentialAction\":[{\"@type\":\"ReadAction\",\"target\":[\"https:\/\/www.noticiasradioreflejos.com.ar\/2021\/la-salida-de-esta-crisis-es-colectiva-y-creo-que-sergio-bordoni-dio-un-paso-muy-importante-para-saltar-la-grieta-y-salir-entre-todos-sin-importar-las-banderas-politicas-bruno-zacconi\/\"]}]},{\"@type\":\"BreadcrumbList\",\"@id\":\"https:\/\/www.noticiasradioreflejos.com.ar\/2021\/la-salida-de-esta-crisis-es-colectiva-y-creo-que-sergio-bordoni-dio-un-paso-muy-importante-para-saltar-la-grieta-y-salir-entre-todos-sin-importar-las-banderas-politicas-bruno-zacconi\/#breadcrumb\",\"itemListElement\":[{\"@type\":\"ListItem\",\"position\":1,\"name\":\"Portada\",\"item\":\"https:\/\/www.noticiasradioreflejos.com.ar\/2021\/\"},{\"@type\":\"ListItem\",\"position\":2,\"name\":\"\u00abLa salida de esta crisis es colectiva y creo que Sergio Bordoni dio un paso muy importante para saltar la grieta y salir entre todos sin importar las banderas pol\u00edticas\u201d. &#8211; Bruno Zacconi\"}]},{\"@type\":\"WebSite\",\"@id\":\"https:\/\/www.noticiasradioreflejos.com.ar\/2021\/#website\",\"url\":\"https:\/\/www.noticiasradioreflejos.com.ar\/2021\/\",\"name\":\"Noticias Radio Reflejos\",\"description\":\"Las noticias de mi comarca\",\"potentialAction\":[{\"@type\":\"SearchAction\",\"target\":{\"@type\":\"EntryPoint\",\"urlTemplate\":\"https:\/\/www.noticiasradioreflejos.com.ar\/2021\/?s={search_term_string}\"},\"query-input\":{\"@type\":\"PropertyValueSpecification\",\"valueRequired\":true,\"valueName\":\"search_term_string\"}}],\"inLanguage\":\"es\"},{\"@type\":\"Person\",\"@id\":\"https:\/\/www.noticiasradioreflejos.com.ar\/2021\/#\/schema\/person\/ad82545263dcc5ec0996818884fd5fb1\",\"name\":\"Arnaldo Botto\",\"image\":{\"@type\":\"ImageObject\",\"inLanguage\":\"es\",\"@id\":\"https:\/\/www.noticiasradioreflejos.com.ar\/2021\/#\/schema\/person\/image\/\",\"url\":\"https:\/\/secure.gravatar.com\/avatar\/55cb5e37c1efa326397366e6974cb338056df65cb50e7d64d1cf314e87504837?s=96&d=mm&r=g\",\"contentUrl\":\"https:\/\/secure.gravatar.com\/avatar\/55cb5e37c1efa326397366e6974cb338056df65cb50e7d64d1cf314e87504837?s=96&d=mm&r=g\",\"caption\":\"Arnaldo Botto\"},\"url\":\"https:\/\/www.noticiasradioreflejos.com.ar\/2021\/author\/arnaldo\/\"}]}<\/script>\n<!-- \/ Yoast SEO plugin. -->","yoast_head_json":{"title":"\"La salida de esta crisis es colectiva y creo que Sergio Bordoni dio un paso muy importante para saltar la grieta y salir entre todos sin importar las banderas pol\u00edticas\u201d. - Bruno Zacconi - Noticias Radio Reflejos","robots":{"index":"index","follow":"follow","max-snippet":"max-snippet:-1","max-image-preview":"max-image-preview:large","max-video-preview":"max-video-preview:-1"},"canonical":"https:\/\/www.noticiasradioreflejos.com.ar\/2021\/la-salida-de-esta-crisis-es-colectiva-y-creo-que-sergio-bordoni-dio-un-paso-muy-importante-para-saltar-la-grieta-y-salir-entre-todos-sin-importar-las-banderas-politicas-bruno-zacconi\/","og_locale":"es_ES","og_type":"article","og_title":"\"La salida de esta crisis es colectiva y creo que Sergio Bordoni dio un paso muy importante para saltar la grieta y salir entre todos sin importar las banderas pol\u00edticas\u201d. - Bruno Zacconi - Noticias Radio Reflejos","og_description":"El flamante Director de Juventud, G\u00e9nero y Diversidad Sexual habl\u00f3 de su nueva funci\u00f3n dentro del gabinete de Bordoni y de los proyectos dentro de su \u00e1rea a cargo, destacando las pol\u00edticas de los gobiernos Nacional y Provincial. Este lunes, el joven Bruno Zacconi asumi\u00f3 como Director de Juventud, G\u00e9nero y Diversidad Sexual de la [&hellip;]","og_url":"https:\/\/www.noticiasradioreflejos.com.ar\/2021\/la-salida-de-esta-crisis-es-colectiva-y-creo-que-sergio-bordoni-dio-un-paso-muy-importante-para-saltar-la-grieta-y-salir-entre-todos-sin-importar-las-banderas-politicas-bruno-zacconi\/","og_site_name":"Noticias Radio Reflejos","article_published_time":"2020-07-29T21:01:41+00:00","og_image":[{"width":300,"height":200,"url":"https:\/\/www.noticiasradioreflejos.com.ar\/2021\/wp-content\/uploads\/2021\/07\/logosol300x200.png","type":"image\/png"}],"author":"Arnaldo Botto","twitter_card":"summary_large_image","schema":{"@context":"https:\/\/schema.org","@graph":[{"@type":"WebPage","@id":"https:\/\/www.noticiasradioreflejos.com.ar\/2021\/la-salida-de-esta-crisis-es-colectiva-y-creo-que-sergio-bordoni-dio-un-paso-muy-importante-para-saltar-la-grieta-y-salir-entre-todos-sin-importar-las-banderas-politicas-bruno-zacconi\/","url":"https:\/\/www.noticiasradioreflejos.com.ar\/2021\/la-salida-de-esta-crisis-es-colectiva-y-creo-que-sergio-bordoni-dio-un-paso-muy-importante-para-saltar-la-grieta-y-salir-entre-todos-sin-importar-las-banderas-politicas-bruno-zacconi\/","name":"\"La salida de esta crisis es colectiva y creo que Sergio Bordoni dio un paso muy importante para saltar la grieta y salir entre todos sin importar las banderas pol\u00edticas\u201d. - Bruno Zacconi - Noticias Radio Reflejos","isPartOf":{"@id":"https:\/\/www.noticiasradioreflejos.com.ar\/2021\/#website"},"datePublished":"2020-07-29T21:01:41+00:00","author":{"@id":"https:\/\/www.noticiasradioreflejos.com.ar\/2021\/#\/schema\/person\/ad82545263dcc5ec0996818884fd5fb1"},"breadcrumb":{"@id":"https:\/\/www.noticiasradioreflejos.com.ar\/2021\/la-salida-de-esta-crisis-es-colectiva-y-creo-que-sergio-bordoni-dio-un-paso-muy-importante-para-saltar-la-grieta-y-salir-entre-todos-sin-importar-las-banderas-politicas-bruno-zacconi\/#breadcrumb"},"inLanguage":"es","potentialAction":[{"@type":"ReadAction","target":["https:\/\/www.noticiasradioreflejos.com.ar\/2021\/la-salida-de-esta-crisis-es-colectiva-y-creo-que-sergio-bordoni-dio-un-paso-muy-importante-para-saltar-la-grieta-y-salir-entre-todos-sin-importar-las-banderas-politicas-bruno-zacconi\/"]}]},{"@type":"BreadcrumbList","@id":"https:\/\/www.noticiasradioreflejos.com.ar\/2021\/la-salida-de-esta-crisis-es-colectiva-y-creo-que-sergio-bordoni-dio-un-paso-muy-importante-para-saltar-la-grieta-y-salir-entre-todos-sin-importar-las-banderas-politicas-bruno-zacconi\/#breadcrumb","itemListElement":[{"@type":"ListItem","position":1,"name":"Portada","item":"https:\/\/www.noticiasradioreflejos.com.ar\/2021\/"},{"@type":"ListItem","position":2,"name":"\u00abLa salida de esta crisis es colectiva y creo que Sergio Bordoni dio un paso muy importante para saltar la grieta y salir entre todos sin importar las banderas pol\u00edticas\u201d. &#8211; Bruno Zacconi"}]},{"@type":"WebSite","@id":"https:\/\/www.noticiasradioreflejos.com.ar\/2021\/#website","url":"https:\/\/www.noticiasradioreflejos.com.ar\/2021\/","name":"Noticias Radio Reflejos","description":"Las noticias de mi comarca","potentialAction":[{"@type":"SearchAction","target":{"@type":"EntryPoint","urlTemplate":"https:\/\/www.noticiasradioreflejos.com.ar\/2021\/?s={search_term_string}"},"query-input":{"@type":"PropertyValueSpecification","valueRequired":true,"valueName":"search_term_string"}}],"inLanguage":"es"},{"@type":"Person","@id":"https:\/\/www.noticiasradioreflejos.com.ar\/2021\/#\/schema\/person\/ad82545263dcc5ec0996818884fd5fb1","name":"Arnaldo Botto","image":{"@type":"ImageObject","inLanguage":"es","@id":"https:\/\/www.noticiasradioreflejos.com.ar\/2021\/#\/schema\/person\/image\/","url":"https:\/\/secure.gravatar.com\/avatar\/55cb5e37c1efa326397366e6974cb338056df65cb50e7d64d1cf314e87504837?s=96&d=mm&r=g","contentUrl":"https:\/\/secure.gravatar.com\/avatar\/55cb5e37c1efa326397366e6974cb338056df65cb50e7d64d1cf314e87504837?s=96&d=mm&r=g","caption":"Arnaldo Botto"},"url":"https:\/\/www.noticiasradioreflejos.com.ar\/2021\/author\/arnaldo\/"}]}},"_links":{"self":[{"href":"https:\/\/www.noticiasradioreflejos.com.ar\/2021\/wp-json\/wp\/v2\/posts\/45141","targetHints":{"allow":["GET"]}}],"collection":[{"href":"https:\/\/www.noticiasradioreflejos.com.ar\/2021\/wp-json\/wp\/v2\/posts"}],"about":[{"href":"https:\/\/www.noticiasradioreflejos.com.ar\/2021\/wp-json\/wp\/v2\/types\/post"}],"author":[{"embeddable":true,"href":"https:\/\/www.noticiasradioreflejos.com.ar\/2021\/wp-json\/wp\/v2\/users\/3"}],"replies":[{"embeddable":true,"href":"https:\/\/www.noticiasradioreflejos.com.ar\/2021\/wp-json\/wp\/v2\/comments?post=45141"}],"version-history":[{"count":0,"href":"https:\/\/www.noticiasradioreflejos.com.ar\/2021\/wp-json\/wp\/v2\/posts\/45141\/revisions"}],"wp:attachment":[{"href":"https:\/\/www.noticiasradioreflejos.com.ar\/2021\/wp-json\/wp\/v2\/media?parent=45141"}],"wp:term":[{"taxonomy":"category","embeddable":true,"href":"https:\/\/www.noticiasradioreflejos.com.ar\/2021\/wp-json\/wp\/v2\/categories?post=45141"},{"taxonomy":"post_tag","embeddable":true,"href":"https:\/\/www.noticiasradioreflejos.com.ar\/2021\/wp-json\/wp\/v2\/tags?post=45141"}],"curies":[{"name":"wp","href":"https:\/\/api.w.org\/{rel}","templated":true}]}}