{"id":45134,"date":"2020-07-29T18:20:53","date_gmt":"2020-07-29T21:20:53","guid":{"rendered":"http:\/\/www.noticiasradioreflejos.com.ar\/noticias\/?p=45134"},"modified":"2020-07-29T18:20:53","modified_gmt":"2020-07-29T21:20:53","slug":"todos-sabemos-que-bordoni-no-era-radical-y-lo-sabian-los-radicales-antes-de-postularlo-a-el-entonces-que-es-etico-laura-olgiati","status":"publish","type":"post","link":"https:\/\/www.noticiasradioreflejos.com.ar\/2021\/todos-sabemos-que-bordoni-no-era-radical-y-lo-sabian-los-radicales-antes-de-postularlo-a-el-entonces-que-es-etico-laura-olgiati\/","title":{"rendered":"\u00abTodos sabemos que Bordoni no era radical, y lo sab\u00edan los radicales antes de postularlo a \u00e9l. Entonces, \u00bfqu\u00e9 es \u00e9tico?\u00bb &#8211; Laura Olgiati"},"content":{"rendered":"<p>Laura Olgiati, docente y apasionada por la pol\u00edtica, nos comparte su punto de vista acerca del cambio de partido pol\u00edtico de nuestro intendente, hecho que caus\u00f3 pol\u00e9mica y gener\u00f3 una importante grieta entre los vecinos de nuestro distrito.<!--more--><br \/>\n\u00abYo tengo una forma de ver la pol\u00edtica diferente. Para mi la pol\u00edtica no es personal, es una herramienta de transformaci\u00f3n social. Entonces, creo que es una decisi\u00f3n de \u00e9l. Si responde a lo que necesita el distrito, no lo veo mal\u00bb expres\u00f3 en primer lugar.<\/p>\n<p>\u00ab\u00bfQui\u00e9n puede hablar de \u00e9tica?\u00bb mencion\u00f3 al contradecir a quienes justifican estar en contra de la decisi\u00f3n del intendente. \u00abTodos sabemos que Bordoni no era radical, y lo sab\u00edan los radicales antes de postularlo a \u00e9l. Entonces, \u00bfqu\u00e9 es \u00e9tico?\u00bb.<\/p>\n<p>\u00abHay gente que no s\u00e9 c\u00f3mo le da la cara para caminar por el pueblo y saludar a los vecinos. Ellos ocupan un cargo porque la gente los vot\u00f3 y porque prometieron cosas que nunca cumplieron. Sentarse en una banca y no cumplir con lo prometido es menos \u00e9tico todav\u00eda\u00bb sentenci\u00f3 tajantemente desarrollando su opini\u00f3n. \u00abAntes de pensar en la \u00e9tica, preocup\u00e9monos en tener empat\u00eda con la gente\u00bb.<\/p>\n<p>Nota completa a continuaci\u00f3n:<br \/>\n<iframe loading=\"lazy\" src=\"https:\/\/w.soundcloud.com\/player\/?url=https%3A\/\/api.soundcloud.com\/tracks\/866571466&amp;color=%23ff5500&amp;auto_play=false&amp;hide_related=false&amp;show_comments=true&amp;show_user=true&amp;show_reposts=false&amp;show_teaser=true&amp;visual=true\" width=\"100%\" height=\"300\" frameborder=\"no\" scrolling=\"no\"><\/iframe><\/p>\n<div style=\"font-size: 10px; color: #cccccc; line-break: anywhere; word-break: normal; overflow: hidden; white-space: nowrap; text-overflow: ellipsis; font-family: Interstate,Lucida Grande,Lucida Sans Unicode,Lucida Sans,Garuda,Verdana,Tahoma,sans-serif; font-weight: 100;\"><a style=\"color: #cccccc; text-decoration: none;\" title=\"fmreflejos 103.7\" href=\"https:\/\/soundcloud.com\/fmreflejos-103-7\" target=\"_blank\" rel=\"noopener\">fmreflejos 103.7<\/a> \u00b7 <a style=\"color: #cccccc; text-decoration: none;\" title=\"Laura Olgiati\" href=\"https:\/\/soundcloud.com\/fmreflejos-103-7\/laura-olgiati-2\" target=\"_blank\" rel=\"noopener\">Laura Olgiati<\/a><\/div>\n","protected":false},"excerpt":{"rendered":"<p>Laura Olgiati, docente y apasionada por la pol\u00edtica, nos comparte su punto de vista acerca del cambio de partido pol\u00edtico de nuestro intendente, hecho que caus\u00f3 pol\u00e9mica y gener\u00f3 una importante grieta entre los vecinos de nuestro distrito.<\/p>\n","protected":false},"author":3,"featured_media":0,"comment_status":"closed","ping_status":"open","sticky":false,"template":"","format":"standard","meta":{"footnotes":""},"categories":[24],"tags":[],"class_list":["post-45134","post","type-post","status-publish","format-standard","hentry","category-politica"],"yoast_head":"<!-- This site is optimized with the Yoast SEO plugin v25.9 - https:\/\/yoast.com\/wordpress\/plugins\/seo\/ -->\n<title>&quot;Todos sabemos que Bordoni no era radical, y lo sab\u00edan los radicales antes de postularlo a \u00e9l. Entonces, \u00bfqu\u00e9 es \u00e9tico?&quot; - Laura Olgiati - Noticias Radio Reflejos<\/title>\n<meta name=\"robots\" content=\"index, follow, max-snippet:-1, max-image-preview:large, max-video-preview:-1\" \/>\n<link rel=\"canonical\" href=\"https:\/\/www.noticiasradioreflejos.com.ar\/2021\/todos-sabemos-que-bordoni-no-era-radical-y-lo-sabian-los-radicales-antes-de-postularlo-a-el-entonces-que-es-etico-laura-olgiati\/\" \/>\n<meta property=\"og:locale\" content=\"es_ES\" \/>\n<meta property=\"og:type\" content=\"article\" \/>\n<meta property=\"og:title\" content=\"&quot;Todos sabemos que Bordoni no era radical, y lo sab\u00edan los radicales antes de postularlo a \u00e9l. Entonces, \u00bfqu\u00e9 es \u00e9tico?&quot; - Laura Olgiati - Noticias Radio Reflejos\" \/>\n<meta property=\"og:description\" content=\"Laura Olgiati, docente y apasionada por la pol\u00edtica, nos comparte su punto de vista acerca del cambio de partido pol\u00edtico de nuestro intendente, hecho que caus\u00f3 pol\u00e9mica y gener\u00f3 una importante grieta entre los vecinos de nuestro distrito.\" \/>\n<meta property=\"og:url\" content=\"https:\/\/www.noticiasradioreflejos.com.ar\/2021\/todos-sabemos-que-bordoni-no-era-radical-y-lo-sabian-los-radicales-antes-de-postularlo-a-el-entonces-que-es-etico-laura-olgiati\/\" \/>\n<meta property=\"og:site_name\" content=\"Noticias Radio Reflejos\" \/>\n<meta property=\"article:published_time\" content=\"2020-07-29T21:20:53+00:00\" \/>\n<meta property=\"og:image\" content=\"https:\/\/www.noticiasradioreflejos.com.ar\/2021\/wp-content\/uploads\/2021\/07\/logosol300x200.png\" \/>\n\t<meta property=\"og:image:width\" content=\"300\" \/>\n\t<meta property=\"og:image:height\" content=\"200\" \/>\n\t<meta property=\"og:image:type\" content=\"image\/png\" \/>\n<meta name=\"author\" content=\"Arnaldo Botto\" \/>\n<meta name=\"twitter:card\" content=\"summary_large_image\" \/>\n<script type=\"application\/ld+json\" class=\"yoast-schema-graph\">{\"@context\":\"https:\/\/schema.org\",\"@graph\":[{\"@type\":\"WebPage\",\"@id\":\"https:\/\/www.noticiasradioreflejos.com.ar\/2021\/todos-sabemos-que-bordoni-no-era-radical-y-lo-sabian-los-radicales-antes-de-postularlo-a-el-entonces-que-es-etico-laura-olgiati\/\",\"url\":\"https:\/\/www.noticiasradioreflejos.com.ar\/2021\/todos-sabemos-que-bordoni-no-era-radical-y-lo-sabian-los-radicales-antes-de-postularlo-a-el-entonces-que-es-etico-laura-olgiati\/\",\"name\":\"\\\"Todos sabemos que Bordoni no era radical, y lo sab\u00edan los radicales antes de postularlo a \u00e9l. Entonces, \u00bfqu\u00e9 es \u00e9tico?\\\" - Laura Olgiati - Noticias Radio Reflejos\",\"isPartOf\":{\"@id\":\"https:\/\/www.noticiasradioreflejos.com.ar\/2021\/#website\"},\"datePublished\":\"2020-07-29T21:20:53+00:00\",\"author\":{\"@id\":\"https:\/\/www.noticiasradioreflejos.com.ar\/2021\/#\/schema\/person\/ad82545263dcc5ec0996818884fd5fb1\"},\"breadcrumb\":{\"@id\":\"https:\/\/www.noticiasradioreflejos.com.ar\/2021\/todos-sabemos-que-bordoni-no-era-radical-y-lo-sabian-los-radicales-antes-de-postularlo-a-el-entonces-que-es-etico-laura-olgiati\/#breadcrumb\"},\"inLanguage\":\"es\",\"potentialAction\":[{\"@type\":\"ReadAction\",\"target\":[\"https:\/\/www.noticiasradioreflejos.com.ar\/2021\/todos-sabemos-que-bordoni-no-era-radical-y-lo-sabian-los-radicales-antes-de-postularlo-a-el-entonces-que-es-etico-laura-olgiati\/\"]}]},{\"@type\":\"BreadcrumbList\",\"@id\":\"https:\/\/www.noticiasradioreflejos.com.ar\/2021\/todos-sabemos-que-bordoni-no-era-radical-y-lo-sabian-los-radicales-antes-de-postularlo-a-el-entonces-que-es-etico-laura-olgiati\/#breadcrumb\",\"itemListElement\":[{\"@type\":\"ListItem\",\"position\":1,\"name\":\"Portada\",\"item\":\"https:\/\/www.noticiasradioreflejos.com.ar\/2021\/\"},{\"@type\":\"ListItem\",\"position\":2,\"name\":\"\u00abTodos sabemos que Bordoni no era radical, y lo sab\u00edan los radicales antes de postularlo a \u00e9l. Entonces, \u00bfqu\u00e9 es \u00e9tico?\u00bb &#8211; Laura Olgiati\"}]},{\"@type\":\"WebSite\",\"@id\":\"https:\/\/www.noticiasradioreflejos.com.ar\/2021\/#website\",\"url\":\"https:\/\/www.noticiasradioreflejos.com.ar\/2021\/\",\"name\":\"Noticias Radio Reflejos\",\"description\":\"Las noticias de mi comarca\",\"potentialAction\":[{\"@type\":\"SearchAction\",\"target\":{\"@type\":\"EntryPoint\",\"urlTemplate\":\"https:\/\/www.noticiasradioreflejos.com.ar\/2021\/?s={search_term_string}\"},\"query-input\":{\"@type\":\"PropertyValueSpecification\",\"valueRequired\":true,\"valueName\":\"search_term_string\"}}],\"inLanguage\":\"es\"},{\"@type\":\"Person\",\"@id\":\"https:\/\/www.noticiasradioreflejos.com.ar\/2021\/#\/schema\/person\/ad82545263dcc5ec0996818884fd5fb1\",\"name\":\"Arnaldo Botto\",\"image\":{\"@type\":\"ImageObject\",\"inLanguage\":\"es\",\"@id\":\"https:\/\/www.noticiasradioreflejos.com.ar\/2021\/#\/schema\/person\/image\/\",\"url\":\"https:\/\/secure.gravatar.com\/avatar\/55cb5e37c1efa326397366e6974cb338056df65cb50e7d64d1cf314e87504837?s=96&d=mm&r=g\",\"contentUrl\":\"https:\/\/secure.gravatar.com\/avatar\/55cb5e37c1efa326397366e6974cb338056df65cb50e7d64d1cf314e87504837?s=96&d=mm&r=g\",\"caption\":\"Arnaldo Botto\"},\"url\":\"https:\/\/www.noticiasradioreflejos.com.ar\/2021\/author\/arnaldo\/\"}]}<\/script>\n<!-- \/ Yoast SEO plugin. -->","yoast_head_json":{"title":"\"Todos sabemos que Bordoni no era radical, y lo sab\u00edan los radicales antes de postularlo a \u00e9l. Entonces, \u00bfqu\u00e9 es \u00e9tico?\" - Laura Olgiati - Noticias Radio Reflejos","robots":{"index":"index","follow":"follow","max-snippet":"max-snippet:-1","max-image-preview":"max-image-preview:large","max-video-preview":"max-video-preview:-1"},"canonical":"https:\/\/www.noticiasradioreflejos.com.ar\/2021\/todos-sabemos-que-bordoni-no-era-radical-y-lo-sabian-los-radicales-antes-de-postularlo-a-el-entonces-que-es-etico-laura-olgiati\/","og_locale":"es_ES","og_type":"article","og_title":"\"Todos sabemos que Bordoni no era radical, y lo sab\u00edan los radicales antes de postularlo a \u00e9l. Entonces, \u00bfqu\u00e9 es \u00e9tico?\" - Laura Olgiati - Noticias Radio Reflejos","og_description":"Laura Olgiati, docente y apasionada por la pol\u00edtica, nos comparte su punto de vista acerca del cambio de partido pol\u00edtico de nuestro intendente, hecho que caus\u00f3 pol\u00e9mica y gener\u00f3 una importante grieta entre los vecinos de nuestro distrito.","og_url":"https:\/\/www.noticiasradioreflejos.com.ar\/2021\/todos-sabemos-que-bordoni-no-era-radical-y-lo-sabian-los-radicales-antes-de-postularlo-a-el-entonces-que-es-etico-laura-olgiati\/","og_site_name":"Noticias Radio Reflejos","article_published_time":"2020-07-29T21:20:53+00:00","og_image":[{"width":300,"height":200,"url":"https:\/\/www.noticiasradioreflejos.com.ar\/2021\/wp-content\/uploads\/2021\/07\/logosol300x200.png","type":"image\/png"}],"author":"Arnaldo Botto","twitter_card":"summary_large_image","schema":{"@context":"https:\/\/schema.org","@graph":[{"@type":"WebPage","@id":"https:\/\/www.noticiasradioreflejos.com.ar\/2021\/todos-sabemos-que-bordoni-no-era-radical-y-lo-sabian-los-radicales-antes-de-postularlo-a-el-entonces-que-es-etico-laura-olgiati\/","url":"https:\/\/www.noticiasradioreflejos.com.ar\/2021\/todos-sabemos-que-bordoni-no-era-radical-y-lo-sabian-los-radicales-antes-de-postularlo-a-el-entonces-que-es-etico-laura-olgiati\/","name":"\"Todos sabemos que Bordoni no era radical, y lo sab\u00edan los radicales antes de postularlo a \u00e9l. Entonces, \u00bfqu\u00e9 es \u00e9tico?\" - Laura Olgiati - Noticias Radio Reflejos","isPartOf":{"@id":"https:\/\/www.noticiasradioreflejos.com.ar\/2021\/#website"},"datePublished":"2020-07-29T21:20:53+00:00","author":{"@id":"https:\/\/www.noticiasradioreflejos.com.ar\/2021\/#\/schema\/person\/ad82545263dcc5ec0996818884fd5fb1"},"breadcrumb":{"@id":"https:\/\/www.noticiasradioreflejos.com.ar\/2021\/todos-sabemos-que-bordoni-no-era-radical-y-lo-sabian-los-radicales-antes-de-postularlo-a-el-entonces-que-es-etico-laura-olgiati\/#breadcrumb"},"inLanguage":"es","potentialAction":[{"@type":"ReadAction","target":["https:\/\/www.noticiasradioreflejos.com.ar\/2021\/todos-sabemos-que-bordoni-no-era-radical-y-lo-sabian-los-radicales-antes-de-postularlo-a-el-entonces-que-es-etico-laura-olgiati\/"]}]},{"@type":"BreadcrumbList","@id":"https:\/\/www.noticiasradioreflejos.com.ar\/2021\/todos-sabemos-que-bordoni-no-era-radical-y-lo-sabian-los-radicales-antes-de-postularlo-a-el-entonces-que-es-etico-laura-olgiati\/#breadcrumb","itemListElement":[{"@type":"ListItem","position":1,"name":"Portada","item":"https:\/\/www.noticiasradioreflejos.com.ar\/2021\/"},{"@type":"ListItem","position":2,"name":"\u00abTodos sabemos que Bordoni no era radical, y lo sab\u00edan los radicales antes de postularlo a \u00e9l. Entonces, \u00bfqu\u00e9 es \u00e9tico?\u00bb &#8211; Laura Olgiati"}]},{"@type":"WebSite","@id":"https:\/\/www.noticiasradioreflejos.com.ar\/2021\/#website","url":"https:\/\/www.noticiasradioreflejos.com.ar\/2021\/","name":"Noticias Radio Reflejos","description":"Las noticias de mi comarca","potentialAction":[{"@type":"SearchAction","target":{"@type":"EntryPoint","urlTemplate":"https:\/\/www.noticiasradioreflejos.com.ar\/2021\/?s={search_term_string}"},"query-input":{"@type":"PropertyValueSpecification","valueRequired":true,"valueName":"search_term_string"}}],"inLanguage":"es"},{"@type":"Person","@id":"https:\/\/www.noticiasradioreflejos.com.ar\/2021\/#\/schema\/person\/ad82545263dcc5ec0996818884fd5fb1","name":"Arnaldo Botto","image":{"@type":"ImageObject","inLanguage":"es","@id":"https:\/\/www.noticiasradioreflejos.com.ar\/2021\/#\/schema\/person\/image\/","url":"https:\/\/secure.gravatar.com\/avatar\/55cb5e37c1efa326397366e6974cb338056df65cb50e7d64d1cf314e87504837?s=96&d=mm&r=g","contentUrl":"https:\/\/secure.gravatar.com\/avatar\/55cb5e37c1efa326397366e6974cb338056df65cb50e7d64d1cf314e87504837?s=96&d=mm&r=g","caption":"Arnaldo Botto"},"url":"https:\/\/www.noticiasradioreflejos.com.ar\/2021\/author\/arnaldo\/"}]}},"_links":{"self":[{"href":"https:\/\/www.noticiasradioreflejos.com.ar\/2021\/wp-json\/wp\/v2\/posts\/45134","targetHints":{"allow":["GET"]}}],"collection":[{"href":"https:\/\/www.noticiasradioreflejos.com.ar\/2021\/wp-json\/wp\/v2\/posts"}],"about":[{"href":"https:\/\/www.noticiasradioreflejos.com.ar\/2021\/wp-json\/wp\/v2\/types\/post"}],"author":[{"embeddable":true,"href":"https:\/\/www.noticiasradioreflejos.com.ar\/2021\/wp-json\/wp\/v2\/users\/3"}],"replies":[{"embeddable":true,"href":"https:\/\/www.noticiasradioreflejos.com.ar\/2021\/wp-json\/wp\/v2\/comments?post=45134"}],"version-history":[{"count":0,"href":"https:\/\/www.noticiasradioreflejos.com.ar\/2021\/wp-json\/wp\/v2\/posts\/45134\/revisions"}],"wp:attachment":[{"href":"https:\/\/www.noticiasradioreflejos.com.ar\/2021\/wp-json\/wp\/v2\/media?parent=45134"}],"wp:term":[{"taxonomy":"category","embeddable":true,"href":"https:\/\/www.noticiasradioreflejos.com.ar\/2021\/wp-json\/wp\/v2\/categories?post=45134"},{"taxonomy":"post_tag","embeddable":true,"href":"https:\/\/www.noticiasradioreflejos.com.ar\/2021\/wp-json\/wp\/v2\/tags?post=45134"}],"curies":[{"name":"wp","href":"https:\/\/api.w.org\/{rel}","templated":true}]}}