{"id":45088,"date":"2020-07-28T18:07:41","date_gmt":"2020-07-28T21:07:41","guid":{"rendered":"http:\/\/www.noticiasradioreflejos.com.ar\/noticias\/?p=45088"},"modified":"2020-07-28T18:07:41","modified_gmt":"2020-07-28T21:07:41","slug":"estuve-muy-decepcionada-con-lo-que-me-habia-pasado-igualmente-mi-corazon-esta-en-saldungaray-para-mi-sigue-siendo-el-paraiso-carina-di-caro","status":"publish","type":"post","link":"https:\/\/www.noticiasradioreflejos.com.ar\/2021\/estuve-muy-decepcionada-con-lo-que-me-habia-pasado-igualmente-mi-corazon-esta-en-saldungaray-para-mi-sigue-siendo-el-paraiso-carina-di-caro\/","title":{"rendered":"\u00abEstuve muy decepcionada con lo que me hab\u00eda pasado. Igualmente, mi coraz\u00f3n est\u00e1 en Saldungaray, para m\u00ed sigue siendo el para\u00edso\u00bb &#8211; Carina Di Caro"},"content":{"rendered":"<p>Esta ma\u00f1ana nos comunicamos con <strong>Carina Alejandra Di Caro<\/strong>, propietaria de la vivienda que sufri\u00f3 de un \u00abescruche\u00bb el d\u00eda 15 de Julio en Saldungaray. En la nota, nos cuenta c\u00f3mo gestion\u00f3 su viaje desde Campana\u00a0hacia el pueblo tornquistense para realizar la declaraci\u00f3n correspondiente, cu\u00e1l es su nueva mirada acerca de la seguridad que se vive en la localidad y aprovecha a agradecer a quienes trabajaron en el caso.<!--more--><\/p>\n<p>Carina comenz\u00f3 cont\u00e1ndonos que su familia hace m\u00e1s de 50 a\u00f1os que tiene su casa de vacaciones en Saldungaray. \u00abNunca me imagin\u00e9 la sorpresa de que me iban a llamar por tel\u00e9fono dici\u00e9ndome que me iban a entrar a robar all\u00e1. Llam\u00e9 por tel\u00e9fono a una amiga para que me vaya a ventilar, y nos enteramos las dos juntas de lo que hab\u00eda pasado\u00bb relat\u00f3 al principio de la nota.<\/p>\n<p>Carina tuvo que resolver c\u00f3mo poder viajar hasta Saldungaray en \u00e9poca de pandemia, ya que ella pertenece a Campana, localidad del Conurbano Bonaerense. \u00abMe ayudaron desde el Municipio de Campana para gestionar el viaje y activaron los protocolos correspondientes para una persona que debe viajar por urgencia a una zona libre de COVID\u00bb explic\u00f3.<\/p>\n<p>En la entrevista, Carina aprovecha el espacio para agradecerle a toda la Subestaci\u00f3n de Saldungaray por el compromiso y la dedicaci\u00f3n que le dieron al caso. \u00abDesde el Mi\u00e9rcoles 15, que fue cuando me enter\u00e9 de lo que hab\u00eda pasado, hasta el S\u00e1bado 20, que fue cuando llegu\u00e9 a mi casa, ellos estuvieron trabajando en esto\u00bb comunic\u00f3.<\/p>\n<p>Los delincuentes ingresaron a la vivienda por la ventana trasera, levantaron la persiana de madera. \u00abQuisieron forzar la puerta del galp\u00f3n, hay indicios de estar barreteada, y la puerta trasera de la cocina tambi\u00e9n. El ventiluz del ba\u00f1o tambi\u00e9n esta roto. Para llevarse la cantidad de cosas que se llevaron, estuvieron mucho tiempo ah\u00ed\u00bb opin\u00f3.<\/p>\n<p>Cuando le preguntamos cu\u00e1nto cambi\u00f3 su sensaci\u00f3n de seguridad del pueblo, contest\u00f3: \u00abA mi se me vino el mundo abajo, estuve muy decepcionada con lo que me hab\u00eda pasado. Pero esto de alguna manera lo tienen que combatir. Igualmente, mi coraz\u00f3n est\u00e1 en Saldungaray, para mi sigue siendo el para\u00edso\u00bb.<\/p>\n<p><strong>Nota completa a continuaci\u00f3n:<\/strong><br \/>\n<iframe loading=\"lazy\" src=\"https:\/\/w.soundcloud.com\/player\/?url=https%3A\/\/api.soundcloud.com\/tracks\/865968541&amp;color=%23ff5500&amp;auto_play=false&amp;hide_related=false&amp;show_comments=true&amp;show_user=true&amp;show_reposts=false&amp;show_teaser=true&amp;visual=true\" width=\"100%\" height=\"300\" frameborder=\"no\" scrolling=\"no\"><\/iframe><\/p>\n<div style=\"font-size: 10px; color: #cccccc; line-break: anywhere; word-break: normal; overflow: hidden; white-space: nowrap; text-overflow: ellipsis; font-family: Interstate,Lucida Grande,Lucida Sans Unicode,Lucida Sans,Garuda,Verdana,Tahoma,sans-serif; font-weight: 100;\"><a style=\"color: #cccccc; text-decoration: none;\" title=\"fmreflejos 103.7\" href=\"https:\/\/soundcloud.com\/fmreflejos-103-7\" target=\"_blank\" rel=\"noopener\">fmreflejos 103.7<\/a> \u00b7 <a style=\"color: #cccccc; text-decoration: none;\" title=\"Carina Alejandra Dicaro\" href=\"https:\/\/soundcloud.com\/fmreflejos-103-7\/carina-alejandra-dicaro\" target=\"_blank\" rel=\"noopener\">Carina Alejandra Dicaro<\/a><\/div>\n","protected":false},"excerpt":{"rendered":"<p>Esta ma\u00f1ana nos comunicamos con Carina Alejandra Di Caro, propietaria de la vivienda que sufri\u00f3 de un \u00abescruche\u00bb el d\u00eda 15 de Julio en Saldungaray. En la nota, nos cuenta c\u00f3mo gestion\u00f3 su viaje desde Campana\u00a0hacia el pueblo tornquistense para realizar la declaraci\u00f3n correspondiente, cu\u00e1l es su nueva mirada acerca de la seguridad que se [&hellip;]<\/p>\n","protected":false},"author":3,"featured_media":174,"comment_status":"closed","ping_status":"open","sticky":false,"template":"","format":"standard","meta":{"footnotes":""},"categories":[29],"tags":[],"class_list":["post-45088","post","type-post","status-publish","format-standard","has-post-thumbnail","hentry","category-policiales"],"yoast_head":"<!-- This site is optimized with the Yoast SEO plugin v25.9 - https:\/\/yoast.com\/wordpress\/plugins\/seo\/ -->\n<title>&quot;Estuve muy decepcionada con lo que me hab\u00eda pasado. Igualmente, mi coraz\u00f3n est\u00e1 en Saldungaray, para m\u00ed sigue siendo el para\u00edso&quot; - Carina Di Caro - Noticias Radio Reflejos<\/title>\n<meta name=\"robots\" content=\"index, follow, max-snippet:-1, max-image-preview:large, max-video-preview:-1\" \/>\n<link rel=\"canonical\" href=\"https:\/\/www.noticiasradioreflejos.com.ar\/2021\/estuve-muy-decepcionada-con-lo-que-me-habia-pasado-igualmente-mi-corazon-esta-en-saldungaray-para-mi-sigue-siendo-el-paraiso-carina-di-caro\/\" \/>\n<meta property=\"og:locale\" content=\"es_ES\" \/>\n<meta property=\"og:type\" content=\"article\" \/>\n<meta property=\"og:title\" content=\"&quot;Estuve muy decepcionada con lo que me hab\u00eda pasado. Igualmente, mi coraz\u00f3n est\u00e1 en Saldungaray, para m\u00ed sigue siendo el para\u00edso&quot; - Carina Di Caro - Noticias Radio Reflejos\" \/>\n<meta property=\"og:description\" content=\"Esta ma\u00f1ana nos comunicamos con Carina Alejandra Di Caro, propietaria de la vivienda que sufri\u00f3 de un \u00abescruche\u00bb el d\u00eda 15 de Julio en Saldungaray. En la nota, nos cuenta c\u00f3mo gestion\u00f3 su viaje desde Campana\u00a0hacia el pueblo tornquistense para realizar la declaraci\u00f3n correspondiente, cu\u00e1l es su nueva mirada acerca de la seguridad que se [&hellip;]\" \/>\n<meta property=\"og:url\" content=\"https:\/\/www.noticiasradioreflejos.com.ar\/2021\/estuve-muy-decepcionada-con-lo-que-me-habia-pasado-igualmente-mi-corazon-esta-en-saldungaray-para-mi-sigue-siendo-el-paraiso-carina-di-caro\/\" \/>\n<meta property=\"og:site_name\" content=\"Noticias Radio Reflejos\" \/>\n<meta property=\"article:published_time\" content=\"2020-07-28T21:07:41+00:00\" \/>\n<meta property=\"og:image\" content=\"https:\/\/www.noticiasradioreflejos.com.ar\/2021\/wp-content\/uploads\/2016\/08\/Foto-Saldungaray-Indio.jpg\" \/>\n\t<meta property=\"og:image:width\" content=\"640\" \/>\n\t<meta property=\"og:image:height\" content=\"480\" \/>\n\t<meta property=\"og:image:type\" content=\"image\/jpeg\" \/>\n<meta name=\"author\" content=\"Arnaldo Botto\" \/>\n<meta name=\"twitter:card\" content=\"summary_large_image\" \/>\n<script type=\"application\/ld+json\" class=\"yoast-schema-graph\">{\"@context\":\"https:\/\/schema.org\",\"@graph\":[{\"@type\":\"WebPage\",\"@id\":\"https:\/\/www.noticiasradioreflejos.com.ar\/2021\/estuve-muy-decepcionada-con-lo-que-me-habia-pasado-igualmente-mi-corazon-esta-en-saldungaray-para-mi-sigue-siendo-el-paraiso-carina-di-caro\/\",\"url\":\"https:\/\/www.noticiasradioreflejos.com.ar\/2021\/estuve-muy-decepcionada-con-lo-que-me-habia-pasado-igualmente-mi-corazon-esta-en-saldungaray-para-mi-sigue-siendo-el-paraiso-carina-di-caro\/\",\"name\":\"\\\"Estuve muy decepcionada con lo que me hab\u00eda pasado. Igualmente, mi coraz\u00f3n est\u00e1 en Saldungaray, para m\u00ed sigue siendo el para\u00edso\\\" - Carina Di Caro - Noticias Radio Reflejos\",\"isPartOf\":{\"@id\":\"https:\/\/www.noticiasradioreflejos.com.ar\/2021\/#website\"},\"primaryImageOfPage\":{\"@id\":\"https:\/\/www.noticiasradioreflejos.com.ar\/2021\/estuve-muy-decepcionada-con-lo-que-me-habia-pasado-igualmente-mi-corazon-esta-en-saldungaray-para-mi-sigue-siendo-el-paraiso-carina-di-caro\/#primaryimage\"},\"image\":{\"@id\":\"https:\/\/www.noticiasradioreflejos.com.ar\/2021\/estuve-muy-decepcionada-con-lo-que-me-habia-pasado-igualmente-mi-corazon-esta-en-saldungaray-para-mi-sigue-siendo-el-paraiso-carina-di-caro\/#primaryimage\"},\"thumbnailUrl\":\"https:\/\/www.noticiasradioreflejos.com.ar\/2021\/wp-content\/uploads\/2016\/08\/Foto-Saldungaray-Indio.jpg\",\"datePublished\":\"2020-07-28T21:07:41+00:00\",\"author\":{\"@id\":\"https:\/\/www.noticiasradioreflejos.com.ar\/2021\/#\/schema\/person\/ad82545263dcc5ec0996818884fd5fb1\"},\"breadcrumb\":{\"@id\":\"https:\/\/www.noticiasradioreflejos.com.ar\/2021\/estuve-muy-decepcionada-con-lo-que-me-habia-pasado-igualmente-mi-corazon-esta-en-saldungaray-para-mi-sigue-siendo-el-paraiso-carina-di-caro\/#breadcrumb\"},\"inLanguage\":\"es\",\"potentialAction\":[{\"@type\":\"ReadAction\",\"target\":[\"https:\/\/www.noticiasradioreflejos.com.ar\/2021\/estuve-muy-decepcionada-con-lo-que-me-habia-pasado-igualmente-mi-corazon-esta-en-saldungaray-para-mi-sigue-siendo-el-paraiso-carina-di-caro\/\"]}]},{\"@type\":\"ImageObject\",\"inLanguage\":\"es\",\"@id\":\"https:\/\/www.noticiasradioreflejos.com.ar\/2021\/estuve-muy-decepcionada-con-lo-que-me-habia-pasado-igualmente-mi-corazon-esta-en-saldungaray-para-mi-sigue-siendo-el-paraiso-carina-di-caro\/#primaryimage\",\"url\":\"https:\/\/www.noticiasradioreflejos.com.ar\/2021\/wp-content\/uploads\/2016\/08\/Foto-Saldungaray-Indio.jpg\",\"contentUrl\":\"https:\/\/www.noticiasradioreflejos.com.ar\/2021\/wp-content\/uploads\/2016\/08\/Foto-Saldungaray-Indio.jpg\",\"width\":640,\"height\":480},{\"@type\":\"BreadcrumbList\",\"@id\":\"https:\/\/www.noticiasradioreflejos.com.ar\/2021\/estuve-muy-decepcionada-con-lo-que-me-habia-pasado-igualmente-mi-corazon-esta-en-saldungaray-para-mi-sigue-siendo-el-paraiso-carina-di-caro\/#breadcrumb\",\"itemListElement\":[{\"@type\":\"ListItem\",\"position\":1,\"name\":\"Portada\",\"item\":\"https:\/\/www.noticiasradioreflejos.com.ar\/2021\/\"},{\"@type\":\"ListItem\",\"position\":2,\"name\":\"\u00abEstuve muy decepcionada con lo que me hab\u00eda pasado. Igualmente, mi coraz\u00f3n est\u00e1 en Saldungaray, para m\u00ed sigue siendo el para\u00edso\u00bb &#8211; Carina Di Caro\"}]},{\"@type\":\"WebSite\",\"@id\":\"https:\/\/www.noticiasradioreflejos.com.ar\/2021\/#website\",\"url\":\"https:\/\/www.noticiasradioreflejos.com.ar\/2021\/\",\"name\":\"Noticias Radio Reflejos\",\"description\":\"Las noticias de mi comarca\",\"potentialAction\":[{\"@type\":\"SearchAction\",\"target\":{\"@type\":\"EntryPoint\",\"urlTemplate\":\"https:\/\/www.noticiasradioreflejos.com.ar\/2021\/?s={search_term_string}\"},\"query-input\":{\"@type\":\"PropertyValueSpecification\",\"valueRequired\":true,\"valueName\":\"search_term_string\"}}],\"inLanguage\":\"es\"},{\"@type\":\"Person\",\"@id\":\"https:\/\/www.noticiasradioreflejos.com.ar\/2021\/#\/schema\/person\/ad82545263dcc5ec0996818884fd5fb1\",\"name\":\"Arnaldo Botto\",\"image\":{\"@type\":\"ImageObject\",\"inLanguage\":\"es\",\"@id\":\"https:\/\/www.noticiasradioreflejos.com.ar\/2021\/#\/schema\/person\/image\/\",\"url\":\"https:\/\/secure.gravatar.com\/avatar\/55cb5e37c1efa326397366e6974cb338056df65cb50e7d64d1cf314e87504837?s=96&d=mm&r=g\",\"contentUrl\":\"https:\/\/secure.gravatar.com\/avatar\/55cb5e37c1efa326397366e6974cb338056df65cb50e7d64d1cf314e87504837?s=96&d=mm&r=g\",\"caption\":\"Arnaldo Botto\"},\"url\":\"https:\/\/www.noticiasradioreflejos.com.ar\/2021\/author\/arnaldo\/\"}]}<\/script>\n<!-- \/ Yoast SEO plugin. -->","yoast_head_json":{"title":"\"Estuve muy decepcionada con lo que me hab\u00eda pasado. Igualmente, mi coraz\u00f3n est\u00e1 en Saldungaray, para m\u00ed sigue siendo el para\u00edso\" - Carina Di Caro - Noticias Radio Reflejos","robots":{"index":"index","follow":"follow","max-snippet":"max-snippet:-1","max-image-preview":"max-image-preview:large","max-video-preview":"max-video-preview:-1"},"canonical":"https:\/\/www.noticiasradioreflejos.com.ar\/2021\/estuve-muy-decepcionada-con-lo-que-me-habia-pasado-igualmente-mi-corazon-esta-en-saldungaray-para-mi-sigue-siendo-el-paraiso-carina-di-caro\/","og_locale":"es_ES","og_type":"article","og_title":"\"Estuve muy decepcionada con lo que me hab\u00eda pasado. Igualmente, mi coraz\u00f3n est\u00e1 en Saldungaray, para m\u00ed sigue siendo el para\u00edso\" - Carina Di Caro - Noticias Radio Reflejos","og_description":"Esta ma\u00f1ana nos comunicamos con Carina Alejandra Di Caro, propietaria de la vivienda que sufri\u00f3 de un \u00abescruche\u00bb el d\u00eda 15 de Julio en Saldungaray. En la nota, nos cuenta c\u00f3mo gestion\u00f3 su viaje desde Campana\u00a0hacia el pueblo tornquistense para realizar la declaraci\u00f3n correspondiente, cu\u00e1l es su nueva mirada acerca de la seguridad que se [&hellip;]","og_url":"https:\/\/www.noticiasradioreflejos.com.ar\/2021\/estuve-muy-decepcionada-con-lo-que-me-habia-pasado-igualmente-mi-corazon-esta-en-saldungaray-para-mi-sigue-siendo-el-paraiso-carina-di-caro\/","og_site_name":"Noticias Radio Reflejos","article_published_time":"2020-07-28T21:07:41+00:00","og_image":[{"width":640,"height":480,"url":"https:\/\/www.noticiasradioreflejos.com.ar\/2021\/wp-content\/uploads\/2016\/08\/Foto-Saldungaray-Indio.jpg","type":"image\/jpeg"}],"author":"Arnaldo Botto","twitter_card":"summary_large_image","schema":{"@context":"https:\/\/schema.org","@graph":[{"@type":"WebPage","@id":"https:\/\/www.noticiasradioreflejos.com.ar\/2021\/estuve-muy-decepcionada-con-lo-que-me-habia-pasado-igualmente-mi-corazon-esta-en-saldungaray-para-mi-sigue-siendo-el-paraiso-carina-di-caro\/","url":"https:\/\/www.noticiasradioreflejos.com.ar\/2021\/estuve-muy-decepcionada-con-lo-que-me-habia-pasado-igualmente-mi-corazon-esta-en-saldungaray-para-mi-sigue-siendo-el-paraiso-carina-di-caro\/","name":"\"Estuve muy decepcionada con lo que me hab\u00eda pasado. Igualmente, mi coraz\u00f3n est\u00e1 en Saldungaray, para m\u00ed sigue siendo el para\u00edso\" - Carina Di Caro - Noticias Radio Reflejos","isPartOf":{"@id":"https:\/\/www.noticiasradioreflejos.com.ar\/2021\/#website"},"primaryImageOfPage":{"@id":"https:\/\/www.noticiasradioreflejos.com.ar\/2021\/estuve-muy-decepcionada-con-lo-que-me-habia-pasado-igualmente-mi-corazon-esta-en-saldungaray-para-mi-sigue-siendo-el-paraiso-carina-di-caro\/#primaryimage"},"image":{"@id":"https:\/\/www.noticiasradioreflejos.com.ar\/2021\/estuve-muy-decepcionada-con-lo-que-me-habia-pasado-igualmente-mi-corazon-esta-en-saldungaray-para-mi-sigue-siendo-el-paraiso-carina-di-caro\/#primaryimage"},"thumbnailUrl":"https:\/\/www.noticiasradioreflejos.com.ar\/2021\/wp-content\/uploads\/2016\/08\/Foto-Saldungaray-Indio.jpg","datePublished":"2020-07-28T21:07:41+00:00","author":{"@id":"https:\/\/www.noticiasradioreflejos.com.ar\/2021\/#\/schema\/person\/ad82545263dcc5ec0996818884fd5fb1"},"breadcrumb":{"@id":"https:\/\/www.noticiasradioreflejos.com.ar\/2021\/estuve-muy-decepcionada-con-lo-que-me-habia-pasado-igualmente-mi-corazon-esta-en-saldungaray-para-mi-sigue-siendo-el-paraiso-carina-di-caro\/#breadcrumb"},"inLanguage":"es","potentialAction":[{"@type":"ReadAction","target":["https:\/\/www.noticiasradioreflejos.com.ar\/2021\/estuve-muy-decepcionada-con-lo-que-me-habia-pasado-igualmente-mi-corazon-esta-en-saldungaray-para-mi-sigue-siendo-el-paraiso-carina-di-caro\/"]}]},{"@type":"ImageObject","inLanguage":"es","@id":"https:\/\/www.noticiasradioreflejos.com.ar\/2021\/estuve-muy-decepcionada-con-lo-que-me-habia-pasado-igualmente-mi-corazon-esta-en-saldungaray-para-mi-sigue-siendo-el-paraiso-carina-di-caro\/#primaryimage","url":"https:\/\/www.noticiasradioreflejos.com.ar\/2021\/wp-content\/uploads\/2016\/08\/Foto-Saldungaray-Indio.jpg","contentUrl":"https:\/\/www.noticiasradioreflejos.com.ar\/2021\/wp-content\/uploads\/2016\/08\/Foto-Saldungaray-Indio.jpg","width":640,"height":480},{"@type":"BreadcrumbList","@id":"https:\/\/www.noticiasradioreflejos.com.ar\/2021\/estuve-muy-decepcionada-con-lo-que-me-habia-pasado-igualmente-mi-corazon-esta-en-saldungaray-para-mi-sigue-siendo-el-paraiso-carina-di-caro\/#breadcrumb","itemListElement":[{"@type":"ListItem","position":1,"name":"Portada","item":"https:\/\/www.noticiasradioreflejos.com.ar\/2021\/"},{"@type":"ListItem","position":2,"name":"\u00abEstuve muy decepcionada con lo que me hab\u00eda pasado. Igualmente, mi coraz\u00f3n est\u00e1 en Saldungaray, para m\u00ed sigue siendo el para\u00edso\u00bb &#8211; Carina Di Caro"}]},{"@type":"WebSite","@id":"https:\/\/www.noticiasradioreflejos.com.ar\/2021\/#website","url":"https:\/\/www.noticiasradioreflejos.com.ar\/2021\/","name":"Noticias Radio Reflejos","description":"Las noticias de mi comarca","potentialAction":[{"@type":"SearchAction","target":{"@type":"EntryPoint","urlTemplate":"https:\/\/www.noticiasradioreflejos.com.ar\/2021\/?s={search_term_string}"},"query-input":{"@type":"PropertyValueSpecification","valueRequired":true,"valueName":"search_term_string"}}],"inLanguage":"es"},{"@type":"Person","@id":"https:\/\/www.noticiasradioreflejos.com.ar\/2021\/#\/schema\/person\/ad82545263dcc5ec0996818884fd5fb1","name":"Arnaldo Botto","image":{"@type":"ImageObject","inLanguage":"es","@id":"https:\/\/www.noticiasradioreflejos.com.ar\/2021\/#\/schema\/person\/image\/","url":"https:\/\/secure.gravatar.com\/avatar\/55cb5e37c1efa326397366e6974cb338056df65cb50e7d64d1cf314e87504837?s=96&d=mm&r=g","contentUrl":"https:\/\/secure.gravatar.com\/avatar\/55cb5e37c1efa326397366e6974cb338056df65cb50e7d64d1cf314e87504837?s=96&d=mm&r=g","caption":"Arnaldo Botto"},"url":"https:\/\/www.noticiasradioreflejos.com.ar\/2021\/author\/arnaldo\/"}]}},"_links":{"self":[{"href":"https:\/\/www.noticiasradioreflejos.com.ar\/2021\/wp-json\/wp\/v2\/posts\/45088","targetHints":{"allow":["GET"]}}],"collection":[{"href":"https:\/\/www.noticiasradioreflejos.com.ar\/2021\/wp-json\/wp\/v2\/posts"}],"about":[{"href":"https:\/\/www.noticiasradioreflejos.com.ar\/2021\/wp-json\/wp\/v2\/types\/post"}],"author":[{"embeddable":true,"href":"https:\/\/www.noticiasradioreflejos.com.ar\/2021\/wp-json\/wp\/v2\/users\/3"}],"replies":[{"embeddable":true,"href":"https:\/\/www.noticiasradioreflejos.com.ar\/2021\/wp-json\/wp\/v2\/comments?post=45088"}],"version-history":[{"count":0,"href":"https:\/\/www.noticiasradioreflejos.com.ar\/2021\/wp-json\/wp\/v2\/posts\/45088\/revisions"}],"wp:featuredmedia":[{"embeddable":true,"href":"https:\/\/www.noticiasradioreflejos.com.ar\/2021\/wp-json\/wp\/v2\/media\/174"}],"wp:attachment":[{"href":"https:\/\/www.noticiasradioreflejos.com.ar\/2021\/wp-json\/wp\/v2\/media?parent=45088"}],"wp:term":[{"taxonomy":"category","embeddable":true,"href":"https:\/\/www.noticiasradioreflejos.com.ar\/2021\/wp-json\/wp\/v2\/categories?post=45088"},{"taxonomy":"post_tag","embeddable":true,"href":"https:\/\/www.noticiasradioreflejos.com.ar\/2021\/wp-json\/wp\/v2\/tags?post=45088"}],"curies":[{"name":"wp","href":"https:\/\/api.w.org\/{rel}","templated":true}]}}