{"id":45051,"date":"2020-07-28T08:41:26","date_gmt":"2020-07-28T11:41:26","guid":{"rendered":"http:\/\/www.noticiasradioreflejos.com.ar\/noticias\/?p=45051"},"modified":"2020-07-28T08:41:26","modified_gmt":"2020-07-28T11:41:26","slug":"gobierno-bonaerense-pide-a-intendentes-cumplir-las-normas-y-no-forzar-actividades-no-habilitadas","status":"publish","type":"post","link":"https:\/\/www.noticiasradioreflejos.com.ar\/2021\/gobierno-bonaerense-pide-a-intendentes-cumplir-las-normas-y-no-forzar-actividades-no-habilitadas\/","title":{"rendered":"Gobierno bonaerense pide a intendentes \u00abcumplir las normas\u00bb y \u00abno forzar actividades\u00bb no habilitadas"},"content":{"rendered":"<p>El jefe de Gabinete bonaerense, Carlos Bianco, pidi\u00f3 hoy a los intendentes del distrito \u00abcumplir las normas\u00bb en torno al aislamiento social por la pandemia de coronavirus y \u00abno forzar actividades\u00bb que el gobierno provincial no haya autorizado.<!--more--><br \/>\n\u00abNo forcemos actividades porque la pandemia no est\u00e1 controlada: los contagios suben a una tasa de 33% y no hay que llegar a saturar las camas ni los respiradores\u00bb, dijo Bianco en una conferencia de prensa junto al ministro de Salud bonaerense, Daniel Gollan, y su segundo, Nicol\u00e1s Kreplak.<\/p>\n<p>El ministro coordinador pidi\u00f3 \u00abcumplir las normas\u00bb a \u00abquienes tienen responsabilidades de gesti\u00f3n\u00bb, al referirse a actividades que algunos jefes comunales permiten en sus distritos sin habilitaci\u00f3n de la normativa provincial o nacional.<\/p>\n<p>Por ejemplo, en Tornquist, localidad del interior bonaerense, evaluaron la posibilidad de recibir a turistas provenientes de distritos que se encontraran en la fase 5 de aislamiento cuando ello no est\u00e1 autorizado.<\/p>\n<p>Asimismo, en La Plata autorizaron las salidas recreativas para ni\u00f1os durante dos horas los martes, jueves, s\u00e1bados y domingos, cuando en la fase 3 los menores solo pueden acompa\u00f1ar a sus padres a comercios de cercan\u00eda.<\/p>\n<p>En el sistema de fases dispuesto para los 135 municipios de la provincia \u00abest\u00e1 establecido claramente qu\u00e9 actividades est\u00e1n permitidas y cu\u00e1les no\u00bb, resalt\u00f3 Bianco.<\/p>\n<p>En tanto, el jefe de Gabinete bonaerense destac\u00f3 que se trabaja \u00abmuy bien\u00bb con la ciudad de Buenos Aires, ya que \u00abser\u00eda un error\u00bb que cada jurisdicci\u00f3n tomara un camino distinto con la cuarentena, y sostuvo que \u00abhay que esperar unos d\u00edas\u00bb para tomar nuevas decisiones.<\/p>\n<p>\u00abSi se disparan los casos, habr\u00e1 que tomar medidas en el marco de una cuarentena intermitente\u00bb, ya que \u00abtodo aumento de circulaci\u00f3n incrementa la posibilidad de contagio\u00bb, asegur\u00f3, por su parte, Gollan.<\/p>\n<p>El ministro de Salud a\u00f1adi\u00f3 que \u00abla estrategia fue exitosa hasta la fecha pero siempre dijimos que tendr\u00eda procesos de mayor flexibilizaci\u00f3n y se aplicar\u00edan frenos si se disparan los contagios; si hay que ajustar, se har\u00e1 sobre actividades no esenciales\u00bb.<\/p>\n<p>\u00abEn la provincia se registran al d\u00eda de hoy 540 casos cada 100 mil habitantes, tres veces menos que la Ciudad\u00bb, precis\u00f3 Gollan, quien ponder\u00f3 los 1.298.399 operativos en barrios populares del AMBA con 5073 equipos de salud y la mejora en la capacidad de diagn\u00f3stico con 38 laboratorios que procesan 7000 muestras diarias.<\/p>\n<p>En la conferencia de prensa se inform\u00f3 tambi\u00e9n que de las 31.634 camas en el distrito, 48,86% est\u00e1n ocupadas, mientras que en el AMBA hay 20.977 camas y 54,75% ocupadas.<\/p>\n<p>Gollan destac\u00f3 que se detectan \u00abmiles de pacientes con el rastreo territorial y de manera telef\u00f3nica desde los 54 centros\u00bb y precis\u00f3 que hay 301 donantes de plasma.<\/p>\n<p>\u00abQueremos seguir aumentando los donantes y se hacen 160 tratamientos semanales para llegar a 300\u00bb, concluy\u00f3.<\/p>\n<p>En ese sentido, Kreplak agreg\u00f3 que \u00abno todas las personas que quieren donar plasma pueden hacerlo porque deben tener una cantidad de anticuerpos efectivos\u00bb y cont\u00f3 que 70% de quienes manifiestan su voluntad de donar son mujeres y el 80% de los que consultan fueron atendidos en el sector p\u00fablico.<\/p>\n<p>(Telam)<\/p>\n<p><iframe loading=\"lazy\" src=\"https:\/\/www.youtube.com\/embed\/K7jQpOrBUyI\" width=\"560\" height=\"315\" frameborder=\"0\" allowfullscreen=\"allowfullscreen\"><\/iframe><\/p>\n","protected":false},"excerpt":{"rendered":"<p>El jefe de Gabinete bonaerense, Carlos Bianco, pidi\u00f3 hoy a los intendentes del distrito \u00abcumplir las normas\u00bb en torno al aislamiento social por la pandemia de coronavirus y \u00abno forzar actividades\u00bb que el gobierno provincial no haya autorizado.<\/p>\n","protected":false},"author":3,"featured_media":0,"comment_status":"closed","ping_status":"open","sticky":false,"template":"","format":"standard","meta":{"footnotes":""},"categories":[24],"tags":[],"class_list":["post-45051","post","type-post","status-publish","format-standard","hentry","category-politica"],"yoast_head":"<!-- This site is optimized with the Yoast SEO plugin v25.9 - https:\/\/yoast.com\/wordpress\/plugins\/seo\/ -->\n<title>Gobierno bonaerense pide a intendentes &quot;cumplir las normas&quot; y &quot;no forzar actividades&quot; no habilitadas - Noticias Radio Reflejos<\/title>\n<meta name=\"robots\" content=\"index, follow, max-snippet:-1, max-image-preview:large, max-video-preview:-1\" \/>\n<link rel=\"canonical\" href=\"https:\/\/www.noticiasradioreflejos.com.ar\/2021\/gobierno-bonaerense-pide-a-intendentes-cumplir-las-normas-y-no-forzar-actividades-no-habilitadas\/\" \/>\n<meta property=\"og:locale\" content=\"es_ES\" \/>\n<meta property=\"og:type\" content=\"article\" \/>\n<meta property=\"og:title\" content=\"Gobierno bonaerense pide a intendentes &quot;cumplir las normas&quot; y &quot;no forzar actividades&quot; no habilitadas - Noticias Radio Reflejos\" \/>\n<meta property=\"og:description\" content=\"El jefe de Gabinete bonaerense, Carlos Bianco, pidi\u00f3 hoy a los intendentes del distrito \u00abcumplir las normas\u00bb en torno al aislamiento social por la pandemia de coronavirus y \u00abno forzar actividades\u00bb que el gobierno provincial no haya autorizado.\" \/>\n<meta property=\"og:url\" content=\"https:\/\/www.noticiasradioreflejos.com.ar\/2021\/gobierno-bonaerense-pide-a-intendentes-cumplir-las-normas-y-no-forzar-actividades-no-habilitadas\/\" \/>\n<meta property=\"og:site_name\" content=\"Noticias Radio Reflejos\" \/>\n<meta property=\"article:published_time\" content=\"2020-07-28T11:41:26+00:00\" \/>\n<meta property=\"og:image\" content=\"https:\/\/www.noticiasradioreflejos.com.ar\/2021\/wp-content\/uploads\/2021\/07\/logosol300x200.png\" \/>\n\t<meta property=\"og:image:width\" content=\"300\" \/>\n\t<meta property=\"og:image:height\" content=\"200\" \/>\n\t<meta property=\"og:image:type\" content=\"image\/png\" \/>\n<meta name=\"author\" content=\"Arnaldo Botto\" \/>\n<meta name=\"twitter:card\" content=\"summary_large_image\" \/>\n<script type=\"application\/ld+json\" class=\"yoast-schema-graph\">{\"@context\":\"https:\/\/schema.org\",\"@graph\":[{\"@type\":\"WebPage\",\"@id\":\"https:\/\/www.noticiasradioreflejos.com.ar\/2021\/gobierno-bonaerense-pide-a-intendentes-cumplir-las-normas-y-no-forzar-actividades-no-habilitadas\/\",\"url\":\"https:\/\/www.noticiasradioreflejos.com.ar\/2021\/gobierno-bonaerense-pide-a-intendentes-cumplir-las-normas-y-no-forzar-actividades-no-habilitadas\/\",\"name\":\"Gobierno bonaerense pide a intendentes \\\"cumplir las normas\\\" y \\\"no forzar actividades\\\" no habilitadas - Noticias Radio Reflejos\",\"isPartOf\":{\"@id\":\"https:\/\/www.noticiasradioreflejos.com.ar\/2021\/#website\"},\"datePublished\":\"2020-07-28T11:41:26+00:00\",\"author\":{\"@id\":\"https:\/\/www.noticiasradioreflejos.com.ar\/2021\/#\/schema\/person\/ad82545263dcc5ec0996818884fd5fb1\"},\"breadcrumb\":{\"@id\":\"https:\/\/www.noticiasradioreflejos.com.ar\/2021\/gobierno-bonaerense-pide-a-intendentes-cumplir-las-normas-y-no-forzar-actividades-no-habilitadas\/#breadcrumb\"},\"inLanguage\":\"es\",\"potentialAction\":[{\"@type\":\"ReadAction\",\"target\":[\"https:\/\/www.noticiasradioreflejos.com.ar\/2021\/gobierno-bonaerense-pide-a-intendentes-cumplir-las-normas-y-no-forzar-actividades-no-habilitadas\/\"]}]},{\"@type\":\"BreadcrumbList\",\"@id\":\"https:\/\/www.noticiasradioreflejos.com.ar\/2021\/gobierno-bonaerense-pide-a-intendentes-cumplir-las-normas-y-no-forzar-actividades-no-habilitadas\/#breadcrumb\",\"itemListElement\":[{\"@type\":\"ListItem\",\"position\":1,\"name\":\"Portada\",\"item\":\"https:\/\/www.noticiasradioreflejos.com.ar\/2021\/\"},{\"@type\":\"ListItem\",\"position\":2,\"name\":\"Gobierno bonaerense pide a intendentes \u00abcumplir las normas\u00bb y \u00abno forzar actividades\u00bb no habilitadas\"}]},{\"@type\":\"WebSite\",\"@id\":\"https:\/\/www.noticiasradioreflejos.com.ar\/2021\/#website\",\"url\":\"https:\/\/www.noticiasradioreflejos.com.ar\/2021\/\",\"name\":\"Noticias Radio Reflejos\",\"description\":\"Las noticias de mi comarca\",\"potentialAction\":[{\"@type\":\"SearchAction\",\"target\":{\"@type\":\"EntryPoint\",\"urlTemplate\":\"https:\/\/www.noticiasradioreflejos.com.ar\/2021\/?s={search_term_string}\"},\"query-input\":{\"@type\":\"PropertyValueSpecification\",\"valueRequired\":true,\"valueName\":\"search_term_string\"}}],\"inLanguage\":\"es\"},{\"@type\":\"Person\",\"@id\":\"https:\/\/www.noticiasradioreflejos.com.ar\/2021\/#\/schema\/person\/ad82545263dcc5ec0996818884fd5fb1\",\"name\":\"Arnaldo Botto\",\"image\":{\"@type\":\"ImageObject\",\"inLanguage\":\"es\",\"@id\":\"https:\/\/www.noticiasradioreflejos.com.ar\/2021\/#\/schema\/person\/image\/\",\"url\":\"https:\/\/secure.gravatar.com\/avatar\/55cb5e37c1efa326397366e6974cb338056df65cb50e7d64d1cf314e87504837?s=96&d=mm&r=g\",\"contentUrl\":\"https:\/\/secure.gravatar.com\/avatar\/55cb5e37c1efa326397366e6974cb338056df65cb50e7d64d1cf314e87504837?s=96&d=mm&r=g\",\"caption\":\"Arnaldo Botto\"},\"url\":\"https:\/\/www.noticiasradioreflejos.com.ar\/2021\/author\/arnaldo\/\"}]}<\/script>\n<!-- \/ Yoast SEO plugin. -->","yoast_head_json":{"title":"Gobierno bonaerense pide a intendentes \"cumplir las normas\" y \"no forzar actividades\" no habilitadas - Noticias Radio Reflejos","robots":{"index":"index","follow":"follow","max-snippet":"max-snippet:-1","max-image-preview":"max-image-preview:large","max-video-preview":"max-video-preview:-1"},"canonical":"https:\/\/www.noticiasradioreflejos.com.ar\/2021\/gobierno-bonaerense-pide-a-intendentes-cumplir-las-normas-y-no-forzar-actividades-no-habilitadas\/","og_locale":"es_ES","og_type":"article","og_title":"Gobierno bonaerense pide a intendentes \"cumplir las normas\" y \"no forzar actividades\" no habilitadas - Noticias Radio Reflejos","og_description":"El jefe de Gabinete bonaerense, Carlos Bianco, pidi\u00f3 hoy a los intendentes del distrito \u00abcumplir las normas\u00bb en torno al aislamiento social por la pandemia de coronavirus y \u00abno forzar actividades\u00bb que el gobierno provincial no haya autorizado.","og_url":"https:\/\/www.noticiasradioreflejos.com.ar\/2021\/gobierno-bonaerense-pide-a-intendentes-cumplir-las-normas-y-no-forzar-actividades-no-habilitadas\/","og_site_name":"Noticias Radio Reflejos","article_published_time":"2020-07-28T11:41:26+00:00","og_image":[{"width":300,"height":200,"url":"https:\/\/www.noticiasradioreflejos.com.ar\/2021\/wp-content\/uploads\/2021\/07\/logosol300x200.png","type":"image\/png"}],"author":"Arnaldo Botto","twitter_card":"summary_large_image","schema":{"@context":"https:\/\/schema.org","@graph":[{"@type":"WebPage","@id":"https:\/\/www.noticiasradioreflejos.com.ar\/2021\/gobierno-bonaerense-pide-a-intendentes-cumplir-las-normas-y-no-forzar-actividades-no-habilitadas\/","url":"https:\/\/www.noticiasradioreflejos.com.ar\/2021\/gobierno-bonaerense-pide-a-intendentes-cumplir-las-normas-y-no-forzar-actividades-no-habilitadas\/","name":"Gobierno bonaerense pide a intendentes \"cumplir las normas\" y \"no forzar actividades\" no habilitadas - Noticias Radio Reflejos","isPartOf":{"@id":"https:\/\/www.noticiasradioreflejos.com.ar\/2021\/#website"},"datePublished":"2020-07-28T11:41:26+00:00","author":{"@id":"https:\/\/www.noticiasradioreflejos.com.ar\/2021\/#\/schema\/person\/ad82545263dcc5ec0996818884fd5fb1"},"breadcrumb":{"@id":"https:\/\/www.noticiasradioreflejos.com.ar\/2021\/gobierno-bonaerense-pide-a-intendentes-cumplir-las-normas-y-no-forzar-actividades-no-habilitadas\/#breadcrumb"},"inLanguage":"es","potentialAction":[{"@type":"ReadAction","target":["https:\/\/www.noticiasradioreflejos.com.ar\/2021\/gobierno-bonaerense-pide-a-intendentes-cumplir-las-normas-y-no-forzar-actividades-no-habilitadas\/"]}]},{"@type":"BreadcrumbList","@id":"https:\/\/www.noticiasradioreflejos.com.ar\/2021\/gobierno-bonaerense-pide-a-intendentes-cumplir-las-normas-y-no-forzar-actividades-no-habilitadas\/#breadcrumb","itemListElement":[{"@type":"ListItem","position":1,"name":"Portada","item":"https:\/\/www.noticiasradioreflejos.com.ar\/2021\/"},{"@type":"ListItem","position":2,"name":"Gobierno bonaerense pide a intendentes \u00abcumplir las normas\u00bb y \u00abno forzar actividades\u00bb no habilitadas"}]},{"@type":"WebSite","@id":"https:\/\/www.noticiasradioreflejos.com.ar\/2021\/#website","url":"https:\/\/www.noticiasradioreflejos.com.ar\/2021\/","name":"Noticias Radio Reflejos","description":"Las noticias de mi comarca","potentialAction":[{"@type":"SearchAction","target":{"@type":"EntryPoint","urlTemplate":"https:\/\/www.noticiasradioreflejos.com.ar\/2021\/?s={search_term_string}"},"query-input":{"@type":"PropertyValueSpecification","valueRequired":true,"valueName":"search_term_string"}}],"inLanguage":"es"},{"@type":"Person","@id":"https:\/\/www.noticiasradioreflejos.com.ar\/2021\/#\/schema\/person\/ad82545263dcc5ec0996818884fd5fb1","name":"Arnaldo Botto","image":{"@type":"ImageObject","inLanguage":"es","@id":"https:\/\/www.noticiasradioreflejos.com.ar\/2021\/#\/schema\/person\/image\/","url":"https:\/\/secure.gravatar.com\/avatar\/55cb5e37c1efa326397366e6974cb338056df65cb50e7d64d1cf314e87504837?s=96&d=mm&r=g","contentUrl":"https:\/\/secure.gravatar.com\/avatar\/55cb5e37c1efa326397366e6974cb338056df65cb50e7d64d1cf314e87504837?s=96&d=mm&r=g","caption":"Arnaldo Botto"},"url":"https:\/\/www.noticiasradioreflejos.com.ar\/2021\/author\/arnaldo\/"}]}},"_links":{"self":[{"href":"https:\/\/www.noticiasradioreflejos.com.ar\/2021\/wp-json\/wp\/v2\/posts\/45051","targetHints":{"allow":["GET"]}}],"collection":[{"href":"https:\/\/www.noticiasradioreflejos.com.ar\/2021\/wp-json\/wp\/v2\/posts"}],"about":[{"href":"https:\/\/www.noticiasradioreflejos.com.ar\/2021\/wp-json\/wp\/v2\/types\/post"}],"author":[{"embeddable":true,"href":"https:\/\/www.noticiasradioreflejos.com.ar\/2021\/wp-json\/wp\/v2\/users\/3"}],"replies":[{"embeddable":true,"href":"https:\/\/www.noticiasradioreflejos.com.ar\/2021\/wp-json\/wp\/v2\/comments?post=45051"}],"version-history":[{"count":0,"href":"https:\/\/www.noticiasradioreflejos.com.ar\/2021\/wp-json\/wp\/v2\/posts\/45051\/revisions"}],"wp:attachment":[{"href":"https:\/\/www.noticiasradioreflejos.com.ar\/2021\/wp-json\/wp\/v2\/media?parent=45051"}],"wp:term":[{"taxonomy":"category","embeddable":true,"href":"https:\/\/www.noticiasradioreflejos.com.ar\/2021\/wp-json\/wp\/v2\/categories?post=45051"},{"taxonomy":"post_tag","embeddable":true,"href":"https:\/\/www.noticiasradioreflejos.com.ar\/2021\/wp-json\/wp\/v2\/tags?post=45051"}],"curies":[{"name":"wp","href":"https:\/\/api.w.org\/{rel}","templated":true}]}}