{"id":45035,"date":"2020-07-27T17:37:49","date_gmt":"2020-07-27T20:37:49","guid":{"rendered":"http:\/\/www.noticiasradioreflejos.com.ar\/noticias\/?p=45035"},"modified":"2020-07-27T17:37:49","modified_gmt":"2020-07-27T20:37:49","slug":"ayuda-le-continua-campana-de-adhesion-voluntaria-de-socios-en-sierra-de-la-ventana-y-saldungaray","status":"publish","type":"post","link":"https:\/\/www.noticiasradioreflejos.com.ar\/2021\/ayuda-le-continua-campana-de-adhesion-voluntaria-de-socios-en-sierra-de-la-ventana-y-saldungaray\/","title":{"rendered":"AYUDA-LE: Contin\u00faa campa\u00f1a de adhesi\u00f3n voluntaria de socios en Sierra de la Ventana y Saldungaray."},"content":{"rendered":"<p>La \u00faltima campa\u00f1a de adhesi\u00f3n de socios la hicimos en el a\u00f1o 1992 con el apoyo de La Nueva Provincia y LU2, mediante un programa radial de 8hs donde la gente llamaba y se<br \/>\nasociaba, incluso los tel\u00e9fonos eran atendidos por personas famosas de Bah\u00eda Blanca, jugadores de f\u00fatbol, de b\u00e1squet, boxeadores, etc.<!--more--><br \/>\nTenemos mucho entusiasmo y confiamos que, esta nueva campa\u00f1a, nos permitir\u00e1 continuar acompa\u00f1ando de manera totalmente gratuita a los enfermos leuc\u00e9micos y sus familias. Porque estamos convencidos que el acceso a un tratamiento adecuado en condiciones dignas y el apoyo de una red de soporte socio-emocional son factores fundamentales para salir adelante.<br \/>\nAYUDA-LE es una Asociaci\u00f3n Civil sin fines de lucro en la que, desde 1990, trabajamos en una gran diversidad de actividades relacionadas con el diagn\u00f3stico y tratamiento de las<br \/>\nenfermedades malignas del sistema hematopoy\u00e9tico que se llevan a cabo en la cuidad de Bah\u00eda Blanca y su \u00e1rea de influencia sanitaria.<br \/>\nContamos con ocho departamentos equipados para aquellos ni\u00f1os en tratamiento oncol\u00f3gico que no son de Bah\u00eda Blanca y para los de la ciudad cuando las condiciones de su vivienda no son las adecuadas para su estado de inmunosupresi\u00f3n. Es nuestro objetivo compartir con sus familias una estad\u00eda confortable y totalmente gratuita. En casos de<br \/>\nnecesidad, tambi\u00e9n acompa\u00f1amos con bolsas de comestibles.<br \/>\nAdem\u00e1s, gracias al apoyo que venimos recibiendo de la comunidad, construimos una Sala de Juegos en el predio donde se encuentran los departamentos en la calle Baigorria 2150, para que los ni\u00f1os puedan pasar algunas horas jugando en un lugar m\u00e1s espaciado con distintos sectores: de lectura, de arte, de construcci\u00f3n, de juegos de play, de pel\u00edculas, etc.<br \/>\nNuestra presencia en el <strong>Hospital Penna<\/strong> se da en la entrega de insumos hospitalarios, insumos para el tratamiento de los pacientes y tambi\u00e9n con la donaci\u00f3n de amoblamiento<br \/>\nen las salas de aislamiento.<br \/>\nPara poder seguir creciendo en el acompa\u00f1amiento a los enfermos de leucemia y sus familias, necesitamos la ayuda de la comunidad.<br \/>\nContamos con ustedes para pedirles colaboraci\u00f3n en difundir a la comunidad sobre nuestra campa\u00f1a, y los invitamos a realizar entrevistas con quienes formamos parte del equipo de <strong>AYUDA-LE<\/strong>.<\/p>\n<p>Pueden encontrarnos en Roca 298 o llamarnos al <strong>0291 454 1313<\/strong> de lunes a viernes de 9 a 13hs.<\/p>\n","protected":false},"excerpt":{"rendered":"<p>La \u00faltima campa\u00f1a de adhesi\u00f3n de socios la hicimos en el a\u00f1o 1992 con el apoyo de La Nueva Provincia y LU2, mediante un programa radial de 8hs donde la gente llamaba y se asociaba, incluso los tel\u00e9fonos eran atendidos por personas famosas de Bah\u00eda Blanca, jugadores de f\u00fatbol, de b\u00e1squet, boxeadores, etc.<\/p>\n","protected":false},"author":3,"featured_media":0,"comment_status":"closed","ping_status":"open","sticky":false,"template":"","format":"standard","meta":{"footnotes":""},"categories":[26],"tags":[],"class_list":["post-45035","post","type-post","status-publish","format-standard","hentry","category-sociedad"],"yoast_head":"<!-- This site is optimized with the Yoast SEO plugin v25.9 - https:\/\/yoast.com\/wordpress\/plugins\/seo\/ -->\n<title>AYUDA-LE: Contin\u00faa campa\u00f1a de adhesi\u00f3n voluntaria de socios en Sierra de la Ventana y Saldungaray. - Noticias Radio Reflejos<\/title>\n<meta name=\"robots\" content=\"index, follow, max-snippet:-1, max-image-preview:large, max-video-preview:-1\" \/>\n<link rel=\"canonical\" href=\"https:\/\/www.noticiasradioreflejos.com.ar\/2021\/ayuda-le-continua-campana-de-adhesion-voluntaria-de-socios-en-sierra-de-la-ventana-y-saldungaray\/\" \/>\n<meta property=\"og:locale\" content=\"es_ES\" \/>\n<meta property=\"og:type\" content=\"article\" \/>\n<meta property=\"og:title\" content=\"AYUDA-LE: Contin\u00faa campa\u00f1a de adhesi\u00f3n voluntaria de socios en Sierra de la Ventana y Saldungaray. - Noticias Radio Reflejos\" \/>\n<meta property=\"og:description\" content=\"La \u00faltima campa\u00f1a de adhesi\u00f3n de socios la hicimos en el a\u00f1o 1992 con el apoyo de La Nueva Provincia y LU2, mediante un programa radial de 8hs donde la gente llamaba y se asociaba, incluso los tel\u00e9fonos eran atendidos por personas famosas de Bah\u00eda Blanca, jugadores de f\u00fatbol, de b\u00e1squet, boxeadores, etc.\" \/>\n<meta property=\"og:url\" content=\"https:\/\/www.noticiasradioreflejos.com.ar\/2021\/ayuda-le-continua-campana-de-adhesion-voluntaria-de-socios-en-sierra-de-la-ventana-y-saldungaray\/\" \/>\n<meta property=\"og:site_name\" content=\"Noticias Radio Reflejos\" \/>\n<meta property=\"article:published_time\" content=\"2020-07-27T20:37:49+00:00\" \/>\n<meta property=\"og:image\" content=\"https:\/\/www.noticiasradioreflejos.com.ar\/2021\/wp-content\/uploads\/2021\/07\/logosol300x200.png\" \/>\n\t<meta property=\"og:image:width\" content=\"300\" \/>\n\t<meta property=\"og:image:height\" content=\"200\" \/>\n\t<meta property=\"og:image:type\" content=\"image\/png\" \/>\n<meta name=\"author\" content=\"Arnaldo Botto\" \/>\n<meta name=\"twitter:card\" content=\"summary_large_image\" \/>\n<script type=\"application\/ld+json\" class=\"yoast-schema-graph\">{\"@context\":\"https:\/\/schema.org\",\"@graph\":[{\"@type\":\"WebPage\",\"@id\":\"https:\/\/www.noticiasradioreflejos.com.ar\/2021\/ayuda-le-continua-campana-de-adhesion-voluntaria-de-socios-en-sierra-de-la-ventana-y-saldungaray\/\",\"url\":\"https:\/\/www.noticiasradioreflejos.com.ar\/2021\/ayuda-le-continua-campana-de-adhesion-voluntaria-de-socios-en-sierra-de-la-ventana-y-saldungaray\/\",\"name\":\"AYUDA-LE: Contin\u00faa campa\u00f1a de adhesi\u00f3n voluntaria de socios en Sierra de la Ventana y Saldungaray. - Noticias Radio Reflejos\",\"isPartOf\":{\"@id\":\"https:\/\/www.noticiasradioreflejos.com.ar\/2021\/#website\"},\"datePublished\":\"2020-07-27T20:37:49+00:00\",\"author\":{\"@id\":\"https:\/\/www.noticiasradioreflejos.com.ar\/2021\/#\/schema\/person\/ad82545263dcc5ec0996818884fd5fb1\"},\"breadcrumb\":{\"@id\":\"https:\/\/www.noticiasradioreflejos.com.ar\/2021\/ayuda-le-continua-campana-de-adhesion-voluntaria-de-socios-en-sierra-de-la-ventana-y-saldungaray\/#breadcrumb\"},\"inLanguage\":\"es\",\"potentialAction\":[{\"@type\":\"ReadAction\",\"target\":[\"https:\/\/www.noticiasradioreflejos.com.ar\/2021\/ayuda-le-continua-campana-de-adhesion-voluntaria-de-socios-en-sierra-de-la-ventana-y-saldungaray\/\"]}]},{\"@type\":\"BreadcrumbList\",\"@id\":\"https:\/\/www.noticiasradioreflejos.com.ar\/2021\/ayuda-le-continua-campana-de-adhesion-voluntaria-de-socios-en-sierra-de-la-ventana-y-saldungaray\/#breadcrumb\",\"itemListElement\":[{\"@type\":\"ListItem\",\"position\":1,\"name\":\"Portada\",\"item\":\"https:\/\/www.noticiasradioreflejos.com.ar\/2021\/\"},{\"@type\":\"ListItem\",\"position\":2,\"name\":\"AYUDA-LE: Contin\u00faa campa\u00f1a de adhesi\u00f3n voluntaria de socios en Sierra de la Ventana y Saldungaray.\"}]},{\"@type\":\"WebSite\",\"@id\":\"https:\/\/www.noticiasradioreflejos.com.ar\/2021\/#website\",\"url\":\"https:\/\/www.noticiasradioreflejos.com.ar\/2021\/\",\"name\":\"Noticias Radio Reflejos\",\"description\":\"Las noticias de mi comarca\",\"potentialAction\":[{\"@type\":\"SearchAction\",\"target\":{\"@type\":\"EntryPoint\",\"urlTemplate\":\"https:\/\/www.noticiasradioreflejos.com.ar\/2021\/?s={search_term_string}\"},\"query-input\":{\"@type\":\"PropertyValueSpecification\",\"valueRequired\":true,\"valueName\":\"search_term_string\"}}],\"inLanguage\":\"es\"},{\"@type\":\"Person\",\"@id\":\"https:\/\/www.noticiasradioreflejos.com.ar\/2021\/#\/schema\/person\/ad82545263dcc5ec0996818884fd5fb1\",\"name\":\"Arnaldo Botto\",\"image\":{\"@type\":\"ImageObject\",\"inLanguage\":\"es\",\"@id\":\"https:\/\/www.noticiasradioreflejos.com.ar\/2021\/#\/schema\/person\/image\/\",\"url\":\"https:\/\/secure.gravatar.com\/avatar\/55cb5e37c1efa326397366e6974cb338056df65cb50e7d64d1cf314e87504837?s=96&d=mm&r=g\",\"contentUrl\":\"https:\/\/secure.gravatar.com\/avatar\/55cb5e37c1efa326397366e6974cb338056df65cb50e7d64d1cf314e87504837?s=96&d=mm&r=g\",\"caption\":\"Arnaldo Botto\"},\"url\":\"https:\/\/www.noticiasradioreflejos.com.ar\/2021\/author\/arnaldo\/\"}]}<\/script>\n<!-- \/ Yoast SEO plugin. -->","yoast_head_json":{"title":"AYUDA-LE: Contin\u00faa campa\u00f1a de adhesi\u00f3n voluntaria de socios en Sierra de la Ventana y Saldungaray. - Noticias Radio Reflejos","robots":{"index":"index","follow":"follow","max-snippet":"max-snippet:-1","max-image-preview":"max-image-preview:large","max-video-preview":"max-video-preview:-1"},"canonical":"https:\/\/www.noticiasradioreflejos.com.ar\/2021\/ayuda-le-continua-campana-de-adhesion-voluntaria-de-socios-en-sierra-de-la-ventana-y-saldungaray\/","og_locale":"es_ES","og_type":"article","og_title":"AYUDA-LE: Contin\u00faa campa\u00f1a de adhesi\u00f3n voluntaria de socios en Sierra de la Ventana y Saldungaray. - Noticias Radio Reflejos","og_description":"La \u00faltima campa\u00f1a de adhesi\u00f3n de socios la hicimos en el a\u00f1o 1992 con el apoyo de La Nueva Provincia y LU2, mediante un programa radial de 8hs donde la gente llamaba y se asociaba, incluso los tel\u00e9fonos eran atendidos por personas famosas de Bah\u00eda Blanca, jugadores de f\u00fatbol, de b\u00e1squet, boxeadores, etc.","og_url":"https:\/\/www.noticiasradioreflejos.com.ar\/2021\/ayuda-le-continua-campana-de-adhesion-voluntaria-de-socios-en-sierra-de-la-ventana-y-saldungaray\/","og_site_name":"Noticias Radio Reflejos","article_published_time":"2020-07-27T20:37:49+00:00","og_image":[{"width":300,"height":200,"url":"https:\/\/www.noticiasradioreflejos.com.ar\/2021\/wp-content\/uploads\/2021\/07\/logosol300x200.png","type":"image\/png"}],"author":"Arnaldo Botto","twitter_card":"summary_large_image","schema":{"@context":"https:\/\/schema.org","@graph":[{"@type":"WebPage","@id":"https:\/\/www.noticiasradioreflejos.com.ar\/2021\/ayuda-le-continua-campana-de-adhesion-voluntaria-de-socios-en-sierra-de-la-ventana-y-saldungaray\/","url":"https:\/\/www.noticiasradioreflejos.com.ar\/2021\/ayuda-le-continua-campana-de-adhesion-voluntaria-de-socios-en-sierra-de-la-ventana-y-saldungaray\/","name":"AYUDA-LE: Contin\u00faa campa\u00f1a de adhesi\u00f3n voluntaria de socios en Sierra de la Ventana y Saldungaray. - Noticias Radio Reflejos","isPartOf":{"@id":"https:\/\/www.noticiasradioreflejos.com.ar\/2021\/#website"},"datePublished":"2020-07-27T20:37:49+00:00","author":{"@id":"https:\/\/www.noticiasradioreflejos.com.ar\/2021\/#\/schema\/person\/ad82545263dcc5ec0996818884fd5fb1"},"breadcrumb":{"@id":"https:\/\/www.noticiasradioreflejos.com.ar\/2021\/ayuda-le-continua-campana-de-adhesion-voluntaria-de-socios-en-sierra-de-la-ventana-y-saldungaray\/#breadcrumb"},"inLanguage":"es","potentialAction":[{"@type":"ReadAction","target":["https:\/\/www.noticiasradioreflejos.com.ar\/2021\/ayuda-le-continua-campana-de-adhesion-voluntaria-de-socios-en-sierra-de-la-ventana-y-saldungaray\/"]}]},{"@type":"BreadcrumbList","@id":"https:\/\/www.noticiasradioreflejos.com.ar\/2021\/ayuda-le-continua-campana-de-adhesion-voluntaria-de-socios-en-sierra-de-la-ventana-y-saldungaray\/#breadcrumb","itemListElement":[{"@type":"ListItem","position":1,"name":"Portada","item":"https:\/\/www.noticiasradioreflejos.com.ar\/2021\/"},{"@type":"ListItem","position":2,"name":"AYUDA-LE: Contin\u00faa campa\u00f1a de adhesi\u00f3n voluntaria de socios en Sierra de la Ventana y Saldungaray."}]},{"@type":"WebSite","@id":"https:\/\/www.noticiasradioreflejos.com.ar\/2021\/#website","url":"https:\/\/www.noticiasradioreflejos.com.ar\/2021\/","name":"Noticias Radio Reflejos","description":"Las noticias de mi comarca","potentialAction":[{"@type":"SearchAction","target":{"@type":"EntryPoint","urlTemplate":"https:\/\/www.noticiasradioreflejos.com.ar\/2021\/?s={search_term_string}"},"query-input":{"@type":"PropertyValueSpecification","valueRequired":true,"valueName":"search_term_string"}}],"inLanguage":"es"},{"@type":"Person","@id":"https:\/\/www.noticiasradioreflejos.com.ar\/2021\/#\/schema\/person\/ad82545263dcc5ec0996818884fd5fb1","name":"Arnaldo Botto","image":{"@type":"ImageObject","inLanguage":"es","@id":"https:\/\/www.noticiasradioreflejos.com.ar\/2021\/#\/schema\/person\/image\/","url":"https:\/\/secure.gravatar.com\/avatar\/55cb5e37c1efa326397366e6974cb338056df65cb50e7d64d1cf314e87504837?s=96&d=mm&r=g","contentUrl":"https:\/\/secure.gravatar.com\/avatar\/55cb5e37c1efa326397366e6974cb338056df65cb50e7d64d1cf314e87504837?s=96&d=mm&r=g","caption":"Arnaldo Botto"},"url":"https:\/\/www.noticiasradioreflejos.com.ar\/2021\/author\/arnaldo\/"}]}},"_links":{"self":[{"href":"https:\/\/www.noticiasradioreflejos.com.ar\/2021\/wp-json\/wp\/v2\/posts\/45035","targetHints":{"allow":["GET"]}}],"collection":[{"href":"https:\/\/www.noticiasradioreflejos.com.ar\/2021\/wp-json\/wp\/v2\/posts"}],"about":[{"href":"https:\/\/www.noticiasradioreflejos.com.ar\/2021\/wp-json\/wp\/v2\/types\/post"}],"author":[{"embeddable":true,"href":"https:\/\/www.noticiasradioreflejos.com.ar\/2021\/wp-json\/wp\/v2\/users\/3"}],"replies":[{"embeddable":true,"href":"https:\/\/www.noticiasradioreflejos.com.ar\/2021\/wp-json\/wp\/v2\/comments?post=45035"}],"version-history":[{"count":0,"href":"https:\/\/www.noticiasradioreflejos.com.ar\/2021\/wp-json\/wp\/v2\/posts\/45035\/revisions"}],"wp:attachment":[{"href":"https:\/\/www.noticiasradioreflejos.com.ar\/2021\/wp-json\/wp\/v2\/media?parent=45035"}],"wp:term":[{"taxonomy":"category","embeddable":true,"href":"https:\/\/www.noticiasradioreflejos.com.ar\/2021\/wp-json\/wp\/v2\/categories?post=45035"},{"taxonomy":"post_tag","embeddable":true,"href":"https:\/\/www.noticiasradioreflejos.com.ar\/2021\/wp-json\/wp\/v2\/tags?post=45035"}],"curies":[{"name":"wp","href":"https:\/\/api.w.org\/{rel}","templated":true}]}}