{"id":45032,"date":"2020-07-27T17:24:01","date_gmt":"2020-07-27T20:24:01","guid":{"rendered":"http:\/\/www.noticiasradioreflejos.com.ar\/noticias\/?p=45032"},"modified":"2020-07-27T17:24:01","modified_gmt":"2020-07-27T20:24:01","slug":"taller-virtual-programa-pyme-productivo-primera-exportacion","status":"publish","type":"post","link":"https:\/\/www.noticiasradioreflejos.com.ar\/2021\/taller-virtual-programa-pyme-productivo-primera-exportacion\/","title":{"rendered":"Taller virtual \u201cPrograma PyME Productivo Primera Exportaci\u00f3n\u00bb."},"content":{"rendered":"<p><a title=\"image001\" href=\"http:\/\/live.staticflickr.com\/65535\/50160387441_8a8e3e526a_s.jpg\" rel=\"\"><img loading=\"lazy\" decoding=\"async\" class=\"alignleft\" style=\"float: left;\" title=\"image001\" src=\"http:\/\/live.staticflickr.com\/65535\/50160387441_8a8e3e526a_z.jpg\" alt=\"image001\" width=\"245\" height=\"640\" \/><\/a>La Gerencia de Coordinaci\u00f3n de Consejos Consultivos junto a la Gerencia de Comercio Exterior del Banco de la Provincia de Buenos Aires, organizan el primer taller virtual del \u201cPrograma PyME Productivo Primera Exportaci\u00f3n\u201d, el mismo se llevar\u00e1 a cabo los d\u00edas 3, 4, 5 y 6 del mes de Agosto de 2020 de 10:00 a 11:00 horas.<!--more--><\/p>\n<p>Se adjunta el flyer del mencionado Programa.<\/p>\n<p>La participaci\u00f3n es gratuita. Las inscripciones pueden realizarse por mail a miprimeraexportaci\u00f3n@bpba.com.ar; o ingresando en el sitio web del Banco Provincia de Buenos Aires (https:\/\/www.bancoprovincia.com.ar\/comercio_exterior\/comex_exportacion), donde encontrar\u00e1 m\u00e1s informaci\u00f3n acerca del citado Programa.<\/p>\n<p>Quedando a vuestra disposici\u00f3n por cualquier consulta, hacemos propicia la oportunidad para saludar a usted muy cordialmente.<\/p>\n","protected":false},"excerpt":{"rendered":"<p>La Gerencia de Coordinaci\u00f3n de Consejos Consultivos junto a la Gerencia de Comercio Exterior del Banco de la Provincia de Buenos Aires, organizan el primer taller virtual del \u201cPrograma PyME Productivo Primera Exportaci\u00f3n\u201d, el mismo se llevar\u00e1 a cabo los d\u00edas 3, 4, 5 y 6 del mes de Agosto de 2020 de 10:00 a [&hellip;]<\/p>\n","protected":false},"author":3,"featured_media":0,"comment_status":"closed","ping_status":"open","sticky":false,"template":"","format":"standard","meta":{"footnotes":""},"categories":[36],"tags":[],"class_list":["post-45032","post","type-post","status-publish","format-standard","hentry","category-economia"],"yoast_head":"<!-- This site is optimized with the Yoast SEO plugin v25.9 - https:\/\/yoast.com\/wordpress\/plugins\/seo\/ -->\n<title>Taller virtual \u201cPrograma PyME Productivo Primera Exportaci\u00f3n&quot;. - Noticias Radio Reflejos<\/title>\n<meta name=\"robots\" content=\"index, follow, max-snippet:-1, max-image-preview:large, max-video-preview:-1\" \/>\n<link rel=\"canonical\" href=\"https:\/\/www.noticiasradioreflejos.com.ar\/2021\/taller-virtual-programa-pyme-productivo-primera-exportacion\/\" \/>\n<meta property=\"og:locale\" content=\"es_ES\" \/>\n<meta property=\"og:type\" content=\"article\" \/>\n<meta property=\"og:title\" content=\"Taller virtual \u201cPrograma PyME Productivo Primera Exportaci\u00f3n&quot;. - Noticias Radio Reflejos\" \/>\n<meta property=\"og:description\" content=\"La Gerencia de Coordinaci\u00f3n de Consejos Consultivos junto a la Gerencia de Comercio Exterior del Banco de la Provincia de Buenos Aires, organizan el primer taller virtual del \u201cPrograma PyME Productivo Primera Exportaci\u00f3n\u201d, el mismo se llevar\u00e1 a cabo los d\u00edas 3, 4, 5 y 6 del mes de Agosto de 2020 de 10:00 a [&hellip;]\" \/>\n<meta property=\"og:url\" content=\"https:\/\/www.noticiasradioreflejos.com.ar\/2021\/taller-virtual-programa-pyme-productivo-primera-exportacion\/\" \/>\n<meta property=\"og:site_name\" content=\"Noticias Radio Reflejos\" \/>\n<meta property=\"article:published_time\" content=\"2020-07-27T20:24:01+00:00\" \/>\n<meta property=\"og:image\" content=\"http:\/\/live.staticflickr.com\/65535\/50160387441_8a8e3e526a_z.jpg\" \/>\n<meta name=\"author\" content=\"Arnaldo Botto\" \/>\n<meta name=\"twitter:card\" content=\"summary_large_image\" \/>\n<script type=\"application\/ld+json\" class=\"yoast-schema-graph\">{\"@context\":\"https:\/\/schema.org\",\"@graph\":[{\"@type\":\"WebPage\",\"@id\":\"https:\/\/www.noticiasradioreflejos.com.ar\/2021\/taller-virtual-programa-pyme-productivo-primera-exportacion\/\",\"url\":\"https:\/\/www.noticiasradioreflejos.com.ar\/2021\/taller-virtual-programa-pyme-productivo-primera-exportacion\/\",\"name\":\"Taller virtual \u201cPrograma PyME Productivo Primera Exportaci\u00f3n\\\". - Noticias Radio Reflejos\",\"isPartOf\":{\"@id\":\"https:\/\/www.noticiasradioreflejos.com.ar\/2021\/#website\"},\"primaryImageOfPage\":{\"@id\":\"https:\/\/www.noticiasradioreflejos.com.ar\/2021\/taller-virtual-programa-pyme-productivo-primera-exportacion\/#primaryimage\"},\"image\":{\"@id\":\"https:\/\/www.noticiasradioreflejos.com.ar\/2021\/taller-virtual-programa-pyme-productivo-primera-exportacion\/#primaryimage\"},\"thumbnailUrl\":\"http:\/\/live.staticflickr.com\/65535\/50160387441_8a8e3e526a_z.jpg\",\"datePublished\":\"2020-07-27T20:24:01+00:00\",\"author\":{\"@id\":\"https:\/\/www.noticiasradioreflejos.com.ar\/2021\/#\/schema\/person\/ad82545263dcc5ec0996818884fd5fb1\"},\"breadcrumb\":{\"@id\":\"https:\/\/www.noticiasradioreflejos.com.ar\/2021\/taller-virtual-programa-pyme-productivo-primera-exportacion\/#breadcrumb\"},\"inLanguage\":\"es\",\"potentialAction\":[{\"@type\":\"ReadAction\",\"target\":[\"https:\/\/www.noticiasradioreflejos.com.ar\/2021\/taller-virtual-programa-pyme-productivo-primera-exportacion\/\"]}]},{\"@type\":\"ImageObject\",\"inLanguage\":\"es\",\"@id\":\"https:\/\/www.noticiasradioreflejos.com.ar\/2021\/taller-virtual-programa-pyme-productivo-primera-exportacion\/#primaryimage\",\"url\":\"http:\/\/live.staticflickr.com\/65535\/50160387441_8a8e3e526a_z.jpg\",\"contentUrl\":\"http:\/\/live.staticflickr.com\/65535\/50160387441_8a8e3e526a_z.jpg\"},{\"@type\":\"BreadcrumbList\",\"@id\":\"https:\/\/www.noticiasradioreflejos.com.ar\/2021\/taller-virtual-programa-pyme-productivo-primera-exportacion\/#breadcrumb\",\"itemListElement\":[{\"@type\":\"ListItem\",\"position\":1,\"name\":\"Portada\",\"item\":\"https:\/\/www.noticiasradioreflejos.com.ar\/2021\/\"},{\"@type\":\"ListItem\",\"position\":2,\"name\":\"Taller virtual \u201cPrograma PyME Productivo Primera Exportaci\u00f3n\u00bb.\"}]},{\"@type\":\"WebSite\",\"@id\":\"https:\/\/www.noticiasradioreflejos.com.ar\/2021\/#website\",\"url\":\"https:\/\/www.noticiasradioreflejos.com.ar\/2021\/\",\"name\":\"Noticias Radio Reflejos\",\"description\":\"Las noticias de mi comarca\",\"potentialAction\":[{\"@type\":\"SearchAction\",\"target\":{\"@type\":\"EntryPoint\",\"urlTemplate\":\"https:\/\/www.noticiasradioreflejos.com.ar\/2021\/?s={search_term_string}\"},\"query-input\":{\"@type\":\"PropertyValueSpecification\",\"valueRequired\":true,\"valueName\":\"search_term_string\"}}],\"inLanguage\":\"es\"},{\"@type\":\"Person\",\"@id\":\"https:\/\/www.noticiasradioreflejos.com.ar\/2021\/#\/schema\/person\/ad82545263dcc5ec0996818884fd5fb1\",\"name\":\"Arnaldo Botto\",\"image\":{\"@type\":\"ImageObject\",\"inLanguage\":\"es\",\"@id\":\"https:\/\/www.noticiasradioreflejos.com.ar\/2021\/#\/schema\/person\/image\/\",\"url\":\"https:\/\/secure.gravatar.com\/avatar\/55cb5e37c1efa326397366e6974cb338056df65cb50e7d64d1cf314e87504837?s=96&d=mm&r=g\",\"contentUrl\":\"https:\/\/secure.gravatar.com\/avatar\/55cb5e37c1efa326397366e6974cb338056df65cb50e7d64d1cf314e87504837?s=96&d=mm&r=g\",\"caption\":\"Arnaldo Botto\"},\"url\":\"https:\/\/www.noticiasradioreflejos.com.ar\/2021\/author\/arnaldo\/\"}]}<\/script>\n<!-- \/ Yoast SEO plugin. -->","yoast_head_json":{"title":"Taller virtual \u201cPrograma PyME Productivo Primera Exportaci\u00f3n\". - Noticias Radio Reflejos","robots":{"index":"index","follow":"follow","max-snippet":"max-snippet:-1","max-image-preview":"max-image-preview:large","max-video-preview":"max-video-preview:-1"},"canonical":"https:\/\/www.noticiasradioreflejos.com.ar\/2021\/taller-virtual-programa-pyme-productivo-primera-exportacion\/","og_locale":"es_ES","og_type":"article","og_title":"Taller virtual \u201cPrograma PyME Productivo Primera Exportaci\u00f3n\". - Noticias Radio Reflejos","og_description":"La Gerencia de Coordinaci\u00f3n de Consejos Consultivos junto a la Gerencia de Comercio Exterior del Banco de la Provincia de Buenos Aires, organizan el primer taller virtual del \u201cPrograma PyME Productivo Primera Exportaci\u00f3n\u201d, el mismo se llevar\u00e1 a cabo los d\u00edas 3, 4, 5 y 6 del mes de Agosto de 2020 de 10:00 a [&hellip;]","og_url":"https:\/\/www.noticiasradioreflejos.com.ar\/2021\/taller-virtual-programa-pyme-productivo-primera-exportacion\/","og_site_name":"Noticias Radio Reflejos","article_published_time":"2020-07-27T20:24:01+00:00","og_image":[{"url":"http:\/\/live.staticflickr.com\/65535\/50160387441_8a8e3e526a_z.jpg","type":"","width":"","height":""}],"author":"Arnaldo Botto","twitter_card":"summary_large_image","schema":{"@context":"https:\/\/schema.org","@graph":[{"@type":"WebPage","@id":"https:\/\/www.noticiasradioreflejos.com.ar\/2021\/taller-virtual-programa-pyme-productivo-primera-exportacion\/","url":"https:\/\/www.noticiasradioreflejos.com.ar\/2021\/taller-virtual-programa-pyme-productivo-primera-exportacion\/","name":"Taller virtual \u201cPrograma PyME Productivo Primera Exportaci\u00f3n\". - Noticias Radio Reflejos","isPartOf":{"@id":"https:\/\/www.noticiasradioreflejos.com.ar\/2021\/#website"},"primaryImageOfPage":{"@id":"https:\/\/www.noticiasradioreflejos.com.ar\/2021\/taller-virtual-programa-pyme-productivo-primera-exportacion\/#primaryimage"},"image":{"@id":"https:\/\/www.noticiasradioreflejos.com.ar\/2021\/taller-virtual-programa-pyme-productivo-primera-exportacion\/#primaryimage"},"thumbnailUrl":"http:\/\/live.staticflickr.com\/65535\/50160387441_8a8e3e526a_z.jpg","datePublished":"2020-07-27T20:24:01+00:00","author":{"@id":"https:\/\/www.noticiasradioreflejos.com.ar\/2021\/#\/schema\/person\/ad82545263dcc5ec0996818884fd5fb1"},"breadcrumb":{"@id":"https:\/\/www.noticiasradioreflejos.com.ar\/2021\/taller-virtual-programa-pyme-productivo-primera-exportacion\/#breadcrumb"},"inLanguage":"es","potentialAction":[{"@type":"ReadAction","target":["https:\/\/www.noticiasradioreflejos.com.ar\/2021\/taller-virtual-programa-pyme-productivo-primera-exportacion\/"]}]},{"@type":"ImageObject","inLanguage":"es","@id":"https:\/\/www.noticiasradioreflejos.com.ar\/2021\/taller-virtual-programa-pyme-productivo-primera-exportacion\/#primaryimage","url":"http:\/\/live.staticflickr.com\/65535\/50160387441_8a8e3e526a_z.jpg","contentUrl":"http:\/\/live.staticflickr.com\/65535\/50160387441_8a8e3e526a_z.jpg"},{"@type":"BreadcrumbList","@id":"https:\/\/www.noticiasradioreflejos.com.ar\/2021\/taller-virtual-programa-pyme-productivo-primera-exportacion\/#breadcrumb","itemListElement":[{"@type":"ListItem","position":1,"name":"Portada","item":"https:\/\/www.noticiasradioreflejos.com.ar\/2021\/"},{"@type":"ListItem","position":2,"name":"Taller virtual \u201cPrograma PyME Productivo Primera Exportaci\u00f3n\u00bb."}]},{"@type":"WebSite","@id":"https:\/\/www.noticiasradioreflejos.com.ar\/2021\/#website","url":"https:\/\/www.noticiasradioreflejos.com.ar\/2021\/","name":"Noticias Radio Reflejos","description":"Las noticias de mi comarca","potentialAction":[{"@type":"SearchAction","target":{"@type":"EntryPoint","urlTemplate":"https:\/\/www.noticiasradioreflejos.com.ar\/2021\/?s={search_term_string}"},"query-input":{"@type":"PropertyValueSpecification","valueRequired":true,"valueName":"search_term_string"}}],"inLanguage":"es"},{"@type":"Person","@id":"https:\/\/www.noticiasradioreflejos.com.ar\/2021\/#\/schema\/person\/ad82545263dcc5ec0996818884fd5fb1","name":"Arnaldo Botto","image":{"@type":"ImageObject","inLanguage":"es","@id":"https:\/\/www.noticiasradioreflejos.com.ar\/2021\/#\/schema\/person\/image\/","url":"https:\/\/secure.gravatar.com\/avatar\/55cb5e37c1efa326397366e6974cb338056df65cb50e7d64d1cf314e87504837?s=96&d=mm&r=g","contentUrl":"https:\/\/secure.gravatar.com\/avatar\/55cb5e37c1efa326397366e6974cb338056df65cb50e7d64d1cf314e87504837?s=96&d=mm&r=g","caption":"Arnaldo Botto"},"url":"https:\/\/www.noticiasradioreflejos.com.ar\/2021\/author\/arnaldo\/"}]}},"_links":{"self":[{"href":"https:\/\/www.noticiasradioreflejos.com.ar\/2021\/wp-json\/wp\/v2\/posts\/45032","targetHints":{"allow":["GET"]}}],"collection":[{"href":"https:\/\/www.noticiasradioreflejos.com.ar\/2021\/wp-json\/wp\/v2\/posts"}],"about":[{"href":"https:\/\/www.noticiasradioreflejos.com.ar\/2021\/wp-json\/wp\/v2\/types\/post"}],"author":[{"embeddable":true,"href":"https:\/\/www.noticiasradioreflejos.com.ar\/2021\/wp-json\/wp\/v2\/users\/3"}],"replies":[{"embeddable":true,"href":"https:\/\/www.noticiasradioreflejos.com.ar\/2021\/wp-json\/wp\/v2\/comments?post=45032"}],"version-history":[{"count":0,"href":"https:\/\/www.noticiasradioreflejos.com.ar\/2021\/wp-json\/wp\/v2\/posts\/45032\/revisions"}],"wp:attachment":[{"href":"https:\/\/www.noticiasradioreflejos.com.ar\/2021\/wp-json\/wp\/v2\/media?parent=45032"}],"wp:term":[{"taxonomy":"category","embeddable":true,"href":"https:\/\/www.noticiasradioreflejos.com.ar\/2021\/wp-json\/wp\/v2\/categories?post=45032"},{"taxonomy":"post_tag","embeddable":true,"href":"https:\/\/www.noticiasradioreflejos.com.ar\/2021\/wp-json\/wp\/v2\/tags?post=45032"}],"curies":[{"name":"wp","href":"https:\/\/api.w.org\/{rel}","templated":true}]}}