{"id":45026,"date":"2020-07-27T17:21:07","date_gmt":"2020-07-27T20:21:07","guid":{"rendered":"http:\/\/www.noticiasradioreflejos.com.ar\/noticias\/?p=45026"},"modified":"2020-07-27T17:21:07","modified_gmt":"2020-07-27T20:21:07","slug":"continuan-las-actividades-culturales-durante-las-vacaciones-de-invierno","status":"publish","type":"post","link":"https:\/\/www.noticiasradioreflejos.com.ar\/2021\/continuan-las-actividades-culturales-durante-las-vacaciones-de-invierno\/","title":{"rendered":"Contin\u00faan las actividades culturales durante las vacaciones de invierno."},"content":{"rendered":"<p><a title=\"vacacult\" href=\"http:\/\/live.staticflickr.com\/65535\/50160377616_7862d326c9_s.jpg\" rel=\"\"><img loading=\"lazy\" decoding=\"async\" class=\"alignleft\" style=\"float: left;\" title=\"vacacult\" src=\"http:\/\/live.staticflickr.com\/65535\/50160377616_7862d326c9_z.jpg\" alt=\"vacacult\" width=\"489\" height=\"640\" \/><\/a>La Direcci\u00f3n de Cultura del Municipio de Tornquist recuerda que esta \u00faltima semana de vacaciones de invierno continuar\u00e1n las actividades para los ni\u00f1os.<br \/>\nLa modalidad de este a\u00f1o es virtual por la pandemia de Covid-19.<!--more--><\/p>\n<p><strong>Martes 28.<\/strong><br \/>\n&#8211; Amasando barro \u201cTaller de alfarer\u00eda\u201d. (0 a 99 a\u00f1os) VIVO<br \/>\nVivo por: Facebook Centro Cultural de Sierra de la Ventana.<br \/>\n<strong>17hs.<\/strong><br \/>\n<strong> Mi\u00e9rcoles 29.<\/strong><br \/>\n&#8211; S\u00faper Star ritmos para Adultos. VIVO.<br \/>\nVivo por: Facebook Teatro Municipal Rodolfo Funke.<br \/>\n17HS.<br \/>\n<strong>Jueves 30.<\/strong><br \/>\nJueves de Pe\u00f1a. VIVO<br \/>\nVivo por: Facebook Centro cultural de Sierra de la ventana.<br \/>\n17hs.<br \/>\n<strong>Viernes 31.<\/strong><br \/>\n&#8211; Florinda. Canciones para ni\u00f1os VIVO.<br \/>\nVivo por: Facebook Centro Cultural de Sierra de la Ventana.<br \/>\n17hs.<\/p>\n","protected":false},"excerpt":{"rendered":"<p>La Direcci\u00f3n de Cultura del Municipio de Tornquist recuerda que esta \u00faltima semana de vacaciones de invierno continuar\u00e1n las actividades para los ni\u00f1os. La modalidad de este a\u00f1o es virtual por la pandemia de Covid-19.<\/p>\n","protected":false},"author":3,"featured_media":0,"comment_status":"closed","ping_status":"open","sticky":false,"template":"","format":"standard","meta":{"footnotes":""},"categories":[35],"tags":[],"class_list":["post-45026","post","type-post","status-publish","format-standard","hentry","category-cultura"],"yoast_head":"<!-- This site is optimized with the Yoast SEO plugin v25.9 - https:\/\/yoast.com\/wordpress\/plugins\/seo\/ -->\n<title>Contin\u00faan las actividades culturales durante las vacaciones de invierno. - Noticias Radio Reflejos<\/title>\n<meta name=\"robots\" content=\"index, follow, max-snippet:-1, max-image-preview:large, max-video-preview:-1\" \/>\n<link rel=\"canonical\" href=\"https:\/\/www.noticiasradioreflejos.com.ar\/2021\/continuan-las-actividades-culturales-durante-las-vacaciones-de-invierno\/\" \/>\n<meta property=\"og:locale\" content=\"es_ES\" \/>\n<meta property=\"og:type\" content=\"article\" \/>\n<meta property=\"og:title\" content=\"Contin\u00faan las actividades culturales durante las vacaciones de invierno. - Noticias Radio Reflejos\" \/>\n<meta property=\"og:description\" content=\"La Direcci\u00f3n de Cultura del Municipio de Tornquist recuerda que esta \u00faltima semana de vacaciones de invierno continuar\u00e1n las actividades para los ni\u00f1os. La modalidad de este a\u00f1o es virtual por la pandemia de Covid-19.\" \/>\n<meta property=\"og:url\" content=\"https:\/\/www.noticiasradioreflejos.com.ar\/2021\/continuan-las-actividades-culturales-durante-las-vacaciones-de-invierno\/\" \/>\n<meta property=\"og:site_name\" content=\"Noticias Radio Reflejos\" \/>\n<meta property=\"article:published_time\" content=\"2020-07-27T20:21:07+00:00\" \/>\n<meta property=\"og:image\" content=\"http:\/\/live.staticflickr.com\/65535\/50160377616_7862d326c9_z.jpg\" \/>\n<meta name=\"author\" content=\"Arnaldo Botto\" \/>\n<meta name=\"twitter:card\" content=\"summary_large_image\" \/>\n<script type=\"application\/ld+json\" class=\"yoast-schema-graph\">{\"@context\":\"https:\/\/schema.org\",\"@graph\":[{\"@type\":\"WebPage\",\"@id\":\"https:\/\/www.noticiasradioreflejos.com.ar\/2021\/continuan-las-actividades-culturales-durante-las-vacaciones-de-invierno\/\",\"url\":\"https:\/\/www.noticiasradioreflejos.com.ar\/2021\/continuan-las-actividades-culturales-durante-las-vacaciones-de-invierno\/\",\"name\":\"Contin\u00faan las actividades culturales durante las vacaciones de invierno. - Noticias Radio Reflejos\",\"isPartOf\":{\"@id\":\"https:\/\/www.noticiasradioreflejos.com.ar\/2021\/#website\"},\"primaryImageOfPage\":{\"@id\":\"https:\/\/www.noticiasradioreflejos.com.ar\/2021\/continuan-las-actividades-culturales-durante-las-vacaciones-de-invierno\/#primaryimage\"},\"image\":{\"@id\":\"https:\/\/www.noticiasradioreflejos.com.ar\/2021\/continuan-las-actividades-culturales-durante-las-vacaciones-de-invierno\/#primaryimage\"},\"thumbnailUrl\":\"http:\/\/live.staticflickr.com\/65535\/50160377616_7862d326c9_z.jpg\",\"datePublished\":\"2020-07-27T20:21:07+00:00\",\"author\":{\"@id\":\"https:\/\/www.noticiasradioreflejos.com.ar\/2021\/#\/schema\/person\/ad82545263dcc5ec0996818884fd5fb1\"},\"breadcrumb\":{\"@id\":\"https:\/\/www.noticiasradioreflejos.com.ar\/2021\/continuan-las-actividades-culturales-durante-las-vacaciones-de-invierno\/#breadcrumb\"},\"inLanguage\":\"es\",\"potentialAction\":[{\"@type\":\"ReadAction\",\"target\":[\"https:\/\/www.noticiasradioreflejos.com.ar\/2021\/continuan-las-actividades-culturales-durante-las-vacaciones-de-invierno\/\"]}]},{\"@type\":\"ImageObject\",\"inLanguage\":\"es\",\"@id\":\"https:\/\/www.noticiasradioreflejos.com.ar\/2021\/continuan-las-actividades-culturales-durante-las-vacaciones-de-invierno\/#primaryimage\",\"url\":\"http:\/\/live.staticflickr.com\/65535\/50160377616_7862d326c9_z.jpg\",\"contentUrl\":\"http:\/\/live.staticflickr.com\/65535\/50160377616_7862d326c9_z.jpg\"},{\"@type\":\"BreadcrumbList\",\"@id\":\"https:\/\/www.noticiasradioreflejos.com.ar\/2021\/continuan-las-actividades-culturales-durante-las-vacaciones-de-invierno\/#breadcrumb\",\"itemListElement\":[{\"@type\":\"ListItem\",\"position\":1,\"name\":\"Portada\",\"item\":\"https:\/\/www.noticiasradioreflejos.com.ar\/2021\/\"},{\"@type\":\"ListItem\",\"position\":2,\"name\":\"Contin\u00faan las actividades culturales durante las vacaciones de invierno.\"}]},{\"@type\":\"WebSite\",\"@id\":\"https:\/\/www.noticiasradioreflejos.com.ar\/2021\/#website\",\"url\":\"https:\/\/www.noticiasradioreflejos.com.ar\/2021\/\",\"name\":\"Noticias Radio Reflejos\",\"description\":\"Las noticias de mi comarca\",\"potentialAction\":[{\"@type\":\"SearchAction\",\"target\":{\"@type\":\"EntryPoint\",\"urlTemplate\":\"https:\/\/www.noticiasradioreflejos.com.ar\/2021\/?s={search_term_string}\"},\"query-input\":{\"@type\":\"PropertyValueSpecification\",\"valueRequired\":true,\"valueName\":\"search_term_string\"}}],\"inLanguage\":\"es\"},{\"@type\":\"Person\",\"@id\":\"https:\/\/www.noticiasradioreflejos.com.ar\/2021\/#\/schema\/person\/ad82545263dcc5ec0996818884fd5fb1\",\"name\":\"Arnaldo Botto\",\"image\":{\"@type\":\"ImageObject\",\"inLanguage\":\"es\",\"@id\":\"https:\/\/www.noticiasradioreflejos.com.ar\/2021\/#\/schema\/person\/image\/\",\"url\":\"https:\/\/secure.gravatar.com\/avatar\/55cb5e37c1efa326397366e6974cb338056df65cb50e7d64d1cf314e87504837?s=96&d=mm&r=g\",\"contentUrl\":\"https:\/\/secure.gravatar.com\/avatar\/55cb5e37c1efa326397366e6974cb338056df65cb50e7d64d1cf314e87504837?s=96&d=mm&r=g\",\"caption\":\"Arnaldo Botto\"},\"url\":\"https:\/\/www.noticiasradioreflejos.com.ar\/2021\/author\/arnaldo\/\"}]}<\/script>\n<!-- \/ Yoast SEO plugin. -->","yoast_head_json":{"title":"Contin\u00faan las actividades culturales durante las vacaciones de invierno. - Noticias Radio Reflejos","robots":{"index":"index","follow":"follow","max-snippet":"max-snippet:-1","max-image-preview":"max-image-preview:large","max-video-preview":"max-video-preview:-1"},"canonical":"https:\/\/www.noticiasradioreflejos.com.ar\/2021\/continuan-las-actividades-culturales-durante-las-vacaciones-de-invierno\/","og_locale":"es_ES","og_type":"article","og_title":"Contin\u00faan las actividades culturales durante las vacaciones de invierno. - Noticias Radio Reflejos","og_description":"La Direcci\u00f3n de Cultura del Municipio de Tornquist recuerda que esta \u00faltima semana de vacaciones de invierno continuar\u00e1n las actividades para los ni\u00f1os. La modalidad de este a\u00f1o es virtual por la pandemia de Covid-19.","og_url":"https:\/\/www.noticiasradioreflejos.com.ar\/2021\/continuan-las-actividades-culturales-durante-las-vacaciones-de-invierno\/","og_site_name":"Noticias Radio Reflejos","article_published_time":"2020-07-27T20:21:07+00:00","og_image":[{"url":"http:\/\/live.staticflickr.com\/65535\/50160377616_7862d326c9_z.jpg","type":"","width":"","height":""}],"author":"Arnaldo Botto","twitter_card":"summary_large_image","schema":{"@context":"https:\/\/schema.org","@graph":[{"@type":"WebPage","@id":"https:\/\/www.noticiasradioreflejos.com.ar\/2021\/continuan-las-actividades-culturales-durante-las-vacaciones-de-invierno\/","url":"https:\/\/www.noticiasradioreflejos.com.ar\/2021\/continuan-las-actividades-culturales-durante-las-vacaciones-de-invierno\/","name":"Contin\u00faan las actividades culturales durante las vacaciones de invierno. - Noticias Radio Reflejos","isPartOf":{"@id":"https:\/\/www.noticiasradioreflejos.com.ar\/2021\/#website"},"primaryImageOfPage":{"@id":"https:\/\/www.noticiasradioreflejos.com.ar\/2021\/continuan-las-actividades-culturales-durante-las-vacaciones-de-invierno\/#primaryimage"},"image":{"@id":"https:\/\/www.noticiasradioreflejos.com.ar\/2021\/continuan-las-actividades-culturales-durante-las-vacaciones-de-invierno\/#primaryimage"},"thumbnailUrl":"http:\/\/live.staticflickr.com\/65535\/50160377616_7862d326c9_z.jpg","datePublished":"2020-07-27T20:21:07+00:00","author":{"@id":"https:\/\/www.noticiasradioreflejos.com.ar\/2021\/#\/schema\/person\/ad82545263dcc5ec0996818884fd5fb1"},"breadcrumb":{"@id":"https:\/\/www.noticiasradioreflejos.com.ar\/2021\/continuan-las-actividades-culturales-durante-las-vacaciones-de-invierno\/#breadcrumb"},"inLanguage":"es","potentialAction":[{"@type":"ReadAction","target":["https:\/\/www.noticiasradioreflejos.com.ar\/2021\/continuan-las-actividades-culturales-durante-las-vacaciones-de-invierno\/"]}]},{"@type":"ImageObject","inLanguage":"es","@id":"https:\/\/www.noticiasradioreflejos.com.ar\/2021\/continuan-las-actividades-culturales-durante-las-vacaciones-de-invierno\/#primaryimage","url":"http:\/\/live.staticflickr.com\/65535\/50160377616_7862d326c9_z.jpg","contentUrl":"http:\/\/live.staticflickr.com\/65535\/50160377616_7862d326c9_z.jpg"},{"@type":"BreadcrumbList","@id":"https:\/\/www.noticiasradioreflejos.com.ar\/2021\/continuan-las-actividades-culturales-durante-las-vacaciones-de-invierno\/#breadcrumb","itemListElement":[{"@type":"ListItem","position":1,"name":"Portada","item":"https:\/\/www.noticiasradioreflejos.com.ar\/2021\/"},{"@type":"ListItem","position":2,"name":"Contin\u00faan las actividades culturales durante las vacaciones de invierno."}]},{"@type":"WebSite","@id":"https:\/\/www.noticiasradioreflejos.com.ar\/2021\/#website","url":"https:\/\/www.noticiasradioreflejos.com.ar\/2021\/","name":"Noticias Radio Reflejos","description":"Las noticias de mi comarca","potentialAction":[{"@type":"SearchAction","target":{"@type":"EntryPoint","urlTemplate":"https:\/\/www.noticiasradioreflejos.com.ar\/2021\/?s={search_term_string}"},"query-input":{"@type":"PropertyValueSpecification","valueRequired":true,"valueName":"search_term_string"}}],"inLanguage":"es"},{"@type":"Person","@id":"https:\/\/www.noticiasradioreflejos.com.ar\/2021\/#\/schema\/person\/ad82545263dcc5ec0996818884fd5fb1","name":"Arnaldo Botto","image":{"@type":"ImageObject","inLanguage":"es","@id":"https:\/\/www.noticiasradioreflejos.com.ar\/2021\/#\/schema\/person\/image\/","url":"https:\/\/secure.gravatar.com\/avatar\/55cb5e37c1efa326397366e6974cb338056df65cb50e7d64d1cf314e87504837?s=96&d=mm&r=g","contentUrl":"https:\/\/secure.gravatar.com\/avatar\/55cb5e37c1efa326397366e6974cb338056df65cb50e7d64d1cf314e87504837?s=96&d=mm&r=g","caption":"Arnaldo Botto"},"url":"https:\/\/www.noticiasradioreflejos.com.ar\/2021\/author\/arnaldo\/"}]}},"_links":{"self":[{"href":"https:\/\/www.noticiasradioreflejos.com.ar\/2021\/wp-json\/wp\/v2\/posts\/45026","targetHints":{"allow":["GET"]}}],"collection":[{"href":"https:\/\/www.noticiasradioreflejos.com.ar\/2021\/wp-json\/wp\/v2\/posts"}],"about":[{"href":"https:\/\/www.noticiasradioreflejos.com.ar\/2021\/wp-json\/wp\/v2\/types\/post"}],"author":[{"embeddable":true,"href":"https:\/\/www.noticiasradioreflejos.com.ar\/2021\/wp-json\/wp\/v2\/users\/3"}],"replies":[{"embeddable":true,"href":"https:\/\/www.noticiasradioreflejos.com.ar\/2021\/wp-json\/wp\/v2\/comments?post=45026"}],"version-history":[{"count":0,"href":"https:\/\/www.noticiasradioreflejos.com.ar\/2021\/wp-json\/wp\/v2\/posts\/45026\/revisions"}],"wp:attachment":[{"href":"https:\/\/www.noticiasradioreflejos.com.ar\/2021\/wp-json\/wp\/v2\/media?parent=45026"}],"wp:term":[{"taxonomy":"category","embeddable":true,"href":"https:\/\/www.noticiasradioreflejos.com.ar\/2021\/wp-json\/wp\/v2\/categories?post=45026"},{"taxonomy":"post_tag","embeddable":true,"href":"https:\/\/www.noticiasradioreflejos.com.ar\/2021\/wp-json\/wp\/v2\/tags?post=45026"}],"curies":[{"name":"wp","href":"https:\/\/api.w.org\/{rel}","templated":true}]}}