{"id":45025,"date":"2020-07-27T17:49:29","date_gmt":"2020-07-27T20:49:29","guid":{"rendered":"http:\/\/www.noticiasradioreflejos.com.ar\/noticias\/?p=45025"},"modified":"2020-07-27T17:49:29","modified_gmt":"2020-07-27T20:49:29","slug":"el-antes-y-despues-de-villa-ventana-pueblo-artista-con-pedro-alcaraz","status":"publish","type":"post","link":"https:\/\/www.noticiasradioreflejos.com.ar\/2021\/el-antes-y-despues-de-villa-ventana-pueblo-artista-con-pedro-alcaraz\/","title":{"rendered":"El antes y despu\u00e9s de  \u00abVilla Ventana, pueblo artista\u00bb con Pedro Alcaraz."},"content":{"rendered":"<p><a href=\"http:\/\/www.noticiasradioreflejos.com.ar\/noticias\/wp-content\/uploads\/2020\/07\/WhatsApp-Image-2020-07-27-at-12.15.06.jpeg\"><img loading=\"lazy\" decoding=\"async\" class=\"alignleft size-medium wp-image-45029\" src=\"http:\/\/www.noticiasradioreflejos.com.ar\/noticias\/wp-content\/uploads\/2020\/07\/WhatsApp-Image-2020-07-27-at-12.15.06-225x300.jpeg\" alt=\"WhatsApp Image 2020-07-27 at 12.15.06\" width=\"225\" height=\"300\" \/><\/a>En la siguiente nota, <strong>Pedro \u00abCharles\u00bb Alcaraz<\/strong> nos explica c\u00f3mo se inspir\u00f3 para producir el documental <strong>\u00abVilla Ventana, pueblo artista\u00bb<\/strong>. Nos cuenta c\u00f3mo fue que se inici\u00f3 en el mundo audiovisual, cu\u00e1les fueron sus vivencias en la villa que lo llevaron a hacerle un homenaje y la raz\u00f3n de un nombre tan imponente para identificar a la localidad en su video.<!--more--><\/p>\n<p>\u00abCrec\u00ed haciendo cosas de cine con Irina\u00a0Ches\u00f1evar con muy pocos recursos. Imaginate que el video (Villa Ventana, \u00abpueblo artista\u00bb) lo hice con el celular. A medida que pas\u00f3 el tiempo me fui comprando cositas y ahora estoy estudiando Artes Audiovisuales ac\u00e1 en Buenos Aires en la UNAD ya haciendo la tesis sobre los spots electorales\u00bb cont\u00f3 Pedro al ilustrarnos sus comienzos en el mundo audiovisual.<\/p>\n<p>Expres\u00f3 que \u00abLo audiovisual es algo que me apasiona, y cuando lo puedo vincular con cosas que me gustan hacer, lo disfruto el doble. Esto excede lo t\u00e9cnico\u00bb.<\/p>\n<p>Por el momento, lo que Pedro proyecta a futuro es \u00abestar en Villa a la distancia. Con la tecnolog\u00eda estamos cada vez m\u00e1s cerca y mientras dure la pandemia y hasta que me reciba, eso es lo que proyecto a corto plazo\u00bb.<\/p>\n<p>\u00abFue una decisi\u00f3n ponerle ese nombre. No es lo mismo decir \u00abpueblo artista\u00bb que \u00abpueblo de artistas\u00bb, que no deja de ser un punto de vista personal\u00bb explic\u00f3 el nombre de su documental basado en la localidad de Villa Ventana y sus vecinos, que viven del arte.<\/p>\n<p>Pedro eligi\u00f3 algunos de los artistas m\u00e1s representativos del pueblo para ilustrar lo que en \u00e9l sucede, y tambi\u00e9n se inspir\u00f3 en muchas instituciones de la localidad que siempre han apelado al arte para celebrar distintas fechas significativas durante a\u00f1os.<\/p>\n<p>\u00abEn el video muestro distintos artistas que cuentan por qu\u00e9 eligieron Villa Ventana para vivir, y, despu\u00e9s, c\u00f3mo es el proceso creativo en la villa. Cu\u00e1les son las ventajas y las desventajas del pueblo y de la ciudad (para quienes vivieron en la ciudad). No quer\u00eda que me cuenten s\u00f3lo lo lindo.\u00bb resumi\u00f3 Pedro la trama de su producto audiovisual.<\/p>\n<p>&nbsp;<\/p>\n<p>Nota completa a continuaci\u00f3n:<br \/>\n<iframe loading=\"lazy\" src=\"https:\/\/w.soundcloud.com\/player\/?url=https%3A\/\/api.soundcloud.com\/tracks\/865368139&amp;color=%23ff5500&amp;auto_play=false&amp;hide_related=false&amp;show_comments=true&amp;show_user=true&amp;show_reposts=false&amp;show_teaser=true&amp;visual=true\" width=\"100%\" height=\"300\" frameborder=\"no\" scrolling=\"no\"><\/iframe><\/p>\n<p>&nbsp;<\/p>\n<p>El documental se llama <strong>\u00abVilla Ventana, pueblo artista\u00bb<\/strong> y aquellos que deseen verlo, lo pueden mirar por <strong>youtube.<\/strong><\/p>\n<div style=\"font-size: 10px; color: #cccccc; line-break: anywhere; word-break: normal; overflow: hidden; white-space: nowrap; text-overflow: ellipsis; font-family: Interstate,Lucida Grande,Lucida Sans Unicode,Lucida Sans,Garuda,Verdana,Tahoma,sans-serif; font-weight: 100;\"><a style=\"color: #cccccc; text-decoration: none;\" title=\"fmreflejos 103.7\" href=\"https:\/\/soundcloud.com\/fmreflejos-103-7\" target=\"_blank\" rel=\"noopener\">fmreflejos 103.7<\/a> \u00b7 <a style=\"color: #cccccc; text-decoration: none;\" title=\"Pedro Alcaraz -\" href=\"https:\/\/soundcloud.com\/fmreflejos-103-7\/pedro-alcaraz\" target=\"_blank\" rel=\"noopener\">Pedro Alcaraz &#8211;<\/a><\/div>\n<div class=\"jeg_video_container jeg_video_content\"><iframe loading=\"lazy\" title=\"Villa Ventana, El pueblo Artista\" width=\"500\" height=\"281\" src=\"https:\/\/www.youtube.com\/embed\/dMefBRyKUqo?start=30&#038;feature=oembed\" frameborder=\"0\" allow=\"accelerometer; autoplay; clipboard-write; encrypted-media; gyroscope; picture-in-picture; web-share\" referrerpolicy=\"strict-origin-when-cross-origin\" allowfullscreen><\/iframe><\/div>\n","protected":false},"excerpt":{"rendered":"<p>En la siguiente nota, Pedro \u00abCharles\u00bb Alcaraz nos explica c\u00f3mo se inspir\u00f3 para producir el documental \u00abVilla Ventana, pueblo artista\u00bb. Nos cuenta c\u00f3mo fue que se inici\u00f3 en el mundo audiovisual, cu\u00e1les fueron sus vivencias en la villa que lo llevaron a hacerle un homenaje y la raz\u00f3n de un nombre tan imponente para identificar [&hellip;]<\/p>\n","protected":false},"author":3,"featured_media":0,"comment_status":"closed","ping_status":"open","sticky":false,"template":"","format":"standard","meta":{"footnotes":""},"categories":[35],"tags":[],"class_list":["post-45025","post","type-post","status-publish","format-standard","hentry","category-cultura"],"yoast_head":"<!-- This site is optimized with the Yoast SEO plugin v25.9 - https:\/\/yoast.com\/wordpress\/plugins\/seo\/ -->\n<title>El antes y despu\u00e9s de &quot;Villa Ventana, pueblo artista&quot; con Pedro Alcaraz. - Noticias Radio Reflejos<\/title>\n<meta name=\"robots\" content=\"index, follow, max-snippet:-1, max-image-preview:large, max-video-preview:-1\" \/>\n<link rel=\"canonical\" href=\"https:\/\/www.noticiasradioreflejos.com.ar\/2021\/el-antes-y-despues-de-villa-ventana-pueblo-artista-con-pedro-alcaraz\/\" \/>\n<meta property=\"og:locale\" content=\"es_ES\" \/>\n<meta property=\"og:type\" content=\"article\" \/>\n<meta property=\"og:title\" content=\"El antes y despu\u00e9s de &quot;Villa Ventana, pueblo artista&quot; con Pedro Alcaraz. - Noticias Radio Reflejos\" \/>\n<meta property=\"og:description\" content=\"En la siguiente nota, Pedro \u00abCharles\u00bb Alcaraz nos explica c\u00f3mo se inspir\u00f3 para producir el documental \u00abVilla Ventana, pueblo artista\u00bb. Nos cuenta c\u00f3mo fue que se inici\u00f3 en el mundo audiovisual, cu\u00e1les fueron sus vivencias en la villa que lo llevaron a hacerle un homenaje y la raz\u00f3n de un nombre tan imponente para identificar [&hellip;]\" \/>\n<meta property=\"og:url\" content=\"https:\/\/www.noticiasradioreflejos.com.ar\/2021\/el-antes-y-despues-de-villa-ventana-pueblo-artista-con-pedro-alcaraz\/\" \/>\n<meta property=\"og:site_name\" content=\"Noticias Radio Reflejos\" \/>\n<meta property=\"article:published_time\" content=\"2020-07-27T20:49:29+00:00\" \/>\n<meta property=\"og:image\" content=\"https:\/\/www.noticiasradioreflejos.com.ar\/2021\/wp-content\/uploads\/2021\/07\/logosol300x200.png\" \/>\n\t<meta property=\"og:image:width\" content=\"300\" \/>\n\t<meta property=\"og:image:height\" content=\"200\" \/>\n\t<meta property=\"og:image:type\" content=\"image\/png\" \/>\n<meta name=\"author\" content=\"Arnaldo Botto\" \/>\n<meta name=\"twitter:card\" content=\"summary_large_image\" \/>\n<script type=\"application\/ld+json\" class=\"yoast-schema-graph\">{\"@context\":\"https:\/\/schema.org\",\"@graph\":[{\"@type\":\"WebPage\",\"@id\":\"https:\/\/www.noticiasradioreflejos.com.ar\/2021\/el-antes-y-despues-de-villa-ventana-pueblo-artista-con-pedro-alcaraz\/\",\"url\":\"https:\/\/www.noticiasradioreflejos.com.ar\/2021\/el-antes-y-despues-de-villa-ventana-pueblo-artista-con-pedro-alcaraz\/\",\"name\":\"El antes y despu\u00e9s de \\\"Villa Ventana, pueblo artista\\\" con Pedro Alcaraz. - Noticias Radio Reflejos\",\"isPartOf\":{\"@id\":\"https:\/\/www.noticiasradioreflejos.com.ar\/2021\/#website\"},\"primaryImageOfPage\":{\"@id\":\"https:\/\/www.noticiasradioreflejos.com.ar\/2021\/el-antes-y-despues-de-villa-ventana-pueblo-artista-con-pedro-alcaraz\/#primaryimage\"},\"image\":{\"@id\":\"https:\/\/www.noticiasradioreflejos.com.ar\/2021\/el-antes-y-despues-de-villa-ventana-pueblo-artista-con-pedro-alcaraz\/#primaryimage\"},\"thumbnailUrl\":\"http:\/\/www.noticiasradioreflejos.com.ar\/noticias\/wp-content\/uploads\/2020\/07\/WhatsApp-Image-2020-07-27-at-12.15.06-225x300.jpeg\",\"datePublished\":\"2020-07-27T20:49:29+00:00\",\"author\":{\"@id\":\"https:\/\/www.noticiasradioreflejos.com.ar\/2021\/#\/schema\/person\/ad82545263dcc5ec0996818884fd5fb1\"},\"breadcrumb\":{\"@id\":\"https:\/\/www.noticiasradioreflejos.com.ar\/2021\/el-antes-y-despues-de-villa-ventana-pueblo-artista-con-pedro-alcaraz\/#breadcrumb\"},\"inLanguage\":\"es\",\"potentialAction\":[{\"@type\":\"ReadAction\",\"target\":[\"https:\/\/www.noticiasradioreflejos.com.ar\/2021\/el-antes-y-despues-de-villa-ventana-pueblo-artista-con-pedro-alcaraz\/\"]}]},{\"@type\":\"ImageObject\",\"inLanguage\":\"es\",\"@id\":\"https:\/\/www.noticiasradioreflejos.com.ar\/2021\/el-antes-y-despues-de-villa-ventana-pueblo-artista-con-pedro-alcaraz\/#primaryimage\",\"url\":\"http:\/\/www.noticiasradioreflejos.com.ar\/noticias\/wp-content\/uploads\/2020\/07\/WhatsApp-Image-2020-07-27-at-12.15.06-225x300.jpeg\",\"contentUrl\":\"http:\/\/www.noticiasradioreflejos.com.ar\/noticias\/wp-content\/uploads\/2020\/07\/WhatsApp-Image-2020-07-27-at-12.15.06-225x300.jpeg\"},{\"@type\":\"BreadcrumbList\",\"@id\":\"https:\/\/www.noticiasradioreflejos.com.ar\/2021\/el-antes-y-despues-de-villa-ventana-pueblo-artista-con-pedro-alcaraz\/#breadcrumb\",\"itemListElement\":[{\"@type\":\"ListItem\",\"position\":1,\"name\":\"Portada\",\"item\":\"https:\/\/www.noticiasradioreflejos.com.ar\/2021\/\"},{\"@type\":\"ListItem\",\"position\":2,\"name\":\"El antes y despu\u00e9s de \u00abVilla Ventana, pueblo artista\u00bb con Pedro Alcaraz.\"}]},{\"@type\":\"WebSite\",\"@id\":\"https:\/\/www.noticiasradioreflejos.com.ar\/2021\/#website\",\"url\":\"https:\/\/www.noticiasradioreflejos.com.ar\/2021\/\",\"name\":\"Noticias Radio Reflejos\",\"description\":\"Las noticias de mi comarca\",\"potentialAction\":[{\"@type\":\"SearchAction\",\"target\":{\"@type\":\"EntryPoint\",\"urlTemplate\":\"https:\/\/www.noticiasradioreflejos.com.ar\/2021\/?s={search_term_string}\"},\"query-input\":{\"@type\":\"PropertyValueSpecification\",\"valueRequired\":true,\"valueName\":\"search_term_string\"}}],\"inLanguage\":\"es\"},{\"@type\":\"Person\",\"@id\":\"https:\/\/www.noticiasradioreflejos.com.ar\/2021\/#\/schema\/person\/ad82545263dcc5ec0996818884fd5fb1\",\"name\":\"Arnaldo Botto\",\"image\":{\"@type\":\"ImageObject\",\"inLanguage\":\"es\",\"@id\":\"https:\/\/www.noticiasradioreflejos.com.ar\/2021\/#\/schema\/person\/image\/\",\"url\":\"https:\/\/secure.gravatar.com\/avatar\/55cb5e37c1efa326397366e6974cb338056df65cb50e7d64d1cf314e87504837?s=96&d=mm&r=g\",\"contentUrl\":\"https:\/\/secure.gravatar.com\/avatar\/55cb5e37c1efa326397366e6974cb338056df65cb50e7d64d1cf314e87504837?s=96&d=mm&r=g\",\"caption\":\"Arnaldo Botto\"},\"url\":\"https:\/\/www.noticiasradioreflejos.com.ar\/2021\/author\/arnaldo\/\"}]}<\/script>\n<!-- \/ Yoast SEO plugin. -->","yoast_head_json":{"title":"El antes y despu\u00e9s de \"Villa Ventana, pueblo artista\" con Pedro Alcaraz. - Noticias Radio Reflejos","robots":{"index":"index","follow":"follow","max-snippet":"max-snippet:-1","max-image-preview":"max-image-preview:large","max-video-preview":"max-video-preview:-1"},"canonical":"https:\/\/www.noticiasradioreflejos.com.ar\/2021\/el-antes-y-despues-de-villa-ventana-pueblo-artista-con-pedro-alcaraz\/","og_locale":"es_ES","og_type":"article","og_title":"El antes y despu\u00e9s de \"Villa Ventana, pueblo artista\" con Pedro Alcaraz. - Noticias Radio Reflejos","og_description":"En la siguiente nota, Pedro \u00abCharles\u00bb Alcaraz nos explica c\u00f3mo se inspir\u00f3 para producir el documental \u00abVilla Ventana, pueblo artista\u00bb. Nos cuenta c\u00f3mo fue que se inici\u00f3 en el mundo audiovisual, cu\u00e1les fueron sus vivencias en la villa que lo llevaron a hacerle un homenaje y la raz\u00f3n de un nombre tan imponente para identificar [&hellip;]","og_url":"https:\/\/www.noticiasradioreflejos.com.ar\/2021\/el-antes-y-despues-de-villa-ventana-pueblo-artista-con-pedro-alcaraz\/","og_site_name":"Noticias Radio Reflejos","article_published_time":"2020-07-27T20:49:29+00:00","og_image":[{"width":300,"height":200,"url":"https:\/\/www.noticiasradioreflejos.com.ar\/2021\/wp-content\/uploads\/2021\/07\/logosol300x200.png","type":"image\/png"}],"author":"Arnaldo Botto","twitter_card":"summary_large_image","schema":{"@context":"https:\/\/schema.org","@graph":[{"@type":"WebPage","@id":"https:\/\/www.noticiasradioreflejos.com.ar\/2021\/el-antes-y-despues-de-villa-ventana-pueblo-artista-con-pedro-alcaraz\/","url":"https:\/\/www.noticiasradioreflejos.com.ar\/2021\/el-antes-y-despues-de-villa-ventana-pueblo-artista-con-pedro-alcaraz\/","name":"El antes y despu\u00e9s de \"Villa Ventana, pueblo artista\" con Pedro Alcaraz. - Noticias Radio Reflejos","isPartOf":{"@id":"https:\/\/www.noticiasradioreflejos.com.ar\/2021\/#website"},"primaryImageOfPage":{"@id":"https:\/\/www.noticiasradioreflejos.com.ar\/2021\/el-antes-y-despues-de-villa-ventana-pueblo-artista-con-pedro-alcaraz\/#primaryimage"},"image":{"@id":"https:\/\/www.noticiasradioreflejos.com.ar\/2021\/el-antes-y-despues-de-villa-ventana-pueblo-artista-con-pedro-alcaraz\/#primaryimage"},"thumbnailUrl":"http:\/\/www.noticiasradioreflejos.com.ar\/noticias\/wp-content\/uploads\/2020\/07\/WhatsApp-Image-2020-07-27-at-12.15.06-225x300.jpeg","datePublished":"2020-07-27T20:49:29+00:00","author":{"@id":"https:\/\/www.noticiasradioreflejos.com.ar\/2021\/#\/schema\/person\/ad82545263dcc5ec0996818884fd5fb1"},"breadcrumb":{"@id":"https:\/\/www.noticiasradioreflejos.com.ar\/2021\/el-antes-y-despues-de-villa-ventana-pueblo-artista-con-pedro-alcaraz\/#breadcrumb"},"inLanguage":"es","potentialAction":[{"@type":"ReadAction","target":["https:\/\/www.noticiasradioreflejos.com.ar\/2021\/el-antes-y-despues-de-villa-ventana-pueblo-artista-con-pedro-alcaraz\/"]}]},{"@type":"ImageObject","inLanguage":"es","@id":"https:\/\/www.noticiasradioreflejos.com.ar\/2021\/el-antes-y-despues-de-villa-ventana-pueblo-artista-con-pedro-alcaraz\/#primaryimage","url":"http:\/\/www.noticiasradioreflejos.com.ar\/noticias\/wp-content\/uploads\/2020\/07\/WhatsApp-Image-2020-07-27-at-12.15.06-225x300.jpeg","contentUrl":"http:\/\/www.noticiasradioreflejos.com.ar\/noticias\/wp-content\/uploads\/2020\/07\/WhatsApp-Image-2020-07-27-at-12.15.06-225x300.jpeg"},{"@type":"BreadcrumbList","@id":"https:\/\/www.noticiasradioreflejos.com.ar\/2021\/el-antes-y-despues-de-villa-ventana-pueblo-artista-con-pedro-alcaraz\/#breadcrumb","itemListElement":[{"@type":"ListItem","position":1,"name":"Portada","item":"https:\/\/www.noticiasradioreflejos.com.ar\/2021\/"},{"@type":"ListItem","position":2,"name":"El antes y despu\u00e9s de \u00abVilla Ventana, pueblo artista\u00bb con Pedro Alcaraz."}]},{"@type":"WebSite","@id":"https:\/\/www.noticiasradioreflejos.com.ar\/2021\/#website","url":"https:\/\/www.noticiasradioreflejos.com.ar\/2021\/","name":"Noticias Radio Reflejos","description":"Las noticias de mi comarca","potentialAction":[{"@type":"SearchAction","target":{"@type":"EntryPoint","urlTemplate":"https:\/\/www.noticiasradioreflejos.com.ar\/2021\/?s={search_term_string}"},"query-input":{"@type":"PropertyValueSpecification","valueRequired":true,"valueName":"search_term_string"}}],"inLanguage":"es"},{"@type":"Person","@id":"https:\/\/www.noticiasradioreflejos.com.ar\/2021\/#\/schema\/person\/ad82545263dcc5ec0996818884fd5fb1","name":"Arnaldo Botto","image":{"@type":"ImageObject","inLanguage":"es","@id":"https:\/\/www.noticiasradioreflejos.com.ar\/2021\/#\/schema\/person\/image\/","url":"https:\/\/secure.gravatar.com\/avatar\/55cb5e37c1efa326397366e6974cb338056df65cb50e7d64d1cf314e87504837?s=96&d=mm&r=g","contentUrl":"https:\/\/secure.gravatar.com\/avatar\/55cb5e37c1efa326397366e6974cb338056df65cb50e7d64d1cf314e87504837?s=96&d=mm&r=g","caption":"Arnaldo Botto"},"url":"https:\/\/www.noticiasradioreflejos.com.ar\/2021\/author\/arnaldo\/"}]}},"_links":{"self":[{"href":"https:\/\/www.noticiasradioreflejos.com.ar\/2021\/wp-json\/wp\/v2\/posts\/45025","targetHints":{"allow":["GET"]}}],"collection":[{"href":"https:\/\/www.noticiasradioreflejos.com.ar\/2021\/wp-json\/wp\/v2\/posts"}],"about":[{"href":"https:\/\/www.noticiasradioreflejos.com.ar\/2021\/wp-json\/wp\/v2\/types\/post"}],"author":[{"embeddable":true,"href":"https:\/\/www.noticiasradioreflejos.com.ar\/2021\/wp-json\/wp\/v2\/users\/3"}],"replies":[{"embeddable":true,"href":"https:\/\/www.noticiasradioreflejos.com.ar\/2021\/wp-json\/wp\/v2\/comments?post=45025"}],"version-history":[{"count":0,"href":"https:\/\/www.noticiasradioreflejos.com.ar\/2021\/wp-json\/wp\/v2\/posts\/45025\/revisions"}],"wp:attachment":[{"href":"https:\/\/www.noticiasradioreflejos.com.ar\/2021\/wp-json\/wp\/v2\/media?parent=45025"}],"wp:term":[{"taxonomy":"category","embeddable":true,"href":"https:\/\/www.noticiasradioreflejos.com.ar\/2021\/wp-json\/wp\/v2\/categories?post=45025"},{"taxonomy":"post_tag","embeddable":true,"href":"https:\/\/www.noticiasradioreflejos.com.ar\/2021\/wp-json\/wp\/v2\/tags?post=45025"}],"curies":[{"name":"wp","href":"https:\/\/api.w.org\/{rel}","templated":true}]}}