{"id":45020,"date":"2020-07-27T16:08:37","date_gmt":"2020-07-27T19:08:37","guid":{"rendered":"http:\/\/www.noticiasradioreflejos.com.ar\/noticias\/?p=45020"},"modified":"2020-07-27T16:08:37","modified_gmt":"2020-07-27T19:08:37","slug":"amplian-el-programa-de-asistencia-al-trabajo-y-la-produccion-con-mas-beneficios-y-creditos-a-tasa-0","status":"publish","type":"post","link":"https:\/\/www.noticiasradioreflejos.com.ar\/2021\/amplian-el-programa-de-asistencia-al-trabajo-y-la-produccion-con-mas-beneficios-y-creditos-a-tasa-0\/","title":{"rendered":"Ampl\u00edan el programa de Asistencia al Trabajo y la Producci\u00f3n con m\u00e1s beneficios y cr\u00e9ditos a tasa 0%"},"content":{"rendered":"<p>La Secretar\u00eda de Turismo, Producci\u00f3n, Comercio e Industria informa que el Gobierno Nacional anunci\u00f3 una ampliaci\u00f3n del programa de Asistencia al Trabajo y la Producci\u00f3n (ATP) que en su cuarta edici\u00f3n incorporar\u00e1 financiamiento para las empresas que registren una mejora interanual en la facturaci\u00f3n.<!--more--><\/p>\n<p>Asimismo se anunciaron cr\u00e9ditos a tasa cero para empresas que comienzan a recuperarse.<br \/>\nAdem\u00e1s el estado continuar\u00e1 pagando parte de los sueldos del sector privado sin importar la zona en la que est\u00e9n radicadas las empresas.<br \/>\nLos sectores m\u00e1s afectados como el turismo, entretenimiento, la cultura y la salud percibir\u00e1n el ATP hasta diciembre. Monotributistas y aut\u00f3nomos de la cultura tendr\u00e1n cr\u00e9ditos a tasa cero con un a\u00f1o de gracia.<br \/>\nPara mayor informaci\u00f3n ingresar al siguiente <a href=\"https:\/\/www.argentina.gob.ar\/noticias\/atp4-amplian-el-programa-de-asistencia-al-trabajo-y-la-produccion-con-mas-beneficios-y\" target=\"_blank\" rel=\"noopener\">link<\/a><\/p>\n","protected":false},"excerpt":{"rendered":"<p>La Secretar\u00eda de Turismo, Producci\u00f3n, Comercio e Industria informa que el Gobierno Nacional anunci\u00f3 una ampliaci\u00f3n del programa de Asistencia al Trabajo y la Producci\u00f3n (ATP) que en su cuarta edici\u00f3n incorporar\u00e1 financiamiento para las empresas que registren una mejora interanual en la facturaci\u00f3n.<\/p>\n","protected":false},"author":3,"featured_media":0,"comment_status":"closed","ping_status":"open","sticky":false,"template":"","format":"standard","meta":{"footnotes":""},"categories":[28],"tags":[],"class_list":["post-45020","post","type-post","status-publish","format-standard","hentry","category-municipales"],"yoast_head":"<!-- This site is optimized with the Yoast SEO plugin v25.9 - https:\/\/yoast.com\/wordpress\/plugins\/seo\/ -->\n<title>Ampl\u00edan el programa de Asistencia al Trabajo y la Producci\u00f3n con m\u00e1s beneficios y cr\u00e9ditos a tasa 0% - Noticias Radio Reflejos<\/title>\n<meta name=\"robots\" content=\"index, follow, max-snippet:-1, max-image-preview:large, max-video-preview:-1\" \/>\n<link rel=\"canonical\" href=\"https:\/\/www.noticiasradioreflejos.com.ar\/2021\/amplian-el-programa-de-asistencia-al-trabajo-y-la-produccion-con-mas-beneficios-y-creditos-a-tasa-0\/\" \/>\n<meta property=\"og:locale\" content=\"es_ES\" \/>\n<meta property=\"og:type\" content=\"article\" \/>\n<meta property=\"og:title\" content=\"Ampl\u00edan el programa de Asistencia al Trabajo y la Producci\u00f3n con m\u00e1s beneficios y cr\u00e9ditos a tasa 0% - Noticias Radio Reflejos\" \/>\n<meta property=\"og:description\" content=\"La Secretar\u00eda de Turismo, Producci\u00f3n, Comercio e Industria informa que el Gobierno Nacional anunci\u00f3 una ampliaci\u00f3n del programa de Asistencia al Trabajo y la Producci\u00f3n (ATP) que en su cuarta edici\u00f3n incorporar\u00e1 financiamiento para las empresas que registren una mejora interanual en la facturaci\u00f3n.\" \/>\n<meta property=\"og:url\" content=\"https:\/\/www.noticiasradioreflejos.com.ar\/2021\/amplian-el-programa-de-asistencia-al-trabajo-y-la-produccion-con-mas-beneficios-y-creditos-a-tasa-0\/\" \/>\n<meta property=\"og:site_name\" content=\"Noticias Radio Reflejos\" \/>\n<meta property=\"article:published_time\" content=\"2020-07-27T19:08:37+00:00\" \/>\n<meta property=\"og:image\" content=\"https:\/\/www.noticiasradioreflejos.com.ar\/2021\/wp-content\/uploads\/2021\/07\/logosol300x200.png\" \/>\n\t<meta property=\"og:image:width\" content=\"300\" \/>\n\t<meta property=\"og:image:height\" content=\"200\" \/>\n\t<meta property=\"og:image:type\" content=\"image\/png\" \/>\n<meta name=\"author\" content=\"Arnaldo Botto\" \/>\n<meta name=\"twitter:card\" content=\"summary_large_image\" \/>\n<script type=\"application\/ld+json\" class=\"yoast-schema-graph\">{\"@context\":\"https:\/\/schema.org\",\"@graph\":[{\"@type\":\"WebPage\",\"@id\":\"https:\/\/www.noticiasradioreflejos.com.ar\/2021\/amplian-el-programa-de-asistencia-al-trabajo-y-la-produccion-con-mas-beneficios-y-creditos-a-tasa-0\/\",\"url\":\"https:\/\/www.noticiasradioreflejos.com.ar\/2021\/amplian-el-programa-de-asistencia-al-trabajo-y-la-produccion-con-mas-beneficios-y-creditos-a-tasa-0\/\",\"name\":\"Ampl\u00edan el programa de Asistencia al Trabajo y la Producci\u00f3n con m\u00e1s beneficios y cr\u00e9ditos a tasa 0% - Noticias Radio Reflejos\",\"isPartOf\":{\"@id\":\"https:\/\/www.noticiasradioreflejos.com.ar\/2021\/#website\"},\"datePublished\":\"2020-07-27T19:08:37+00:00\",\"author\":{\"@id\":\"https:\/\/www.noticiasradioreflejos.com.ar\/2021\/#\/schema\/person\/ad82545263dcc5ec0996818884fd5fb1\"},\"breadcrumb\":{\"@id\":\"https:\/\/www.noticiasradioreflejos.com.ar\/2021\/amplian-el-programa-de-asistencia-al-trabajo-y-la-produccion-con-mas-beneficios-y-creditos-a-tasa-0\/#breadcrumb\"},\"inLanguage\":\"es\",\"potentialAction\":[{\"@type\":\"ReadAction\",\"target\":[\"https:\/\/www.noticiasradioreflejos.com.ar\/2021\/amplian-el-programa-de-asistencia-al-trabajo-y-la-produccion-con-mas-beneficios-y-creditos-a-tasa-0\/\"]}]},{\"@type\":\"BreadcrumbList\",\"@id\":\"https:\/\/www.noticiasradioreflejos.com.ar\/2021\/amplian-el-programa-de-asistencia-al-trabajo-y-la-produccion-con-mas-beneficios-y-creditos-a-tasa-0\/#breadcrumb\",\"itemListElement\":[{\"@type\":\"ListItem\",\"position\":1,\"name\":\"Portada\",\"item\":\"https:\/\/www.noticiasradioreflejos.com.ar\/2021\/\"},{\"@type\":\"ListItem\",\"position\":2,\"name\":\"Ampl\u00edan el programa de Asistencia al Trabajo y la Producci\u00f3n con m\u00e1s beneficios y cr\u00e9ditos a tasa 0%\"}]},{\"@type\":\"WebSite\",\"@id\":\"https:\/\/www.noticiasradioreflejos.com.ar\/2021\/#website\",\"url\":\"https:\/\/www.noticiasradioreflejos.com.ar\/2021\/\",\"name\":\"Noticias Radio Reflejos\",\"description\":\"Las noticias de mi comarca\",\"potentialAction\":[{\"@type\":\"SearchAction\",\"target\":{\"@type\":\"EntryPoint\",\"urlTemplate\":\"https:\/\/www.noticiasradioreflejos.com.ar\/2021\/?s={search_term_string}\"},\"query-input\":{\"@type\":\"PropertyValueSpecification\",\"valueRequired\":true,\"valueName\":\"search_term_string\"}}],\"inLanguage\":\"es\"},{\"@type\":\"Person\",\"@id\":\"https:\/\/www.noticiasradioreflejos.com.ar\/2021\/#\/schema\/person\/ad82545263dcc5ec0996818884fd5fb1\",\"name\":\"Arnaldo Botto\",\"image\":{\"@type\":\"ImageObject\",\"inLanguage\":\"es\",\"@id\":\"https:\/\/www.noticiasradioreflejos.com.ar\/2021\/#\/schema\/person\/image\/\",\"url\":\"https:\/\/secure.gravatar.com\/avatar\/55cb5e37c1efa326397366e6974cb338056df65cb50e7d64d1cf314e87504837?s=96&d=mm&r=g\",\"contentUrl\":\"https:\/\/secure.gravatar.com\/avatar\/55cb5e37c1efa326397366e6974cb338056df65cb50e7d64d1cf314e87504837?s=96&d=mm&r=g\",\"caption\":\"Arnaldo Botto\"},\"url\":\"https:\/\/www.noticiasradioreflejos.com.ar\/2021\/author\/arnaldo\/\"}]}<\/script>\n<!-- \/ Yoast SEO plugin. -->","yoast_head_json":{"title":"Ampl\u00edan el programa de Asistencia al Trabajo y la Producci\u00f3n con m\u00e1s beneficios y cr\u00e9ditos a tasa 0% - Noticias Radio Reflejos","robots":{"index":"index","follow":"follow","max-snippet":"max-snippet:-1","max-image-preview":"max-image-preview:large","max-video-preview":"max-video-preview:-1"},"canonical":"https:\/\/www.noticiasradioreflejos.com.ar\/2021\/amplian-el-programa-de-asistencia-al-trabajo-y-la-produccion-con-mas-beneficios-y-creditos-a-tasa-0\/","og_locale":"es_ES","og_type":"article","og_title":"Ampl\u00edan el programa de Asistencia al Trabajo y la Producci\u00f3n con m\u00e1s beneficios y cr\u00e9ditos a tasa 0% - Noticias Radio Reflejos","og_description":"La Secretar\u00eda de Turismo, Producci\u00f3n, Comercio e Industria informa que el Gobierno Nacional anunci\u00f3 una ampliaci\u00f3n del programa de Asistencia al Trabajo y la Producci\u00f3n (ATP) que en su cuarta edici\u00f3n incorporar\u00e1 financiamiento para las empresas que registren una mejora interanual en la facturaci\u00f3n.","og_url":"https:\/\/www.noticiasradioreflejos.com.ar\/2021\/amplian-el-programa-de-asistencia-al-trabajo-y-la-produccion-con-mas-beneficios-y-creditos-a-tasa-0\/","og_site_name":"Noticias Radio Reflejos","article_published_time":"2020-07-27T19:08:37+00:00","og_image":[{"width":300,"height":200,"url":"https:\/\/www.noticiasradioreflejos.com.ar\/2021\/wp-content\/uploads\/2021\/07\/logosol300x200.png","type":"image\/png"}],"author":"Arnaldo Botto","twitter_card":"summary_large_image","schema":{"@context":"https:\/\/schema.org","@graph":[{"@type":"WebPage","@id":"https:\/\/www.noticiasradioreflejos.com.ar\/2021\/amplian-el-programa-de-asistencia-al-trabajo-y-la-produccion-con-mas-beneficios-y-creditos-a-tasa-0\/","url":"https:\/\/www.noticiasradioreflejos.com.ar\/2021\/amplian-el-programa-de-asistencia-al-trabajo-y-la-produccion-con-mas-beneficios-y-creditos-a-tasa-0\/","name":"Ampl\u00edan el programa de Asistencia al Trabajo y la Producci\u00f3n con m\u00e1s beneficios y cr\u00e9ditos a tasa 0% - Noticias Radio Reflejos","isPartOf":{"@id":"https:\/\/www.noticiasradioreflejos.com.ar\/2021\/#website"},"datePublished":"2020-07-27T19:08:37+00:00","author":{"@id":"https:\/\/www.noticiasradioreflejos.com.ar\/2021\/#\/schema\/person\/ad82545263dcc5ec0996818884fd5fb1"},"breadcrumb":{"@id":"https:\/\/www.noticiasradioreflejos.com.ar\/2021\/amplian-el-programa-de-asistencia-al-trabajo-y-la-produccion-con-mas-beneficios-y-creditos-a-tasa-0\/#breadcrumb"},"inLanguage":"es","potentialAction":[{"@type":"ReadAction","target":["https:\/\/www.noticiasradioreflejos.com.ar\/2021\/amplian-el-programa-de-asistencia-al-trabajo-y-la-produccion-con-mas-beneficios-y-creditos-a-tasa-0\/"]}]},{"@type":"BreadcrumbList","@id":"https:\/\/www.noticiasradioreflejos.com.ar\/2021\/amplian-el-programa-de-asistencia-al-trabajo-y-la-produccion-con-mas-beneficios-y-creditos-a-tasa-0\/#breadcrumb","itemListElement":[{"@type":"ListItem","position":1,"name":"Portada","item":"https:\/\/www.noticiasradioreflejos.com.ar\/2021\/"},{"@type":"ListItem","position":2,"name":"Ampl\u00edan el programa de Asistencia al Trabajo y la Producci\u00f3n con m\u00e1s beneficios y cr\u00e9ditos a tasa 0%"}]},{"@type":"WebSite","@id":"https:\/\/www.noticiasradioreflejos.com.ar\/2021\/#website","url":"https:\/\/www.noticiasradioreflejos.com.ar\/2021\/","name":"Noticias Radio Reflejos","description":"Las noticias de mi comarca","potentialAction":[{"@type":"SearchAction","target":{"@type":"EntryPoint","urlTemplate":"https:\/\/www.noticiasradioreflejos.com.ar\/2021\/?s={search_term_string}"},"query-input":{"@type":"PropertyValueSpecification","valueRequired":true,"valueName":"search_term_string"}}],"inLanguage":"es"},{"@type":"Person","@id":"https:\/\/www.noticiasradioreflejos.com.ar\/2021\/#\/schema\/person\/ad82545263dcc5ec0996818884fd5fb1","name":"Arnaldo Botto","image":{"@type":"ImageObject","inLanguage":"es","@id":"https:\/\/www.noticiasradioreflejos.com.ar\/2021\/#\/schema\/person\/image\/","url":"https:\/\/secure.gravatar.com\/avatar\/55cb5e37c1efa326397366e6974cb338056df65cb50e7d64d1cf314e87504837?s=96&d=mm&r=g","contentUrl":"https:\/\/secure.gravatar.com\/avatar\/55cb5e37c1efa326397366e6974cb338056df65cb50e7d64d1cf314e87504837?s=96&d=mm&r=g","caption":"Arnaldo Botto"},"url":"https:\/\/www.noticiasradioreflejos.com.ar\/2021\/author\/arnaldo\/"}]}},"_links":{"self":[{"href":"https:\/\/www.noticiasradioreflejos.com.ar\/2021\/wp-json\/wp\/v2\/posts\/45020","targetHints":{"allow":["GET"]}}],"collection":[{"href":"https:\/\/www.noticiasradioreflejos.com.ar\/2021\/wp-json\/wp\/v2\/posts"}],"about":[{"href":"https:\/\/www.noticiasradioreflejos.com.ar\/2021\/wp-json\/wp\/v2\/types\/post"}],"author":[{"embeddable":true,"href":"https:\/\/www.noticiasradioreflejos.com.ar\/2021\/wp-json\/wp\/v2\/users\/3"}],"replies":[{"embeddable":true,"href":"https:\/\/www.noticiasradioreflejos.com.ar\/2021\/wp-json\/wp\/v2\/comments?post=45020"}],"version-history":[{"count":0,"href":"https:\/\/www.noticiasradioreflejos.com.ar\/2021\/wp-json\/wp\/v2\/posts\/45020\/revisions"}],"wp:attachment":[{"href":"https:\/\/www.noticiasradioreflejos.com.ar\/2021\/wp-json\/wp\/v2\/media?parent=45020"}],"wp:term":[{"taxonomy":"category","embeddable":true,"href":"https:\/\/www.noticiasradioreflejos.com.ar\/2021\/wp-json\/wp\/v2\/categories?post=45020"},{"taxonomy":"post_tag","embeddable":true,"href":"https:\/\/www.noticiasradioreflejos.com.ar\/2021\/wp-json\/wp\/v2\/tags?post=45020"}],"curies":[{"name":"wp","href":"https:\/\/api.w.org\/{rel}","templated":true}]}}