{"id":45014,"date":"2020-07-27T14:48:34","date_gmt":"2020-07-27T17:48:34","guid":{"rendered":"http:\/\/www.noticiasradioreflejos.com.ar\/noticias\/?p=45014"},"modified":"2020-07-27T14:48:34","modified_gmt":"2020-07-27T17:48:34","slug":"allanamientos-detenidos-por-hurto-y-resistencia-en-saldungaray","status":"publish","type":"post","link":"https:\/\/www.noticiasradioreflejos.com.ar\/2021\/allanamientos-detenidos-por-hurto-y-resistencia-en-saldungaray\/","title":{"rendered":"Allanamientos, detenidos por hurto y resistencia en Saldungaray."},"content":{"rendered":"<p><a title=\"Nueva imagen (1)\" href=\"http:\/\/live.staticflickr.com\/65535\/50163008307_c619307c2e_s.jpg\" rel=\"\"><img loading=\"lazy\" decoding=\"async\" class=\"alignleft\" style=\"float: left;\" title=\"Nueva imagen (1)\" src=\"http:\/\/live.staticflickr.com\/65535\/50163008307_c619307c2e_z.jpg\" alt=\"Nueva imagen (1)\" width=\"640\" height=\"366\" \/><\/a>La Secretar\u00eda de Seguridad de Tornquist Municipio informa de varios operativos realizados en el distrito con el siguiente Parte de Prensa<!--more--><\/p>\n<p><b>DENUNCIA POR ROBO Y ALLANAMIENTOS CON RESULTADOS POSITIVOS<\/b><\/p>\n<p>&nbsp;<\/p>\n<p><span style=\"font-weight: 400;\">La Secretaria de Seguridad de la Municipalidad de Tornquist lleva a conocimiento de la poblaci\u00f3n que con fecha 15 de Julio decorriente, en la Sub Estaci\u00f3n de Policia de Seguridad Comunal de Saldungaray se recibi\u00f3 una denuncia penal por el delito de ROBO, en perjuicio de la ciudadana CARINA ALEJANDRA DI CARO, propietaria de la finca ubicada\u00a0 en Calle Cuatro Picos esquina Donado de Saldungaray, por lo que autores ignorados previo\u00a0 violentar una ventana de una habitaci\u00f3n, sustraen del interior electrodom\u00e9sticos varios, prendas de vestir varias, elementos de cocina, y dem\u00e1s elementos, d\u00e1ndose intervenci\u00f3n a la Ayudant\u00eda Fiscal de Tornquist. A ra\u00edz de ello, personal policial de dicha localidad, tras realizar tareas investigativas y acorde a las declaraciones testimoniales vertidas en la causa se logra obtener medios de prueba suficientes incriminatorias respecto a los autores del il\u00edcito, solicitando las respectivas \u00f3rdenes de Allanamientos al magistrado interviniente, librando las \u00f3rdenes judiciales el Juzgado de Paz Letrado de Tornquist con fecha 24 del corriente, para con los domicilios emplazados en Calle <\/span><span style=\"font-weight: 400;\">Juan B. Gil Nro. 654, lugar de residencia de los j\u00f3venes CONSTANTINO MOIS\u00c9S y NAVARRO MIGUEL, y de calle Pellegrini S\/N entre Calles Victoria y San Nicol\u00e1s, donde se domicilia el mentado\u00a0 NAVARRO MIGUEL, arrojando las diligencias resultados POSITIVOS, secuestr\u00e1ndose gran parte de los elementos denunciados como sustra\u00eddos. No obstante a ello, se continu\u00f3 con las tareas investigativas del hecho logrando dar con parte de los efectos sustra\u00eddos sobre la vera del Rio Sauce Grande mediante rastrillaje sobre las inmediaciones del lugar, se logra encontrar el resto de los elementos sustra\u00eddos, recuper\u00e1ndose as\u00ed la totalidad del bot\u00edn previamente\u00a0 robados en la vivienda de la Sra. Di Caro.-<\/span><\/p>\n<p>&nbsp;<\/p>\n<p><a href=\"http:\/\/www.noticiasradioreflejos.com.ar\/noticias\/wp-content\/uploads\/2020\/07\/IMG_20200727_142929.jpg\"><img loading=\"lazy\" decoding=\"async\" class=\"alignleft size-thumbnail-noticias-media wp-image-45016\" src=\"http:\/\/www.noticiasradioreflejos.com.ar\/noticias\/wp-content\/uploads\/2020\/07\/IMG_20200727_142929-640x480.jpg\" alt=\"IMG_20200727_142929\" width=\"640\" height=\"480\" \/><\/a><b>OPERATIVOS VEHICULARES SIMULTANEOS EN EL PARTIDO<\/b><\/p>\n<p>Asimismo se informa que con fecha 25 del corriente, se efectuaron Operativos de Interceptaci\u00f3n Vehicular e Identificaci\u00f3n de Personas Simult\u00e1neos en el distrito de Tornquist, siguiendo de esta manera con la l\u00ednea de trabajo impartida por el Comisario Mayor Aldo Caminada, Jefe de la Superintendencia de Regi\u00f3n Interior Sur, de cuyos operativos se labraron infracciones y se produjeron secuestros de rodados por Infracciones a la Ley Nacional de Transito N\u00famero 24.449, siendo las faltas m\u00e1s comunes conducir sin Licencia habilitante, Cedula del Automotor y Seguro Obligatorio, record\u00e1ndose a la comunidad la obligatoriedad de circular con la correspondiente documentaci\u00f3n.<\/p>\n<p style=\"text-align: left;\"><b>UN APREHENDIDO Y SECUESTRO DE RODADO<\/b><\/p>\n<p>Por \u00faltimo se informa, que en tanto se desarrollaba el mencionado Operativo Vehicular con normalidad, personal policial de Saldungaray intercepta un autom\u00f3vil marca <b>VW GOL<\/b>, dominio <b>BZR-966<\/b>, conducido por <b>SALVADOR SILVANO SAENZ<\/b>, de 39 a\u00f1os, domiciliado en Calle Del Arroyo Numero 312 de Sierra de la Ventana, a quien solicitada la respectiva documentaci\u00f3n, \u00e9ste manifest\u00f3 no tenerla, acelerando su rodado repentinamente y d\u00e1ndose a la fuga por un camino vecinal, emprendi\u00e9ndose una persecuci\u00f3n donde finalmente es detenido a escasos metros de la Ruta 72. Que al momento de su interceptaci\u00f3n, SAENZ se mostr\u00f3 reticente con los uniformados, no acatando las ordenes indicadas, increpando a los efectivos con claras intenciones de agredir a los mismos, produci\u00e9ndose un forcejeo entre Saenz y los Polic\u00edas, procedi\u00e9ndose en consecuencia a su <b>APREHENSION<\/b> por resultar a prima facie penalmente responsable de los delitos de <b>DESOBEDIENCIA Y RESISTENCIA A LA AUTORIDAD<\/b>, d\u00e1ndose intervenci\u00f3n a la Fiscal\u00eda Especializada en delitos de Flagrancias N\u00ba 15 de Bah\u00eda Blanca. En cuanto al rodado que conduc\u00eda Saenz, el mismo quedo <b>SECUESTRADO <\/b>por carecer de todo tipo de documentaci\u00f3n.<\/p>\n<p><b>SECRETARIA DE SEGURIDAD \u2013 MUNICIPALIDAD DE TORNQUIST<\/b><\/p>\n<p><b>JULIO 27 DE 2020.-<\/b><\/p>\n","protected":false},"excerpt":{"rendered":"<p>La Secretar\u00eda de Seguridad de Tornquist Municipio informa de varios operativos realizados en el distrito con el siguiente Parte de Prensa<\/p>\n","protected":false},"author":3,"featured_media":0,"comment_status":"closed","ping_status":"open","sticky":false,"template":"","format":"standard","meta":{"footnotes":""},"categories":[29],"tags":[],"class_list":["post-45014","post","type-post","status-publish","format-standard","hentry","category-policiales"],"yoast_head":"<!-- This site is optimized with the Yoast SEO plugin v25.9 - https:\/\/yoast.com\/wordpress\/plugins\/seo\/ -->\n<title>Allanamientos, detenidos por hurto y resistencia en Saldungaray. - Noticias Radio Reflejos<\/title>\n<meta name=\"robots\" content=\"index, follow, max-snippet:-1, max-image-preview:large, max-video-preview:-1\" \/>\n<link rel=\"canonical\" href=\"https:\/\/www.noticiasradioreflejos.com.ar\/2021\/allanamientos-detenidos-por-hurto-y-resistencia-en-saldungaray\/\" \/>\n<meta property=\"og:locale\" content=\"es_ES\" \/>\n<meta property=\"og:type\" content=\"article\" \/>\n<meta property=\"og:title\" content=\"Allanamientos, detenidos por hurto y resistencia en Saldungaray. - Noticias Radio Reflejos\" \/>\n<meta property=\"og:description\" content=\"La Secretar\u00eda de Seguridad de Tornquist Municipio informa de varios operativos realizados en el distrito con el siguiente Parte de Prensa\" \/>\n<meta property=\"og:url\" content=\"https:\/\/www.noticiasradioreflejos.com.ar\/2021\/allanamientos-detenidos-por-hurto-y-resistencia-en-saldungaray\/\" \/>\n<meta property=\"og:site_name\" content=\"Noticias Radio Reflejos\" \/>\n<meta property=\"article:published_time\" content=\"2020-07-27T17:48:34+00:00\" \/>\n<meta property=\"og:image\" content=\"http:\/\/live.staticflickr.com\/65535\/50163008307_c619307c2e_z.jpg\" \/>\n<meta name=\"author\" content=\"Arnaldo Botto\" \/>\n<meta name=\"twitter:card\" content=\"summary_large_image\" \/>\n<script type=\"application\/ld+json\" class=\"yoast-schema-graph\">{\"@context\":\"https:\/\/schema.org\",\"@graph\":[{\"@type\":\"WebPage\",\"@id\":\"https:\/\/www.noticiasradioreflejos.com.ar\/2021\/allanamientos-detenidos-por-hurto-y-resistencia-en-saldungaray\/\",\"url\":\"https:\/\/www.noticiasradioreflejos.com.ar\/2021\/allanamientos-detenidos-por-hurto-y-resistencia-en-saldungaray\/\",\"name\":\"Allanamientos, detenidos por hurto y resistencia en Saldungaray. - Noticias Radio Reflejos\",\"isPartOf\":{\"@id\":\"https:\/\/www.noticiasradioreflejos.com.ar\/2021\/#website\"},\"primaryImageOfPage\":{\"@id\":\"https:\/\/www.noticiasradioreflejos.com.ar\/2021\/allanamientos-detenidos-por-hurto-y-resistencia-en-saldungaray\/#primaryimage\"},\"image\":{\"@id\":\"https:\/\/www.noticiasradioreflejos.com.ar\/2021\/allanamientos-detenidos-por-hurto-y-resistencia-en-saldungaray\/#primaryimage\"},\"thumbnailUrl\":\"http:\/\/live.staticflickr.com\/65535\/50163008307_c619307c2e_z.jpg\",\"datePublished\":\"2020-07-27T17:48:34+00:00\",\"author\":{\"@id\":\"https:\/\/www.noticiasradioreflejos.com.ar\/2021\/#\/schema\/person\/ad82545263dcc5ec0996818884fd5fb1\"},\"breadcrumb\":{\"@id\":\"https:\/\/www.noticiasradioreflejos.com.ar\/2021\/allanamientos-detenidos-por-hurto-y-resistencia-en-saldungaray\/#breadcrumb\"},\"inLanguage\":\"es\",\"potentialAction\":[{\"@type\":\"ReadAction\",\"target\":[\"https:\/\/www.noticiasradioreflejos.com.ar\/2021\/allanamientos-detenidos-por-hurto-y-resistencia-en-saldungaray\/\"]}]},{\"@type\":\"ImageObject\",\"inLanguage\":\"es\",\"@id\":\"https:\/\/www.noticiasradioreflejos.com.ar\/2021\/allanamientos-detenidos-por-hurto-y-resistencia-en-saldungaray\/#primaryimage\",\"url\":\"http:\/\/live.staticflickr.com\/65535\/50163008307_c619307c2e_z.jpg\",\"contentUrl\":\"http:\/\/live.staticflickr.com\/65535\/50163008307_c619307c2e_z.jpg\"},{\"@type\":\"BreadcrumbList\",\"@id\":\"https:\/\/www.noticiasradioreflejos.com.ar\/2021\/allanamientos-detenidos-por-hurto-y-resistencia-en-saldungaray\/#breadcrumb\",\"itemListElement\":[{\"@type\":\"ListItem\",\"position\":1,\"name\":\"Portada\",\"item\":\"https:\/\/www.noticiasradioreflejos.com.ar\/2021\/\"},{\"@type\":\"ListItem\",\"position\":2,\"name\":\"Allanamientos, detenidos por hurto y resistencia en Saldungaray.\"}]},{\"@type\":\"WebSite\",\"@id\":\"https:\/\/www.noticiasradioreflejos.com.ar\/2021\/#website\",\"url\":\"https:\/\/www.noticiasradioreflejos.com.ar\/2021\/\",\"name\":\"Noticias Radio Reflejos\",\"description\":\"Las noticias de mi comarca\",\"potentialAction\":[{\"@type\":\"SearchAction\",\"target\":{\"@type\":\"EntryPoint\",\"urlTemplate\":\"https:\/\/www.noticiasradioreflejos.com.ar\/2021\/?s={search_term_string}\"},\"query-input\":{\"@type\":\"PropertyValueSpecification\",\"valueRequired\":true,\"valueName\":\"search_term_string\"}}],\"inLanguage\":\"es\"},{\"@type\":\"Person\",\"@id\":\"https:\/\/www.noticiasradioreflejos.com.ar\/2021\/#\/schema\/person\/ad82545263dcc5ec0996818884fd5fb1\",\"name\":\"Arnaldo Botto\",\"image\":{\"@type\":\"ImageObject\",\"inLanguage\":\"es\",\"@id\":\"https:\/\/www.noticiasradioreflejos.com.ar\/2021\/#\/schema\/person\/image\/\",\"url\":\"https:\/\/secure.gravatar.com\/avatar\/55cb5e37c1efa326397366e6974cb338056df65cb50e7d64d1cf314e87504837?s=96&d=mm&r=g\",\"contentUrl\":\"https:\/\/secure.gravatar.com\/avatar\/55cb5e37c1efa326397366e6974cb338056df65cb50e7d64d1cf314e87504837?s=96&d=mm&r=g\",\"caption\":\"Arnaldo Botto\"},\"url\":\"https:\/\/www.noticiasradioreflejos.com.ar\/2021\/author\/arnaldo\/\"}]}<\/script>\n<!-- \/ Yoast SEO plugin. -->","yoast_head_json":{"title":"Allanamientos, detenidos por hurto y resistencia en Saldungaray. - Noticias Radio Reflejos","robots":{"index":"index","follow":"follow","max-snippet":"max-snippet:-1","max-image-preview":"max-image-preview:large","max-video-preview":"max-video-preview:-1"},"canonical":"https:\/\/www.noticiasradioreflejos.com.ar\/2021\/allanamientos-detenidos-por-hurto-y-resistencia-en-saldungaray\/","og_locale":"es_ES","og_type":"article","og_title":"Allanamientos, detenidos por hurto y resistencia en Saldungaray. - Noticias Radio Reflejos","og_description":"La Secretar\u00eda de Seguridad de Tornquist Municipio informa de varios operativos realizados en el distrito con el siguiente Parte de Prensa","og_url":"https:\/\/www.noticiasradioreflejos.com.ar\/2021\/allanamientos-detenidos-por-hurto-y-resistencia-en-saldungaray\/","og_site_name":"Noticias Radio Reflejos","article_published_time":"2020-07-27T17:48:34+00:00","og_image":[{"url":"http:\/\/live.staticflickr.com\/65535\/50163008307_c619307c2e_z.jpg","type":"","width":"","height":""}],"author":"Arnaldo Botto","twitter_card":"summary_large_image","schema":{"@context":"https:\/\/schema.org","@graph":[{"@type":"WebPage","@id":"https:\/\/www.noticiasradioreflejos.com.ar\/2021\/allanamientos-detenidos-por-hurto-y-resistencia-en-saldungaray\/","url":"https:\/\/www.noticiasradioreflejos.com.ar\/2021\/allanamientos-detenidos-por-hurto-y-resistencia-en-saldungaray\/","name":"Allanamientos, detenidos por hurto y resistencia en Saldungaray. - Noticias Radio Reflejos","isPartOf":{"@id":"https:\/\/www.noticiasradioreflejos.com.ar\/2021\/#website"},"primaryImageOfPage":{"@id":"https:\/\/www.noticiasradioreflejos.com.ar\/2021\/allanamientos-detenidos-por-hurto-y-resistencia-en-saldungaray\/#primaryimage"},"image":{"@id":"https:\/\/www.noticiasradioreflejos.com.ar\/2021\/allanamientos-detenidos-por-hurto-y-resistencia-en-saldungaray\/#primaryimage"},"thumbnailUrl":"http:\/\/live.staticflickr.com\/65535\/50163008307_c619307c2e_z.jpg","datePublished":"2020-07-27T17:48:34+00:00","author":{"@id":"https:\/\/www.noticiasradioreflejos.com.ar\/2021\/#\/schema\/person\/ad82545263dcc5ec0996818884fd5fb1"},"breadcrumb":{"@id":"https:\/\/www.noticiasradioreflejos.com.ar\/2021\/allanamientos-detenidos-por-hurto-y-resistencia-en-saldungaray\/#breadcrumb"},"inLanguage":"es","potentialAction":[{"@type":"ReadAction","target":["https:\/\/www.noticiasradioreflejos.com.ar\/2021\/allanamientos-detenidos-por-hurto-y-resistencia-en-saldungaray\/"]}]},{"@type":"ImageObject","inLanguage":"es","@id":"https:\/\/www.noticiasradioreflejos.com.ar\/2021\/allanamientos-detenidos-por-hurto-y-resistencia-en-saldungaray\/#primaryimage","url":"http:\/\/live.staticflickr.com\/65535\/50163008307_c619307c2e_z.jpg","contentUrl":"http:\/\/live.staticflickr.com\/65535\/50163008307_c619307c2e_z.jpg"},{"@type":"BreadcrumbList","@id":"https:\/\/www.noticiasradioreflejos.com.ar\/2021\/allanamientos-detenidos-por-hurto-y-resistencia-en-saldungaray\/#breadcrumb","itemListElement":[{"@type":"ListItem","position":1,"name":"Portada","item":"https:\/\/www.noticiasradioreflejos.com.ar\/2021\/"},{"@type":"ListItem","position":2,"name":"Allanamientos, detenidos por hurto y resistencia en Saldungaray."}]},{"@type":"WebSite","@id":"https:\/\/www.noticiasradioreflejos.com.ar\/2021\/#website","url":"https:\/\/www.noticiasradioreflejos.com.ar\/2021\/","name":"Noticias Radio Reflejos","description":"Las noticias de mi comarca","potentialAction":[{"@type":"SearchAction","target":{"@type":"EntryPoint","urlTemplate":"https:\/\/www.noticiasradioreflejos.com.ar\/2021\/?s={search_term_string}"},"query-input":{"@type":"PropertyValueSpecification","valueRequired":true,"valueName":"search_term_string"}}],"inLanguage":"es"},{"@type":"Person","@id":"https:\/\/www.noticiasradioreflejos.com.ar\/2021\/#\/schema\/person\/ad82545263dcc5ec0996818884fd5fb1","name":"Arnaldo Botto","image":{"@type":"ImageObject","inLanguage":"es","@id":"https:\/\/www.noticiasradioreflejos.com.ar\/2021\/#\/schema\/person\/image\/","url":"https:\/\/secure.gravatar.com\/avatar\/55cb5e37c1efa326397366e6974cb338056df65cb50e7d64d1cf314e87504837?s=96&d=mm&r=g","contentUrl":"https:\/\/secure.gravatar.com\/avatar\/55cb5e37c1efa326397366e6974cb338056df65cb50e7d64d1cf314e87504837?s=96&d=mm&r=g","caption":"Arnaldo Botto"},"url":"https:\/\/www.noticiasradioreflejos.com.ar\/2021\/author\/arnaldo\/"}]}},"_links":{"self":[{"href":"https:\/\/www.noticiasradioreflejos.com.ar\/2021\/wp-json\/wp\/v2\/posts\/45014","targetHints":{"allow":["GET"]}}],"collection":[{"href":"https:\/\/www.noticiasradioreflejos.com.ar\/2021\/wp-json\/wp\/v2\/posts"}],"about":[{"href":"https:\/\/www.noticiasradioreflejos.com.ar\/2021\/wp-json\/wp\/v2\/types\/post"}],"author":[{"embeddable":true,"href":"https:\/\/www.noticiasradioreflejos.com.ar\/2021\/wp-json\/wp\/v2\/users\/3"}],"replies":[{"embeddable":true,"href":"https:\/\/www.noticiasradioreflejos.com.ar\/2021\/wp-json\/wp\/v2\/comments?post=45014"}],"version-history":[{"count":0,"href":"https:\/\/www.noticiasradioreflejos.com.ar\/2021\/wp-json\/wp\/v2\/posts\/45014\/revisions"}],"wp:attachment":[{"href":"https:\/\/www.noticiasradioreflejos.com.ar\/2021\/wp-json\/wp\/v2\/media?parent=45014"}],"wp:term":[{"taxonomy":"category","embeddable":true,"href":"https:\/\/www.noticiasradioreflejos.com.ar\/2021\/wp-json\/wp\/v2\/categories?post=45014"},{"taxonomy":"post_tag","embeddable":true,"href":"https:\/\/www.noticiasradioreflejos.com.ar\/2021\/wp-json\/wp\/v2\/tags?post=45014"}],"curies":[{"name":"wp","href":"https:\/\/api.w.org\/{rel}","templated":true}]}}