{"id":44830,"date":"2020-07-23T08:25:50","date_gmt":"2020-07-23T11:25:50","guid":{"rendered":"http:\/\/www.noticiasradioreflejos.com.ar\/noticias\/?p=44830"},"modified":"2020-07-23T08:25:50","modified_gmt":"2020-07-23T11:25:50","slug":"lluvias-viento-fuerte-y-desborde-de-arroyos-y-rios-dominan-el-paisaje-serrano","status":"publish","type":"post","link":"https:\/\/www.noticiasradioreflejos.com.ar\/2021\/lluvias-viento-fuerte-y-desborde-de-arroyos-y-rios-dominan-el-paisaje-serrano\/","title":{"rendered":"Lluvias,  viento fuerte y desborde de arroyos y r\u00edos dominan el paisaje serrano"},"content":{"rendered":"<p><a href=\"http:\/\/www.noticiasradioreflejos.com.ar\/noticias\/wp-content\/uploads\/2020\/07\/WhatsApp-Image-2020-07-22-at-09.52.25.jpeg\"><img loading=\"lazy\" decoding=\"async\" class=\"alignleft size-thumbnail-noticias wp-image-44772\" src=\"http:\/\/www.noticiasradioreflejos.com.ar\/noticias\/wp-content\/uploads\/2020\/07\/WhatsApp-Image-2020-07-22-at-09.52.25-500x300.jpeg\" alt=\"WhatsApp Image 2020-07-22 at 09.52.25\" width=\"500\" height=\"300\" \/><\/a>Altos milimetrajes en las cumbres de los cerros y cuarta jornada de precipitaciones de continuo en toda la regi\u00f3n. Sigue lloviendo en la zona serrana y gran parte del sudoeste bonaerense.<!--more--><br \/>\nFotograf\u00edas y videos de arroyos, el R\u00edo Sauce Grande, caminos rurales y calles urbanas muestran claramente la situaci\u00f3n que deriva luego de 3 d\u00edas de lluvias que en la zona de las sierras de Ventania, que tuvo caudales de mas de 150 mm de agua ca\u00edda en las cumbres de los cerros. Eso deriv\u00f3 en el abrupto aumento del caudal del R\u00edo Sauce Grande y todos sus afluentes. En la zona urbana de Sierra de la Ventana se registraron 64 mm hasta las 7 hs de este jueves 23 de julio, en tanto Villa Ventana super\u00f3 los 85 mm. El mayor registro se observ\u00f3 en la cumbre del cerro Napost\u00e1 con 159.4 mm. Para este jueves las condiciones se mantienen dentro de lo ocurrido los d\u00edas anteriores.<br \/>\nPara hoy se esperan vientos moderados a fuertes del sector sudeste rotando al sudoeste, temperaturas estables, entre los 5\u00b0 y 8\u00b0. Las condiciones de inestabilidad contin\u00faan hasta el viernes, donde el viento rotar\u00e1 al sector sudoeste y provocar\u00e1 un descenso de la temperatura.<\/p>\n<p><strong>Totales de lluvia de la zona hasta las\u00a07 hs:<\/strong><br \/>\n63\u00a0mm en Sierra de la Ventana<br \/>\n102.5 mm en Calquin<br \/>\n85.6\u00a0mm en Villa Ventana<br \/>\n159.4 mm en Cerro Napost\u00e1 Oeste<br \/>\n30 mm en Funke<br \/>\n25 mm. en Tornquist<br \/>\n33 mm en Tres Picos<br \/>\n24 mm en Chasic\u00f3<br \/>\n17.4\u00a0mm. en Pig\u00fc\u00e9<br \/>\n17 mm. en Saavedra<br \/>\n18.5 mm. en Dufaur<br \/>\n42\u00a0mm. en Coronel Su\u00e1rez<br \/>\n16.6 mm en Cabildo<br \/>\n16.2 mm en Frapal<br \/>\n16 mm en Monte Hermoso<br \/>\n22.4 mm en El Pantanoso<br \/>\n17.6 mm en Cnel Dorrego<br \/>\n18.4 mm en 17 de Agosto<br \/>\n17.2 mm en San Eloy<br \/>\n32 mm en El Zorro<br \/>\n18 mm en Cnel Pringles<br \/>\n24 mm. en Huanguel\u00e9n<br \/>\n17.5 mm en Cnel Falc\u00f3n.<br \/>\n20 mm. en Bonifacio<br \/>\n23 mm. en Espartillar<br \/>\n57 mm en Carhu\u00e9<br \/>\n44 mm. en Rivera<br \/>\n14.2 mm en Puan<br \/>\n12 mm. en Guamin\u00ed<br \/>\n30 mm. en Casbas<br \/>\n17.5 mm en San Miguel Arc\u00e1ngel<br \/>\n10.2 mm en Tte Origone<br \/>\n10.8 mm Punta Alta<br \/>\n30 mm en Bah\u00eda Blanca<\/p>\n","protected":false},"excerpt":{"rendered":"<p>Altos milimetrajes en las cumbres de los cerros y cuarta jornada de precipitaciones de continuo en toda la regi\u00f3n. Sigue lloviendo en la zona serrana y gran parte del sudoeste bonaerense.<\/p>\n","protected":false},"author":3,"featured_media":0,"comment_status":"closed","ping_status":"open","sticky":false,"template":"","format":"standard","meta":{"footnotes":""},"categories":[26],"tags":[],"class_list":["post-44830","post","type-post","status-publish","format-standard","hentry","category-sociedad"],"yoast_head":"<!-- This site is optimized with the Yoast SEO plugin v25.9 - https:\/\/yoast.com\/wordpress\/plugins\/seo\/ -->\n<title>Lluvias, viento fuerte y desborde de arroyos y r\u00edos dominan el paisaje serrano - Noticias Radio Reflejos<\/title>\n<meta name=\"robots\" content=\"index, follow, max-snippet:-1, max-image-preview:large, max-video-preview:-1\" \/>\n<link rel=\"canonical\" href=\"https:\/\/www.noticiasradioreflejos.com.ar\/2021\/lluvias-viento-fuerte-y-desborde-de-arroyos-y-rios-dominan-el-paisaje-serrano\/\" \/>\n<meta property=\"og:locale\" content=\"es_ES\" \/>\n<meta property=\"og:type\" content=\"article\" \/>\n<meta property=\"og:title\" content=\"Lluvias, viento fuerte y desborde de arroyos y r\u00edos dominan el paisaje serrano - Noticias Radio Reflejos\" \/>\n<meta property=\"og:description\" content=\"Altos milimetrajes en las cumbres de los cerros y cuarta jornada de precipitaciones de continuo en toda la regi\u00f3n. Sigue lloviendo en la zona serrana y gran parte del sudoeste bonaerense.\" \/>\n<meta property=\"og:url\" content=\"https:\/\/www.noticiasradioreflejos.com.ar\/2021\/lluvias-viento-fuerte-y-desborde-de-arroyos-y-rios-dominan-el-paisaje-serrano\/\" \/>\n<meta property=\"og:site_name\" content=\"Noticias Radio Reflejos\" \/>\n<meta property=\"article:published_time\" content=\"2020-07-23T11:25:50+00:00\" \/>\n<meta property=\"og:image\" content=\"https:\/\/www.noticiasradioreflejos.com.ar\/2021\/wp-content\/uploads\/2021\/07\/logosol300x200.png\" \/>\n\t<meta property=\"og:image:width\" content=\"300\" \/>\n\t<meta property=\"og:image:height\" content=\"200\" \/>\n\t<meta property=\"og:image:type\" content=\"image\/png\" \/>\n<meta name=\"author\" content=\"Arnaldo Botto\" \/>\n<meta name=\"twitter:card\" content=\"summary_large_image\" \/>\n<script type=\"application\/ld+json\" class=\"yoast-schema-graph\">{\"@context\":\"https:\/\/schema.org\",\"@graph\":[{\"@type\":\"WebPage\",\"@id\":\"https:\/\/www.noticiasradioreflejos.com.ar\/2021\/lluvias-viento-fuerte-y-desborde-de-arroyos-y-rios-dominan-el-paisaje-serrano\/\",\"url\":\"https:\/\/www.noticiasradioreflejos.com.ar\/2021\/lluvias-viento-fuerte-y-desborde-de-arroyos-y-rios-dominan-el-paisaje-serrano\/\",\"name\":\"Lluvias, viento fuerte y desborde de arroyos y r\u00edos dominan el paisaje serrano - Noticias Radio Reflejos\",\"isPartOf\":{\"@id\":\"https:\/\/www.noticiasradioreflejos.com.ar\/2021\/#website\"},\"primaryImageOfPage\":{\"@id\":\"https:\/\/www.noticiasradioreflejos.com.ar\/2021\/lluvias-viento-fuerte-y-desborde-de-arroyos-y-rios-dominan-el-paisaje-serrano\/#primaryimage\"},\"image\":{\"@id\":\"https:\/\/www.noticiasradioreflejos.com.ar\/2021\/lluvias-viento-fuerte-y-desborde-de-arroyos-y-rios-dominan-el-paisaje-serrano\/#primaryimage\"},\"thumbnailUrl\":\"http:\/\/www.noticiasradioreflejos.com.ar\/noticias\/wp-content\/uploads\/2020\/07\/WhatsApp-Image-2020-07-22-at-09.52.25-500x300.jpeg\",\"datePublished\":\"2020-07-23T11:25:50+00:00\",\"author\":{\"@id\":\"https:\/\/www.noticiasradioreflejos.com.ar\/2021\/#\/schema\/person\/ad82545263dcc5ec0996818884fd5fb1\"},\"breadcrumb\":{\"@id\":\"https:\/\/www.noticiasradioreflejos.com.ar\/2021\/lluvias-viento-fuerte-y-desborde-de-arroyos-y-rios-dominan-el-paisaje-serrano\/#breadcrumb\"},\"inLanguage\":\"es\",\"potentialAction\":[{\"@type\":\"ReadAction\",\"target\":[\"https:\/\/www.noticiasradioreflejos.com.ar\/2021\/lluvias-viento-fuerte-y-desborde-de-arroyos-y-rios-dominan-el-paisaje-serrano\/\"]}]},{\"@type\":\"ImageObject\",\"inLanguage\":\"es\",\"@id\":\"https:\/\/www.noticiasradioreflejos.com.ar\/2021\/lluvias-viento-fuerte-y-desborde-de-arroyos-y-rios-dominan-el-paisaje-serrano\/#primaryimage\",\"url\":\"http:\/\/www.noticiasradioreflejos.com.ar\/noticias\/wp-content\/uploads\/2020\/07\/WhatsApp-Image-2020-07-22-at-09.52.25-500x300.jpeg\",\"contentUrl\":\"http:\/\/www.noticiasradioreflejos.com.ar\/noticias\/wp-content\/uploads\/2020\/07\/WhatsApp-Image-2020-07-22-at-09.52.25-500x300.jpeg\"},{\"@type\":\"BreadcrumbList\",\"@id\":\"https:\/\/www.noticiasradioreflejos.com.ar\/2021\/lluvias-viento-fuerte-y-desborde-de-arroyos-y-rios-dominan-el-paisaje-serrano\/#breadcrumb\",\"itemListElement\":[{\"@type\":\"ListItem\",\"position\":1,\"name\":\"Portada\",\"item\":\"https:\/\/www.noticiasradioreflejos.com.ar\/2021\/\"},{\"@type\":\"ListItem\",\"position\":2,\"name\":\"Lluvias, viento fuerte y desborde de arroyos y r\u00edos dominan el paisaje serrano\"}]},{\"@type\":\"WebSite\",\"@id\":\"https:\/\/www.noticiasradioreflejos.com.ar\/2021\/#website\",\"url\":\"https:\/\/www.noticiasradioreflejos.com.ar\/2021\/\",\"name\":\"Noticias Radio Reflejos\",\"description\":\"Las noticias de mi comarca\",\"potentialAction\":[{\"@type\":\"SearchAction\",\"target\":{\"@type\":\"EntryPoint\",\"urlTemplate\":\"https:\/\/www.noticiasradioreflejos.com.ar\/2021\/?s={search_term_string}\"},\"query-input\":{\"@type\":\"PropertyValueSpecification\",\"valueRequired\":true,\"valueName\":\"search_term_string\"}}],\"inLanguage\":\"es\"},{\"@type\":\"Person\",\"@id\":\"https:\/\/www.noticiasradioreflejos.com.ar\/2021\/#\/schema\/person\/ad82545263dcc5ec0996818884fd5fb1\",\"name\":\"Arnaldo Botto\",\"image\":{\"@type\":\"ImageObject\",\"inLanguage\":\"es\",\"@id\":\"https:\/\/www.noticiasradioreflejos.com.ar\/2021\/#\/schema\/person\/image\/\",\"url\":\"https:\/\/secure.gravatar.com\/avatar\/55cb5e37c1efa326397366e6974cb338056df65cb50e7d64d1cf314e87504837?s=96&d=mm&r=g\",\"contentUrl\":\"https:\/\/secure.gravatar.com\/avatar\/55cb5e37c1efa326397366e6974cb338056df65cb50e7d64d1cf314e87504837?s=96&d=mm&r=g\",\"caption\":\"Arnaldo Botto\"},\"url\":\"https:\/\/www.noticiasradioreflejos.com.ar\/2021\/author\/arnaldo\/\"}]}<\/script>\n<!-- \/ Yoast SEO plugin. -->","yoast_head_json":{"title":"Lluvias, viento fuerte y desborde de arroyos y r\u00edos dominan el paisaje serrano - Noticias Radio Reflejos","robots":{"index":"index","follow":"follow","max-snippet":"max-snippet:-1","max-image-preview":"max-image-preview:large","max-video-preview":"max-video-preview:-1"},"canonical":"https:\/\/www.noticiasradioreflejos.com.ar\/2021\/lluvias-viento-fuerte-y-desborde-de-arroyos-y-rios-dominan-el-paisaje-serrano\/","og_locale":"es_ES","og_type":"article","og_title":"Lluvias, viento fuerte y desborde de arroyos y r\u00edos dominan el paisaje serrano - Noticias Radio Reflejos","og_description":"Altos milimetrajes en las cumbres de los cerros y cuarta jornada de precipitaciones de continuo en toda la regi\u00f3n. Sigue lloviendo en la zona serrana y gran parte del sudoeste bonaerense.","og_url":"https:\/\/www.noticiasradioreflejos.com.ar\/2021\/lluvias-viento-fuerte-y-desborde-de-arroyos-y-rios-dominan-el-paisaje-serrano\/","og_site_name":"Noticias Radio Reflejos","article_published_time":"2020-07-23T11:25:50+00:00","og_image":[{"width":300,"height":200,"url":"https:\/\/www.noticiasradioreflejos.com.ar\/2021\/wp-content\/uploads\/2021\/07\/logosol300x200.png","type":"image\/png"}],"author":"Arnaldo Botto","twitter_card":"summary_large_image","schema":{"@context":"https:\/\/schema.org","@graph":[{"@type":"WebPage","@id":"https:\/\/www.noticiasradioreflejos.com.ar\/2021\/lluvias-viento-fuerte-y-desborde-de-arroyos-y-rios-dominan-el-paisaje-serrano\/","url":"https:\/\/www.noticiasradioreflejos.com.ar\/2021\/lluvias-viento-fuerte-y-desborde-de-arroyos-y-rios-dominan-el-paisaje-serrano\/","name":"Lluvias, viento fuerte y desborde de arroyos y r\u00edos dominan el paisaje serrano - Noticias Radio Reflejos","isPartOf":{"@id":"https:\/\/www.noticiasradioreflejos.com.ar\/2021\/#website"},"primaryImageOfPage":{"@id":"https:\/\/www.noticiasradioreflejos.com.ar\/2021\/lluvias-viento-fuerte-y-desborde-de-arroyos-y-rios-dominan-el-paisaje-serrano\/#primaryimage"},"image":{"@id":"https:\/\/www.noticiasradioreflejos.com.ar\/2021\/lluvias-viento-fuerte-y-desborde-de-arroyos-y-rios-dominan-el-paisaje-serrano\/#primaryimage"},"thumbnailUrl":"http:\/\/www.noticiasradioreflejos.com.ar\/noticias\/wp-content\/uploads\/2020\/07\/WhatsApp-Image-2020-07-22-at-09.52.25-500x300.jpeg","datePublished":"2020-07-23T11:25:50+00:00","author":{"@id":"https:\/\/www.noticiasradioreflejos.com.ar\/2021\/#\/schema\/person\/ad82545263dcc5ec0996818884fd5fb1"},"breadcrumb":{"@id":"https:\/\/www.noticiasradioreflejos.com.ar\/2021\/lluvias-viento-fuerte-y-desborde-de-arroyos-y-rios-dominan-el-paisaje-serrano\/#breadcrumb"},"inLanguage":"es","potentialAction":[{"@type":"ReadAction","target":["https:\/\/www.noticiasradioreflejos.com.ar\/2021\/lluvias-viento-fuerte-y-desborde-de-arroyos-y-rios-dominan-el-paisaje-serrano\/"]}]},{"@type":"ImageObject","inLanguage":"es","@id":"https:\/\/www.noticiasradioreflejos.com.ar\/2021\/lluvias-viento-fuerte-y-desborde-de-arroyos-y-rios-dominan-el-paisaje-serrano\/#primaryimage","url":"http:\/\/www.noticiasradioreflejos.com.ar\/noticias\/wp-content\/uploads\/2020\/07\/WhatsApp-Image-2020-07-22-at-09.52.25-500x300.jpeg","contentUrl":"http:\/\/www.noticiasradioreflejos.com.ar\/noticias\/wp-content\/uploads\/2020\/07\/WhatsApp-Image-2020-07-22-at-09.52.25-500x300.jpeg"},{"@type":"BreadcrumbList","@id":"https:\/\/www.noticiasradioreflejos.com.ar\/2021\/lluvias-viento-fuerte-y-desborde-de-arroyos-y-rios-dominan-el-paisaje-serrano\/#breadcrumb","itemListElement":[{"@type":"ListItem","position":1,"name":"Portada","item":"https:\/\/www.noticiasradioreflejos.com.ar\/2021\/"},{"@type":"ListItem","position":2,"name":"Lluvias, viento fuerte y desborde de arroyos y r\u00edos dominan el paisaje serrano"}]},{"@type":"WebSite","@id":"https:\/\/www.noticiasradioreflejos.com.ar\/2021\/#website","url":"https:\/\/www.noticiasradioreflejos.com.ar\/2021\/","name":"Noticias Radio Reflejos","description":"Las noticias de mi comarca","potentialAction":[{"@type":"SearchAction","target":{"@type":"EntryPoint","urlTemplate":"https:\/\/www.noticiasradioreflejos.com.ar\/2021\/?s={search_term_string}"},"query-input":{"@type":"PropertyValueSpecification","valueRequired":true,"valueName":"search_term_string"}}],"inLanguage":"es"},{"@type":"Person","@id":"https:\/\/www.noticiasradioreflejos.com.ar\/2021\/#\/schema\/person\/ad82545263dcc5ec0996818884fd5fb1","name":"Arnaldo Botto","image":{"@type":"ImageObject","inLanguage":"es","@id":"https:\/\/www.noticiasradioreflejos.com.ar\/2021\/#\/schema\/person\/image\/","url":"https:\/\/secure.gravatar.com\/avatar\/55cb5e37c1efa326397366e6974cb338056df65cb50e7d64d1cf314e87504837?s=96&d=mm&r=g","contentUrl":"https:\/\/secure.gravatar.com\/avatar\/55cb5e37c1efa326397366e6974cb338056df65cb50e7d64d1cf314e87504837?s=96&d=mm&r=g","caption":"Arnaldo Botto"},"url":"https:\/\/www.noticiasradioreflejos.com.ar\/2021\/author\/arnaldo\/"}]}},"_links":{"self":[{"href":"https:\/\/www.noticiasradioreflejos.com.ar\/2021\/wp-json\/wp\/v2\/posts\/44830","targetHints":{"allow":["GET"]}}],"collection":[{"href":"https:\/\/www.noticiasradioreflejos.com.ar\/2021\/wp-json\/wp\/v2\/posts"}],"about":[{"href":"https:\/\/www.noticiasradioreflejos.com.ar\/2021\/wp-json\/wp\/v2\/types\/post"}],"author":[{"embeddable":true,"href":"https:\/\/www.noticiasradioreflejos.com.ar\/2021\/wp-json\/wp\/v2\/users\/3"}],"replies":[{"embeddable":true,"href":"https:\/\/www.noticiasradioreflejos.com.ar\/2021\/wp-json\/wp\/v2\/comments?post=44830"}],"version-history":[{"count":0,"href":"https:\/\/www.noticiasradioreflejos.com.ar\/2021\/wp-json\/wp\/v2\/posts\/44830\/revisions"}],"wp:attachment":[{"href":"https:\/\/www.noticiasradioreflejos.com.ar\/2021\/wp-json\/wp\/v2\/media?parent=44830"}],"wp:term":[{"taxonomy":"category","embeddable":true,"href":"https:\/\/www.noticiasradioreflejos.com.ar\/2021\/wp-json\/wp\/v2\/categories?post=44830"},{"taxonomy":"post_tag","embeddable":true,"href":"https:\/\/www.noticiasradioreflejos.com.ar\/2021\/wp-json\/wp\/v2\/tags?post=44830"}],"curies":[{"name":"wp","href":"https:\/\/api.w.org\/{rel}","templated":true}]}}